{"id":7985,"date":"2009-01-01T19:15:38","date_gmt":"2009-01-01T18:15:38","guid":{"rendered":"http:\/\/www.visit-ulcinj.com\/blog\/?p=7985"},"modified":"2009-01-01T19:15:38","modified_gmt":"2009-01-01T18:15:38","slug":"mur-vazan-doprinos-crne-gore-regionalnoj-stabilnosti","status":"publish","type":"post","link":"https:\/\/www.visit-ulcinj.com\/blog\/2009\/01\/01\/mur-vazan-doprinos-crne-gore-regionalnoj-stabilnosti\/","title":{"rendered":"Mur: Va\u017ean doprinos Crne Gore regionalnoj stabilnosti"},"content":{"rendered":"<p><a href=\"http:\/\/www.visit-ulcinj.com\/blog\/wp-content\/uploads\/2009\/01\/roderik-mur.jpg\" target=\"_blank\"><img loading=\"lazy\" class=\"alignleft size-full wp-image-7986\" title=\"roderik-mur\" src=\"http:\/\/www.visit-ulcinj.com\/blog\/wp-content\/uploads\/2009\/01\/roderik-mur.jpg\" alt=\"roderik-mur\" width=\"322\" height=\"314\" \/><\/a>Sude?i prema zna?ajnim postignu?ima u 2008. kao \u0161to je otvaranje procesa Intenziviranog dijaloga sa NATO, smatram da postoji potencijal u 2009. za dalji pozitivni napredak Crne Gore u sferi evroatlantskih integracija, napisao je za Pobjedu ameri?ki ambassador u Crnoj Gori Roderik Mur.<br \/>\nOptimista sam da ?e, godinu od danas, odnosi izme?u SAD i Crne Gore biti dalje oja?ani na\u0161im zajedni?kim naporima u izgradnji bolje budu?nosti<br \/>\nPro\u0161la, 2008. je bila veoma uspje\u0161na godina za Crnu Goru i za odnose izme?u Crne Gore i SAD. Na\u0161e partnerstvo je, rekao bih, sna\u017enije nego ikada tokom istorije.<br \/>\nPosebno me raduje da smo na kraju 2008. bili svjedoci va\u017enih pozitivnih doga?aja u na\u0161oj ekonomskoj saradnji, uklju?uju?i otvaranje Ameri?ke privredne komore i Ameri?ko-crnogorskog poslovnog svijeta. Tako?e, pozdravili smo dolazak nekih od svjetski priznatih ameri?kih kompanija u Crnu Goru, kao Oracle, Go Dady i Data Card i obnovljeno je i oja?ano prisustvo drugih, kao Microsofta. Vjerujem da su ovo samo va\u017eni koraci ka stvaranju sna\u017enih ekonomskih veza izme?u SAD i Crne Gore koje su jednako ?vrste kao na\u0161i politi?ki odnosi, smatra Mur.<br \/>\nSude?i prema zna?ajnim postignu?ima u 2008. kao \u0161to je otvaranje procesa Intenziviranog dijalog sa NATO, smatram da postoji potencijal u 2009. za dalji pozitivni napredak Crne Gore u sferi evroatlantskih integracija. Crna Gora je u?inila va\u017ean doprinos regionalnoj stabilnosti. Njeno nedavno uklju?enje u Jadransku povelju je sjajan primjer kako bliska regionalna povezanost pru\u017ea mnogostrane uzajamne dobiti.<br \/>\nDugoro?no, napredak zavisi od spremnosti vlade da sprovodi reforme neophodne za usagla\u0161avanje crnogorskih politika &#8211; i njihove implementacije &#8211; sa onima koje va\u017ee u institucijama u koje Crne Gore u izgradnji demokratskog dru\u0161tva koje ispunjava njihove te\u017enje. Posebno je va\u017eno da dr\u017eava reaguje jo\u0161 odlu?nije protiv korupcije i kriminala, problema koje mnogi iznutra i izvan Crne Gore vide kao glavne ko?nice napretka.<br \/>\nU SAD, novi predsjednik ?e uskoro preuzeti svoju poziciju, \u0161to je uvijek uzbudljivo, a ove godine posebno zbog istorijske prirode na\u0161ih nedavnih izbora. Zasigurno ?e do?i do promjena, ali vjerujem da ?e posve?anost SAD viziji Evrope kao cjelovite, slobodne i u miru ostati sna\u017ena. Ova vizija, naravno, daje Crnoj Gori va\u017enu ulogu, i stoga je obaveza svih nas da dalje ja?amo veze izme?u na\u0161ih naroda i vlada, ka\u017ee ameri?ki diplomata.<br \/>\nUzbu?en sam \u0161to smo u 2009.godini u?inili sna\u017ean korak naprijed u pomo?i sjevernim i centralnim djelovima Crne Gore. Na\u0161 najnoviji ekonomski projekat pomo?i STARS (Stimulisanje razvoja sjevera) nudi nove mogu?nosti za razvoj biznisa i kreiranja radnih mjesta u ovim sredinama. U ovom duhu, planiramo otvaranje drugog Ameri?kog ugla u Crnoj Gori, koji ?e biti smje\u0161ten u Pljevljima. Tako?e, nadamo se da ?emo pro\u0161iriti mogu?nosti da mladi iz ?itave Crne Gore putuju u Ameriku, da studiraju i steknu prakti?na iskustva tamo, zato \u0161to vjerujemo da ?e na\u0161e zemlje imati koristi od takvih razmjena.<br \/>\nUkratko, optimista sam da ?e, godinu od danas, odnosi izme?u SAD i Crne Gore biti dalje oja?ani na\u0161im zajedni?kim naporima u izgradnji bolje budu?nosti, zaklju?io je ambassador SAD u Crnoj Gori, Roderik Mur.<br \/>\n<strong>RTCG<br \/>\n<!--YouTube Error: bad URL entered--><\/strong><\/p>\n","protected":false},"excerpt":{"rendered":"<p>Sude?i prema zna?ajnim postignu?ima u 2008. kao \u0161to je otvaranje procesa Intenziviranog dijaloga sa NATO, smatram da postoji potencijal u 2009. za dalji pozitivni napredak Crne Gore u sferi evroatlantskih integracija, napisao je za Pobjedu ameri?ki ambassador u Crnoj Gori Roderik Mur. Optimista sam da ?e, godinu od danas, odnosi izme?u SAD i Crne Gore [&hellip;]<\/p>\n","protected":false},"author":1,"featured_media":0,"comment_status":"open","ping_status":"closed","sticky":false,"template":"","format":"standard","meta":{"spay_email":"","jetpack_publicize_message":"","jetpack_is_tweetstorm":false,"jetpack_publicize_feature_enabled":true},"categories":[5],"tags":[5539,5540],"jetpack_publicize_connections":[],"yoast_head":"<!-- This site is optimized with the Yoast SEO plugin v19.1 - https:\/\/yoast.com\/wordpress\/plugins\/seo\/ -->\n<title>Mur: Va\u017ean doprinos Crne Gore regionalnoj stabilnosti - Lajme nga Ulqini<\/title>\n<meta name=\"description\" content=\"Sude?i prema zna?ajnim postignu?ima u 2008. kao \u0161to je otvaranje procesa Intenziviranog dijaloga sa NATO, smatram da postoji potencijal u 2009. za dalji\" \/>\n<meta name=\"robots\" content=\"index, follow, max-snippet:-1, max-image-preview:large, max-video-preview:-1\" \/>\n<link rel=\"canonical\" href=\"https:\/\/www.visit-ulcinj.com\/blog\/2009\/01\/01\/mur-vazan-doprinos-crne-gore-regionalnoj-stabilnosti\/\" \/>\n<meta property=\"og:locale\" content=\"en_US\" \/>\n<meta property=\"og:type\" content=\"article\" \/>\n<meta property=\"og:title\" content=\"Mur: Va\u017ean doprinos Crne Gore regionalnoj stabilnosti - Lajme nga Ulqini\" \/>\n<meta property=\"og:description\" content=\"Sude?i prema zna?ajnim postignu?ima u 2008. kao \u0161to je otvaranje procesa Intenziviranog dijaloga sa NATO, smatram da postoji potencijal u 2009. za dalji\" \/>\n<meta property=\"og:url\" content=\"https:\/\/www.visit-ulcinj.com\/blog\/2009\/01\/01\/mur-vazan-doprinos-crne-gore-regionalnoj-stabilnosti\/\" \/>\n<meta property=\"og:site_name\" content=\"Lajme nga Ulqini\" \/>\n<meta property=\"article:published_time\" content=\"2009-01-01T18:15:38+00:00\" \/>\n<meta property=\"og:image\" content=\"http:\/\/www.visit-ulcinj.com\/blog\/wp-content\/uploads\/2009\/01\/roderik-mur.jpg\" \/>\n<meta name=\"twitter:label1\" content=\"Written by\" \/>\n\t<meta name=\"twitter:data1\" content=\"ulqini\" \/>\n\t<meta name=\"twitter:label2\" content=\"Est. reading time\" \/>\n\t<meta name=\"twitter:data2\" content=\"3 minutes\" \/>\n<script type=\"application\/ld+json\" class=\"yoast-schema-graph\">{\"@context\":\"https:\/\/schema.org\",\"@graph\":[{\"@type\":\"WebSite\",\"@id\":\"https:\/\/www.visit-ulcinj.com\/blog\/#website\",\"url\":\"https:\/\/www.visit-ulcinj.com\/blog\/\",\"name\":\"Lajme nga Ulqini\",\"description\":\"Lajme,Vijesti,Ulqini,Ulqin,Crna Gora,Mali i Zi\",\"potentialAction\":[{\"@type\":\"SearchAction\",\"target\":{\"@type\":\"EntryPoint\",\"urlTemplate\":\"https:\/\/www.visit-ulcinj.com\/blog\/?s={search_term_string}\"},\"query-input\":\"required name=search_term_string\"}],\"inLanguage\":\"en-US\"},{\"@type\":\"ImageObject\",\"inLanguage\":\"en-US\",\"@id\":\"https:\/\/www.visit-ulcinj.com\/blog\/2009\/01\/01\/mur-vazan-doprinos-crne-gore-regionalnoj-stabilnosti\/#primaryimage\",\"url\":\"http:\/\/www.visit-ulcinj.com\/blog\/wp-content\/uploads\/2009\/01\/roderik-mur.jpg\",\"contentUrl\":\"http:\/\/www.visit-ulcinj.com\/blog\/wp-content\/uploads\/2009\/01\/roderik-mur.jpg\"},{\"@type\":\"WebPage\",\"@id\":\"https:\/\/www.visit-ulcinj.com\/blog\/2009\/01\/01\/mur-vazan-doprinos-crne-gore-regionalnoj-stabilnosti\/#webpage\",\"url\":\"https:\/\/www.visit-ulcinj.com\/blog\/2009\/01\/01\/mur-vazan-doprinos-crne-gore-regionalnoj-stabilnosti\/\",\"name\":\"Mur: Va\u017ean doprinos Crne Gore regionalnoj stabilnosti - Lajme nga Ulqini\",\"isPartOf\":{\"@id\":\"https:\/\/www.visit-ulcinj.com\/blog\/#website\"},\"primaryImageOfPage\":{\"@id\":\"https:\/\/www.visit-ulcinj.com\/blog\/2009\/01\/01\/mur-vazan-doprinos-crne-gore-regionalnoj-stabilnosti\/#primaryimage\"},\"datePublished\":\"2009-01-01T18:15:38+00:00\",\"dateModified\":\"2009-01-01T18:15:38+00:00\",\"author\":{\"@id\":\"https:\/\/www.visit-ulcinj.com\/blog\/#\/schema\/person\/dcab619c614d3038751c63bc2aadc06d\"},\"description\":\"Sude?i prema zna?ajnim postignu?ima u 2008. kao \u0161to je otvaranje procesa Intenziviranog dijaloga sa NATO, smatram da postoji potencijal u 2009. za dalji\",\"breadcrumb\":{\"@id\":\"https:\/\/www.visit-ulcinj.com\/blog\/2009\/01\/01\/mur-vazan-doprinos-crne-gore-regionalnoj-stabilnosti\/#breadcrumb\"},\"inLanguage\":\"en-US\",\"potentialAction\":[{\"@type\":\"ReadAction\",\"target\":[\"https:\/\/www.visit-ulcinj.com\/blog\/2009\/01\/01\/mur-vazan-doprinos-crne-gore-regionalnoj-stabilnosti\/\"]}]},{\"@type\":\"BreadcrumbList\",\"@id\":\"https:\/\/www.visit-ulcinj.com\/blog\/2009\/01\/01\/mur-vazan-doprinos-crne-gore-regionalnoj-stabilnosti\/#breadcrumb\",\"itemListElement\":[{\"@type\":\"ListItem\",\"position\":1,\"name\":\"Mur: Va\u017ean doprinos Crne Gore regionalnoj stabilnosti\"}]},{\"@type\":\"Person\",\"@id\":\"https:\/\/www.visit-ulcinj.com\/blog\/#\/schema\/person\/dcab619c614d3038751c63bc2aadc06d\",\"name\":\"ulqini\",\"sameAs\":[\"http:\/\/www.visit-ulcinj.com\"],\"url\":\"https:\/\/www.visit-ulcinj.com\/blog\/author\/admin\/\"}]}<\/script>\n<!-- \/ Yoast SEO plugin. -->","yoast_head_json":{"title":"Mur: Va\u017ean doprinos Crne Gore regionalnoj stabilnosti - Lajme nga Ulqini","description":"Sude?i prema zna?ajnim postignu?ima u 2008. kao \u0161to je otvaranje procesa Intenziviranog dijaloga sa NATO, smatram da postoji potencijal u 2009. za dalji","robots":{"index":"index","follow":"follow","max-snippet":"max-snippet:-1","max-image-preview":"max-image-preview:large","max-video-preview":"max-video-preview:-1"},"canonical":"https:\/\/www.visit-ulcinj.com\/blog\/2009\/01\/01\/mur-vazan-doprinos-crne-gore-regionalnoj-stabilnosti\/","og_locale":"en_US","og_type":"article","og_title":"Mur: Va\u017ean doprinos Crne Gore regionalnoj stabilnosti - Lajme nga Ulqini","og_description":"Sude?i prema zna?ajnim postignu?ima u 2008. kao \u0161to je otvaranje procesa Intenziviranog dijaloga sa NATO, smatram da postoji potencijal u 2009. za dalji","og_url":"https:\/\/www.visit-ulcinj.com\/blog\/2009\/01\/01\/mur-vazan-doprinos-crne-gore-regionalnoj-stabilnosti\/","og_site_name":"Lajme nga Ulqini","article_published_time":"2009-01-01T18:15:38+00:00","og_image":[{"url":"http:\/\/www.visit-ulcinj.com\/blog\/wp-content\/uploads\/2009\/01\/roderik-mur.jpg"}],"twitter_misc":{"Written by":"ulqini","Est. reading time":"3 minutes"},"schema":{"@context":"https:\/\/schema.org","@graph":[{"@type":"WebSite","@id":"https:\/\/www.visit-ulcinj.com\/blog\/#website","url":"https:\/\/www.visit-ulcinj.com\/blog\/","name":"Lajme nga Ulqini","description":"Lajme,Vijesti,Ulqini,Ulqin,Crna Gora,Mali i Zi","potentialAction":[{"@type":"SearchAction","target":{"@type":"EntryPoint","urlTemplate":"https:\/\/www.visit-ulcinj.com\/blog\/?s={search_term_string}"},"query-input":"required name=search_term_string"}],"inLanguage":"en-US"},{"@type":"ImageObject","inLanguage":"en-US","@id":"https:\/\/www.visit-ulcinj.com\/blog\/2009\/01\/01\/mur-vazan-doprinos-crne-gore-regionalnoj-stabilnosti\/#primaryimage","url":"http:\/\/www.visit-ulcinj.com\/blog\/wp-content\/uploads\/2009\/01\/roderik-mur.jpg","contentUrl":"http:\/\/www.visit-ulcinj.com\/blog\/wp-content\/uploads\/2009\/01\/roderik-mur.jpg"},{"@type":"WebPage","@id":"https:\/\/www.visit-ulcinj.com\/blog\/2009\/01\/01\/mur-vazan-doprinos-crne-gore-regionalnoj-stabilnosti\/#webpage","url":"https:\/\/www.visit-ulcinj.com\/blog\/2009\/01\/01\/mur-vazan-doprinos-crne-gore-regionalnoj-stabilnosti\/","name":"Mur: Va\u017ean doprinos Crne Gore regionalnoj stabilnosti - Lajme nga Ulqini","isPartOf":{"@id":"https:\/\/www.visit-ulcinj.com\/blog\/#website"},"primaryImageOfPage":{"@id":"https:\/\/www.visit-ulcinj.com\/blog\/2009\/01\/01\/mur-vazan-doprinos-crne-gore-regionalnoj-stabilnosti\/#primaryimage"},"datePublished":"2009-01-01T18:15:38+00:00","dateModified":"2009-01-01T18:15:38+00:00","author":{"@id":"https:\/\/www.visit-ulcinj.com\/blog\/#\/schema\/person\/dcab619c614d3038751c63bc2aadc06d"},"description":"Sude?i prema zna?ajnim postignu?ima u 2008. kao \u0161to je otvaranje procesa Intenziviranog dijaloga sa NATO, smatram da postoji potencijal u 2009. za dalji","breadcrumb":{"@id":"https:\/\/www.visit-ulcinj.com\/blog\/2009\/01\/01\/mur-vazan-doprinos-crne-gore-regionalnoj-stabilnosti\/#breadcrumb"},"inLanguage":"en-US","potentialAction":[{"@type":"ReadAction","target":["https:\/\/www.visit-ulcinj.com\/blog\/2009\/01\/01\/mur-vazan-doprinos-crne-gore-regionalnoj-stabilnosti\/"]}]},{"@type":"BreadcrumbList","@id":"https:\/\/www.visit-ulcinj.com\/blog\/2009\/01\/01\/mur-vazan-doprinos-crne-gore-regionalnoj-stabilnosti\/#breadcrumb","itemListElement":[{"@type":"ListItem","position":1,"name":"Mur: Va\u017ean doprinos Crne Gore regionalnoj stabilnosti"}]},{"@type":"Person","@id":"https:\/\/www.visit-ulcinj.com\/blog\/#\/schema\/person\/dcab619c614d3038751c63bc2aadc06d","name":"ulqini","sameAs":["http:\/\/www.visit-ulcinj.com"],"url":"https:\/\/www.visit-ulcinj.com\/blog\/author\/admin\/"}]}},"jetpack_featured_media_url":"","jetpack_sharing_enabled":true,"jetpack_shortlink":"https:\/\/wp.me\/pe6lTn-24N","_links":{"self":[{"href":"https:\/\/www.visit-ulcinj.com\/blog\/wp-json\/wp\/v2\/posts\/7985"}],"collection":[{"href":"https:\/\/www.visit-ulcinj.com\/blog\/wp-json\/wp\/v2\/posts"}],"about":[{"href":"https:\/\/www.visit-ulcinj.com\/blog\/wp-json\/wp\/v2\/types\/post"}],"author":[{"embeddable":true,"href":"https:\/\/www.visit-ulcinj.com\/blog\/wp-json\/wp\/v2\/users\/1"}],"replies":[{"embeddable":true,"href":"https:\/\/www.visit-ulcinj.com\/blog\/wp-json\/wp\/v2\/comments?post=7985"}],"version-history":[{"count":0,"href":"https:\/\/www.visit-ulcinj.com\/blog\/wp-json\/wp\/v2\/posts\/7985\/revisions"}],"wp:attachment":[{"href":"https:\/\/www.visit-ulcinj.com\/blog\/wp-json\/wp\/v2\/media?parent=7985"}],"wp:term":[{"taxonomy":"category","embeddable":true,"href":"https:\/\/www.visit-ulcinj.com\/blog\/wp-json\/wp\/v2\/categories?post=7985"},{"taxonomy":"post_tag","embeddable":true,"href":"https:\/\/www.visit-ulcinj.com\/blog\/wp-json\/wp\/v2\/tags?post=7985"}],"curies":[{"name":"wp","href":"https:\/\/api.w.org\/{rel}","templated":true}]}}