{"id":79853,"date":"2014-02-18T18:13:27","date_gmt":"2014-02-18T17:13:27","guid":{"rendered":"http:\/\/www.visit-ulcinj.com\/blog\/?p=79853"},"modified":"2014-02-18T18:13:27","modified_gmt":"2014-02-18T17:13:27","slug":"proslava-80-godina-postojanja-ulcinjske-solane","status":"publish","type":"post","link":"https:\/\/www.visit-ulcinj.com\/blog\/2014\/02\/18\/proslava-80-godina-postojanja-ulcinjske-solane\/","title":{"rendered":"Proslava 80 godina postojanja Ulcinjske solane"},"content":{"rendered":"<p><strong><a href=\"http:\/\/www.visit-ulcinj.com\/blog\/wp-content\/uploads\/2014\/02\/Ulcinjska-solana-1.jpg\"><img loading=\"lazy\" class=\"alignleft  wp-image-79854\" alt=\"Ulcinjska solana-1\" src=\"http:\/\/www.visit-ulcinj.com\/blog\/wp-content\/uploads\/2014\/02\/Ulcinjska-solana-1.jpg\" width=\"508\" height=\"360\" \/><\/a>Ulcinjska solana: Katanac se \u010de\u0161\u0107e pominje od berbe<\/strong><\/p>\n<p>Radnicima uskoro isti\u010de ugovor i pitanje je da li \u0107e im uprava produ\u017eiti radni anga\u017eman<\/p>\n<div id=\"article_text\">\n<p>U godini kada slavi 80 godina postojanja, ulcinjska Solana \u017eivi najte\u017ee dane u svojoj blistavoj istoriji. Fabrika je u klasi\u010dnom ste\u010daju, 49 zaposlenih \u0161trajkuje od 21. decembra, dugovi se gomilaju, a vlasnici i ste\u010dajna uprava astronomskim cijenama na javnim licitacijama tjeraju potencijalne investitore i produbljuju agoniju. Tiho se sve \u010de\u0161\u0107e pominju katanac i biro, a sve manje berba i proizvodnja.<\/p>\n<p>Radnicima uskoro isti\u010de ugovor i pitanje je da li \u0107e im uprava produ\u017eiti radni anga\u017eman. Po\u010detak priprema za berbu se bli\u017ei ali uprava jo\u0161 uvijek ne zna da li \u0107e je biti. Istovremeno, strate\u0161ki investitor koga uprava vidi kao jedinog spasioca i dalje je miljama daleko&#8230;<\/p>\n<p>Ste\u010dajni upravnik Ognjen Jovovi\u0107 kazao je da podr\u017eava odr\u017eavanje poslovnog procesa, ali ga smatra te\u0161ko odr\u017eivim \u201ejer se u posljednje vrijeme realizuje na minimumu\u201c.<\/p>\n<p>\u201cTo ne omogu\u0107ava pokrivanje ni minimalnih tro\u0161kova poslovanja niti stvaranje preduslova za kvalitetniju za\u0161titu ste\u010dajne mase, ali ipak je bolje nego da sve prepustimo stihiji i propadanju\u201d, kazao je Jovovi\u0107 u razgovoru za \u201cVijesti\u201d.<\/p>\n<p>On je naveo da problem predstavlja i to \u0161to je raspolo\u017eiva sirovina limitirana, i da prihoda nema ni za redovnu isplatu zarada. Podsjetio je da je fabrika tokom cijelog perioda programiranog ste\u010daja, od 2005. do maja 2011, kada je uveden klasi\u010dan ste\u010daj, poslovala sa gubitkom, a takav trend je nastavljen i sada. Osvr\u0107u\u0107i se na mogu\u0107nost organizovanja berbe, nije zra\u010dio optimizmom.<\/p>\n<p><strong>Za berbu treba 200.000 <\/strong><\/p>\n<p>\u201cZa pripremu berbe potrebno je oko 200 hiljada eura,\u0161to je u ovom momentu za Solanu veliki novac. Uz to, nema jasne vizije iz kojih izvora se mo\u017ee obezbijediti\u201d, kazao je Jovovi\u0107.<\/p>\n<p>Direktor Otrantkomerca Predrag Popovi\u0107, koji je jedno vrijeme ispred fonda Moneta bio radno anga\u017eovan u fabrici, ocijenio je da je odr\u017eivost Solane la\u017ena dilema.<\/p>\n<p>\u201cProblem Solane nije pitanje njene odr\u017eivosti sa ekonomskog aspekta, su\u0161tina je odluka vlasnika da uz mogu\u0107i blagoslov dr\u017eave izvr\u0161i prenamjenu prostora iz proizvodno-industrijskog u gra\u0111evinsko\u201d, istakao je Popovi\u0107, navode\u0107i da je rije\u010d o namjeri kratkoro\u010dnog sticanja ve\u0107eg profita, bez rada, prodajom zemlji\u0161ta za gradnju stanova i turisti\u010dkih objekata.<\/p>\n<p><a href=\"http:\/\/www.visit-ulcinj.com\/blog\/wp-content\/uploads\/2014\/02\/Ulcinjska-solana.jpg\"><img loading=\"lazy\" class=\"alignleft  wp-image-79855\" alt=\"Ulcinjska solana\" src=\"http:\/\/www.visit-ulcinj.com\/blog\/wp-content\/uploads\/2014\/02\/Ulcinjska-solana.jpg\" width=\"508\" height=\"600\" \/><\/a><\/p>\n<p><strong>Gazde imaju za kockanje<\/strong><\/p>\n<p>\u201cLjudi danas u Crnoj Gori, od kojih zavisi opstanak Solane, imaju dovoljno novca za li\u010dno bogastvo, skupe satove i kockarnice, ali zbog &#8216;svjetske ekonomske krize&#8217; i &#8216;krize na Kipru&#8217; ne mogu obezbijediti novac za opstanak i razvoj fabrike\u201d, ironi\u010dan je Popovi\u0107.<\/p>\n<p>Prema njegovim rije\u010dima, nu\u017eno je odrediti realnu cijenu Solane kao proizvodnog pogona.<\/p>\n<p>\u201cPostavlja se pitanje \u0161ta je razlog da se za prodaju Solane tra\u017ei iznos od preko 200 miliona kada je njena zvani\u010dna procjena vrijednosti iz 2005. bila 33,5 miliona eura plus dokapitalizacija u iznosu od oko 3,5 miliona eura\u201d, kazao je on, ocijeniv\u0161i da je u narednih pet godina uz ulaganje od oko pet miliona realno projektovati godi\u0161nji profit od oko milion eura.<\/p>\n<p>Direktor Eurofonda Boj\u0161a \u0160otra ponovio je da je ovaj fond u masovnoj vau\u010derskoj privatizaciji kupio oko 13 odsto kompanije a da je dio vlasni\u0161tva od 70 odsto do\u0161ao kupovinom na berzi \u201epotpuno transparentno\u201c.<\/p>\n<p>\u201cU tu kupovinu ulo\u017eeno je 12,5 miliona eura a ne 800 hiljada, kako se \u0161pekuli\u0161e u javnosti. Dokazi o kupovinama, broju akcija i cijeni postoje\u201d, naveo je \u0160otra, navode\u0107i da Eurofond \u017eeli da odr\u017ei rad Solane do dolaska strate\u0161kog partnera.<\/p>\n<p><strong>Eurofond \u017eeli da gradi<\/strong><\/p>\n<p>\u201cSolana sama ekonomski ne mo\u017ee da opstane. Treba uklju\u010diti u jednom manjem segmentu i turisti\u010dku ponudu sa marinom, uvesti Bojanu u Port Milenu sa prostorima za Park prirode, proizvodnju rakova i \u0161koljki, poljoprivrednu proizvodnju, terene za sport i rekreaciju, kao i za dio smje\u0161tajnih turisti\u010dkih kapaciteta, niske gradnje i male stope izgra\u0111enosti\u201d, kazao je \u0160otra, dodav\u0161i da je takav projekat prezentovan na svjetskoj konferenciji u Kataru krajem 2013. godine, te da je pobudio interesovanje velikih svjetskih investitora.<\/p>\n<p>Ljudi od kojih zavisi opstanak Solane imaju za skupe satove i kockarnice, ali ne i za razvoj fabrike, ka\u017ee Predrag Popovi\u0107<\/p>\n<p><strong>Samir Adrovi\u0107<\/strong><br \/>\n<strong>Izvor: Vijesti Online<\/strong><\/p>\n<\/div>\n","protected":false},"excerpt":{"rendered":"<p>Ulcinjska solana: Katanac se \u010de\u0161\u0107e pominje od berbe Radnicima uskoro isti\u010de ugovor i pitanje je da li \u0107e im uprava produ\u017eiti radni anga\u017eman U godini kada slavi 80 godina postojanja, ulcinjska Solana \u017eivi najte\u017ee dane u svojoj blistavoj istoriji. Fabrika je u klasi\u010dnom ste\u010daju, 49 zaposlenih \u0161trajkuje od 21. decembra, dugovi se gomilaju, a vlasnici [&hellip;]<\/p>\n","protected":false},"author":1,"featured_media":0,"comment_status":"closed","ping_status":"closed","sticky":false,"template":"","format":"standard","meta":{"spay_email":"","jetpack_publicize_message":"","jetpack_is_tweetstorm":false,"jetpack_publicize_feature_enabled":true},"categories":[6950],"tags":[],"jetpack_publicize_connections":[],"yoast_head":"<!-- This site is optimized with the Yoast SEO plugin v19.1 - https:\/\/yoast.com\/wordpress\/plugins\/seo\/ -->\n<title>Proslava 80 godina postojanja Ulcinjske solane - Lajme nga Ulqini<\/title>\n<meta name=\"description\" content=\"Ulcinjska solana: Katanac se \u010de\u0161\u0107e pominje od berbe Radnicima uskoro isti\u010de ugovor i pitanje je da li \u0107e im uprava produ\u017eiti radni anga\u017eman U godini kada\" \/>\n<meta name=\"robots\" content=\"index, follow, max-snippet:-1, max-image-preview:large, max-video-preview:-1\" \/>\n<link rel=\"canonical\" href=\"https:\/\/www.visit-ulcinj.com\/blog\/2014\/02\/18\/proslava-80-godina-postojanja-ulcinjske-solane\/\" \/>\n<meta property=\"og:locale\" content=\"en_US\" \/>\n<meta property=\"og:type\" content=\"article\" \/>\n<meta property=\"og:title\" content=\"Proslava 80 godina postojanja Ulcinjske solane - Lajme nga Ulqini\" \/>\n<meta property=\"og:description\" content=\"Ulcinjska solana: Katanac se \u010de\u0161\u0107e pominje od berbe Radnicima uskoro isti\u010de ugovor i pitanje je da li \u0107e im uprava produ\u017eiti radni anga\u017eman U godini kada\" \/>\n<meta property=\"og:url\" content=\"https:\/\/www.visit-ulcinj.com\/blog\/2014\/02\/18\/proslava-80-godina-postojanja-ulcinjske-solane\/\" \/>\n<meta property=\"og:site_name\" content=\"Lajme nga Ulqini\" \/>\n<meta property=\"article:published_time\" content=\"2014-02-18T17:13:27+00:00\" \/>\n<meta property=\"og:image\" content=\"http:\/\/www.visit-ulcinj.com\/blog\/wp-content\/uploads\/2014\/02\/Ulcinjska-solana-1.jpg\" \/>\n<meta name=\"twitter:label1\" content=\"Written by\" \/>\n\t<meta name=\"twitter:data1\" content=\"ulqini\" \/>\n\t<meta name=\"twitter:label2\" content=\"Est. reading time\" \/>\n\t<meta name=\"twitter:data2\" content=\"4 minutes\" \/>\n<script type=\"application\/ld+json\" class=\"yoast-schema-graph\">{\"@context\":\"https:\/\/schema.org\",\"@graph\":[{\"@type\":\"WebSite\",\"@id\":\"https:\/\/www.visit-ulcinj.com\/blog\/#website\",\"url\":\"https:\/\/www.visit-ulcinj.com\/blog\/\",\"name\":\"Lajme nga Ulqini\",\"description\":\"Lajme,Vijesti,Ulqini,Ulqin,Crna Gora,Mali i Zi\",\"potentialAction\":[{\"@type\":\"SearchAction\",\"target\":{\"@type\":\"EntryPoint\",\"urlTemplate\":\"https:\/\/www.visit-ulcinj.com\/blog\/?s={search_term_string}\"},\"query-input\":\"required name=search_term_string\"}],\"inLanguage\":\"en-US\"},{\"@type\":\"ImageObject\",\"inLanguage\":\"en-US\",\"@id\":\"https:\/\/www.visit-ulcinj.com\/blog\/2014\/02\/18\/proslava-80-godina-postojanja-ulcinjske-solane\/#primaryimage\",\"url\":\"https:\/\/www.visit-ulcinj.com\/blog\/wp-content\/uploads\/2014\/02\/Ulcinjska-solana-1.jpg\",\"contentUrl\":\"https:\/\/www.visit-ulcinj.com\/blog\/wp-content\/uploads\/2014\/02\/Ulcinjska-solana-1.jpg\",\"width\":877,\"height\":480},{\"@type\":\"WebPage\",\"@id\":\"https:\/\/www.visit-ulcinj.com\/blog\/2014\/02\/18\/proslava-80-godina-postojanja-ulcinjske-solane\/#webpage\",\"url\":\"https:\/\/www.visit-ulcinj.com\/blog\/2014\/02\/18\/proslava-80-godina-postojanja-ulcinjske-solane\/\",\"name\":\"Proslava 80 godina postojanja Ulcinjske solane - Lajme nga Ulqini\",\"isPartOf\":{\"@id\":\"https:\/\/www.visit-ulcinj.com\/blog\/#website\"},\"primaryImageOfPage\":{\"@id\":\"https:\/\/www.visit-ulcinj.com\/blog\/2014\/02\/18\/proslava-80-godina-postojanja-ulcinjske-solane\/#primaryimage\"},\"datePublished\":\"2014-02-18T17:13:27+00:00\",\"dateModified\":\"2014-02-18T17:13:27+00:00\",\"author\":{\"@id\":\"https:\/\/www.visit-ulcinj.com\/blog\/#\/schema\/person\/dcab619c614d3038751c63bc2aadc06d\"},\"description\":\"Ulcinjska solana: Katanac se \u010de\u0161\u0107e pominje od berbe Radnicima uskoro isti\u010de ugovor i pitanje je da li \u0107e im uprava produ\u017eiti radni anga\u017eman U godini kada\",\"breadcrumb\":{\"@id\":\"https:\/\/www.visit-ulcinj.com\/blog\/2014\/02\/18\/proslava-80-godina-postojanja-ulcinjske-solane\/#breadcrumb\"},\"inLanguage\":\"en-US\",\"potentialAction\":[{\"@type\":\"ReadAction\",\"target\":[\"https:\/\/www.visit-ulcinj.com\/blog\/2014\/02\/18\/proslava-80-godina-postojanja-ulcinjske-solane\/\"]}]},{\"@type\":\"BreadcrumbList\",\"@id\":\"https:\/\/www.visit-ulcinj.com\/blog\/2014\/02\/18\/proslava-80-godina-postojanja-ulcinjske-solane\/#breadcrumb\",\"itemListElement\":[{\"@type\":\"ListItem\",\"position\":1,\"name\":\"Proslava 80 godina postojanja Ulcinjske solane\"}]},{\"@type\":\"Person\",\"@id\":\"https:\/\/www.visit-ulcinj.com\/blog\/#\/schema\/person\/dcab619c614d3038751c63bc2aadc06d\",\"name\":\"ulqini\",\"sameAs\":[\"http:\/\/www.visit-ulcinj.com\"],\"url\":\"https:\/\/www.visit-ulcinj.com\/blog\/author\/admin\/\"}]}<\/script>\n<!-- \/ Yoast SEO plugin. -->","yoast_head_json":{"title":"Proslava 80 godina postojanja Ulcinjske solane - Lajme nga Ulqini","description":"Ulcinjska solana: Katanac se \u010de\u0161\u0107e pominje od berbe Radnicima uskoro isti\u010de ugovor i pitanje je da li \u0107e im uprava produ\u017eiti radni anga\u017eman U godini kada","robots":{"index":"index","follow":"follow","max-snippet":"max-snippet:-1","max-image-preview":"max-image-preview:large","max-video-preview":"max-video-preview:-1"},"canonical":"https:\/\/www.visit-ulcinj.com\/blog\/2014\/02\/18\/proslava-80-godina-postojanja-ulcinjske-solane\/","og_locale":"en_US","og_type":"article","og_title":"Proslava 80 godina postojanja Ulcinjske solane - Lajme nga Ulqini","og_description":"Ulcinjska solana: Katanac se \u010de\u0161\u0107e pominje od berbe Radnicima uskoro isti\u010de ugovor i pitanje je da li \u0107e im uprava produ\u017eiti radni anga\u017eman U godini kada","og_url":"https:\/\/www.visit-ulcinj.com\/blog\/2014\/02\/18\/proslava-80-godina-postojanja-ulcinjske-solane\/","og_site_name":"Lajme nga Ulqini","article_published_time":"2014-02-18T17:13:27+00:00","og_image":[{"url":"http:\/\/www.visit-ulcinj.com\/blog\/wp-content\/uploads\/2014\/02\/Ulcinjska-solana-1.jpg"}],"twitter_misc":{"Written by":"ulqini","Est. reading time":"4 minutes"},"schema":{"@context":"https:\/\/schema.org","@graph":[{"@type":"WebSite","@id":"https:\/\/www.visit-ulcinj.com\/blog\/#website","url":"https:\/\/www.visit-ulcinj.com\/blog\/","name":"Lajme nga Ulqini","description":"Lajme,Vijesti,Ulqini,Ulqin,Crna Gora,Mali i Zi","potentialAction":[{"@type":"SearchAction","target":{"@type":"EntryPoint","urlTemplate":"https:\/\/www.visit-ulcinj.com\/blog\/?s={search_term_string}"},"query-input":"required name=search_term_string"}],"inLanguage":"en-US"},{"@type":"ImageObject","inLanguage":"en-US","@id":"https:\/\/www.visit-ulcinj.com\/blog\/2014\/02\/18\/proslava-80-godina-postojanja-ulcinjske-solane\/#primaryimage","url":"https:\/\/www.visit-ulcinj.com\/blog\/wp-content\/uploads\/2014\/02\/Ulcinjska-solana-1.jpg","contentUrl":"https:\/\/www.visit-ulcinj.com\/blog\/wp-content\/uploads\/2014\/02\/Ulcinjska-solana-1.jpg","width":877,"height":480},{"@type":"WebPage","@id":"https:\/\/www.visit-ulcinj.com\/blog\/2014\/02\/18\/proslava-80-godina-postojanja-ulcinjske-solane\/#webpage","url":"https:\/\/www.visit-ulcinj.com\/blog\/2014\/02\/18\/proslava-80-godina-postojanja-ulcinjske-solane\/","name":"Proslava 80 godina postojanja Ulcinjske solane - Lajme nga Ulqini","isPartOf":{"@id":"https:\/\/www.visit-ulcinj.com\/blog\/#website"},"primaryImageOfPage":{"@id":"https:\/\/www.visit-ulcinj.com\/blog\/2014\/02\/18\/proslava-80-godina-postojanja-ulcinjske-solane\/#primaryimage"},"datePublished":"2014-02-18T17:13:27+00:00","dateModified":"2014-02-18T17:13:27+00:00","author":{"@id":"https:\/\/www.visit-ulcinj.com\/blog\/#\/schema\/person\/dcab619c614d3038751c63bc2aadc06d"},"description":"Ulcinjska solana: Katanac se \u010de\u0161\u0107e pominje od berbe Radnicima uskoro isti\u010de ugovor i pitanje je da li \u0107e im uprava produ\u017eiti radni anga\u017eman U godini kada","breadcrumb":{"@id":"https:\/\/www.visit-ulcinj.com\/blog\/2014\/02\/18\/proslava-80-godina-postojanja-ulcinjske-solane\/#breadcrumb"},"inLanguage":"en-US","potentialAction":[{"@type":"ReadAction","target":["https:\/\/www.visit-ulcinj.com\/blog\/2014\/02\/18\/proslava-80-godina-postojanja-ulcinjske-solane\/"]}]},{"@type":"BreadcrumbList","@id":"https:\/\/www.visit-ulcinj.com\/blog\/2014\/02\/18\/proslava-80-godina-postojanja-ulcinjske-solane\/#breadcrumb","itemListElement":[{"@type":"ListItem","position":1,"name":"Proslava 80 godina postojanja Ulcinjske solane"}]},{"@type":"Person","@id":"https:\/\/www.visit-ulcinj.com\/blog\/#\/schema\/person\/dcab619c614d3038751c63bc2aadc06d","name":"ulqini","sameAs":["http:\/\/www.visit-ulcinj.com"],"url":"https:\/\/www.visit-ulcinj.com\/blog\/author\/admin\/"}]}},"jetpack_featured_media_url":"","jetpack_sharing_enabled":true,"jetpack_shortlink":"https:\/\/wp.me\/pe6lTn-kLX","_links":{"self":[{"href":"https:\/\/www.visit-ulcinj.com\/blog\/wp-json\/wp\/v2\/posts\/79853"}],"collection":[{"href":"https:\/\/www.visit-ulcinj.com\/blog\/wp-json\/wp\/v2\/posts"}],"about":[{"href":"https:\/\/www.visit-ulcinj.com\/blog\/wp-json\/wp\/v2\/types\/post"}],"author":[{"embeddable":true,"href":"https:\/\/www.visit-ulcinj.com\/blog\/wp-json\/wp\/v2\/users\/1"}],"replies":[{"embeddable":true,"href":"https:\/\/www.visit-ulcinj.com\/blog\/wp-json\/wp\/v2\/comments?post=79853"}],"version-history":[{"count":1,"href":"https:\/\/www.visit-ulcinj.com\/blog\/wp-json\/wp\/v2\/posts\/79853\/revisions"}],"predecessor-version":[{"id":79856,"href":"https:\/\/www.visit-ulcinj.com\/blog\/wp-json\/wp\/v2\/posts\/79853\/revisions\/79856"}],"wp:attachment":[{"href":"https:\/\/www.visit-ulcinj.com\/blog\/wp-json\/wp\/v2\/media?parent=79853"}],"wp:term":[{"taxonomy":"category","embeddable":true,"href":"https:\/\/www.visit-ulcinj.com\/blog\/wp-json\/wp\/v2\/categories?post=79853"},{"taxonomy":"post_tag","embeddable":true,"href":"https:\/\/www.visit-ulcinj.com\/blog\/wp-json\/wp\/v2\/tags?post=79853"}],"curies":[{"name":"wp","href":"https:\/\/api.w.org\/{rel}","templated":true}]}}