{"id":79861,"date":"2014-02-19T08:27:20","date_gmt":"2014-02-19T07:27:20","guid":{"rendered":"http:\/\/www.visit-ulcinj.com\/blog\/?p=79861"},"modified":"2014-02-19T08:27:20","modified_gmt":"2014-02-19T07:27:20","slug":"umjesto-deke-deljosaj-u-skupstini-crne-gore","status":"publish","type":"post","link":"https:\/\/www.visit-ulcinj.com\/blog\/2014\/02\/19\/umjesto-deke-deljosaj-u-skupstini-crne-gore\/","title":{"rendered":"Umjesto \u0110eke \u0110eljo\u0161aj u Skup\u0161tini Crne Gore"},"content":{"rendered":"<div id=\"article_text\">\n<p><a href=\"http:\/\/www.visit-ulcinj.com\/blog\/wp-content\/uploads\/2014\/02\/Nik-Djelosaj.jpg\"><img loading=\"lazy\" class=\"alignleft  wp-image-79863\" alt=\"Nik-Djelosaj\" src=\"http:\/\/www.visit-ulcinj.com\/blog\/wp-content\/uploads\/2014\/02\/Nik-Djelosaj.jpg\" width=\"508\" height=\"362\" \/><\/a>Lidera Demokratske partije(DP) Fatmira \u0110eku, nakon \u0161to bude izabran za gradona\u010delnika Ulcinja, u poslani\u010dkim klupama do kraja godine mogao bi mijenjati predsjednik Albanske alternative (AA) \u0110er\u0111 Camaj ili, \u0161to je izvjesnije, Nik \u0110eljo\u0161aj.<\/p>\n<p>Predizbornim sporazumom albanske koalicije, \u0110eku \u0107e do novembra mijenjati neko iz Albanske alternative, dok \u0107e preostale dvije godine pripasti predsjedniku Demokratskog saveza u Crnoj Gori(DSCG) Mehmedu Bardhiju. Koalicionim sporazumom izme\u0111u tri albanske partije predvi\u0111eno je da prve dvije godine skup\u0161tinskog mandata podijele Demokratska partija i AA, dok bi ostatak pripao Bardhiju.<\/p>\n<p>Bardhi je bio drugi na izbornoj listi albanske koalicije, dok je na tre\u0107em mjestu Camaj.<\/p>\n<p>U slu\u010daju da Camaj odustane od ulaska u parlament, pravo na poslani\u010dko mjesto pripada njegovom partijskom kolegi \u0110eljo\u0161aju, koji je 5. na izbornoj listi. \u201eIako je Bardhi drugi na listi, internim sporazumom predvi\u0111eno je da \u0110eku zamijeni neko iz Alternative. Bardhi bi se mogao vratiti u parlament u oktobru, kada skup\u0161tina u\u0111e u drugu polovinu mandata\u201c, kazao je sagovornik \u201eVijesti\u201c iz koalicije.<\/p>\n<p>\u0110eka, nakon \u0161to bude izabran za gradona\u010delnika Ulcinja, nema pravo da sljede\u0107ih 12 mjeseci prima poslani\u010dku platu. Me\u0111utim, Camaj ili \u0110eljo\u0161aj, bez obzira \u0161to bi u poslani\u010dkim klupama mogli sjedjeti oko pola godine, imaju pravo da nakon rotacije primaju punu poslani\u010dku platu u narednih 12 mjeseci. Predizbornim dogovorom albanskih partija predvi\u0111eno je da se uz mandate dijeli i novac za finansiranje tako \u0161to polovina pripada DP i Alternativi, dok je ostatak namijenjen Bardhijevoj stranci. Kako se navodi, DS se obavezuje da sumu za finansiranje smanji za 10 odsto, kako bi na taj na\u010din pomogao partnerima.<\/p>\n<p><strong>Ulcinjska opozicija: Sve je isto, samo Pozitivna zamijenila SDP<\/strong><\/p>\n<p>DPS ne\u0107e tra\u017eiti odgovornost svog ulcinjskog odbora zbog toga \u0161to nijesu uspjeli da kroz pregovore formiraju vlast, iako je ta partija sa devet mandata pobijedila na izborima 26.januara, kazao je Vijestima poslanik DPS Ljui\u0111 \u0160krelja, dan nakon \u0161to su njihovi koalicioni partneri na dr\u017eavnom nivou, Forca i Koalicija za budu\u0107nost Ulcinja koju predvodi lider DP Fatmir \u0110eka, zajednom sa Pozitivnom, i zvani\u010dno dogovorili formiranje lokalne vlasti. \u0160ef ulcinjskog DPS Ljoro Nreki\u0107 je ocijenio da je nova koalicija uperena isklju\u010divo protiv DPS, a ne zarad dobrobiti gra\u0111ana Ulcinja. Kao potvrdu te ocjene, iz DPS podsje\u0107aju da su na vlasti iste snage koje su zbog neslaganja i izazvale vanredne izbore.<\/p>\n<p>\u201cSve je isto osim \u0161to je Pozitivna zamijenila SDP\u201c, kazao je \u0160krelja. On je kazao da DPS nije partija koja bi na silu htjela koalicioni savez sa bilo kim i da albanske partije nijesu imale pritiske iz Albanije i sa Kosova zbog DPS. On tvrdi da su se Nazif Cungu i \u0110eka prilikom nedavne posjete ministru inostranih poslova Albanije proveli \u201ekao bosi po trnju\u201c.\u201cSudionici tog sastanka rekli su mi da im je albanski ministar rekao da prvo usklade stavove u Crnoj Gori\u201d, tvrdi \u0160krelja.<\/p>\n<p>Lider DUA Mehmet Zenka, koji je iza\u0161ao iz pregovora sa \u0110ekom i Cunguom i priklonio se DPS, je ju\u010de novu vlast nazvao neprincipijelnom.\u201cStari drugari su i u novoj vlasti. Sva\u0161ta su pri\u010dali jedni protiv drugih u predizbornoj kampanji, a sada sjede zajedno. Dru\u0161tvo bez principa nije na\u0161e\u201d, kazao je Zenka. \u0160ef OO SDP Selim Resulbegovi\u0107, koji je tako\u0111e pregovarao sa DPS-om, kazao je da mu nova koalicija izgleda pesimisti\u010dki: \u201cSumnjam da i oni sami vjeruju da mogu ne\u0161to posti\u0107i\u201d.Koordinator DPS za Ulcinj bila je \u010dlan Predjedni\u0161tva Sanja Vlahovi\u0107. U pregovore su bili uklju\u010deni Goran Jevri\u0107 i Svetozar Marovi\u0107, koji je u Budvi nakon izbora ugostio Cungua, \u0110eku i Nreki\u0107a. S.A.<\/p>\n<p>Camaj ili \u0110eljo\u0161aj imaju pravo da nakon rotacije primaju punu poslani\u010dku platu u narednih 12 mjeseci<\/p>\n<p><strong>Samir Kajo\u0161evi\u0107<\/strong><\/p>\n<p><strong>Izvor: Vijesti Online<\/strong><\/p>\n<\/div>\n","protected":false},"excerpt":{"rendered":"<p>Lidera Demokratske partije(DP) Fatmira \u0110eku, nakon \u0161to bude izabran za gradona\u010delnika Ulcinja, u poslani\u010dkim klupama do kraja godine mogao bi mijenjati predsjednik Albanske alternative (AA) \u0110er\u0111 Camaj ili, \u0161to je izvjesnije, Nik \u0110eljo\u0161aj. Predizbornim sporazumom albanske koalicije, \u0110eku \u0107e do novembra mijenjati neko iz Albanske alternative, dok \u0107e preostale dvije godine pripasti predsjedniku Demokratskog saveza [&hellip;]<\/p>\n","protected":false},"author":1,"featured_media":0,"comment_status":"closed","ping_status":"closed","sticky":false,"template":"","format":"standard","meta":{"spay_email":"","jetpack_publicize_message":"","jetpack_is_tweetstorm":false,"jetpack_publicize_feature_enabled":true},"categories":[8337],"tags":[],"jetpack_publicize_connections":[],"yoast_head":"<!-- This site is optimized with the Yoast SEO plugin v19.1 - https:\/\/yoast.com\/wordpress\/plugins\/seo\/ -->\n<title>Umjesto \u0110eke \u0110eljo\u0161aj u Skup\u0161tini Crne Gore - Lajme nga Ulqini<\/title>\n<meta name=\"description\" content=\"Lidera Demokratske partije(DP) Fatmira \u0110eku, nakon \u0161to bude izabran za gradona\u010delnika Ulcinja, u poslani\u010dkim klupama do kraja godine mogao bi mijenjati\" \/>\n<meta name=\"robots\" content=\"index, follow, max-snippet:-1, max-image-preview:large, max-video-preview:-1\" \/>\n<link rel=\"canonical\" href=\"https:\/\/www.visit-ulcinj.com\/blog\/2014\/02\/19\/umjesto-deke-deljosaj-u-skupstini-crne-gore\/\" \/>\n<meta property=\"og:locale\" content=\"en_US\" \/>\n<meta property=\"og:type\" content=\"article\" \/>\n<meta property=\"og:title\" content=\"Umjesto \u0110eke \u0110eljo\u0161aj u Skup\u0161tini Crne Gore - Lajme nga Ulqini\" \/>\n<meta property=\"og:description\" content=\"Lidera Demokratske partije(DP) Fatmira \u0110eku, nakon \u0161to bude izabran za gradona\u010delnika Ulcinja, u poslani\u010dkim klupama do kraja godine mogao bi mijenjati\" \/>\n<meta property=\"og:url\" content=\"https:\/\/www.visit-ulcinj.com\/blog\/2014\/02\/19\/umjesto-deke-deljosaj-u-skupstini-crne-gore\/\" \/>\n<meta property=\"og:site_name\" content=\"Lajme nga Ulqini\" \/>\n<meta property=\"article:published_time\" content=\"2014-02-19T07:27:20+00:00\" \/>\n<meta property=\"og:image\" content=\"http:\/\/www.visit-ulcinj.com\/blog\/wp-content\/uploads\/2014\/02\/Nik-Djelosaj.jpg\" \/>\n<meta name=\"twitter:label1\" content=\"Written by\" \/>\n\t<meta name=\"twitter:data1\" content=\"ulqini\" \/>\n\t<meta name=\"twitter:label2\" content=\"Est. reading time\" \/>\n\t<meta name=\"twitter:data2\" content=\"3 minutes\" \/>\n<script type=\"application\/ld+json\" class=\"yoast-schema-graph\">{\"@context\":\"https:\/\/schema.org\",\"@graph\":[{\"@type\":\"WebSite\",\"@id\":\"https:\/\/www.visit-ulcinj.com\/blog\/#website\",\"url\":\"https:\/\/www.visit-ulcinj.com\/blog\/\",\"name\":\"Lajme nga Ulqini\",\"description\":\"Lajme,Vijesti,Ulqini,Ulqin,Crna Gora,Mali i Zi\",\"potentialAction\":[{\"@type\":\"SearchAction\",\"target\":{\"@type\":\"EntryPoint\",\"urlTemplate\":\"https:\/\/www.visit-ulcinj.com\/blog\/?s={search_term_string}\"},\"query-input\":\"required name=search_term_string\"}],\"inLanguage\":\"en-US\"},{\"@type\":\"ImageObject\",\"inLanguage\":\"en-US\",\"@id\":\"https:\/\/www.visit-ulcinj.com\/blog\/2014\/02\/19\/umjesto-deke-deljosaj-u-skupstini-crne-gore\/#primaryimage\",\"url\":\"https:\/\/www.visit-ulcinj.com\/blog\/wp-content\/uploads\/2014\/02\/Nik-Djelosaj.jpg\",\"contentUrl\":\"https:\/\/www.visit-ulcinj.com\/blog\/wp-content\/uploads\/2014\/02\/Nik-Djelosaj.jpg\",\"width\":520,\"height\":362},{\"@type\":\"WebPage\",\"@id\":\"https:\/\/www.visit-ulcinj.com\/blog\/2014\/02\/19\/umjesto-deke-deljosaj-u-skupstini-crne-gore\/#webpage\",\"url\":\"https:\/\/www.visit-ulcinj.com\/blog\/2014\/02\/19\/umjesto-deke-deljosaj-u-skupstini-crne-gore\/\",\"name\":\"Umjesto \u0110eke \u0110eljo\u0161aj u Skup\u0161tini Crne Gore - Lajme nga Ulqini\",\"isPartOf\":{\"@id\":\"https:\/\/www.visit-ulcinj.com\/blog\/#website\"},\"primaryImageOfPage\":{\"@id\":\"https:\/\/www.visit-ulcinj.com\/blog\/2014\/02\/19\/umjesto-deke-deljosaj-u-skupstini-crne-gore\/#primaryimage\"},\"datePublished\":\"2014-02-19T07:27:20+00:00\",\"dateModified\":\"2014-02-19T07:27:20+00:00\",\"author\":{\"@id\":\"https:\/\/www.visit-ulcinj.com\/blog\/#\/schema\/person\/dcab619c614d3038751c63bc2aadc06d\"},\"description\":\"Lidera Demokratske partije(DP) Fatmira \u0110eku, nakon \u0161to bude izabran za gradona\u010delnika Ulcinja, u poslani\u010dkim klupama do kraja godine mogao bi mijenjati\",\"breadcrumb\":{\"@id\":\"https:\/\/www.visit-ulcinj.com\/blog\/2014\/02\/19\/umjesto-deke-deljosaj-u-skupstini-crne-gore\/#breadcrumb\"},\"inLanguage\":\"en-US\",\"potentialAction\":[{\"@type\":\"ReadAction\",\"target\":[\"https:\/\/www.visit-ulcinj.com\/blog\/2014\/02\/19\/umjesto-deke-deljosaj-u-skupstini-crne-gore\/\"]}]},{\"@type\":\"BreadcrumbList\",\"@id\":\"https:\/\/www.visit-ulcinj.com\/blog\/2014\/02\/19\/umjesto-deke-deljosaj-u-skupstini-crne-gore\/#breadcrumb\",\"itemListElement\":[{\"@type\":\"ListItem\",\"position\":1,\"name\":\"Umjesto \u0110eke \u0110eljo\u0161aj u Skup\u0161tini Crne Gore\"}]},{\"@type\":\"Person\",\"@id\":\"https:\/\/www.visit-ulcinj.com\/blog\/#\/schema\/person\/dcab619c614d3038751c63bc2aadc06d\",\"name\":\"ulqini\",\"sameAs\":[\"http:\/\/www.visit-ulcinj.com\"],\"url\":\"https:\/\/www.visit-ulcinj.com\/blog\/author\/admin\/\"}]}<\/script>\n<!-- \/ Yoast SEO plugin. -->","yoast_head_json":{"title":"Umjesto \u0110eke \u0110eljo\u0161aj u Skup\u0161tini Crne Gore - Lajme nga Ulqini","description":"Lidera Demokratske partije(DP) Fatmira \u0110eku, nakon \u0161to bude izabran za gradona\u010delnika Ulcinja, u poslani\u010dkim klupama do kraja godine mogao bi mijenjati","robots":{"index":"index","follow":"follow","max-snippet":"max-snippet:-1","max-image-preview":"max-image-preview:large","max-video-preview":"max-video-preview:-1"},"canonical":"https:\/\/www.visit-ulcinj.com\/blog\/2014\/02\/19\/umjesto-deke-deljosaj-u-skupstini-crne-gore\/","og_locale":"en_US","og_type":"article","og_title":"Umjesto \u0110eke \u0110eljo\u0161aj u Skup\u0161tini Crne Gore - Lajme nga Ulqini","og_description":"Lidera Demokratske partije(DP) Fatmira \u0110eku, nakon \u0161to bude izabran za gradona\u010delnika Ulcinja, u poslani\u010dkim klupama do kraja godine mogao bi mijenjati","og_url":"https:\/\/www.visit-ulcinj.com\/blog\/2014\/02\/19\/umjesto-deke-deljosaj-u-skupstini-crne-gore\/","og_site_name":"Lajme nga Ulqini","article_published_time":"2014-02-19T07:27:20+00:00","og_image":[{"url":"http:\/\/www.visit-ulcinj.com\/blog\/wp-content\/uploads\/2014\/02\/Nik-Djelosaj.jpg"}],"twitter_misc":{"Written by":"ulqini","Est. reading time":"3 minutes"},"schema":{"@context":"https:\/\/schema.org","@graph":[{"@type":"WebSite","@id":"https:\/\/www.visit-ulcinj.com\/blog\/#website","url":"https:\/\/www.visit-ulcinj.com\/blog\/","name":"Lajme nga Ulqini","description":"Lajme,Vijesti,Ulqini,Ulqin,Crna Gora,Mali i Zi","potentialAction":[{"@type":"SearchAction","target":{"@type":"EntryPoint","urlTemplate":"https:\/\/www.visit-ulcinj.com\/blog\/?s={search_term_string}"},"query-input":"required name=search_term_string"}],"inLanguage":"en-US"},{"@type":"ImageObject","inLanguage":"en-US","@id":"https:\/\/www.visit-ulcinj.com\/blog\/2014\/02\/19\/umjesto-deke-deljosaj-u-skupstini-crne-gore\/#primaryimage","url":"https:\/\/www.visit-ulcinj.com\/blog\/wp-content\/uploads\/2014\/02\/Nik-Djelosaj.jpg","contentUrl":"https:\/\/www.visit-ulcinj.com\/blog\/wp-content\/uploads\/2014\/02\/Nik-Djelosaj.jpg","width":520,"height":362},{"@type":"WebPage","@id":"https:\/\/www.visit-ulcinj.com\/blog\/2014\/02\/19\/umjesto-deke-deljosaj-u-skupstini-crne-gore\/#webpage","url":"https:\/\/www.visit-ulcinj.com\/blog\/2014\/02\/19\/umjesto-deke-deljosaj-u-skupstini-crne-gore\/","name":"Umjesto \u0110eke \u0110eljo\u0161aj u Skup\u0161tini Crne Gore - Lajme nga Ulqini","isPartOf":{"@id":"https:\/\/www.visit-ulcinj.com\/blog\/#website"},"primaryImageOfPage":{"@id":"https:\/\/www.visit-ulcinj.com\/blog\/2014\/02\/19\/umjesto-deke-deljosaj-u-skupstini-crne-gore\/#primaryimage"},"datePublished":"2014-02-19T07:27:20+00:00","dateModified":"2014-02-19T07:27:20+00:00","author":{"@id":"https:\/\/www.visit-ulcinj.com\/blog\/#\/schema\/person\/dcab619c614d3038751c63bc2aadc06d"},"description":"Lidera Demokratske partije(DP) Fatmira \u0110eku, nakon \u0161to bude izabran za gradona\u010delnika Ulcinja, u poslani\u010dkim klupama do kraja godine mogao bi mijenjati","breadcrumb":{"@id":"https:\/\/www.visit-ulcinj.com\/blog\/2014\/02\/19\/umjesto-deke-deljosaj-u-skupstini-crne-gore\/#breadcrumb"},"inLanguage":"en-US","potentialAction":[{"@type":"ReadAction","target":["https:\/\/www.visit-ulcinj.com\/blog\/2014\/02\/19\/umjesto-deke-deljosaj-u-skupstini-crne-gore\/"]}]},{"@type":"BreadcrumbList","@id":"https:\/\/www.visit-ulcinj.com\/blog\/2014\/02\/19\/umjesto-deke-deljosaj-u-skupstini-crne-gore\/#breadcrumb","itemListElement":[{"@type":"ListItem","position":1,"name":"Umjesto \u0110eke \u0110eljo\u0161aj u Skup\u0161tini Crne Gore"}]},{"@type":"Person","@id":"https:\/\/www.visit-ulcinj.com\/blog\/#\/schema\/person\/dcab619c614d3038751c63bc2aadc06d","name":"ulqini","sameAs":["http:\/\/www.visit-ulcinj.com"],"url":"https:\/\/www.visit-ulcinj.com\/blog\/author\/admin\/"}]}},"jetpack_featured_media_url":"","jetpack_sharing_enabled":true,"jetpack_shortlink":"https:\/\/wp.me\/pe6lTn-kM5","_links":{"self":[{"href":"https:\/\/www.visit-ulcinj.com\/blog\/wp-json\/wp\/v2\/posts\/79861"}],"collection":[{"href":"https:\/\/www.visit-ulcinj.com\/blog\/wp-json\/wp\/v2\/posts"}],"about":[{"href":"https:\/\/www.visit-ulcinj.com\/blog\/wp-json\/wp\/v2\/types\/post"}],"author":[{"embeddable":true,"href":"https:\/\/www.visit-ulcinj.com\/blog\/wp-json\/wp\/v2\/users\/1"}],"replies":[{"embeddable":true,"href":"https:\/\/www.visit-ulcinj.com\/blog\/wp-json\/wp\/v2\/comments?post=79861"}],"version-history":[{"count":1,"href":"https:\/\/www.visit-ulcinj.com\/blog\/wp-json\/wp\/v2\/posts\/79861\/revisions"}],"predecessor-version":[{"id":79864,"href":"https:\/\/www.visit-ulcinj.com\/blog\/wp-json\/wp\/v2\/posts\/79861\/revisions\/79864"}],"wp:attachment":[{"href":"https:\/\/www.visit-ulcinj.com\/blog\/wp-json\/wp\/v2\/media?parent=79861"}],"wp:term":[{"taxonomy":"category","embeddable":true,"href":"https:\/\/www.visit-ulcinj.com\/blog\/wp-json\/wp\/v2\/categories?post=79861"},{"taxonomy":"post_tag","embeddable":true,"href":"https:\/\/www.visit-ulcinj.com\/blog\/wp-json\/wp\/v2\/tags?post=79861"}],"curies":[{"name":"wp","href":"https:\/\/api.w.org\/{rel}","templated":true}]}}