{"id":79874,"date":"2014-02-19T15:25:45","date_gmt":"2014-02-19T14:25:45","guid":{"rendered":"http:\/\/www.visit-ulcinj.com\/blog\/?p=79874"},"modified":"2014-02-21T10:41:11","modified_gmt":"2014-02-21T09:41:11","slug":"ulqini-te-henen-behet-kryetare-dhe-kuvend","status":"publish","type":"post","link":"https:\/\/www.visit-ulcinj.com\/blog\/2014\/02\/19\/ulqini-te-henen-behet-kryetare-dhe-kuvend\/","title":{"rendered":"Ulqini t\u00eb h\u00ebn\u00ebn b\u00ebhet me kryetar\u00eb dhe kuvend"},"content":{"rendered":"<p><a href=\"http:\/\/www.visit-ulcinj.com\/blog\/wp-content\/uploads\/2014\/02\/Fatmir-Gjeka-kryetar-i-Ulqinit.jpg\"><img loading=\"lazy\" class=\"alignleft  wp-image-79875\" alt=\"Fatmir-Gjeka-kryetar-i-Ulqinit\" src=\"http:\/\/www.visit-ulcinj.com\/blog\/wp-content\/uploads\/2014\/02\/Fatmir-Gjeka-kryetar-i-Ulqinit.jpg\" width=\"508\" height=\"330\" \/><\/a>P\u00ebrfaq\u00ebsuesit e tri partive shqiptare, t\u00eb cilat b\u00ebn koalicion paszgjedhor p\u00ebr formimin e pushtetit n\u00eb Komun\u00ebn e Ulqinit, jan\u00eb marr\u00eb vesh q\u00eb t\u00eb h\u00ebn\u00ebn, m\u00eb 24 shkurt, t\u00eb mbajn\u00eb mbledhjen konstituive t\u00eb Kuvendit dhe t\u00eb zgjedhin kryetarin e Kuvendit dhe t\u00eb Komun\u00ebs s\u00eb Ulqinit.<br \/>\nMarr\u00ebveshja p\u00ebr formimin pushtetit lokal \u00ebsht\u00eb arritur mes Forc\u00ebs s\u00eb Re Demokratike, Koalicionit \u201cBashk\u00eb p\u00ebr t\u00eb ardhmen e Ulqinit\u201d i p\u00ebrb\u00ebre nga Partia Demokratike \u2013 Lidhja Demokratike \u2013 L\u00ebvizja Perspektiva, dhe partis\u00eb Mali i Zi Pozitiv.<\/p>\n<p>At\u00eb e n\u00ebnshkruan lider\u00ebt p\u00ebrkat\u00ebs t\u00eb k\u00ebtyre partive: Nazif Cungu (Forca), Fatmir Gjeka (PD) dhe Dritan Abazoviq (Mali i Zi Pozitiv).<\/p>\n<p>Sipas paralajm\u00ebrimit pas konstituimit t\u00eb Kuvendit n\u00eb p\u00ebrb\u00ebrje t\u00eb re, k\u00ebshilltar\u00ebt do t\u00eb zgjedhin n\u00ebnkryetarin e Forc\u00ebs, Xhaudet Cakulin, p\u00ebr kryetar t\u00eb Kuvendit, nd\u00ebrsa kryetar i Komun\u00ebs do t\u00eb zgjidhet Fatmir Gjeka i Partis\u00eb Demokratike.<\/p>\n<p>\/Indeksonline\/<br \/>\n<!--YouTube Error: bad URL entered--><\/p>\n","protected":false},"excerpt":{"rendered":"<p>P\u00ebrfaq\u00ebsuesit e tri partive shqiptare, t\u00eb cilat b\u00ebn koalicion paszgjedhor p\u00ebr formimin e pushtetit n\u00eb Komun\u00ebn e Ulqinit, jan\u00eb marr\u00eb vesh q\u00eb t\u00eb h\u00ebn\u00ebn, m\u00eb 24 shkurt, t\u00eb mbajn\u00eb mbledhjen konstituive t\u00eb Kuvendit dhe t\u00eb zgjedhin kryetarin e Kuvendit dhe t\u00eb Komun\u00ebs s\u00eb Ulqinit. Marr\u00ebveshja p\u00ebr formimin pushtetit lokal \u00ebsht\u00eb arritur mes Forc\u00ebs s\u00eb Re [&hellip;]<\/p>\n","protected":false},"author":1,"featured_media":0,"comment_status":"closed","ping_status":"closed","sticky":false,"template":"","format":"standard","meta":{"spay_email":"","jetpack_publicize_message":"","jetpack_is_tweetstorm":false,"jetpack_publicize_feature_enabled":true},"categories":[7,1],"tags":[],"jetpack_publicize_connections":[],"yoast_head":"<!-- This site is optimized with the Yoast SEO plugin v19.1 - https:\/\/yoast.com\/wordpress\/plugins\/seo\/ -->\n<title>Ulqini t\u00eb h\u00ebn\u00ebn b\u00ebhet me kryetar\u00eb dhe kuvend - Lajme nga Ulqini<\/title>\n<meta name=\"description\" content=\"P\u00ebrfaq\u00ebsuesit e tri partive shqiptare, t\u00eb cilat b\u00ebn koalicion paszgjedhor p\u00ebr formimin e pushtetit n\u00eb Komun\u00ebn e Ulqinit, jan\u00eb marr\u00eb vesh q\u00eb t\u00eb h\u00ebn\u00ebn, m\u00eb\" \/>\n<meta name=\"robots\" content=\"index, follow, max-snippet:-1, max-image-preview:large, max-video-preview:-1\" \/>\n<link rel=\"canonical\" href=\"https:\/\/www.visit-ulcinj.com\/blog\/2014\/02\/19\/ulqini-te-henen-behet-kryetare-dhe-kuvend\/\" \/>\n<meta property=\"og:locale\" content=\"en_US\" \/>\n<meta property=\"og:type\" content=\"article\" \/>\n<meta property=\"og:title\" content=\"Ulqini t\u00eb h\u00ebn\u00ebn b\u00ebhet me kryetar\u00eb dhe kuvend - Lajme nga Ulqini\" \/>\n<meta property=\"og:description\" content=\"P\u00ebrfaq\u00ebsuesit e tri partive shqiptare, t\u00eb cilat b\u00ebn koalicion paszgjedhor p\u00ebr formimin e pushtetit n\u00eb Komun\u00ebn e Ulqinit, jan\u00eb marr\u00eb vesh q\u00eb t\u00eb h\u00ebn\u00ebn, m\u00eb\" \/>\n<meta property=\"og:url\" content=\"https:\/\/www.visit-ulcinj.com\/blog\/2014\/02\/19\/ulqini-te-henen-behet-kryetare-dhe-kuvend\/\" \/>\n<meta property=\"og:site_name\" content=\"Lajme nga Ulqini\" \/>\n<meta property=\"article:published_time\" content=\"2014-02-19T14:25:45+00:00\" \/>\n<meta property=\"article:modified_time\" content=\"2014-02-21T09:41:11+00:00\" \/>\n<meta property=\"og:image\" content=\"http:\/\/www.visit-ulcinj.com\/blog\/wp-content\/uploads\/2014\/02\/Fatmir-Gjeka-kryetar-i-Ulqinit.jpg\" \/>\n<meta name=\"twitter:label1\" content=\"Written by\" \/>\n\t<meta name=\"twitter:data1\" content=\"ulqini\" \/>\n\t<meta name=\"twitter:label2\" content=\"Est. reading time\" \/>\n\t<meta name=\"twitter:data2\" content=\"1 minute\" \/>\n<script type=\"application\/ld+json\" class=\"yoast-schema-graph\">{\"@context\":\"https:\/\/schema.org\",\"@graph\":[{\"@type\":\"WebSite\",\"@id\":\"https:\/\/www.visit-ulcinj.com\/blog\/#website\",\"url\":\"https:\/\/www.visit-ulcinj.com\/blog\/\",\"name\":\"Lajme nga Ulqini\",\"description\":\"Lajme,Vijesti,Ulqini,Ulqin,Crna Gora,Mali i Zi\",\"potentialAction\":[{\"@type\":\"SearchAction\",\"target\":{\"@type\":\"EntryPoint\",\"urlTemplate\":\"https:\/\/www.visit-ulcinj.com\/blog\/?s={search_term_string}\"},\"query-input\":\"required name=search_term_string\"}],\"inLanguage\":\"en-US\"},{\"@type\":\"ImageObject\",\"inLanguage\":\"en-US\",\"@id\":\"https:\/\/www.visit-ulcinj.com\/blog\/2014\/02\/19\/ulqini-te-henen-behet-kryetare-dhe-kuvend\/#primaryimage\",\"url\":\"https:\/\/www.visit-ulcinj.com\/blog\/wp-content\/uploads\/2014\/02\/Fatmir-Gjeka-kryetar-i-Ulqinit.jpg\",\"contentUrl\":\"https:\/\/www.visit-ulcinj.com\/blog\/wp-content\/uploads\/2014\/02\/Fatmir-Gjeka-kryetar-i-Ulqinit.jpg\",\"width\":640,\"height\":330},{\"@type\":\"WebPage\",\"@id\":\"https:\/\/www.visit-ulcinj.com\/blog\/2014\/02\/19\/ulqini-te-henen-behet-kryetare-dhe-kuvend\/#webpage\",\"url\":\"https:\/\/www.visit-ulcinj.com\/blog\/2014\/02\/19\/ulqini-te-henen-behet-kryetare-dhe-kuvend\/\",\"name\":\"Ulqini t\u00eb h\u00ebn\u00ebn b\u00ebhet me kryetar\u00eb dhe kuvend - Lajme nga Ulqini\",\"isPartOf\":{\"@id\":\"https:\/\/www.visit-ulcinj.com\/blog\/#website\"},\"primaryImageOfPage\":{\"@id\":\"https:\/\/www.visit-ulcinj.com\/blog\/2014\/02\/19\/ulqini-te-henen-behet-kryetare-dhe-kuvend\/#primaryimage\"},\"datePublished\":\"2014-02-19T14:25:45+00:00\",\"dateModified\":\"2014-02-21T09:41:11+00:00\",\"author\":{\"@id\":\"https:\/\/www.visit-ulcinj.com\/blog\/#\/schema\/person\/dcab619c614d3038751c63bc2aadc06d\"},\"description\":\"P\u00ebrfaq\u00ebsuesit e tri partive shqiptare, t\u00eb cilat b\u00ebn koalicion paszgjedhor p\u00ebr formimin e pushtetit n\u00eb Komun\u00ebn e Ulqinit, jan\u00eb marr\u00eb vesh q\u00eb t\u00eb h\u00ebn\u00ebn, m\u00eb\",\"breadcrumb\":{\"@id\":\"https:\/\/www.visit-ulcinj.com\/blog\/2014\/02\/19\/ulqini-te-henen-behet-kryetare-dhe-kuvend\/#breadcrumb\"},\"inLanguage\":\"en-US\",\"potentialAction\":[{\"@type\":\"ReadAction\",\"target\":[\"https:\/\/www.visit-ulcinj.com\/blog\/2014\/02\/19\/ulqini-te-henen-behet-kryetare-dhe-kuvend\/\"]}]},{\"@type\":\"BreadcrumbList\",\"@id\":\"https:\/\/www.visit-ulcinj.com\/blog\/2014\/02\/19\/ulqini-te-henen-behet-kryetare-dhe-kuvend\/#breadcrumb\",\"itemListElement\":[{\"@type\":\"ListItem\",\"position\":1,\"name\":\"Ulqini t\u00eb h\u00ebn\u00ebn b\u00ebhet me kryetar\u00eb dhe kuvend\"}]},{\"@type\":\"Person\",\"@id\":\"https:\/\/www.visit-ulcinj.com\/blog\/#\/schema\/person\/dcab619c614d3038751c63bc2aadc06d\",\"name\":\"ulqini\",\"sameAs\":[\"http:\/\/www.visit-ulcinj.com\"],\"url\":\"https:\/\/www.visit-ulcinj.com\/blog\/author\/admin\/\"}]}<\/script>\n<!-- \/ Yoast SEO plugin. -->","yoast_head_json":{"title":"Ulqini t\u00eb h\u00ebn\u00ebn b\u00ebhet me kryetar\u00eb dhe kuvend - Lajme nga Ulqini","description":"P\u00ebrfaq\u00ebsuesit e tri partive shqiptare, t\u00eb cilat b\u00ebn koalicion paszgjedhor p\u00ebr formimin e pushtetit n\u00eb Komun\u00ebn e Ulqinit, jan\u00eb marr\u00eb vesh q\u00eb t\u00eb h\u00ebn\u00ebn, m\u00eb","robots":{"index":"index","follow":"follow","max-snippet":"max-snippet:-1","max-image-preview":"max-image-preview:large","max-video-preview":"max-video-preview:-1"},"canonical":"https:\/\/www.visit-ulcinj.com\/blog\/2014\/02\/19\/ulqini-te-henen-behet-kryetare-dhe-kuvend\/","og_locale":"en_US","og_type":"article","og_title":"Ulqini t\u00eb h\u00ebn\u00ebn b\u00ebhet me kryetar\u00eb dhe kuvend - Lajme nga Ulqini","og_description":"P\u00ebrfaq\u00ebsuesit e tri partive shqiptare, t\u00eb cilat b\u00ebn koalicion paszgjedhor p\u00ebr formimin e pushtetit n\u00eb Komun\u00ebn e Ulqinit, jan\u00eb marr\u00eb vesh q\u00eb t\u00eb h\u00ebn\u00ebn, m\u00eb","og_url":"https:\/\/www.visit-ulcinj.com\/blog\/2014\/02\/19\/ulqini-te-henen-behet-kryetare-dhe-kuvend\/","og_site_name":"Lajme nga Ulqini","article_published_time":"2014-02-19T14:25:45+00:00","article_modified_time":"2014-02-21T09:41:11+00:00","og_image":[{"url":"http:\/\/www.visit-ulcinj.com\/blog\/wp-content\/uploads\/2014\/02\/Fatmir-Gjeka-kryetar-i-Ulqinit.jpg"}],"twitter_misc":{"Written by":"ulqini","Est. reading time":"1 minute"},"schema":{"@context":"https:\/\/schema.org","@graph":[{"@type":"WebSite","@id":"https:\/\/www.visit-ulcinj.com\/blog\/#website","url":"https:\/\/www.visit-ulcinj.com\/blog\/","name":"Lajme nga Ulqini","description":"Lajme,Vijesti,Ulqini,Ulqin,Crna Gora,Mali i Zi","potentialAction":[{"@type":"SearchAction","target":{"@type":"EntryPoint","urlTemplate":"https:\/\/www.visit-ulcinj.com\/blog\/?s={search_term_string}"},"query-input":"required name=search_term_string"}],"inLanguage":"en-US"},{"@type":"ImageObject","inLanguage":"en-US","@id":"https:\/\/www.visit-ulcinj.com\/blog\/2014\/02\/19\/ulqini-te-henen-behet-kryetare-dhe-kuvend\/#primaryimage","url":"https:\/\/www.visit-ulcinj.com\/blog\/wp-content\/uploads\/2014\/02\/Fatmir-Gjeka-kryetar-i-Ulqinit.jpg","contentUrl":"https:\/\/www.visit-ulcinj.com\/blog\/wp-content\/uploads\/2014\/02\/Fatmir-Gjeka-kryetar-i-Ulqinit.jpg","width":640,"height":330},{"@type":"WebPage","@id":"https:\/\/www.visit-ulcinj.com\/blog\/2014\/02\/19\/ulqini-te-henen-behet-kryetare-dhe-kuvend\/#webpage","url":"https:\/\/www.visit-ulcinj.com\/blog\/2014\/02\/19\/ulqini-te-henen-behet-kryetare-dhe-kuvend\/","name":"Ulqini t\u00eb h\u00ebn\u00ebn b\u00ebhet me kryetar\u00eb dhe kuvend - Lajme nga Ulqini","isPartOf":{"@id":"https:\/\/www.visit-ulcinj.com\/blog\/#website"},"primaryImageOfPage":{"@id":"https:\/\/www.visit-ulcinj.com\/blog\/2014\/02\/19\/ulqini-te-henen-behet-kryetare-dhe-kuvend\/#primaryimage"},"datePublished":"2014-02-19T14:25:45+00:00","dateModified":"2014-02-21T09:41:11+00:00","author":{"@id":"https:\/\/www.visit-ulcinj.com\/blog\/#\/schema\/person\/dcab619c614d3038751c63bc2aadc06d"},"description":"P\u00ebrfaq\u00ebsuesit e tri partive shqiptare, t\u00eb cilat b\u00ebn koalicion paszgjedhor p\u00ebr formimin e pushtetit n\u00eb Komun\u00ebn e Ulqinit, jan\u00eb marr\u00eb vesh q\u00eb t\u00eb h\u00ebn\u00ebn, m\u00eb","breadcrumb":{"@id":"https:\/\/www.visit-ulcinj.com\/blog\/2014\/02\/19\/ulqini-te-henen-behet-kryetare-dhe-kuvend\/#breadcrumb"},"inLanguage":"en-US","potentialAction":[{"@type":"ReadAction","target":["https:\/\/www.visit-ulcinj.com\/blog\/2014\/02\/19\/ulqini-te-henen-behet-kryetare-dhe-kuvend\/"]}]},{"@type":"BreadcrumbList","@id":"https:\/\/www.visit-ulcinj.com\/blog\/2014\/02\/19\/ulqini-te-henen-behet-kryetare-dhe-kuvend\/#breadcrumb","itemListElement":[{"@type":"ListItem","position":1,"name":"Ulqini t\u00eb h\u00ebn\u00ebn b\u00ebhet me kryetar\u00eb dhe kuvend"}]},{"@type":"Person","@id":"https:\/\/www.visit-ulcinj.com\/blog\/#\/schema\/person\/dcab619c614d3038751c63bc2aadc06d","name":"ulqini","sameAs":["http:\/\/www.visit-ulcinj.com"],"url":"https:\/\/www.visit-ulcinj.com\/blog\/author\/admin\/"}]}},"jetpack_featured_media_url":"","jetpack_sharing_enabled":true,"jetpack_shortlink":"https:\/\/wp.me\/pe6lTn-kMi","_links":{"self":[{"href":"https:\/\/www.visit-ulcinj.com\/blog\/wp-json\/wp\/v2\/posts\/79874"}],"collection":[{"href":"https:\/\/www.visit-ulcinj.com\/blog\/wp-json\/wp\/v2\/posts"}],"about":[{"href":"https:\/\/www.visit-ulcinj.com\/blog\/wp-json\/wp\/v2\/types\/post"}],"author":[{"embeddable":true,"href":"https:\/\/www.visit-ulcinj.com\/blog\/wp-json\/wp\/v2\/users\/1"}],"replies":[{"embeddable":true,"href":"https:\/\/www.visit-ulcinj.com\/blog\/wp-json\/wp\/v2\/comments?post=79874"}],"version-history":[{"count":2,"href":"https:\/\/www.visit-ulcinj.com\/blog\/wp-json\/wp\/v2\/posts\/79874\/revisions"}],"predecessor-version":[{"id":79954,"href":"https:\/\/www.visit-ulcinj.com\/blog\/wp-json\/wp\/v2\/posts\/79874\/revisions\/79954"}],"wp:attachment":[{"href":"https:\/\/www.visit-ulcinj.com\/blog\/wp-json\/wp\/v2\/media?parent=79874"}],"wp:term":[{"taxonomy":"category","embeddable":true,"href":"https:\/\/www.visit-ulcinj.com\/blog\/wp-json\/wp\/v2\/categories?post=79874"},{"taxonomy":"post_tag","embeddable":true,"href":"https:\/\/www.visit-ulcinj.com\/blog\/wp-json\/wp\/v2\/tags?post=79874"}],"curies":[{"name":"wp","href":"https:\/\/api.w.org\/{rel}","templated":true}]}}