{"id":79885,"date":"2014-02-19T18:35:19","date_gmt":"2014-02-19T17:35:19","guid":{"rendered":"http:\/\/www.visit-ulcinj.com\/blog\/?p=79885"},"modified":"2014-02-19T19:47:39","modified_gmt":"2014-02-19T18:47:39","slug":"sinishtaj-pds-eshte-dashte-ti-propozoje-amendamentet-e-pakicave","status":"publish","type":"post","link":"https:\/\/www.visit-ulcinj.com\/blog\/2014\/02\/19\/sinishtaj-pds-eshte-dashte-ti-propozoje-amendamentet-e-pakicave\/","title":{"rendered":"Sinishtaj: PDS \u00ebsht\u00eb dasht\u00eb ti propozoj\u00eb amendamentet e pakicave"},"content":{"rendered":"<p><a href=\"http:\/\/www.visit-ulcinj.com\/blog\/wp-content\/uploads\/2013\/12\/Vasel-Sinishtaj.jpg\"><img loading=\"lazy\" class=\"alignleft  wp-image-77683\" alt=\"Vasel-Sinishtaj\" src=\"http:\/\/www.visit-ulcinj.com\/blog\/wp-content\/uploads\/2013\/12\/Vasel-Sinishtaj.jpg\" width=\"508\" height=\"360\" \/><\/a>PDS \u00ebsht\u00eb dasht\u00eb ti propozoj\u00eb amendamentet e partive t\u00eb pakicave n\u00eb Ligjin zgjedhor si propozime t\u00eb vetat , ka theksuar\u00a0 p\u00ebrfaq\u00ebsuesi i Iniciativ\u00ebs qytetare ,Vasel Sinishtaj ,duke shtuar se n\u00eb t\u00eb ardhmen t\u00eb gjitha partit\u00eb opozitare dhe ato n\u00eb pushtet duhet t\u00eb ken\u00eb m\u00eb tep\u00ebr kujdes p\u00ebr pakicat ,n\u00ebse d\u00ebshirojn\u00eb q\u00eb Mali i Zi me t\u00eb v\u00ebrtet\u00eb t\u00eb jet\u00eb shtet qytetar\u00eb.<\/p>\n<p>Sinishtaj ka p\u00ebrkujtuar se gjat\u00eb debatit t\u00eb djesh\u00ebm n\u00eb parlament jan\u00eb refuzuar amendamentet e partive t\u00eb pakicave n\u00eb Kodin zgjedhor, pas t\u00eb cilave p\u00ebrfaq\u00ebsuesit e tyre jan\u00eb dal nga seanca kuvendore. Kjo , nuk \u00ebsht\u00eb hera e par\u00eb q\u00eb refuzohen amendamentet e partive dhe pakicave, mir\u00ebpo si\u00e7 duket ,\u00ebsht\u00eb hera e par\u00eb q\u00eb ishin s\u00eb bashku p\u00ebrfaq\u00ebsuesit e Partis\u00eb boshnjake dhe t\u00eb partive shqiptare, ka theksuar Sinishtaj p\u00ebr Portalin Analitika.<\/p>\n<p><strong>TVCG<\/strong><\/p>\n<p>[flv]http:\/\/www.rtcg.me\/upload\/boxFileData\/2014\/02\/18\/57727\/Dnevnik_18022014.flv[\/flv]<\/p>\n","protected":false},"excerpt":{"rendered":"<p>PDS \u00ebsht\u00eb dasht\u00eb ti propozoj\u00eb amendamentet e partive t\u00eb pakicave n\u00eb Ligjin zgjedhor si propozime t\u00eb vetat , ka theksuar\u00a0 p\u00ebrfaq\u00ebsuesi i Iniciativ\u00ebs qytetare ,Vasel Sinishtaj ,duke shtuar se n\u00eb t\u00eb ardhmen t\u00eb gjitha partit\u00eb opozitare dhe ato n\u00eb pushtet duhet t\u00eb ken\u00eb m\u00eb tep\u00ebr kujdes p\u00ebr pakicat ,n\u00ebse d\u00ebshirojn\u00eb q\u00eb Mali i Zi me [&hellip;]<\/p>\n","protected":false},"author":1,"featured_media":0,"comment_status":"closed","ping_status":"closed","sticky":false,"template":"","format":"standard","meta":{"spay_email":"","jetpack_publicize_message":"","jetpack_is_tweetstorm":false,"jetpack_publicize_feature_enabled":true},"categories":[14],"tags":[],"jetpack_publicize_connections":[],"yoast_head":"<!-- This site is optimized with the Yoast SEO plugin v19.1 - https:\/\/yoast.com\/wordpress\/plugins\/seo\/ -->\n<title>Sinishtaj: PDS \u00ebsht\u00eb dasht\u00eb ti propozoj\u00eb amendamentet e pakicave - Lajme nga Ulqini<\/title>\n<meta name=\"description\" content=\"PDS \u00ebsht\u00eb dasht\u00eb ti propozoj\u00eb amendamentet e partive t\u00eb pakicave n\u00eb Ligjin zgjedhor si propozime t\u00eb vetat , ka theksuar\u00a0 p\u00ebrfaq\u00ebsuesi i Iniciativ\u00ebs\" \/>\n<meta name=\"robots\" content=\"index, follow, max-snippet:-1, max-image-preview:large, max-video-preview:-1\" \/>\n<link rel=\"canonical\" href=\"https:\/\/www.visit-ulcinj.com\/blog\/2014\/02\/19\/sinishtaj-pds-eshte-dashte-ti-propozoje-amendamentet-e-pakicave\/\" \/>\n<meta property=\"og:locale\" content=\"en_US\" \/>\n<meta property=\"og:type\" content=\"article\" \/>\n<meta property=\"og:title\" content=\"Sinishtaj: PDS \u00ebsht\u00eb dasht\u00eb ti propozoj\u00eb amendamentet e pakicave - Lajme nga Ulqini\" \/>\n<meta property=\"og:description\" content=\"PDS \u00ebsht\u00eb dasht\u00eb ti propozoj\u00eb amendamentet e partive t\u00eb pakicave n\u00eb Ligjin zgjedhor si propozime t\u00eb vetat , ka theksuar\u00a0 p\u00ebrfaq\u00ebsuesi i Iniciativ\u00ebs\" \/>\n<meta property=\"og:url\" content=\"https:\/\/www.visit-ulcinj.com\/blog\/2014\/02\/19\/sinishtaj-pds-eshte-dashte-ti-propozoje-amendamentet-e-pakicave\/\" \/>\n<meta property=\"og:site_name\" content=\"Lajme nga Ulqini\" \/>\n<meta property=\"article:published_time\" content=\"2014-02-19T17:35:19+00:00\" \/>\n<meta property=\"article:modified_time\" content=\"2014-02-19T18:47:39+00:00\" \/>\n<meta property=\"og:image\" content=\"http:\/\/www.visit-ulcinj.com\/blog\/wp-content\/uploads\/2013\/12\/Vasel-Sinishtaj.jpg\" \/>\n<meta name=\"twitter:label1\" content=\"Written by\" \/>\n\t<meta name=\"twitter:data1\" content=\"ulqini\" \/>\n\t<meta name=\"twitter:label2\" content=\"Est. reading time\" \/>\n\t<meta name=\"twitter:data2\" content=\"1 minute\" \/>\n<script type=\"application\/ld+json\" class=\"yoast-schema-graph\">{\"@context\":\"https:\/\/schema.org\",\"@graph\":[{\"@type\":\"WebSite\",\"@id\":\"https:\/\/www.visit-ulcinj.com\/blog\/#website\",\"url\":\"https:\/\/www.visit-ulcinj.com\/blog\/\",\"name\":\"Lajme nga Ulqini\",\"description\":\"Lajme,Vijesti,Ulqini,Ulqin,Crna Gora,Mali i Zi\",\"potentialAction\":[{\"@type\":\"SearchAction\",\"target\":{\"@type\":\"EntryPoint\",\"urlTemplate\":\"https:\/\/www.visit-ulcinj.com\/blog\/?s={search_term_string}\"},\"query-input\":\"required name=search_term_string\"}],\"inLanguage\":\"en-US\"},{\"@type\":\"ImageObject\",\"inLanguage\":\"en-US\",\"@id\":\"https:\/\/www.visit-ulcinj.com\/blog\/2014\/02\/19\/sinishtaj-pds-eshte-dashte-ti-propozoje-amendamentet-e-pakicave\/#primaryimage\",\"url\":\"https:\/\/www.visit-ulcinj.com\/blog\/wp-content\/uploads\/2013\/12\/Vasel-Sinishtaj.jpg\",\"contentUrl\":\"https:\/\/www.visit-ulcinj.com\/blog\/wp-content\/uploads\/2013\/12\/Vasel-Sinishtaj.jpg\",\"width\":573,\"height\":425},{\"@type\":\"WebPage\",\"@id\":\"https:\/\/www.visit-ulcinj.com\/blog\/2014\/02\/19\/sinishtaj-pds-eshte-dashte-ti-propozoje-amendamentet-e-pakicave\/#webpage\",\"url\":\"https:\/\/www.visit-ulcinj.com\/blog\/2014\/02\/19\/sinishtaj-pds-eshte-dashte-ti-propozoje-amendamentet-e-pakicave\/\",\"name\":\"Sinishtaj: PDS \u00ebsht\u00eb dasht\u00eb ti propozoj\u00eb amendamentet e pakicave - Lajme nga Ulqini\",\"isPartOf\":{\"@id\":\"https:\/\/www.visit-ulcinj.com\/blog\/#website\"},\"primaryImageOfPage\":{\"@id\":\"https:\/\/www.visit-ulcinj.com\/blog\/2014\/02\/19\/sinishtaj-pds-eshte-dashte-ti-propozoje-amendamentet-e-pakicave\/#primaryimage\"},\"datePublished\":\"2014-02-19T17:35:19+00:00\",\"dateModified\":\"2014-02-19T18:47:39+00:00\",\"author\":{\"@id\":\"https:\/\/www.visit-ulcinj.com\/blog\/#\/schema\/person\/dcab619c614d3038751c63bc2aadc06d\"},\"description\":\"PDS \u00ebsht\u00eb dasht\u00eb ti propozoj\u00eb amendamentet e partive t\u00eb pakicave n\u00eb Ligjin zgjedhor si propozime t\u00eb vetat , ka theksuar\u00a0 p\u00ebrfaq\u00ebsuesi i Iniciativ\u00ebs\",\"breadcrumb\":{\"@id\":\"https:\/\/www.visit-ulcinj.com\/blog\/2014\/02\/19\/sinishtaj-pds-eshte-dashte-ti-propozoje-amendamentet-e-pakicave\/#breadcrumb\"},\"inLanguage\":\"en-US\",\"potentialAction\":[{\"@type\":\"ReadAction\",\"target\":[\"https:\/\/www.visit-ulcinj.com\/blog\/2014\/02\/19\/sinishtaj-pds-eshte-dashte-ti-propozoje-amendamentet-e-pakicave\/\"]}]},{\"@type\":\"BreadcrumbList\",\"@id\":\"https:\/\/www.visit-ulcinj.com\/blog\/2014\/02\/19\/sinishtaj-pds-eshte-dashte-ti-propozoje-amendamentet-e-pakicave\/#breadcrumb\",\"itemListElement\":[{\"@type\":\"ListItem\",\"position\":1,\"name\":\"Sinishtaj: PDS \u00ebsht\u00eb dasht\u00eb ti propozoj\u00eb amendamentet e pakicave\"}]},{\"@type\":\"Person\",\"@id\":\"https:\/\/www.visit-ulcinj.com\/blog\/#\/schema\/person\/dcab619c614d3038751c63bc2aadc06d\",\"name\":\"ulqini\",\"sameAs\":[\"http:\/\/www.visit-ulcinj.com\"],\"url\":\"https:\/\/www.visit-ulcinj.com\/blog\/author\/admin\/\"}]}<\/script>\n<!-- \/ Yoast SEO plugin. -->","yoast_head_json":{"title":"Sinishtaj: PDS \u00ebsht\u00eb dasht\u00eb ti propozoj\u00eb amendamentet e pakicave - Lajme nga Ulqini","description":"PDS \u00ebsht\u00eb dasht\u00eb ti propozoj\u00eb amendamentet e partive t\u00eb pakicave n\u00eb Ligjin zgjedhor si propozime t\u00eb vetat , ka theksuar\u00a0 p\u00ebrfaq\u00ebsuesi i Iniciativ\u00ebs","robots":{"index":"index","follow":"follow","max-snippet":"max-snippet:-1","max-image-preview":"max-image-preview:large","max-video-preview":"max-video-preview:-1"},"canonical":"https:\/\/www.visit-ulcinj.com\/blog\/2014\/02\/19\/sinishtaj-pds-eshte-dashte-ti-propozoje-amendamentet-e-pakicave\/","og_locale":"en_US","og_type":"article","og_title":"Sinishtaj: PDS \u00ebsht\u00eb dasht\u00eb ti propozoj\u00eb amendamentet e pakicave - Lajme nga Ulqini","og_description":"PDS \u00ebsht\u00eb dasht\u00eb ti propozoj\u00eb amendamentet e partive t\u00eb pakicave n\u00eb Ligjin zgjedhor si propozime t\u00eb vetat , ka theksuar\u00a0 p\u00ebrfaq\u00ebsuesi i Iniciativ\u00ebs","og_url":"https:\/\/www.visit-ulcinj.com\/blog\/2014\/02\/19\/sinishtaj-pds-eshte-dashte-ti-propozoje-amendamentet-e-pakicave\/","og_site_name":"Lajme nga Ulqini","article_published_time":"2014-02-19T17:35:19+00:00","article_modified_time":"2014-02-19T18:47:39+00:00","og_image":[{"url":"http:\/\/www.visit-ulcinj.com\/blog\/wp-content\/uploads\/2013\/12\/Vasel-Sinishtaj.jpg"}],"twitter_misc":{"Written by":"ulqini","Est. reading time":"1 minute"},"schema":{"@context":"https:\/\/schema.org","@graph":[{"@type":"WebSite","@id":"https:\/\/www.visit-ulcinj.com\/blog\/#website","url":"https:\/\/www.visit-ulcinj.com\/blog\/","name":"Lajme nga Ulqini","description":"Lajme,Vijesti,Ulqini,Ulqin,Crna Gora,Mali i Zi","potentialAction":[{"@type":"SearchAction","target":{"@type":"EntryPoint","urlTemplate":"https:\/\/www.visit-ulcinj.com\/blog\/?s={search_term_string}"},"query-input":"required name=search_term_string"}],"inLanguage":"en-US"},{"@type":"ImageObject","inLanguage":"en-US","@id":"https:\/\/www.visit-ulcinj.com\/blog\/2014\/02\/19\/sinishtaj-pds-eshte-dashte-ti-propozoje-amendamentet-e-pakicave\/#primaryimage","url":"https:\/\/www.visit-ulcinj.com\/blog\/wp-content\/uploads\/2013\/12\/Vasel-Sinishtaj.jpg","contentUrl":"https:\/\/www.visit-ulcinj.com\/blog\/wp-content\/uploads\/2013\/12\/Vasel-Sinishtaj.jpg","width":573,"height":425},{"@type":"WebPage","@id":"https:\/\/www.visit-ulcinj.com\/blog\/2014\/02\/19\/sinishtaj-pds-eshte-dashte-ti-propozoje-amendamentet-e-pakicave\/#webpage","url":"https:\/\/www.visit-ulcinj.com\/blog\/2014\/02\/19\/sinishtaj-pds-eshte-dashte-ti-propozoje-amendamentet-e-pakicave\/","name":"Sinishtaj: PDS \u00ebsht\u00eb dasht\u00eb ti propozoj\u00eb amendamentet e pakicave - Lajme nga Ulqini","isPartOf":{"@id":"https:\/\/www.visit-ulcinj.com\/blog\/#website"},"primaryImageOfPage":{"@id":"https:\/\/www.visit-ulcinj.com\/blog\/2014\/02\/19\/sinishtaj-pds-eshte-dashte-ti-propozoje-amendamentet-e-pakicave\/#primaryimage"},"datePublished":"2014-02-19T17:35:19+00:00","dateModified":"2014-02-19T18:47:39+00:00","author":{"@id":"https:\/\/www.visit-ulcinj.com\/blog\/#\/schema\/person\/dcab619c614d3038751c63bc2aadc06d"},"description":"PDS \u00ebsht\u00eb dasht\u00eb ti propozoj\u00eb amendamentet e partive t\u00eb pakicave n\u00eb Ligjin zgjedhor si propozime t\u00eb vetat , ka theksuar\u00a0 p\u00ebrfaq\u00ebsuesi i Iniciativ\u00ebs","breadcrumb":{"@id":"https:\/\/www.visit-ulcinj.com\/blog\/2014\/02\/19\/sinishtaj-pds-eshte-dashte-ti-propozoje-amendamentet-e-pakicave\/#breadcrumb"},"inLanguage":"en-US","potentialAction":[{"@type":"ReadAction","target":["https:\/\/www.visit-ulcinj.com\/blog\/2014\/02\/19\/sinishtaj-pds-eshte-dashte-ti-propozoje-amendamentet-e-pakicave\/"]}]},{"@type":"BreadcrumbList","@id":"https:\/\/www.visit-ulcinj.com\/blog\/2014\/02\/19\/sinishtaj-pds-eshte-dashte-ti-propozoje-amendamentet-e-pakicave\/#breadcrumb","itemListElement":[{"@type":"ListItem","position":1,"name":"Sinishtaj: PDS \u00ebsht\u00eb dasht\u00eb ti propozoj\u00eb amendamentet e pakicave"}]},{"@type":"Person","@id":"https:\/\/www.visit-ulcinj.com\/blog\/#\/schema\/person\/dcab619c614d3038751c63bc2aadc06d","name":"ulqini","sameAs":["http:\/\/www.visit-ulcinj.com"],"url":"https:\/\/www.visit-ulcinj.com\/blog\/author\/admin\/"}]}},"jetpack_featured_media_url":"","jetpack_sharing_enabled":true,"jetpack_shortlink":"https:\/\/wp.me\/pe6lTn-kMt","_links":{"self":[{"href":"https:\/\/www.visit-ulcinj.com\/blog\/wp-json\/wp\/v2\/posts\/79885"}],"collection":[{"href":"https:\/\/www.visit-ulcinj.com\/blog\/wp-json\/wp\/v2\/posts"}],"about":[{"href":"https:\/\/www.visit-ulcinj.com\/blog\/wp-json\/wp\/v2\/types\/post"}],"author":[{"embeddable":true,"href":"https:\/\/www.visit-ulcinj.com\/blog\/wp-json\/wp\/v2\/users\/1"}],"replies":[{"embeddable":true,"href":"https:\/\/www.visit-ulcinj.com\/blog\/wp-json\/wp\/v2\/comments?post=79885"}],"version-history":[{"count":2,"href":"https:\/\/www.visit-ulcinj.com\/blog\/wp-json\/wp\/v2\/posts\/79885\/revisions"}],"predecessor-version":[{"id":79887,"href":"https:\/\/www.visit-ulcinj.com\/blog\/wp-json\/wp\/v2\/posts\/79885\/revisions\/79887"}],"wp:attachment":[{"href":"https:\/\/www.visit-ulcinj.com\/blog\/wp-json\/wp\/v2\/media?parent=79885"}],"wp:term":[{"taxonomy":"category","embeddable":true,"href":"https:\/\/www.visit-ulcinj.com\/blog\/wp-json\/wp\/v2\/categories?post=79885"},{"taxonomy":"post_tag","embeddable":true,"href":"https:\/\/www.visit-ulcinj.com\/blog\/wp-json\/wp\/v2\/tags?post=79885"}],"curies":[{"name":"wp","href":"https:\/\/api.w.org\/{rel}","templated":true}]}}