{"id":79888,"date":"2014-02-19T19:40:32","date_gmt":"2014-02-19T18:40:32","guid":{"rendered":"http:\/\/www.visit-ulcinj.com\/blog\/?p=79888"},"modified":"2014-02-21T11:45:21","modified_gmt":"2014-02-21T10:45:21","slug":"proteste-paqesore-te-punetoreve-te-kripores-ne-ulqin","status":"publish","type":"post","link":"https:\/\/www.visit-ulcinj.com\/blog\/2014\/02\/19\/proteste-paqesore-te-punetoreve-te-kripores-ne-ulqin\/","title":{"rendered":"Proteste paqesore te punetoreve t\u00eb Kripores n\u00eb Ulqin &#8211; Video"},"content":{"rendered":"<p>Kryetari i Sindikat\u00ebs s\u00eb kripores Marko Miranoviq \u00a0njoftoi \u00a0sot se kryesia e shoqat\u00ebs sindikale t\u00eb \u00a0Kripores &#8221; Bajo Sekuliq &#8221; n\u00eb Ulqin ka paralajm\u00ebruar nj\u00eb protest\u00eb paq\u00ebsore para nd\u00ebrtes\u00ebs t\u00eb komun\u00ebs s\u00eb Ulqinit.<\/p>\n<p><a href=\"http:\/\/www.visit-ulcinj.com\/blog\/wp-content\/uploads\/2014\/02\/Proteste-paqesore-te-punetoreve-t\u00eb-Kripores-n\u00eb-Ulqin.jpg\"><img loading=\"lazy\" class=\"alignleft  wp-image-79889\" alt=\"Proteste paqesore te punetoreve t\u00eb Kripores n\u00eb Ulqin\" src=\"http:\/\/www.visit-ulcinj.com\/blog\/wp-content\/uploads\/2014\/02\/Proteste-paqesore-te-punetoreve-t\u00eb-Kripores-n\u00eb-Ulqin.jpg\" width=\"508\" height=\"600\" \/><\/a><\/p>\n<p>Sipas Organizates sindikale te Kripores, protesta paq\u00ebsore do t\u00eb mbahet t\u00eb premten m\u00eb 21.02.2014 , dhe do t\u00eb mbahet para nd\u00ebrtes\u00ebs s\u00eb komun\u00ebs s\u00eb Ulqinit, duke filluar nga ora 10.00 .<\/p>\n<p>Q\u00ebllimi i k\u00ebsaj proteste esht\u00eb q\u00eb t\u00eb apelojm n\u00eb p\u00ebrgjegjsit e k\u00ebsaj fabrike si dhe organet komunale dhe shtetrore q\u00eb t\u00eb nd\u00ebrmarin p\u00ebrgjegj\u00ebsin p\u00ebr mbrojtjen e t\u00eb drejtave t\u00eb puntor\u00ebve t\u00eb kripores s\u00eb Ulqinit<\/p>\n<p>Kryesia e k\u00ebsaj sindikate ftohen t\u00eb gjith\u00eb punonj\u00ebsit t\u00eb cil\u00ebt nuk jan\u00eb t\u00eb lidhur drejtp\u00ebrdrejt me vendin e tyre t\u00eb pun\u00ebs si dhe t\u00eb gjith\u00eb qytetar\u00ebt e Ulqinit q\u00eb t\u00eb jen\u00eb pjes\u00ebmarr\u00ebs t\u00eb protest\u00ebs.\/Lajme nga Ulqini\/<\/p>\n<p>1.<!--YouTube Error: bad URL entered--><br \/>\n2.<!--YouTube Error: bad URL entered--><\/p>\n","protected":false},"excerpt":{"rendered":"<p>Kryetari i Sindikat\u00ebs s\u00eb kripores Marko Miranoviq \u00a0njoftoi \u00a0sot se kryesia e shoqat\u00ebs sindikale t\u00eb \u00a0Kripores &#8221; Bajo Sekuliq &#8221; n\u00eb Ulqin ka paralajm\u00ebruar nj\u00eb protest\u00eb paq\u00ebsore para nd\u00ebrtes\u00ebs t\u00eb komun\u00ebs s\u00eb Ulqinit. Sipas Organizates sindikale te Kripores, protesta paq\u00ebsore do t\u00eb mbahet t\u00eb premten m\u00eb 21.02.2014 , dhe do t\u00eb mbahet para nd\u00ebrtes\u00ebs s\u00eb [&hellip;]<\/p>\n","protected":false},"author":1,"featured_media":0,"comment_status":"closed","ping_status":"closed","sticky":false,"template":"","format":"standard","meta":{"spay_email":"","jetpack_publicize_message":"","jetpack_is_tweetstorm":false,"jetpack_publicize_feature_enabled":true},"categories":[1,11],"tags":[],"jetpack_publicize_connections":[],"yoast_head":"<!-- This site is optimized with the Yoast SEO plugin v19.1 - https:\/\/yoast.com\/wordpress\/plugins\/seo\/ -->\n<title>Proteste paqesore te punetoreve t\u00eb Kripores n\u00eb Ulqin - Video - Lajme nga Ulqini<\/title>\n<meta name=\"description\" content=\"Kryetari i Sindikat\u00ebs s\u00eb kripores Marko Miranoviq \u00a0njoftoi \u00a0sot se kryesia e shoqat\u00ebs sindikale t\u00eb \u00a0Kripores &quot; Bajo Sekuliq &quot; n\u00eb Ulqin ka paralajm\u00ebruar\" \/>\n<meta name=\"robots\" content=\"index, follow, max-snippet:-1, max-image-preview:large, max-video-preview:-1\" \/>\n<link rel=\"canonical\" href=\"https:\/\/www.visit-ulcinj.com\/blog\/2014\/02\/19\/proteste-paqesore-te-punetoreve-te-kripores-ne-ulqin\/\" \/>\n<meta property=\"og:locale\" content=\"en_US\" \/>\n<meta property=\"og:type\" content=\"article\" \/>\n<meta property=\"og:title\" content=\"Proteste paqesore te punetoreve t\u00eb Kripores n\u00eb Ulqin - Video - Lajme nga Ulqini\" \/>\n<meta property=\"og:description\" content=\"Kryetari i Sindikat\u00ebs s\u00eb kripores Marko Miranoviq \u00a0njoftoi \u00a0sot se kryesia e shoqat\u00ebs sindikale t\u00eb \u00a0Kripores &quot; Bajo Sekuliq &quot; n\u00eb Ulqin ka paralajm\u00ebruar\" \/>\n<meta property=\"og:url\" content=\"https:\/\/www.visit-ulcinj.com\/blog\/2014\/02\/19\/proteste-paqesore-te-punetoreve-te-kripores-ne-ulqin\/\" \/>\n<meta property=\"og:site_name\" content=\"Lajme nga Ulqini\" \/>\n<meta property=\"article:published_time\" content=\"2014-02-19T18:40:32+00:00\" \/>\n<meta property=\"article:modified_time\" content=\"2014-02-21T10:45:21+00:00\" \/>\n<meta name=\"twitter:label1\" content=\"Written by\" \/>\n\t<meta name=\"twitter:data1\" content=\"ulqini\" \/>\n\t<meta name=\"twitter:label2\" content=\"Est. reading time\" \/>\n\t<meta name=\"twitter:data2\" content=\"1 minute\" \/>\n<script type=\"application\/ld+json\" class=\"yoast-schema-graph\">{\"@context\":\"https:\/\/schema.org\",\"@graph\":[{\"@type\":\"WebSite\",\"@id\":\"https:\/\/www.visit-ulcinj.com\/blog\/#website\",\"url\":\"https:\/\/www.visit-ulcinj.com\/blog\/\",\"name\":\"Lajme nga Ulqini\",\"description\":\"Lajme,Vijesti,Ulqini,Ulqin,Crna Gora,Mali i Zi\",\"potentialAction\":[{\"@type\":\"SearchAction\",\"target\":{\"@type\":\"EntryPoint\",\"urlTemplate\":\"https:\/\/www.visit-ulcinj.com\/blog\/?s={search_term_string}\"},\"query-input\":\"required name=search_term_string\"}],\"inLanguage\":\"en-US\"},{\"@type\":\"WebPage\",\"@id\":\"https:\/\/www.visit-ulcinj.com\/blog\/2014\/02\/19\/proteste-paqesore-te-punetoreve-te-kripores-ne-ulqin\/#webpage\",\"url\":\"https:\/\/www.visit-ulcinj.com\/blog\/2014\/02\/19\/proteste-paqesore-te-punetoreve-te-kripores-ne-ulqin\/\",\"name\":\"Proteste paqesore te punetoreve t\u00eb Kripores n\u00eb Ulqin - Video - Lajme nga Ulqini\",\"isPartOf\":{\"@id\":\"https:\/\/www.visit-ulcinj.com\/blog\/#website\"},\"datePublished\":\"2014-02-19T18:40:32+00:00\",\"dateModified\":\"2014-02-21T10:45:21+00:00\",\"author\":{\"@id\":\"https:\/\/www.visit-ulcinj.com\/blog\/#\/schema\/person\/dcab619c614d3038751c63bc2aadc06d\"},\"description\":\"Kryetari i Sindikat\u00ebs s\u00eb kripores Marko Miranoviq \u00a0njoftoi \u00a0sot se kryesia e shoqat\u00ebs sindikale t\u00eb \u00a0Kripores \\\" Bajo Sekuliq \\\" n\u00eb Ulqin ka paralajm\u00ebruar\",\"breadcrumb\":{\"@id\":\"https:\/\/www.visit-ulcinj.com\/blog\/2014\/02\/19\/proteste-paqesore-te-punetoreve-te-kripores-ne-ulqin\/#breadcrumb\"},\"inLanguage\":\"en-US\",\"potentialAction\":[{\"@type\":\"ReadAction\",\"target\":[\"https:\/\/www.visit-ulcinj.com\/blog\/2014\/02\/19\/proteste-paqesore-te-punetoreve-te-kripores-ne-ulqin\/\"]}]},{\"@type\":\"BreadcrumbList\",\"@id\":\"https:\/\/www.visit-ulcinj.com\/blog\/2014\/02\/19\/proteste-paqesore-te-punetoreve-te-kripores-ne-ulqin\/#breadcrumb\",\"itemListElement\":[{\"@type\":\"ListItem\",\"position\":1,\"name\":\"Proteste paqesore te punetoreve t\u00eb Kripores n\u00eb Ulqin &#8211; Video\"}]},{\"@type\":\"Person\",\"@id\":\"https:\/\/www.visit-ulcinj.com\/blog\/#\/schema\/person\/dcab619c614d3038751c63bc2aadc06d\",\"name\":\"ulqini\",\"sameAs\":[\"http:\/\/www.visit-ulcinj.com\"],\"url\":\"https:\/\/www.visit-ulcinj.com\/blog\/author\/admin\/\"}]}<\/script>\n<!-- \/ Yoast SEO plugin. -->","yoast_head_json":{"title":"Proteste paqesore te punetoreve t\u00eb Kripores n\u00eb Ulqin - Video - Lajme nga Ulqini","description":"Kryetari i Sindikat\u00ebs s\u00eb kripores Marko Miranoviq \u00a0njoftoi \u00a0sot se kryesia e shoqat\u00ebs sindikale t\u00eb \u00a0Kripores \" Bajo Sekuliq \" n\u00eb Ulqin ka paralajm\u00ebruar","robots":{"index":"index","follow":"follow","max-snippet":"max-snippet:-1","max-image-preview":"max-image-preview:large","max-video-preview":"max-video-preview:-1"},"canonical":"https:\/\/www.visit-ulcinj.com\/blog\/2014\/02\/19\/proteste-paqesore-te-punetoreve-te-kripores-ne-ulqin\/","og_locale":"en_US","og_type":"article","og_title":"Proteste paqesore te punetoreve t\u00eb Kripores n\u00eb Ulqin - Video - Lajme nga Ulqini","og_description":"Kryetari i Sindikat\u00ebs s\u00eb kripores Marko Miranoviq \u00a0njoftoi \u00a0sot se kryesia e shoqat\u00ebs sindikale t\u00eb \u00a0Kripores \" Bajo Sekuliq \" n\u00eb Ulqin ka paralajm\u00ebruar","og_url":"https:\/\/www.visit-ulcinj.com\/blog\/2014\/02\/19\/proteste-paqesore-te-punetoreve-te-kripores-ne-ulqin\/","og_site_name":"Lajme nga Ulqini","article_published_time":"2014-02-19T18:40:32+00:00","article_modified_time":"2014-02-21T10:45:21+00:00","twitter_misc":{"Written by":"ulqini","Est. reading time":"1 minute"},"schema":{"@context":"https:\/\/schema.org","@graph":[{"@type":"WebSite","@id":"https:\/\/www.visit-ulcinj.com\/blog\/#website","url":"https:\/\/www.visit-ulcinj.com\/blog\/","name":"Lajme nga Ulqini","description":"Lajme,Vijesti,Ulqini,Ulqin,Crna Gora,Mali i Zi","potentialAction":[{"@type":"SearchAction","target":{"@type":"EntryPoint","urlTemplate":"https:\/\/www.visit-ulcinj.com\/blog\/?s={search_term_string}"},"query-input":"required name=search_term_string"}],"inLanguage":"en-US"},{"@type":"WebPage","@id":"https:\/\/www.visit-ulcinj.com\/blog\/2014\/02\/19\/proteste-paqesore-te-punetoreve-te-kripores-ne-ulqin\/#webpage","url":"https:\/\/www.visit-ulcinj.com\/blog\/2014\/02\/19\/proteste-paqesore-te-punetoreve-te-kripores-ne-ulqin\/","name":"Proteste paqesore te punetoreve t\u00eb Kripores n\u00eb Ulqin - Video - Lajme nga Ulqini","isPartOf":{"@id":"https:\/\/www.visit-ulcinj.com\/blog\/#website"},"datePublished":"2014-02-19T18:40:32+00:00","dateModified":"2014-02-21T10:45:21+00:00","author":{"@id":"https:\/\/www.visit-ulcinj.com\/blog\/#\/schema\/person\/dcab619c614d3038751c63bc2aadc06d"},"description":"Kryetari i Sindikat\u00ebs s\u00eb kripores Marko Miranoviq \u00a0njoftoi \u00a0sot se kryesia e shoqat\u00ebs sindikale t\u00eb \u00a0Kripores \" Bajo Sekuliq \" n\u00eb Ulqin ka paralajm\u00ebruar","breadcrumb":{"@id":"https:\/\/www.visit-ulcinj.com\/blog\/2014\/02\/19\/proteste-paqesore-te-punetoreve-te-kripores-ne-ulqin\/#breadcrumb"},"inLanguage":"en-US","potentialAction":[{"@type":"ReadAction","target":["https:\/\/www.visit-ulcinj.com\/blog\/2014\/02\/19\/proteste-paqesore-te-punetoreve-te-kripores-ne-ulqin\/"]}]},{"@type":"BreadcrumbList","@id":"https:\/\/www.visit-ulcinj.com\/blog\/2014\/02\/19\/proteste-paqesore-te-punetoreve-te-kripores-ne-ulqin\/#breadcrumb","itemListElement":[{"@type":"ListItem","position":1,"name":"Proteste paqesore te punetoreve t\u00eb Kripores n\u00eb Ulqin &#8211; Video"}]},{"@type":"Person","@id":"https:\/\/www.visit-ulcinj.com\/blog\/#\/schema\/person\/dcab619c614d3038751c63bc2aadc06d","name":"ulqini","sameAs":["http:\/\/www.visit-ulcinj.com"],"url":"https:\/\/www.visit-ulcinj.com\/blog\/author\/admin\/"}]}},"jetpack_featured_media_url":"","jetpack_sharing_enabled":true,"jetpack_shortlink":"https:\/\/wp.me\/pe6lTn-kMw","_links":{"self":[{"href":"https:\/\/www.visit-ulcinj.com\/blog\/wp-json\/wp\/v2\/posts\/79888"}],"collection":[{"href":"https:\/\/www.visit-ulcinj.com\/blog\/wp-json\/wp\/v2\/posts"}],"about":[{"href":"https:\/\/www.visit-ulcinj.com\/blog\/wp-json\/wp\/v2\/types\/post"}],"author":[{"embeddable":true,"href":"https:\/\/www.visit-ulcinj.com\/blog\/wp-json\/wp\/v2\/users\/1"}],"replies":[{"embeddable":true,"href":"https:\/\/www.visit-ulcinj.com\/blog\/wp-json\/wp\/v2\/comments?post=79888"}],"version-history":[{"count":5,"href":"https:\/\/www.visit-ulcinj.com\/blog\/wp-json\/wp\/v2\/posts\/79888\/revisions"}],"predecessor-version":[{"id":79957,"href":"https:\/\/www.visit-ulcinj.com\/blog\/wp-json\/wp\/v2\/posts\/79888\/revisions\/79957"}],"wp:attachment":[{"href":"https:\/\/www.visit-ulcinj.com\/blog\/wp-json\/wp\/v2\/media?parent=79888"}],"wp:term":[{"taxonomy":"category","embeddable":true,"href":"https:\/\/www.visit-ulcinj.com\/blog\/wp-json\/wp\/v2\/categories?post=79888"},{"taxonomy":"post_tag","embeddable":true,"href":"https:\/\/www.visit-ulcinj.com\/blog\/wp-json\/wp\/v2\/tags?post=79888"}],"curies":[{"name":"wp","href":"https:\/\/api.w.org\/{rel}","templated":true}]}}