{"id":79911,"date":"2014-02-20T07:17:03","date_gmt":"2014-02-20T06:17:03","guid":{"rendered":"http:\/\/www.visit-ulcinj.com\/blog\/?p=79911"},"modified":"2014-02-20T18:44:30","modified_gmt":"2014-02-20T17:44:30","slug":"shqiptaret-e-malit-te-zi-kunderpergjigjen-gjukanoviqit","status":"publish","type":"post","link":"https:\/\/www.visit-ulcinj.com\/blog\/2014\/02\/20\/shqiptaret-e-malit-te-zi-kunderpergjigjen-gjukanoviqit\/","title":{"rendered":"Shqiptar\u00ebt e Malit t\u00eb Zi i kund\u00ebrp\u00ebrgjigjen Gjukanoviqit"},"content":{"rendered":"<p><strong><a href=\"http:\/\/www.visit-ulcinj.com\/blog\/wp-content\/uploads\/2014\/02\/Partite-Shqiptare-Mali-Zi.jpg\"><img loading=\"lazy\" class=\"alignleft  wp-image-79912\" alt=\"Partite-Shqiptare-Mali-Zi\" src=\"http:\/\/www.visit-ulcinj.com\/blog\/wp-content\/uploads\/2014\/02\/Partite-Shqiptare-Mali-Zi.jpg\" width=\"350\" height=\"415\" \/><\/a>Partit\u00eb Shqiptare i kund\u00ebrp\u00ebrgjigjen Gjukanoviqit<\/strong><\/p>\n<p>Nga takimi i Kryetarit t\u00eb K\u00ebshillit Nacional t\u00eb Shqiptar\u00ebve zt.Genci Nimanbegut dhe p\u00ebrfaq\u00ebsuesve t\u00eb dy koalicioneve shqiptare: Forca p\u00ebr Bashkim\u00a0 \u2013 Forca e re Demokratike zt.Nazif Cungu, IQ \u2013Tuzi, LQ Perspektiva zt.Amir Hollaj dhe Koalicioni Shqiptar: Partia Demokratike zt.Fatmir Gjeka, Lidhja Demokratike n\u00eb Mal t\u00eb Zi zt.Mehmet Bardhi dhe Alternativa Shqip\u00ebtare zt.Gjergj Camaj lidhur me deklaraten e Kryeministrit Gjukanoviq p\u00ebr formimin e pushtetit n\u00eb Ulqin dhe trajtimin e interesave t\u00eb subjekteve politike shqiptare sipas \u201cmeritave\u201d dalim me k\u00ebt\u00eb deklarat\u00eb t\u00eb p\u00ebrbashk\u00ebt dhe t\u00eb dakorduar:<\/p>\n<p>Reagimi i Kryemnistrit Gjukanoviq dh\u00ebn\u00eb gjat\u00eb Konferenc\u00ebs s\u00eb mbajtur n\u00eb Bijelo Polje p\u00ebr integrimet n\u00eb NATO, neve na p\u00ebrkujtojn edhe nj\u00eb her\u00eb, se qellimi i integrimit t\u00eb Malit t\u00eb Zi n\u00eb NATO, p\u00ebrkrahet nga subjektet politike shqiptare edhe p\u00ebr faktin q\u00eb NATO-ja k\u00ebrkon edhe respektimin e standardeve demokratike p\u00ebr popujt pakic\u00eb, d.m.th edhe p\u00ebr ne Shqiptar\u00ebt n\u00eb Malin e Zi, dhe q\u00eb pa respektimin e k\u00ebtyre standardeve nj\u00eb shtet nuk mund t\u00eb pranohet n\u00eb NATO.<\/p>\n<p>Rrespektimi i k\u00ebtyre standardeve \u00ebsht\u00eb obligim i shtetit t\u00eb Malit t\u00eb Zi nga i cili pritet q\u00eb t\u2019i realizoj k\u00ebto k\u00ebrkesa demokratike t\u00eb popujve pakic\u00eb dhe jo vet\u00ebm nga DPS-i.<\/p>\n<p>As n\u00eb k\u00ebt\u00eb moment dhe as m\u00eb von\u00eb nuk kemi nevoj\u00eb t\u00eb tregojm\u00eb kontributin ton\u00eb p\u00ebr demokratizimin e shoq\u00ebris\u00eb n\u00eb k\u00ebt\u00eb vend, k\u00ebrkesat tona politike bazohen n\u00eb interesat e shqip\u00ebtar\u00ebve n\u00eb Malin e Zi.<\/p>\n<p>Shqiptar\u00ebt n\u00eb Mal t\u00eb Zi jan\u00eb pjes\u00eb p\u00ebrb\u00ebrse e kombit shqiptar\u00eb i cili shqet\u00ebsimet tona i ndien si t\u00eb vetat.<br \/>\nVlersojm\u00eb q\u00eb ky hap politik\u00eb i pamatur, vet\u00ebm sa i verteton deklaratat gjat\u00eb fushat\u00ebs elektorale n\u00eb Ulqin, t\u00eb cil\u00ebt qartas jan\u00eb shprehur q\u00eb Ulqini \u00ebsht\u00eb i pazhvilluar sepse aty nuk \u00ebsht\u00eb n\u00eb pushtet DPS-i.<\/p>\n<p>Rrespektimi i principeve demokratike dhe vullnetit te popullit duhet t\u00eb ishte parim edhe n\u00eb vitin 2010, kur gjithashtu n\u00eb Ulqin vetem Forca kishte 11 mandate dhe mbeti n\u00eb opozit\u00eb.<\/p>\n<p>N\u00eb t\u00eb nj\u00ebjt\u00ebn koh\u00eb populli yn\u00eb nga 40,000 sa ishin n\u00eb regjistrimin e vitit 1991 d.m.dh kur\u00eb ju erdhet n\u00eb pushtet, deri tani \u00ebsht\u00eb zvogluar n\u00eb m\u00eb se 10.000 persona!<\/p>\n<p>K\u00ebrkesat tona t\u00eb theksuara dhe t\u00eb artikuluara qart\u00eb jan\u00eb: k\u00ebrkesa p\u00ebr decentralizimin e pushtetit, arritjes s\u00eb drejtave t\u00eb plota nacionale, komun\u00ebs s\u00eb plot\u00eb t\u00eb Mal\u00ebsis\u00eb\/Tuzit, kthimin e pronave n\u00eb p\u00ebrputhje me standarde demokratike, dhe nga ato ne nuk do t\u00eb heqim dor\u00eb.<\/p>\n<p>N\u00ebse k\u00ebrkesat tona politike, nga ju do t\u00eb shikohen ndryshe, edhe nga ne do t\u00eb shikohet ndryshe, edhe \u00e7fardo pjes\u00ebmarrje n\u00eb pushtetin qendror!<\/p>\n<p>P\u00ebr p\u00ebrfaq\u00ebsuesit politik q\u00eb kan\u00eb marr\u00eb pjes\u00eb n\u00eb takim.<\/p>\n<p><strong>Genci Nimanbegu<\/strong><br \/>\n<strong> Kryetar i K\u00ebshillit Nacional t\u00eb Shqiptar\u00ebve n\u00eb Mal t\u00eb Zi<\/strong><\/p>\n<p><strong>Ulqin, m\u00eb 19 shkurt 2014<\/strong><\/p>\n","protected":false},"excerpt":{"rendered":"<p>Partit\u00eb Shqiptare i kund\u00ebrp\u00ebrgjigjen Gjukanoviqit Nga takimi i Kryetarit t\u00eb K\u00ebshillit Nacional t\u00eb Shqiptar\u00ebve zt.Genci Nimanbegut dhe p\u00ebrfaq\u00ebsuesve t\u00eb dy koalicioneve shqiptare: Forca p\u00ebr Bashkim\u00a0 \u2013 Forca e re Demokratike zt.Nazif Cungu, IQ \u2013Tuzi, LQ Perspektiva zt.Amir Hollaj dhe Koalicioni Shqiptar: Partia Demokratike zt.Fatmir Gjeka, Lidhja Demokratike n\u00eb Mal t\u00eb Zi zt.Mehmet Bardhi dhe Alternativa [&hellip;]<\/p>\n","protected":false},"author":1,"featured_media":0,"comment_status":"closed","ping_status":"closed","sticky":false,"template":"","format":"standard","meta":{"spay_email":"","jetpack_publicize_message":"","jetpack_is_tweetstorm":false,"jetpack_publicize_feature_enabled":true},"categories":[10,1],"tags":[],"jetpack_publicize_connections":[],"yoast_head":"<!-- This site is optimized with the Yoast SEO plugin v19.1 - https:\/\/yoast.com\/wordpress\/plugins\/seo\/ -->\n<title>Shqiptar\u00ebt e Malit t\u00eb Zi i kund\u00ebrp\u00ebrgjigjen Gjukanoviqit - Lajme nga Ulqini<\/title>\n<meta name=\"description\" content=\"Partit\u00eb Shqiptare i kund\u00ebrp\u00ebrgjigjen Gjukanoviqit Nga takimi i Kryetarit t\u00eb K\u00ebshillit Nacional t\u00eb Shqiptar\u00ebve zt.Genci Nimanbegut dhe p\u00ebrfaq\u00ebsuesve t\u00eb dy\" \/>\n<meta name=\"robots\" content=\"index, follow, max-snippet:-1, max-image-preview:large, max-video-preview:-1\" \/>\n<link rel=\"canonical\" href=\"https:\/\/www.visit-ulcinj.com\/blog\/2014\/02\/20\/shqiptaret-e-malit-te-zi-kunderpergjigjen-gjukanoviqit\/\" \/>\n<meta property=\"og:locale\" content=\"en_US\" \/>\n<meta property=\"og:type\" content=\"article\" \/>\n<meta property=\"og:title\" content=\"Shqiptar\u00ebt e Malit t\u00eb Zi i kund\u00ebrp\u00ebrgjigjen Gjukanoviqit - Lajme nga Ulqini\" \/>\n<meta property=\"og:description\" content=\"Partit\u00eb Shqiptare i kund\u00ebrp\u00ebrgjigjen Gjukanoviqit Nga takimi i Kryetarit t\u00eb K\u00ebshillit Nacional t\u00eb Shqiptar\u00ebve zt.Genci Nimanbegut dhe p\u00ebrfaq\u00ebsuesve t\u00eb dy\" \/>\n<meta property=\"og:url\" content=\"https:\/\/www.visit-ulcinj.com\/blog\/2014\/02\/20\/shqiptaret-e-malit-te-zi-kunderpergjigjen-gjukanoviqit\/\" \/>\n<meta property=\"og:site_name\" content=\"Lajme nga Ulqini\" \/>\n<meta property=\"article:published_time\" content=\"2014-02-20T06:17:03+00:00\" \/>\n<meta property=\"article:modified_time\" content=\"2014-02-20T17:44:30+00:00\" \/>\n<meta property=\"og:image\" content=\"http:\/\/www.visit-ulcinj.com\/blog\/wp-content\/uploads\/2014\/02\/Partite-Shqiptare-Mali-Zi.jpg\" \/>\n<meta name=\"twitter:label1\" content=\"Written by\" \/>\n\t<meta name=\"twitter:data1\" content=\"ulqini\" \/>\n\t<meta name=\"twitter:label2\" content=\"Est. reading time\" \/>\n\t<meta name=\"twitter:data2\" content=\"2 minutes\" \/>\n<script type=\"application\/ld+json\" class=\"yoast-schema-graph\">{\"@context\":\"https:\/\/schema.org\",\"@graph\":[{\"@type\":\"WebSite\",\"@id\":\"https:\/\/www.visit-ulcinj.com\/blog\/#website\",\"url\":\"https:\/\/www.visit-ulcinj.com\/blog\/\",\"name\":\"Lajme nga Ulqini\",\"description\":\"Lajme,Vijesti,Ulqini,Ulqin,Crna Gora,Mali i Zi\",\"potentialAction\":[{\"@type\":\"SearchAction\",\"target\":{\"@type\":\"EntryPoint\",\"urlTemplate\":\"https:\/\/www.visit-ulcinj.com\/blog\/?s={search_term_string}\"},\"query-input\":\"required name=search_term_string\"}],\"inLanguage\":\"en-US\"},{\"@type\":\"ImageObject\",\"inLanguage\":\"en-US\",\"@id\":\"https:\/\/www.visit-ulcinj.com\/blog\/2014\/02\/20\/shqiptaret-e-malit-te-zi-kunderpergjigjen-gjukanoviqit\/#primaryimage\",\"url\":\"https:\/\/www.visit-ulcinj.com\/blog\/wp-content\/uploads\/2014\/02\/Partite-Shqiptare-Mali-Zi.jpg\",\"contentUrl\":\"https:\/\/www.visit-ulcinj.com\/blog\/wp-content\/uploads\/2014\/02\/Partite-Shqiptare-Mali-Zi.jpg\",\"width\":415,\"height\":415},{\"@type\":\"WebPage\",\"@id\":\"https:\/\/www.visit-ulcinj.com\/blog\/2014\/02\/20\/shqiptaret-e-malit-te-zi-kunderpergjigjen-gjukanoviqit\/#webpage\",\"url\":\"https:\/\/www.visit-ulcinj.com\/blog\/2014\/02\/20\/shqiptaret-e-malit-te-zi-kunderpergjigjen-gjukanoviqit\/\",\"name\":\"Shqiptar\u00ebt e Malit t\u00eb Zi i kund\u00ebrp\u00ebrgjigjen Gjukanoviqit - Lajme nga Ulqini\",\"isPartOf\":{\"@id\":\"https:\/\/www.visit-ulcinj.com\/blog\/#website\"},\"primaryImageOfPage\":{\"@id\":\"https:\/\/www.visit-ulcinj.com\/blog\/2014\/02\/20\/shqiptaret-e-malit-te-zi-kunderpergjigjen-gjukanoviqit\/#primaryimage\"},\"datePublished\":\"2014-02-20T06:17:03+00:00\",\"dateModified\":\"2014-02-20T17:44:30+00:00\",\"author\":{\"@id\":\"https:\/\/www.visit-ulcinj.com\/blog\/#\/schema\/person\/dcab619c614d3038751c63bc2aadc06d\"},\"description\":\"Partit\u00eb Shqiptare i kund\u00ebrp\u00ebrgjigjen Gjukanoviqit Nga takimi i Kryetarit t\u00eb K\u00ebshillit Nacional t\u00eb Shqiptar\u00ebve zt.Genci Nimanbegut dhe p\u00ebrfaq\u00ebsuesve t\u00eb dy\",\"breadcrumb\":{\"@id\":\"https:\/\/www.visit-ulcinj.com\/blog\/2014\/02\/20\/shqiptaret-e-malit-te-zi-kunderpergjigjen-gjukanoviqit\/#breadcrumb\"},\"inLanguage\":\"en-US\",\"potentialAction\":[{\"@type\":\"ReadAction\",\"target\":[\"https:\/\/www.visit-ulcinj.com\/blog\/2014\/02\/20\/shqiptaret-e-malit-te-zi-kunderpergjigjen-gjukanoviqit\/\"]}]},{\"@type\":\"BreadcrumbList\",\"@id\":\"https:\/\/www.visit-ulcinj.com\/blog\/2014\/02\/20\/shqiptaret-e-malit-te-zi-kunderpergjigjen-gjukanoviqit\/#breadcrumb\",\"itemListElement\":[{\"@type\":\"ListItem\",\"position\":1,\"name\":\"Shqiptar\u00ebt e Malit t\u00eb Zi i kund\u00ebrp\u00ebrgjigjen Gjukanoviqit\"}]},{\"@type\":\"Person\",\"@id\":\"https:\/\/www.visit-ulcinj.com\/blog\/#\/schema\/person\/dcab619c614d3038751c63bc2aadc06d\",\"name\":\"ulqini\",\"sameAs\":[\"http:\/\/www.visit-ulcinj.com\"],\"url\":\"https:\/\/www.visit-ulcinj.com\/blog\/author\/admin\/\"}]}<\/script>\n<!-- \/ Yoast SEO plugin. -->","yoast_head_json":{"title":"Shqiptar\u00ebt e Malit t\u00eb Zi i kund\u00ebrp\u00ebrgjigjen Gjukanoviqit - Lajme nga Ulqini","description":"Partit\u00eb Shqiptare i kund\u00ebrp\u00ebrgjigjen Gjukanoviqit Nga takimi i Kryetarit t\u00eb K\u00ebshillit Nacional t\u00eb Shqiptar\u00ebve zt.Genci Nimanbegut dhe p\u00ebrfaq\u00ebsuesve t\u00eb dy","robots":{"index":"index","follow":"follow","max-snippet":"max-snippet:-1","max-image-preview":"max-image-preview:large","max-video-preview":"max-video-preview:-1"},"canonical":"https:\/\/www.visit-ulcinj.com\/blog\/2014\/02\/20\/shqiptaret-e-malit-te-zi-kunderpergjigjen-gjukanoviqit\/","og_locale":"en_US","og_type":"article","og_title":"Shqiptar\u00ebt e Malit t\u00eb Zi i kund\u00ebrp\u00ebrgjigjen Gjukanoviqit - Lajme nga Ulqini","og_description":"Partit\u00eb Shqiptare i kund\u00ebrp\u00ebrgjigjen Gjukanoviqit Nga takimi i Kryetarit t\u00eb K\u00ebshillit Nacional t\u00eb Shqiptar\u00ebve zt.Genci Nimanbegut dhe p\u00ebrfaq\u00ebsuesve t\u00eb dy","og_url":"https:\/\/www.visit-ulcinj.com\/blog\/2014\/02\/20\/shqiptaret-e-malit-te-zi-kunderpergjigjen-gjukanoviqit\/","og_site_name":"Lajme nga Ulqini","article_published_time":"2014-02-20T06:17:03+00:00","article_modified_time":"2014-02-20T17:44:30+00:00","og_image":[{"url":"http:\/\/www.visit-ulcinj.com\/blog\/wp-content\/uploads\/2014\/02\/Partite-Shqiptare-Mali-Zi.jpg"}],"twitter_misc":{"Written by":"ulqini","Est. reading time":"2 minutes"},"schema":{"@context":"https:\/\/schema.org","@graph":[{"@type":"WebSite","@id":"https:\/\/www.visit-ulcinj.com\/blog\/#website","url":"https:\/\/www.visit-ulcinj.com\/blog\/","name":"Lajme nga Ulqini","description":"Lajme,Vijesti,Ulqini,Ulqin,Crna Gora,Mali i Zi","potentialAction":[{"@type":"SearchAction","target":{"@type":"EntryPoint","urlTemplate":"https:\/\/www.visit-ulcinj.com\/blog\/?s={search_term_string}"},"query-input":"required name=search_term_string"}],"inLanguage":"en-US"},{"@type":"ImageObject","inLanguage":"en-US","@id":"https:\/\/www.visit-ulcinj.com\/blog\/2014\/02\/20\/shqiptaret-e-malit-te-zi-kunderpergjigjen-gjukanoviqit\/#primaryimage","url":"https:\/\/www.visit-ulcinj.com\/blog\/wp-content\/uploads\/2014\/02\/Partite-Shqiptare-Mali-Zi.jpg","contentUrl":"https:\/\/www.visit-ulcinj.com\/blog\/wp-content\/uploads\/2014\/02\/Partite-Shqiptare-Mali-Zi.jpg","width":415,"height":415},{"@type":"WebPage","@id":"https:\/\/www.visit-ulcinj.com\/blog\/2014\/02\/20\/shqiptaret-e-malit-te-zi-kunderpergjigjen-gjukanoviqit\/#webpage","url":"https:\/\/www.visit-ulcinj.com\/blog\/2014\/02\/20\/shqiptaret-e-malit-te-zi-kunderpergjigjen-gjukanoviqit\/","name":"Shqiptar\u00ebt e Malit t\u00eb Zi i kund\u00ebrp\u00ebrgjigjen Gjukanoviqit - Lajme nga Ulqini","isPartOf":{"@id":"https:\/\/www.visit-ulcinj.com\/blog\/#website"},"primaryImageOfPage":{"@id":"https:\/\/www.visit-ulcinj.com\/blog\/2014\/02\/20\/shqiptaret-e-malit-te-zi-kunderpergjigjen-gjukanoviqit\/#primaryimage"},"datePublished":"2014-02-20T06:17:03+00:00","dateModified":"2014-02-20T17:44:30+00:00","author":{"@id":"https:\/\/www.visit-ulcinj.com\/blog\/#\/schema\/person\/dcab619c614d3038751c63bc2aadc06d"},"description":"Partit\u00eb Shqiptare i kund\u00ebrp\u00ebrgjigjen Gjukanoviqit Nga takimi i Kryetarit t\u00eb K\u00ebshillit Nacional t\u00eb Shqiptar\u00ebve zt.Genci Nimanbegut dhe p\u00ebrfaq\u00ebsuesve t\u00eb dy","breadcrumb":{"@id":"https:\/\/www.visit-ulcinj.com\/blog\/2014\/02\/20\/shqiptaret-e-malit-te-zi-kunderpergjigjen-gjukanoviqit\/#breadcrumb"},"inLanguage":"en-US","potentialAction":[{"@type":"ReadAction","target":["https:\/\/www.visit-ulcinj.com\/blog\/2014\/02\/20\/shqiptaret-e-malit-te-zi-kunderpergjigjen-gjukanoviqit\/"]}]},{"@type":"BreadcrumbList","@id":"https:\/\/www.visit-ulcinj.com\/blog\/2014\/02\/20\/shqiptaret-e-malit-te-zi-kunderpergjigjen-gjukanoviqit\/#breadcrumb","itemListElement":[{"@type":"ListItem","position":1,"name":"Shqiptar\u00ebt e Malit t\u00eb Zi i kund\u00ebrp\u00ebrgjigjen Gjukanoviqit"}]},{"@type":"Person","@id":"https:\/\/www.visit-ulcinj.com\/blog\/#\/schema\/person\/dcab619c614d3038751c63bc2aadc06d","name":"ulqini","sameAs":["http:\/\/www.visit-ulcinj.com"],"url":"https:\/\/www.visit-ulcinj.com\/blog\/author\/admin\/"}]}},"jetpack_featured_media_url":"","jetpack_sharing_enabled":true,"jetpack_shortlink":"https:\/\/wp.me\/pe6lTn-kMT","_links":{"self":[{"href":"https:\/\/www.visit-ulcinj.com\/blog\/wp-json\/wp\/v2\/posts\/79911"}],"collection":[{"href":"https:\/\/www.visit-ulcinj.com\/blog\/wp-json\/wp\/v2\/posts"}],"about":[{"href":"https:\/\/www.visit-ulcinj.com\/blog\/wp-json\/wp\/v2\/types\/post"}],"author":[{"embeddable":true,"href":"https:\/\/www.visit-ulcinj.com\/blog\/wp-json\/wp\/v2\/users\/1"}],"replies":[{"embeddable":true,"href":"https:\/\/www.visit-ulcinj.com\/blog\/wp-json\/wp\/v2\/comments?post=79911"}],"version-history":[{"count":1,"href":"https:\/\/www.visit-ulcinj.com\/blog\/wp-json\/wp\/v2\/posts\/79911\/revisions"}],"predecessor-version":[{"id":79913,"href":"https:\/\/www.visit-ulcinj.com\/blog\/wp-json\/wp\/v2\/posts\/79911\/revisions\/79913"}],"wp:attachment":[{"href":"https:\/\/www.visit-ulcinj.com\/blog\/wp-json\/wp\/v2\/media?parent=79911"}],"wp:term":[{"taxonomy":"category","embeddable":true,"href":"https:\/\/www.visit-ulcinj.com\/blog\/wp-json\/wp\/v2\/categories?post=79911"},{"taxonomy":"post_tag","embeddable":true,"href":"https:\/\/www.visit-ulcinj.com\/blog\/wp-json\/wp\/v2\/tags?post=79911"}],"curies":[{"name":"wp","href":"https:\/\/api.w.org\/{rel}","templated":true}]}}