{"id":79949,"date":"2014-02-20T19:26:44","date_gmt":"2014-02-20T18:26:44","guid":{"rendered":"http:\/\/www.visit-ulcinj.com\/blog\/?p=79949"},"modified":"2014-02-20T19:26:44","modified_gmt":"2014-02-20T18:26:44","slug":"zeljeznicka-pruga-da-se-produzi-ulcinja","status":"publish","type":"post","link":"https:\/\/www.visit-ulcinj.com\/blog\/2014\/02\/20\/zeljeznicka-pruga-da-se-produzi-ulcinja\/","title":{"rendered":"\u017deljezni\u010dka pruga da se produ\u017ei do Ulcinja"},"content":{"rendered":"<p><strong><a href=\"http:\/\/www.visit-ulcinj.com\/blog\/wp-content\/uploads\/2014\/02\/Zeljeznicka_stanica.jpg\"><img loading=\"lazy\" class=\"alignleft  wp-image-79951\" alt=\"Zeljeznicka_stanica\" src=\"http:\/\/www.visit-ulcinj.com\/blog\/wp-content\/uploads\/2014\/02\/Zeljeznicka_stanica.jpg\" width=\"508\" height=\"360\" \/><\/a>VLADA \u017eeljezni\u010dkim kompanijama: Napraviti \u017eeljezni\u010dku petlju na aerodromu, produ\u017eiti prugu do Ulcinja<\/strong><\/p>\n<p><strong>V<\/strong>lada Crne Gore zatra\u017eila od \u017eeljezni\u010dkih kompanija i ostalih nadle\u017enih tijela da se u nekom razumnom roku otpo\u010dne sa izgradnjom \u017eeljezni\u010dke petlje na podgori\u010dkom aerodromu, kao i da se postoje\u0107a pruga do Bara- produ\u017ei do Ulcinja.<\/p>\n<p>U dokumentu \u201cInformacija o povezanosti i dostupnosti Crne Gore u funkciji razvoja turizma\u201d nije navedeno koliko novca treba da se ulo\u017ei u ta dva projekta, ali je jasno konstatovano da se \u201c\u017eeljezni\u010dka infrastruktura u cilju bolje turisti\u010dke ponude mora zna\u010dajno unaprijediti\u201d.<\/p>\n<p>&#8211; Neophodna je izgradnja \u017eeljezni\u010dke petlje u blizini aerodroma Podgorica, kako bi turisti sa aerodroma mogli vozom da nastave svoje putovanje do primorskih ili sjevernih gradova Crne Gore, \u010dime bi se smanjile gu\u017eve u drumskom saobra\u0107aju i pobolj\u0161ao protok turista. Dio turisti\u010dke ponude \u010dine i turisti\u010dki (panoramski) vozovi, koji na neposredan na\u010din upoznaju ljude sa okolinom i doprinose potpunijoj ponudi u sadr\u017eajnom ali i kvalitativnom smislu. Potrebno je povezivanjem postoje\u0107ih \u017eeljezni\u010dkih stanica, ali i rekonstrukcijom starih stvoriti `\u017eeljezni\u010dke panoramske puteve\u00b4 koji povezuju kulturne, prirodne i etnogastronomske atrakcije sa odr\u017eavanim odmori\u0161tima na najljep\u0161im mjestima. U tom smislu je potrebno dogovoriti sa AD \u017deljezni\u010dki prevoz model za uvo\u0111enje panoramskih tura, navodi se u dokumentu.<\/p>\n<p><strong>Rekonstruisati staru prugu Bar-Virpazar:<\/strong> U dokumentu se isti\u010de da bi rekonstrukcija prve crnogorske \u017eeljezni\u010dke pruge Bar\u2013Virpazar, pokrenute 1908.godine, zna\u010dajno doprinijela unapre\u0111enju turisti\u010dke ponude Crne Gore.<\/p>\n<p>&#8211; Ukupna du\u017eina ove pruge je 43 kilometra i trideset metara, a prolazila je od luke na Pristanu (Bar), kroz Barsko polje, uz i niz planinu Sutorman, kroz Crmnicu do Virpazara na Skadarskom jezeru. Tako\u0111e, ovo bi bio dodatni motiv za dovo\u0111enje kruzera u Luku Bar. Agenda reformi u oblasti turizma u dijelu unapre\u0111enja \u017eeljezni\u010dke dostupnosti predvi\u0111a: uvo\u0111enje panoramskog voza; uvo\u0111enje vagona sa posebnim namjenama npr. na relaciji Beograd- Bar (zabavni program); podizanje nivoa kvaliteta usluga za prevoz \u017eeljeznicom; skra\u0107enje vremena putovanja i zajedni\u010dku carinsku kontrolu, zaklju\u010duje se u dokumentu.<\/p>\n<p><strong>P.Z.<\/strong><\/p>\n<p><strong>Izvor: Analitika &#8211; Informativni Portal<\/strong><\/p>\n","protected":false},"excerpt":{"rendered":"<p>VLADA \u017eeljezni\u010dkim kompanijama: Napraviti \u017eeljezni\u010dku petlju na aerodromu, produ\u017eiti prugu do Ulcinja Vlada Crne Gore zatra\u017eila od \u017eeljezni\u010dkih kompanija i ostalih nadle\u017enih tijela da se u nekom razumnom roku otpo\u010dne sa izgradnjom \u017eeljezni\u010dke petlje na podgori\u010dkom aerodromu, kao i da se postoje\u0107a pruga do Bara- produ\u017ei do Ulcinja. U dokumentu \u201cInformacija o povezanosti i dostupnosti [&hellip;]<\/p>\n","protected":false},"author":1,"featured_media":0,"comment_status":"closed","ping_status":"closed","sticky":false,"template":"","format":"standard","meta":{"spay_email":"","jetpack_publicize_message":"","jetpack_is_tweetstorm":false,"jetpack_publicize_feature_enabled":true},"categories":[6950],"tags":[],"jetpack_publicize_connections":[],"yoast_head":"<!-- This site is optimized with the Yoast SEO plugin v19.1 - https:\/\/yoast.com\/wordpress\/plugins\/seo\/ -->\n<title>\u017deljezni\u010dka pruga da se produ\u017ei do Ulcinja - Lajme nga Ulqini<\/title>\n<meta name=\"description\" content=\"VLADA \u017eeljezni\u010dkim kompanijama: Napraviti \u017eeljezni\u010dku petlju na aerodromu, produ\u017eiti prugu do Ulcinja Vlada Crne Gore zatra\u017eila od \u017eeljezni\u010dkih kompanija\" \/>\n<meta name=\"robots\" content=\"index, follow, max-snippet:-1, max-image-preview:large, max-video-preview:-1\" \/>\n<link rel=\"canonical\" href=\"https:\/\/www.visit-ulcinj.com\/blog\/2014\/02\/20\/zeljeznicka-pruga-da-se-produzi-ulcinja\/\" \/>\n<meta property=\"og:locale\" content=\"en_US\" \/>\n<meta property=\"og:type\" content=\"article\" \/>\n<meta property=\"og:title\" content=\"\u017deljezni\u010dka pruga da se produ\u017ei do Ulcinja - Lajme nga Ulqini\" \/>\n<meta property=\"og:description\" content=\"VLADA \u017eeljezni\u010dkim kompanijama: Napraviti \u017eeljezni\u010dku petlju na aerodromu, produ\u017eiti prugu do Ulcinja Vlada Crne Gore zatra\u017eila od \u017eeljezni\u010dkih kompanija\" \/>\n<meta property=\"og:url\" content=\"https:\/\/www.visit-ulcinj.com\/blog\/2014\/02\/20\/zeljeznicka-pruga-da-se-produzi-ulcinja\/\" \/>\n<meta property=\"og:site_name\" content=\"Lajme nga Ulqini\" \/>\n<meta property=\"article:published_time\" content=\"2014-02-20T18:26:44+00:00\" \/>\n<meta property=\"og:image\" content=\"http:\/\/www.visit-ulcinj.com\/blog\/wp-content\/uploads\/2014\/02\/Zeljeznicka_stanica.jpg\" \/>\n<meta name=\"twitter:label1\" content=\"Written by\" \/>\n\t<meta name=\"twitter:data1\" content=\"ulqini\" \/>\n\t<meta name=\"twitter:label2\" content=\"Est. reading time\" \/>\n\t<meta name=\"twitter:data2\" content=\"2 minutes\" \/>\n<script type=\"application\/ld+json\" class=\"yoast-schema-graph\">{\"@context\":\"https:\/\/schema.org\",\"@graph\":[{\"@type\":\"WebSite\",\"@id\":\"https:\/\/www.visit-ulcinj.com\/blog\/#website\",\"url\":\"https:\/\/www.visit-ulcinj.com\/blog\/\",\"name\":\"Lajme nga Ulqini\",\"description\":\"Lajme,Vijesti,Ulqini,Ulqin,Crna Gora,Mali i Zi\",\"potentialAction\":[{\"@type\":\"SearchAction\",\"target\":{\"@type\":\"EntryPoint\",\"urlTemplate\":\"https:\/\/www.visit-ulcinj.com\/blog\/?s={search_term_string}\"},\"query-input\":\"required name=search_term_string\"}],\"inLanguage\":\"en-US\"},{\"@type\":\"ImageObject\",\"inLanguage\":\"en-US\",\"@id\":\"https:\/\/www.visit-ulcinj.com\/blog\/2014\/02\/20\/zeljeznicka-pruga-da-se-produzi-ulcinja\/#primaryimage\",\"url\":\"https:\/\/www.visit-ulcinj.com\/blog\/wp-content\/uploads\/2014\/02\/Zeljeznicka_stanica.jpg\",\"contentUrl\":\"https:\/\/www.visit-ulcinj.com\/blog\/wp-content\/uploads\/2014\/02\/Zeljeznicka_stanica.jpg\",\"width\":1000,\"height\":750},{\"@type\":\"WebPage\",\"@id\":\"https:\/\/www.visit-ulcinj.com\/blog\/2014\/02\/20\/zeljeznicka-pruga-da-se-produzi-ulcinja\/#webpage\",\"url\":\"https:\/\/www.visit-ulcinj.com\/blog\/2014\/02\/20\/zeljeznicka-pruga-da-se-produzi-ulcinja\/\",\"name\":\"\u017deljezni\u010dka pruga da se produ\u017ei do Ulcinja - Lajme nga Ulqini\",\"isPartOf\":{\"@id\":\"https:\/\/www.visit-ulcinj.com\/blog\/#website\"},\"primaryImageOfPage\":{\"@id\":\"https:\/\/www.visit-ulcinj.com\/blog\/2014\/02\/20\/zeljeznicka-pruga-da-se-produzi-ulcinja\/#primaryimage\"},\"datePublished\":\"2014-02-20T18:26:44+00:00\",\"dateModified\":\"2014-02-20T18:26:44+00:00\",\"author\":{\"@id\":\"https:\/\/www.visit-ulcinj.com\/blog\/#\/schema\/person\/dcab619c614d3038751c63bc2aadc06d\"},\"description\":\"VLADA \u017eeljezni\u010dkim kompanijama: Napraviti \u017eeljezni\u010dku petlju na aerodromu, produ\u017eiti prugu do Ulcinja Vlada Crne Gore zatra\u017eila od \u017eeljezni\u010dkih kompanija\",\"breadcrumb\":{\"@id\":\"https:\/\/www.visit-ulcinj.com\/blog\/2014\/02\/20\/zeljeznicka-pruga-da-se-produzi-ulcinja\/#breadcrumb\"},\"inLanguage\":\"en-US\",\"potentialAction\":[{\"@type\":\"ReadAction\",\"target\":[\"https:\/\/www.visit-ulcinj.com\/blog\/2014\/02\/20\/zeljeznicka-pruga-da-se-produzi-ulcinja\/\"]}]},{\"@type\":\"BreadcrumbList\",\"@id\":\"https:\/\/www.visit-ulcinj.com\/blog\/2014\/02\/20\/zeljeznicka-pruga-da-se-produzi-ulcinja\/#breadcrumb\",\"itemListElement\":[{\"@type\":\"ListItem\",\"position\":1,\"name\":\"\u017deljezni\u010dka pruga da se produ\u017ei do Ulcinja\"}]},{\"@type\":\"Person\",\"@id\":\"https:\/\/www.visit-ulcinj.com\/blog\/#\/schema\/person\/dcab619c614d3038751c63bc2aadc06d\",\"name\":\"ulqini\",\"sameAs\":[\"http:\/\/www.visit-ulcinj.com\"],\"url\":\"https:\/\/www.visit-ulcinj.com\/blog\/author\/admin\/\"}]}<\/script>\n<!-- \/ Yoast SEO plugin. -->","yoast_head_json":{"title":"\u017deljezni\u010dka pruga da se produ\u017ei do Ulcinja - Lajme nga Ulqini","description":"VLADA \u017eeljezni\u010dkim kompanijama: Napraviti \u017eeljezni\u010dku petlju na aerodromu, produ\u017eiti prugu do Ulcinja Vlada Crne Gore zatra\u017eila od \u017eeljezni\u010dkih kompanija","robots":{"index":"index","follow":"follow","max-snippet":"max-snippet:-1","max-image-preview":"max-image-preview:large","max-video-preview":"max-video-preview:-1"},"canonical":"https:\/\/www.visit-ulcinj.com\/blog\/2014\/02\/20\/zeljeznicka-pruga-da-se-produzi-ulcinja\/","og_locale":"en_US","og_type":"article","og_title":"\u017deljezni\u010dka pruga da se produ\u017ei do Ulcinja - Lajme nga Ulqini","og_description":"VLADA \u017eeljezni\u010dkim kompanijama: Napraviti \u017eeljezni\u010dku petlju na aerodromu, produ\u017eiti prugu do Ulcinja Vlada Crne Gore zatra\u017eila od \u017eeljezni\u010dkih kompanija","og_url":"https:\/\/www.visit-ulcinj.com\/blog\/2014\/02\/20\/zeljeznicka-pruga-da-se-produzi-ulcinja\/","og_site_name":"Lajme nga Ulqini","article_published_time":"2014-02-20T18:26:44+00:00","og_image":[{"url":"http:\/\/www.visit-ulcinj.com\/blog\/wp-content\/uploads\/2014\/02\/Zeljeznicka_stanica.jpg"}],"twitter_misc":{"Written by":"ulqini","Est. reading time":"2 minutes"},"schema":{"@context":"https:\/\/schema.org","@graph":[{"@type":"WebSite","@id":"https:\/\/www.visit-ulcinj.com\/blog\/#website","url":"https:\/\/www.visit-ulcinj.com\/blog\/","name":"Lajme nga Ulqini","description":"Lajme,Vijesti,Ulqini,Ulqin,Crna Gora,Mali i Zi","potentialAction":[{"@type":"SearchAction","target":{"@type":"EntryPoint","urlTemplate":"https:\/\/www.visit-ulcinj.com\/blog\/?s={search_term_string}"},"query-input":"required name=search_term_string"}],"inLanguage":"en-US"},{"@type":"ImageObject","inLanguage":"en-US","@id":"https:\/\/www.visit-ulcinj.com\/blog\/2014\/02\/20\/zeljeznicka-pruga-da-se-produzi-ulcinja\/#primaryimage","url":"https:\/\/www.visit-ulcinj.com\/blog\/wp-content\/uploads\/2014\/02\/Zeljeznicka_stanica.jpg","contentUrl":"https:\/\/www.visit-ulcinj.com\/blog\/wp-content\/uploads\/2014\/02\/Zeljeznicka_stanica.jpg","width":1000,"height":750},{"@type":"WebPage","@id":"https:\/\/www.visit-ulcinj.com\/blog\/2014\/02\/20\/zeljeznicka-pruga-da-se-produzi-ulcinja\/#webpage","url":"https:\/\/www.visit-ulcinj.com\/blog\/2014\/02\/20\/zeljeznicka-pruga-da-se-produzi-ulcinja\/","name":"\u017deljezni\u010dka pruga da se produ\u017ei do Ulcinja - Lajme nga Ulqini","isPartOf":{"@id":"https:\/\/www.visit-ulcinj.com\/blog\/#website"},"primaryImageOfPage":{"@id":"https:\/\/www.visit-ulcinj.com\/blog\/2014\/02\/20\/zeljeznicka-pruga-da-se-produzi-ulcinja\/#primaryimage"},"datePublished":"2014-02-20T18:26:44+00:00","dateModified":"2014-02-20T18:26:44+00:00","author":{"@id":"https:\/\/www.visit-ulcinj.com\/blog\/#\/schema\/person\/dcab619c614d3038751c63bc2aadc06d"},"description":"VLADA \u017eeljezni\u010dkim kompanijama: Napraviti \u017eeljezni\u010dku petlju na aerodromu, produ\u017eiti prugu do Ulcinja Vlada Crne Gore zatra\u017eila od \u017eeljezni\u010dkih kompanija","breadcrumb":{"@id":"https:\/\/www.visit-ulcinj.com\/blog\/2014\/02\/20\/zeljeznicka-pruga-da-se-produzi-ulcinja\/#breadcrumb"},"inLanguage":"en-US","potentialAction":[{"@type":"ReadAction","target":["https:\/\/www.visit-ulcinj.com\/blog\/2014\/02\/20\/zeljeznicka-pruga-da-se-produzi-ulcinja\/"]}]},{"@type":"BreadcrumbList","@id":"https:\/\/www.visit-ulcinj.com\/blog\/2014\/02\/20\/zeljeznicka-pruga-da-se-produzi-ulcinja\/#breadcrumb","itemListElement":[{"@type":"ListItem","position":1,"name":"\u017deljezni\u010dka pruga da se produ\u017ei do Ulcinja"}]},{"@type":"Person","@id":"https:\/\/www.visit-ulcinj.com\/blog\/#\/schema\/person\/dcab619c614d3038751c63bc2aadc06d","name":"ulqini","sameAs":["http:\/\/www.visit-ulcinj.com"],"url":"https:\/\/www.visit-ulcinj.com\/blog\/author\/admin\/"}]}},"jetpack_featured_media_url":"","jetpack_sharing_enabled":true,"jetpack_shortlink":"https:\/\/wp.me\/pe6lTn-kNv","_links":{"self":[{"href":"https:\/\/www.visit-ulcinj.com\/blog\/wp-json\/wp\/v2\/posts\/79949"}],"collection":[{"href":"https:\/\/www.visit-ulcinj.com\/blog\/wp-json\/wp\/v2\/posts"}],"about":[{"href":"https:\/\/www.visit-ulcinj.com\/blog\/wp-json\/wp\/v2\/types\/post"}],"author":[{"embeddable":true,"href":"https:\/\/www.visit-ulcinj.com\/blog\/wp-json\/wp\/v2\/users\/1"}],"replies":[{"embeddable":true,"href":"https:\/\/www.visit-ulcinj.com\/blog\/wp-json\/wp\/v2\/comments?post=79949"}],"version-history":[{"count":1,"href":"https:\/\/www.visit-ulcinj.com\/blog\/wp-json\/wp\/v2\/posts\/79949\/revisions"}],"predecessor-version":[{"id":79952,"href":"https:\/\/www.visit-ulcinj.com\/blog\/wp-json\/wp\/v2\/posts\/79949\/revisions\/79952"}],"wp:attachment":[{"href":"https:\/\/www.visit-ulcinj.com\/blog\/wp-json\/wp\/v2\/media?parent=79949"}],"wp:term":[{"taxonomy":"category","embeddable":true,"href":"https:\/\/www.visit-ulcinj.com\/blog\/wp-json\/wp\/v2\/categories?post=79949"},{"taxonomy":"post_tag","embeddable":true,"href":"https:\/\/www.visit-ulcinj.com\/blog\/wp-json\/wp\/v2\/tags?post=79949"}],"curies":[{"name":"wp","href":"https:\/\/api.w.org\/{rel}","templated":true}]}}