{"id":79958,"date":"2014-02-21T12:13:30","date_gmt":"2014-02-21T11:13:30","guid":{"rendered":"http:\/\/www.visit-ulcinj.com\/blog\/?p=79958"},"modified":"2014-02-21T12:13:30","modified_gmt":"2014-02-21T11:13:30","slug":"interviste-dritan-abazoviqin-tv-teuta","status":"publish","type":"post","link":"https:\/\/www.visit-ulcinj.com\/blog\/2014\/02\/21\/interviste-dritan-abazoviqin-tv-teuta\/","title":{"rendered":"Intervist\u00eb me Dritan Abazoviqin &#8211; Tv Teuta"},"content":{"rendered":"<p><a href=\"http:\/\/www.visit-ulcinj.com\/blog\/wp-content\/uploads\/2014\/02\/Dritan-Abazoviq-MZP-Ulqin.jpg\"><img loading=\"lazy\" class=\"alignleft  wp-image-79959\" alt=\"Dritan-Abazoviq-MZP-Ulqin\" src=\"http:\/\/www.visit-ulcinj.com\/blog\/wp-content\/uploads\/2014\/02\/Dritan-Abazoviq-MZP-Ulqin.jpg\" width=\"508\" height=\"360\" \/><\/a>Tv Teuta beri nj\u00eb intervist\u00eb t\u00eb shkurt\u00ebr me Dritan Abazoviqin deputet nga Mali i Zi Pozitiv q\u00eb mb\u00ebshteti marr\u00ebveshjen e subjekteve politike t\u00eb Forc\u00ebs dhe koalicionit \u201dS\u00eb bashku p\u00ebr t\u00eb ardhmen e Ulqinit\u201d. K\u00ebshtu ka deklruar deputeti i k\u00ebsaj partie Dritan Abazoviq.<br \/>\nAi tha se partia t\u00eb cil\u00ebs i takon nuk do t\u00eb kusht\u00ebzoj\u00eb me asgj\u00eb at\u00eb marr\u00ebveshja , e as n\u00eb parti , si\u00e7 tha ai , nuk jan\u00eb t\u00eb interesuar p\u00ebr funksione .<br \/>\n\u201d As funksionet as p\u00ebrfitimet as privilegjet nuk \u00ebsht\u00eb di\u00e7ka q\u00eb na intereson\u201d K\u00ebshtu ka deklruar deputeti i k\u00ebsaj partie Dritan Abazoviq agjencionit t\u00eb lajmeve MINA para disa koh\u00ebve, duke shtuar se ajo \u00e7ka \u00ebsh\u00eb e r\u00ebnd\u00ebsishme p\u00ebr Malin e Zi Pozitiv jan\u00eb parimet e v\u00ebrtet\u00eb dhe bazat q\u00eb jan\u00eb n\u00eb p\u00ebrputhje me standardet evropiane n\u00eb qeverin\u00eb lokale.<br \/>\nSi\u00e7 ka shpjeguar Dritan Abazoviqi , e vetmja q\u00eb i intereson Malit t\u00eb Zi Pozitiv \u00ebsht\u00eb q\u00eb qeverisja e ardhshme t\u00eb jet\u00eb transparente me shpenzimin e t\u00eb hollave t\u00eb gjith\u00eb qytetareve t\u00eb Ulqinit dhe paraqitja publike e kontratave private dhe publike n\u00eb faqen e internetit t\u00eb komun\u00ebs , depolitizimi i administrat\u00ebs publike dhe formave efikase t\u00eb organizimit t\u00eb kompanive publike<br \/>\n<strong><br \/>\nAi para disa dt\u00ebve n\u00eb faqen e Facebookut ka deklaruar:<\/strong><\/p>\n<p>N\u00ebnshkrimi i marr\u00ebveshjes nga ana e grupit me zem\u00ebr p\u00ebr Ulqin t\u00eb Malit t\u00eb Zi pozitiv, \u00ebsht\u00eb b\u00ebr\u00eb p\u00ebr t\u00eb rrespektuar votuesit q\u00eb kan\u00eb shpreh interesim p\u00ebr partit\u00eb nacionale Shqip\u00ebtare, p\u00ebr t\u00eb pamunsuar inkuadrimin n\u00eb pushtet t\u00eb PDS-s\u00eb (DPS), dhe q\u00eb t\u00eb ofrojm\u00eb nj\u00eb frym\u00eb dhe vler\u00eb t\u00eb re n\u00eb pushtetin lokal.<br \/>\nPostet e ofruara me insitim nga partner\u00ebt tan\u00eb sipas tyre p\u00ebr dy ar\u00ebsy, q\u00eb qeverisja t\u00eb jet\u00eb m\u00eb stabile dhe produktivejan\u00eb jan\u00eb pranuar nga ana jon\u00eb, dhe p\u00ebr k\u00ebto do japim p\u00ebrgjegj\u00ebsi.<br \/>\nBesojm\u00eb dhe shpresojm\u00eb q\u00eb pushteti lokal do jet\u00eb efikas\u00eb, transparent\u00eb, i depolitizuar, dhe konstruktiv, ashtu dhe si\u00e7 jemi dakorduar n\u00eb marr\u00ebveshtjen e n\u00ebnshkruar.<\/p>\n<!--YouTube Error: bad URL entered-->\n","protected":false},"excerpt":{"rendered":"<p>Tv Teuta beri nj\u00eb intervist\u00eb t\u00eb shkurt\u00ebr me Dritan Abazoviqin deputet nga Mali i Zi Pozitiv q\u00eb mb\u00ebshteti marr\u00ebveshjen e subjekteve politike t\u00eb Forc\u00ebs dhe koalicionit \u201dS\u00eb bashku p\u00ebr t\u00eb ardhmen e Ulqinit\u201d. K\u00ebshtu ka deklruar deputeti i k\u00ebsaj partie Dritan Abazoviq. Ai tha se partia t\u00eb cil\u00ebs i takon nuk do t\u00eb kusht\u00ebzoj\u00eb me [&hellip;]<\/p>\n","protected":false},"author":1,"featured_media":0,"comment_status":"closed","ping_status":"closed","sticky":false,"template":"","format":"standard","meta":{"spay_email":"","jetpack_publicize_message":"","jetpack_is_tweetstorm":false,"jetpack_publicize_feature_enabled":true},"categories":[5],"tags":[],"jetpack_publicize_connections":[],"yoast_head":"<!-- This site is optimized with the Yoast SEO plugin v19.1 - https:\/\/yoast.com\/wordpress\/plugins\/seo\/ -->\n<title>Intervist\u00eb me Dritan Abazoviqin - Tv Teuta - Lajme nga Ulqini<\/title>\n<meta name=\"description\" content=\"Tv Teuta beri nj\u00eb intervist\u00eb t\u00eb shkurt\u00ebr me Dritan Abazoviqin deputet nga Mali i Zi Pozitiv q\u00eb mb\u00ebshteti marr\u00ebveshjen e subjekteve politike t\u00eb Forc\u00ebs dhe\" \/>\n<meta name=\"robots\" content=\"index, follow, max-snippet:-1, max-image-preview:large, max-video-preview:-1\" \/>\n<link rel=\"canonical\" href=\"https:\/\/www.visit-ulcinj.com\/blog\/2014\/02\/21\/interviste-dritan-abazoviqin-tv-teuta\/\" \/>\n<meta property=\"og:locale\" content=\"en_US\" \/>\n<meta property=\"og:type\" content=\"article\" \/>\n<meta property=\"og:title\" content=\"Intervist\u00eb me Dritan Abazoviqin - Tv Teuta - Lajme nga Ulqini\" \/>\n<meta property=\"og:description\" content=\"Tv Teuta beri nj\u00eb intervist\u00eb t\u00eb shkurt\u00ebr me Dritan Abazoviqin deputet nga Mali i Zi Pozitiv q\u00eb mb\u00ebshteti marr\u00ebveshjen e subjekteve politike t\u00eb Forc\u00ebs dhe\" \/>\n<meta property=\"og:url\" content=\"https:\/\/www.visit-ulcinj.com\/blog\/2014\/02\/21\/interviste-dritan-abazoviqin-tv-teuta\/\" \/>\n<meta property=\"og:site_name\" content=\"Lajme nga Ulqini\" \/>\n<meta property=\"article:published_time\" content=\"2014-02-21T11:13:30+00:00\" \/>\n<meta property=\"og:image\" content=\"http:\/\/www.visit-ulcinj.com\/blog\/wp-content\/uploads\/2014\/02\/Dritan-Abazoviq-MZP-Ulqin.jpg\" \/>\n<meta name=\"twitter:label1\" content=\"Written by\" \/>\n\t<meta name=\"twitter:data1\" content=\"ulqini\" \/>\n\t<meta name=\"twitter:label2\" content=\"Est. reading time\" \/>\n\t<meta name=\"twitter:data2\" content=\"2 minutes\" \/>\n<script type=\"application\/ld+json\" class=\"yoast-schema-graph\">{\"@context\":\"https:\/\/schema.org\",\"@graph\":[{\"@type\":\"WebSite\",\"@id\":\"https:\/\/www.visit-ulcinj.com\/blog\/#website\",\"url\":\"https:\/\/www.visit-ulcinj.com\/blog\/\",\"name\":\"Lajme nga Ulqini\",\"description\":\"Lajme,Vijesti,Ulqini,Ulqin,Crna Gora,Mali i Zi\",\"potentialAction\":[{\"@type\":\"SearchAction\",\"target\":{\"@type\":\"EntryPoint\",\"urlTemplate\":\"https:\/\/www.visit-ulcinj.com\/blog\/?s={search_term_string}\"},\"query-input\":\"required name=search_term_string\"}],\"inLanguage\":\"en-US\"},{\"@type\":\"ImageObject\",\"inLanguage\":\"en-US\",\"@id\":\"https:\/\/www.visit-ulcinj.com\/blog\/2014\/02\/21\/interviste-dritan-abazoviqin-tv-teuta\/#primaryimage\",\"url\":\"https:\/\/www.visit-ulcinj.com\/blog\/wp-content\/uploads\/2014\/02\/Dritan-Abazoviq-MZP-Ulqin.jpg\",\"contentUrl\":\"https:\/\/www.visit-ulcinj.com\/blog\/wp-content\/uploads\/2014\/02\/Dritan-Abazoviq-MZP-Ulqin.jpg\",\"width\":528,\"height\":395},{\"@type\":\"WebPage\",\"@id\":\"https:\/\/www.visit-ulcinj.com\/blog\/2014\/02\/21\/interviste-dritan-abazoviqin-tv-teuta\/#webpage\",\"url\":\"https:\/\/www.visit-ulcinj.com\/blog\/2014\/02\/21\/interviste-dritan-abazoviqin-tv-teuta\/\",\"name\":\"Intervist\u00eb me Dritan Abazoviqin - Tv Teuta - Lajme nga Ulqini\",\"isPartOf\":{\"@id\":\"https:\/\/www.visit-ulcinj.com\/blog\/#website\"},\"primaryImageOfPage\":{\"@id\":\"https:\/\/www.visit-ulcinj.com\/blog\/2014\/02\/21\/interviste-dritan-abazoviqin-tv-teuta\/#primaryimage\"},\"datePublished\":\"2014-02-21T11:13:30+00:00\",\"dateModified\":\"2014-02-21T11:13:30+00:00\",\"author\":{\"@id\":\"https:\/\/www.visit-ulcinj.com\/blog\/#\/schema\/person\/dcab619c614d3038751c63bc2aadc06d\"},\"description\":\"Tv Teuta beri nj\u00eb intervist\u00eb t\u00eb shkurt\u00ebr me Dritan Abazoviqin deputet nga Mali i Zi Pozitiv q\u00eb mb\u00ebshteti marr\u00ebveshjen e subjekteve politike t\u00eb Forc\u00ebs dhe\",\"breadcrumb\":{\"@id\":\"https:\/\/www.visit-ulcinj.com\/blog\/2014\/02\/21\/interviste-dritan-abazoviqin-tv-teuta\/#breadcrumb\"},\"inLanguage\":\"en-US\",\"potentialAction\":[{\"@type\":\"ReadAction\",\"target\":[\"https:\/\/www.visit-ulcinj.com\/blog\/2014\/02\/21\/interviste-dritan-abazoviqin-tv-teuta\/\"]}]},{\"@type\":\"BreadcrumbList\",\"@id\":\"https:\/\/www.visit-ulcinj.com\/blog\/2014\/02\/21\/interviste-dritan-abazoviqin-tv-teuta\/#breadcrumb\",\"itemListElement\":[{\"@type\":\"ListItem\",\"position\":1,\"name\":\"Intervist\u00eb me Dritan Abazoviqin &#8211; Tv Teuta\"}]},{\"@type\":\"Person\",\"@id\":\"https:\/\/www.visit-ulcinj.com\/blog\/#\/schema\/person\/dcab619c614d3038751c63bc2aadc06d\",\"name\":\"ulqini\",\"sameAs\":[\"http:\/\/www.visit-ulcinj.com\"],\"url\":\"https:\/\/www.visit-ulcinj.com\/blog\/author\/admin\/\"}]}<\/script>\n<!-- \/ Yoast SEO plugin. -->","yoast_head_json":{"title":"Intervist\u00eb me Dritan Abazoviqin - Tv Teuta - Lajme nga Ulqini","description":"Tv Teuta beri nj\u00eb intervist\u00eb t\u00eb shkurt\u00ebr me Dritan Abazoviqin deputet nga Mali i Zi Pozitiv q\u00eb mb\u00ebshteti marr\u00ebveshjen e subjekteve politike t\u00eb Forc\u00ebs dhe","robots":{"index":"index","follow":"follow","max-snippet":"max-snippet:-1","max-image-preview":"max-image-preview:large","max-video-preview":"max-video-preview:-1"},"canonical":"https:\/\/www.visit-ulcinj.com\/blog\/2014\/02\/21\/interviste-dritan-abazoviqin-tv-teuta\/","og_locale":"en_US","og_type":"article","og_title":"Intervist\u00eb me Dritan Abazoviqin - Tv Teuta - Lajme nga Ulqini","og_description":"Tv Teuta beri nj\u00eb intervist\u00eb t\u00eb shkurt\u00ebr me Dritan Abazoviqin deputet nga Mali i Zi Pozitiv q\u00eb mb\u00ebshteti marr\u00ebveshjen e subjekteve politike t\u00eb Forc\u00ebs dhe","og_url":"https:\/\/www.visit-ulcinj.com\/blog\/2014\/02\/21\/interviste-dritan-abazoviqin-tv-teuta\/","og_site_name":"Lajme nga Ulqini","article_published_time":"2014-02-21T11:13:30+00:00","og_image":[{"url":"http:\/\/www.visit-ulcinj.com\/blog\/wp-content\/uploads\/2014\/02\/Dritan-Abazoviq-MZP-Ulqin.jpg"}],"twitter_misc":{"Written by":"ulqini","Est. reading time":"2 minutes"},"schema":{"@context":"https:\/\/schema.org","@graph":[{"@type":"WebSite","@id":"https:\/\/www.visit-ulcinj.com\/blog\/#website","url":"https:\/\/www.visit-ulcinj.com\/blog\/","name":"Lajme nga Ulqini","description":"Lajme,Vijesti,Ulqini,Ulqin,Crna Gora,Mali i Zi","potentialAction":[{"@type":"SearchAction","target":{"@type":"EntryPoint","urlTemplate":"https:\/\/www.visit-ulcinj.com\/blog\/?s={search_term_string}"},"query-input":"required name=search_term_string"}],"inLanguage":"en-US"},{"@type":"ImageObject","inLanguage":"en-US","@id":"https:\/\/www.visit-ulcinj.com\/blog\/2014\/02\/21\/interviste-dritan-abazoviqin-tv-teuta\/#primaryimage","url":"https:\/\/www.visit-ulcinj.com\/blog\/wp-content\/uploads\/2014\/02\/Dritan-Abazoviq-MZP-Ulqin.jpg","contentUrl":"https:\/\/www.visit-ulcinj.com\/blog\/wp-content\/uploads\/2014\/02\/Dritan-Abazoviq-MZP-Ulqin.jpg","width":528,"height":395},{"@type":"WebPage","@id":"https:\/\/www.visit-ulcinj.com\/blog\/2014\/02\/21\/interviste-dritan-abazoviqin-tv-teuta\/#webpage","url":"https:\/\/www.visit-ulcinj.com\/blog\/2014\/02\/21\/interviste-dritan-abazoviqin-tv-teuta\/","name":"Intervist\u00eb me Dritan Abazoviqin - Tv Teuta - Lajme nga Ulqini","isPartOf":{"@id":"https:\/\/www.visit-ulcinj.com\/blog\/#website"},"primaryImageOfPage":{"@id":"https:\/\/www.visit-ulcinj.com\/blog\/2014\/02\/21\/interviste-dritan-abazoviqin-tv-teuta\/#primaryimage"},"datePublished":"2014-02-21T11:13:30+00:00","dateModified":"2014-02-21T11:13:30+00:00","author":{"@id":"https:\/\/www.visit-ulcinj.com\/blog\/#\/schema\/person\/dcab619c614d3038751c63bc2aadc06d"},"description":"Tv Teuta beri nj\u00eb intervist\u00eb t\u00eb shkurt\u00ebr me Dritan Abazoviqin deputet nga Mali i Zi Pozitiv q\u00eb mb\u00ebshteti marr\u00ebveshjen e subjekteve politike t\u00eb Forc\u00ebs dhe","breadcrumb":{"@id":"https:\/\/www.visit-ulcinj.com\/blog\/2014\/02\/21\/interviste-dritan-abazoviqin-tv-teuta\/#breadcrumb"},"inLanguage":"en-US","potentialAction":[{"@type":"ReadAction","target":["https:\/\/www.visit-ulcinj.com\/blog\/2014\/02\/21\/interviste-dritan-abazoviqin-tv-teuta\/"]}]},{"@type":"BreadcrumbList","@id":"https:\/\/www.visit-ulcinj.com\/blog\/2014\/02\/21\/interviste-dritan-abazoviqin-tv-teuta\/#breadcrumb","itemListElement":[{"@type":"ListItem","position":1,"name":"Intervist\u00eb me Dritan Abazoviqin &#8211; Tv Teuta"}]},{"@type":"Person","@id":"https:\/\/www.visit-ulcinj.com\/blog\/#\/schema\/person\/dcab619c614d3038751c63bc2aadc06d","name":"ulqini","sameAs":["http:\/\/www.visit-ulcinj.com"],"url":"https:\/\/www.visit-ulcinj.com\/blog\/author\/admin\/"}]}},"jetpack_featured_media_url":"","jetpack_sharing_enabled":true,"jetpack_shortlink":"https:\/\/wp.me\/pe6lTn-kNE","_links":{"self":[{"href":"https:\/\/www.visit-ulcinj.com\/blog\/wp-json\/wp\/v2\/posts\/79958"}],"collection":[{"href":"https:\/\/www.visit-ulcinj.com\/blog\/wp-json\/wp\/v2\/posts"}],"about":[{"href":"https:\/\/www.visit-ulcinj.com\/blog\/wp-json\/wp\/v2\/types\/post"}],"author":[{"embeddable":true,"href":"https:\/\/www.visit-ulcinj.com\/blog\/wp-json\/wp\/v2\/users\/1"}],"replies":[{"embeddable":true,"href":"https:\/\/www.visit-ulcinj.com\/blog\/wp-json\/wp\/v2\/comments?post=79958"}],"version-history":[{"count":1,"href":"https:\/\/www.visit-ulcinj.com\/blog\/wp-json\/wp\/v2\/posts\/79958\/revisions"}],"predecessor-version":[{"id":79960,"href":"https:\/\/www.visit-ulcinj.com\/blog\/wp-json\/wp\/v2\/posts\/79958\/revisions\/79960"}],"wp:attachment":[{"href":"https:\/\/www.visit-ulcinj.com\/blog\/wp-json\/wp\/v2\/media?parent=79958"}],"wp:term":[{"taxonomy":"category","embeddable":true,"href":"https:\/\/www.visit-ulcinj.com\/blog\/wp-json\/wp\/v2\/categories?post=79958"},{"taxonomy":"post_tag","embeddable":true,"href":"https:\/\/www.visit-ulcinj.com\/blog\/wp-json\/wp\/v2\/tags?post=79958"}],"curies":[{"name":"wp","href":"https:\/\/api.w.org\/{rel}","templated":true}]}}