{"id":79971,"date":"2014-02-21T14:37:09","date_gmt":"2014-02-21T13:37:09","guid":{"rendered":"http:\/\/www.visit-ulcinj.com\/blog\/?p=79971"},"modified":"2014-02-21T15:05:27","modified_gmt":"2014-02-21T14:05:27","slug":"ringjallet-deponia-e-eger-ne-ulqin-video","status":"publish","type":"post","link":"https:\/\/www.visit-ulcinj.com\/blog\/2014\/02\/21\/ringjallet-deponia-e-eger-ne-ulqin-video\/","title":{"rendered":"&#8220;Ringjallet&#8221; deponia e eg\u00ebr n\u00eb Ulqin &#8211; Video"},"content":{"rendered":"<p><a href=\"http:\/\/www.visit-ulcinj.com\/blog\/wp-content\/uploads\/2014\/02\/Divlje-deponije-Ulcinja.jpg\"><img loading=\"lazy\" class=\"alignleft  wp-image-79965\" alt=\"Divlje deponije Ulcinja\" src=\"http:\/\/www.visit-ulcinj.com\/blog\/wp-content\/uploads\/2014\/02\/Divlje-deponije-Ulcinja.jpg\" width=\"508\" height=\"360\" \/><\/a>TV Teuta k\u00ebto dit\u00eb b\u00ebri nj\u00eb reportazhe mbi deponin\u00eb e eg\u00ebr q\u00eb \u00ebsht\u00eb shum\u00eb alarmante n\u00eb komun\u00ebn e Ulqinit.<br \/>\nSi duket qytetit t\u00eb Ulqinit nuk i shkon pa nj\u00eb deponi t\u00eb eg\u00ebr gjat\u00eb. Situata \u00ebsht\u00eb thuajse e nj\u00ebjt\u00eb si edhe para disa viteve kur ky qytet si dhe fshatrat p\u00ebr rreth sikurse Bratica, Mali i bardhe, rruga q\u00eb \u00e7on\u00eb p\u00ebr n\u00eb Kru\u00e7, apo rruga p\u00ebr gjirin e Valdanosit sikurse edhe deponit e egra n\u00eb plazhin e madh\u00eb ishin t\u00eb rrezikuar nga s\u00ebmundjet e ndryshme nga sasia e madhe e hedhurinave e grumbulluara.<br \/>\nGjat\u00eb grumbullimit t\u00eb hedhurinave dhe mos transportit t\u00eb tyre, por edhe n\u00ebse transportohen, ai vend b\u00ebhet \u00e7erdhe e insekteve t\u00eb ndryshme, shpez\u00ebve t\u00eb cil\u00ebt m\u00eb pas e p\u00ebrhapin ndonj\u00eb epidemi. Ai vend \u00a0\u00ebsht\u00eb potencial p\u00ebr epidemi t\u00eb ndryshme prandaj dislokimi i saj do t\u00eb ishte zgjidhja m\u00eb e mir\u00eb. Krijimi i nj\u00eb deponie t\u00eb eg\u00ebr \u00ebsht\u00eb e d\u00ebmshme p\u00ebr popullat\u00ebn e k\u00ebtij qyteti\u201d, deklaroj Dragan Briskoviq antar\u00eb i OJQ &#8221; Hapi i Gjelbert &#8221; Uqin p\u00ebr Tv Teuta.<\/p>\n<p>Ai shton m\u00eb tej se gjat\u00eb grumbullimit t\u00eb mbeturinave t\u00eb nj\u00ebjtat duhet t\u00eb selektohen nd\u00ebrsa kujdes duhet t\u00eb ket\u00eb q\u00eb t\u00eb ato mos digjen sepse pluhuri i tyre \u00ebsht\u00eb i rreziksh\u00ebm p\u00ebr higijen\u00ebn\u00a0sh\u00ebndet\u00ebsore t\u00eb njeriut.<\/p>\n<p><strong>Video Tv Teuta \u2013 Suzana Ganic<\/strong><\/p>\n<!--YouTube Error: bad URL entered-->\n","protected":false},"excerpt":{"rendered":"<p>TV Teuta k\u00ebto dit\u00eb b\u00ebri nj\u00eb reportazhe mbi deponin\u00eb e eg\u00ebr q\u00eb \u00ebsht\u00eb shum\u00eb alarmante n\u00eb komun\u00ebn e Ulqinit. Si duket qytetit t\u00eb Ulqinit nuk i shkon pa nj\u00eb deponi t\u00eb eg\u00ebr gjat\u00eb. Situata \u00ebsht\u00eb thuajse e nj\u00ebjt\u00eb si edhe para disa viteve kur ky qytet si dhe fshatrat p\u00ebr rreth sikurse Bratica, Mali i [&hellip;]<\/p>\n","protected":false},"author":1,"featured_media":0,"comment_status":"closed","ping_status":"closed","sticky":false,"template":"","format":"standard","meta":{"spay_email":"","jetpack_publicize_message":"","jetpack_is_tweetstorm":false,"jetpack_publicize_feature_enabled":true},"categories":[1,11],"tags":[],"jetpack_publicize_connections":[],"yoast_head":"<!-- This site is optimized with the Yoast SEO plugin v19.1 - https:\/\/yoast.com\/wordpress\/plugins\/seo\/ -->\n<title>&quot;Ringjallet&quot; deponia e eg\u00ebr n\u00eb Ulqin - Video - Lajme nga Ulqini<\/title>\n<meta name=\"description\" content=\"TV Teuta k\u00ebto dit\u00eb b\u00ebri nj\u00eb reportazhe mbi deponin\u00eb e eg\u00ebr q\u00eb \u00ebsht\u00eb shum\u00eb alarmante n\u00eb komun\u00ebn e Ulqinit. Si duket qytetit t\u00eb Ulqinit nuk i shkon pa nj\u00eb\" \/>\n<meta name=\"robots\" content=\"index, follow, max-snippet:-1, max-image-preview:large, max-video-preview:-1\" \/>\n<link rel=\"canonical\" href=\"https:\/\/www.visit-ulcinj.com\/blog\/2014\/02\/21\/ringjallet-deponia-e-eger-ne-ulqin-video\/\" \/>\n<meta property=\"og:locale\" content=\"en_US\" \/>\n<meta property=\"og:type\" content=\"article\" \/>\n<meta property=\"og:title\" content=\"&quot;Ringjallet&quot; deponia e eg\u00ebr n\u00eb Ulqin - Video - Lajme nga Ulqini\" \/>\n<meta property=\"og:description\" content=\"TV Teuta k\u00ebto dit\u00eb b\u00ebri nj\u00eb reportazhe mbi deponin\u00eb e eg\u00ebr q\u00eb \u00ebsht\u00eb shum\u00eb alarmante n\u00eb komun\u00ebn e Ulqinit. Si duket qytetit t\u00eb Ulqinit nuk i shkon pa nj\u00eb\" \/>\n<meta property=\"og:url\" content=\"https:\/\/www.visit-ulcinj.com\/blog\/2014\/02\/21\/ringjallet-deponia-e-eger-ne-ulqin-video\/\" \/>\n<meta property=\"og:site_name\" content=\"Lajme nga Ulqini\" \/>\n<meta property=\"article:published_time\" content=\"2014-02-21T13:37:09+00:00\" \/>\n<meta property=\"article:modified_time\" content=\"2014-02-21T14:05:27+00:00\" \/>\n<meta property=\"og:image\" content=\"http:\/\/www.visit-ulcinj.com\/blog\/wp-content\/uploads\/2014\/02\/Divlje-deponije-Ulcinja.jpg\" \/>\n<meta name=\"twitter:label1\" content=\"Written by\" \/>\n\t<meta name=\"twitter:data1\" content=\"ulqini\" \/>\n\t<meta name=\"twitter:label2\" content=\"Est. reading time\" \/>\n\t<meta name=\"twitter:data2\" content=\"1 minute\" \/>\n<script type=\"application\/ld+json\" class=\"yoast-schema-graph\">{\"@context\":\"https:\/\/schema.org\",\"@graph\":[{\"@type\":\"WebSite\",\"@id\":\"https:\/\/www.visit-ulcinj.com\/blog\/#website\",\"url\":\"https:\/\/www.visit-ulcinj.com\/blog\/\",\"name\":\"Lajme nga Ulqini\",\"description\":\"Lajme,Vijesti,Ulqini,Ulqin,Crna Gora,Mali i Zi\",\"potentialAction\":[{\"@type\":\"SearchAction\",\"target\":{\"@type\":\"EntryPoint\",\"urlTemplate\":\"https:\/\/www.visit-ulcinj.com\/blog\/?s={search_term_string}\"},\"query-input\":\"required name=search_term_string\"}],\"inLanguage\":\"en-US\"},{\"@type\":\"ImageObject\",\"inLanguage\":\"en-US\",\"@id\":\"https:\/\/www.visit-ulcinj.com\/blog\/2014\/02\/21\/ringjallet-deponia-e-eger-ne-ulqin-video\/#primaryimage\",\"url\":\"https:\/\/www.visit-ulcinj.com\/blog\/wp-content\/uploads\/2014\/02\/Divlje-deponije-Ulcinja.jpg\",\"contentUrl\":\"https:\/\/www.visit-ulcinj.com\/blog\/wp-content\/uploads\/2014\/02\/Divlje-deponije-Ulcinja.jpg\",\"width\":525,\"height\":394},{\"@type\":\"WebPage\",\"@id\":\"https:\/\/www.visit-ulcinj.com\/blog\/2014\/02\/21\/ringjallet-deponia-e-eger-ne-ulqin-video\/#webpage\",\"url\":\"https:\/\/www.visit-ulcinj.com\/blog\/2014\/02\/21\/ringjallet-deponia-e-eger-ne-ulqin-video\/\",\"name\":\"\\\"Ringjallet\\\" deponia e eg\u00ebr n\u00eb Ulqin - Video - Lajme nga Ulqini\",\"isPartOf\":{\"@id\":\"https:\/\/www.visit-ulcinj.com\/blog\/#website\"},\"primaryImageOfPage\":{\"@id\":\"https:\/\/www.visit-ulcinj.com\/blog\/2014\/02\/21\/ringjallet-deponia-e-eger-ne-ulqin-video\/#primaryimage\"},\"datePublished\":\"2014-02-21T13:37:09+00:00\",\"dateModified\":\"2014-02-21T14:05:27+00:00\",\"author\":{\"@id\":\"https:\/\/www.visit-ulcinj.com\/blog\/#\/schema\/person\/dcab619c614d3038751c63bc2aadc06d\"},\"description\":\"TV Teuta k\u00ebto dit\u00eb b\u00ebri nj\u00eb reportazhe mbi deponin\u00eb e eg\u00ebr q\u00eb \u00ebsht\u00eb shum\u00eb alarmante n\u00eb komun\u00ebn e Ulqinit. Si duket qytetit t\u00eb Ulqinit nuk i shkon pa nj\u00eb\",\"breadcrumb\":{\"@id\":\"https:\/\/www.visit-ulcinj.com\/blog\/2014\/02\/21\/ringjallet-deponia-e-eger-ne-ulqin-video\/#breadcrumb\"},\"inLanguage\":\"en-US\",\"potentialAction\":[{\"@type\":\"ReadAction\",\"target\":[\"https:\/\/www.visit-ulcinj.com\/blog\/2014\/02\/21\/ringjallet-deponia-e-eger-ne-ulqin-video\/\"]}]},{\"@type\":\"BreadcrumbList\",\"@id\":\"https:\/\/www.visit-ulcinj.com\/blog\/2014\/02\/21\/ringjallet-deponia-e-eger-ne-ulqin-video\/#breadcrumb\",\"itemListElement\":[{\"@type\":\"ListItem\",\"position\":1,\"name\":\"&#8220;Ringjallet&#8221; deponia e eg\u00ebr n\u00eb Ulqin &#8211; Video\"}]},{\"@type\":\"Person\",\"@id\":\"https:\/\/www.visit-ulcinj.com\/blog\/#\/schema\/person\/dcab619c614d3038751c63bc2aadc06d\",\"name\":\"ulqini\",\"sameAs\":[\"http:\/\/www.visit-ulcinj.com\"],\"url\":\"https:\/\/www.visit-ulcinj.com\/blog\/author\/admin\/\"}]}<\/script>\n<!-- \/ Yoast SEO plugin. -->","yoast_head_json":{"title":"\"Ringjallet\" deponia e eg\u00ebr n\u00eb Ulqin - Video - Lajme nga Ulqini","description":"TV Teuta k\u00ebto dit\u00eb b\u00ebri nj\u00eb reportazhe mbi deponin\u00eb e eg\u00ebr q\u00eb \u00ebsht\u00eb shum\u00eb alarmante n\u00eb komun\u00ebn e Ulqinit. Si duket qytetit t\u00eb Ulqinit nuk i shkon pa nj\u00eb","robots":{"index":"index","follow":"follow","max-snippet":"max-snippet:-1","max-image-preview":"max-image-preview:large","max-video-preview":"max-video-preview:-1"},"canonical":"https:\/\/www.visit-ulcinj.com\/blog\/2014\/02\/21\/ringjallet-deponia-e-eger-ne-ulqin-video\/","og_locale":"en_US","og_type":"article","og_title":"\"Ringjallet\" deponia e eg\u00ebr n\u00eb Ulqin - Video - Lajme nga Ulqini","og_description":"TV Teuta k\u00ebto dit\u00eb b\u00ebri nj\u00eb reportazhe mbi deponin\u00eb e eg\u00ebr q\u00eb \u00ebsht\u00eb shum\u00eb alarmante n\u00eb komun\u00ebn e Ulqinit. Si duket qytetit t\u00eb Ulqinit nuk i shkon pa nj\u00eb","og_url":"https:\/\/www.visit-ulcinj.com\/blog\/2014\/02\/21\/ringjallet-deponia-e-eger-ne-ulqin-video\/","og_site_name":"Lajme nga Ulqini","article_published_time":"2014-02-21T13:37:09+00:00","article_modified_time":"2014-02-21T14:05:27+00:00","og_image":[{"url":"http:\/\/www.visit-ulcinj.com\/blog\/wp-content\/uploads\/2014\/02\/Divlje-deponije-Ulcinja.jpg"}],"twitter_misc":{"Written by":"ulqini","Est. reading time":"1 minute"},"schema":{"@context":"https:\/\/schema.org","@graph":[{"@type":"WebSite","@id":"https:\/\/www.visit-ulcinj.com\/blog\/#website","url":"https:\/\/www.visit-ulcinj.com\/blog\/","name":"Lajme nga Ulqini","description":"Lajme,Vijesti,Ulqini,Ulqin,Crna Gora,Mali i Zi","potentialAction":[{"@type":"SearchAction","target":{"@type":"EntryPoint","urlTemplate":"https:\/\/www.visit-ulcinj.com\/blog\/?s={search_term_string}"},"query-input":"required name=search_term_string"}],"inLanguage":"en-US"},{"@type":"ImageObject","inLanguage":"en-US","@id":"https:\/\/www.visit-ulcinj.com\/blog\/2014\/02\/21\/ringjallet-deponia-e-eger-ne-ulqin-video\/#primaryimage","url":"https:\/\/www.visit-ulcinj.com\/blog\/wp-content\/uploads\/2014\/02\/Divlje-deponije-Ulcinja.jpg","contentUrl":"https:\/\/www.visit-ulcinj.com\/blog\/wp-content\/uploads\/2014\/02\/Divlje-deponije-Ulcinja.jpg","width":525,"height":394},{"@type":"WebPage","@id":"https:\/\/www.visit-ulcinj.com\/blog\/2014\/02\/21\/ringjallet-deponia-e-eger-ne-ulqin-video\/#webpage","url":"https:\/\/www.visit-ulcinj.com\/blog\/2014\/02\/21\/ringjallet-deponia-e-eger-ne-ulqin-video\/","name":"\"Ringjallet\" deponia e eg\u00ebr n\u00eb Ulqin - Video - Lajme nga Ulqini","isPartOf":{"@id":"https:\/\/www.visit-ulcinj.com\/blog\/#website"},"primaryImageOfPage":{"@id":"https:\/\/www.visit-ulcinj.com\/blog\/2014\/02\/21\/ringjallet-deponia-e-eger-ne-ulqin-video\/#primaryimage"},"datePublished":"2014-02-21T13:37:09+00:00","dateModified":"2014-02-21T14:05:27+00:00","author":{"@id":"https:\/\/www.visit-ulcinj.com\/blog\/#\/schema\/person\/dcab619c614d3038751c63bc2aadc06d"},"description":"TV Teuta k\u00ebto dit\u00eb b\u00ebri nj\u00eb reportazhe mbi deponin\u00eb e eg\u00ebr q\u00eb \u00ebsht\u00eb shum\u00eb alarmante n\u00eb komun\u00ebn e Ulqinit. Si duket qytetit t\u00eb Ulqinit nuk i shkon pa nj\u00eb","breadcrumb":{"@id":"https:\/\/www.visit-ulcinj.com\/blog\/2014\/02\/21\/ringjallet-deponia-e-eger-ne-ulqin-video\/#breadcrumb"},"inLanguage":"en-US","potentialAction":[{"@type":"ReadAction","target":["https:\/\/www.visit-ulcinj.com\/blog\/2014\/02\/21\/ringjallet-deponia-e-eger-ne-ulqin-video\/"]}]},{"@type":"BreadcrumbList","@id":"https:\/\/www.visit-ulcinj.com\/blog\/2014\/02\/21\/ringjallet-deponia-e-eger-ne-ulqin-video\/#breadcrumb","itemListElement":[{"@type":"ListItem","position":1,"name":"&#8220;Ringjallet&#8221; deponia e eg\u00ebr n\u00eb Ulqin &#8211; Video"}]},{"@type":"Person","@id":"https:\/\/www.visit-ulcinj.com\/blog\/#\/schema\/person\/dcab619c614d3038751c63bc2aadc06d","name":"ulqini","sameAs":["http:\/\/www.visit-ulcinj.com"],"url":"https:\/\/www.visit-ulcinj.com\/blog\/author\/admin\/"}]}},"jetpack_featured_media_url":"","jetpack_sharing_enabled":true,"jetpack_shortlink":"https:\/\/wp.me\/pe6lTn-kNR","_links":{"self":[{"href":"https:\/\/www.visit-ulcinj.com\/blog\/wp-json\/wp\/v2\/posts\/79971"}],"collection":[{"href":"https:\/\/www.visit-ulcinj.com\/blog\/wp-json\/wp\/v2\/posts"}],"about":[{"href":"https:\/\/www.visit-ulcinj.com\/blog\/wp-json\/wp\/v2\/types\/post"}],"author":[{"embeddable":true,"href":"https:\/\/www.visit-ulcinj.com\/blog\/wp-json\/wp\/v2\/users\/1"}],"replies":[{"embeddable":true,"href":"https:\/\/www.visit-ulcinj.com\/blog\/wp-json\/wp\/v2\/comments?post=79971"}],"version-history":[{"count":1,"href":"https:\/\/www.visit-ulcinj.com\/blog\/wp-json\/wp\/v2\/posts\/79971\/revisions"}],"predecessor-version":[{"id":79972,"href":"https:\/\/www.visit-ulcinj.com\/blog\/wp-json\/wp\/v2\/posts\/79971\/revisions\/79972"}],"wp:attachment":[{"href":"https:\/\/www.visit-ulcinj.com\/blog\/wp-json\/wp\/v2\/media?parent=79971"}],"wp:term":[{"taxonomy":"category","embeddable":true,"href":"https:\/\/www.visit-ulcinj.com\/blog\/wp-json\/wp\/v2\/categories?post=79971"},{"taxonomy":"post_tag","embeddable":true,"href":"https:\/\/www.visit-ulcinj.com\/blog\/wp-json\/wp\/v2\/tags?post=79971"}],"curies":[{"name":"wp","href":"https:\/\/api.w.org\/{rel}","templated":true}]}}