{"id":79973,"date":"2014-02-21T15:04:29","date_gmt":"2014-02-21T14:04:29","guid":{"rendered":"http:\/\/www.visit-ulcinj.com\/blog\/?p=79973"},"modified":"2014-02-21T18:28:40","modified_gmt":"2014-02-21T17:28:40","slug":"shoqatat-shqiptare-ne-shba-reagojne-ndaj-kercenimeve-te-gjukanoviqit","status":"publish","type":"post","link":"https:\/\/www.visit-ulcinj.com\/blog\/2014\/02\/21\/shoqatat-shqiptare-ne-shba-reagojne-ndaj-kercenimeve-te-gjukanoviqit\/","title":{"rendered":"Shoqatat shqiptare n\u00eb SHBA reagojn\u00eb ndaj k\u00ebrc\u00ebnimeve t\u00eb Gjukanoviqit"},"content":{"rendered":"<p><a href=\"http:\/\/www.visit-ulcinj.com\/blog\/wp-content\/uploads\/2014\/02\/shoqatat-shqiptare-ne-Amerike-1.jpg\"><img loading=\"lazy\" class=\"alignleft  wp-image-79338\" alt=\"shoqatat-shqiptare-ne-Amerike-1\" src=\"http:\/\/www.visit-ulcinj.com\/blog\/wp-content\/uploads\/2014\/02\/shoqatat-shqiptare-ne-Amerike-1.jpg\" width=\"508\" height=\"360\" \/><\/a>Tet\u00eb shoqatat shqiptare n\u00eb SHBA me origjin\u00eb nga trojet etnike n\u00eb Mal t\u00eb Zi kan\u00eb d\u00ebnuar ashp\u00ebr k\u00ebrc\u00ebnimet e kryeministrit malazez, Milo Gjukanoviq, i cili pas bashkimit t\u00eb partive shqiptare p\u00ebr t\u00eb qeverisur me Ulqinin deklaroi se, PDS prej tani do te sillet ndryshe ndaj shqiptar\u00ebve.<\/p>\n<p>\u201dNuk do mund t\u00eb na nxjerrin nga pozita jon\u00eb n\u00eb shtet.E nga kjo pozit\u00eb jona druaj se do t\u00eb varen interesat e tyre t\u00eb caktuara politike\u201d, deklaroi Gjukanovic, e cila deklarat\u00eb nga shoqatat u vler\u00ebsua si nj\u00eb provokim i r\u00ebnd\u00eb p\u00ebr t\u00eb gjith\u00eb shqiptar\u00ebt n\u00eb rajon.<\/p>\n<p>\u201dNe, diaspora shqiptare n\u00eb SHBA, ia b\u00ebjm\u00eb me dije shtetit malazez dhe pushtetar\u00ebve t\u00eb tij se ne dim\u00eb dhe kemi potenciale q\u00eb k\u00ebrcenimeve t\u00eb tilla t\u2019iu kund\u00ebrp\u00ebrgjigjemi qart\u00eb dhe fort. Ne nuk do t\u00eb ndalemi n\u00eb k\u00ebrkesat tona legjitime q\u00eb shqiptar\u00ebt n\u00ebn Mal t\u00eb Zi t\u00eb g\u00ebzojn\u00eb t\u00eb drejtat q\u00eb u takojn\u00eb n\u00eb baz\u00eb t\u00eb konventave nd\u00ebrkomb\u00ebtare t\u00eb bot\u00ebs demokratike.<\/p>\n<p>Nd\u00ebrsa, Malit t\u00eb Zi nuk duhet lejuar hyrja n\u00eb BE duke n\u00ebp\u00ebrk\u00ebmbur t\u00eb drejtat e popullat\u00ebs autoktone shqiptare n\u00ebn Mal t\u00eb Zi\u201d, thuhet nd\u00ebr t\u00eb tjera n\u00eb reagimin e shoqatave shqiptare, t\u00eb cilat paralajm\u00ebrojn\u00eb se disapora shqiptare n\u00eb SHBA do t\u00eb ngrej\u00eb fuqish\u00ebm z\u00ebrin n\u00eb mbrojtje t\u00eb interesave nacionale t\u00eb shqiptar\u00ebve n\u00ebn Mal t\u00eb Zi t\u00eb cilat po shkelen sistematikisht nga shteti malazez me n\u00eb krye, Milo Gjukanoviqin.<\/p>\n<p><strong>Gazeta Express<\/strong><\/p>\n","protected":false},"excerpt":{"rendered":"<p>Tet\u00eb shoqatat shqiptare n\u00eb SHBA me origjin\u00eb nga trojet etnike n\u00eb Mal t\u00eb Zi kan\u00eb d\u00ebnuar ashp\u00ebr k\u00ebrc\u00ebnimet e kryeministrit malazez, Milo Gjukanoviq, i cili pas bashkimit t\u00eb partive shqiptare p\u00ebr t\u00eb qeverisur me Ulqinin deklaroi se, PDS prej tani do te sillet ndryshe ndaj shqiptar\u00ebve. \u201dNuk do mund t\u00eb na nxjerrin nga pozita jon\u00eb [&hellip;]<\/p>\n","protected":false},"author":1,"featured_media":0,"comment_status":"closed","ping_status":"closed","sticky":false,"template":"","format":"standard","meta":{"spay_email":"","jetpack_publicize_message":"","jetpack_is_tweetstorm":false,"jetpack_publicize_feature_enabled":true},"categories":[7,1],"tags":[],"jetpack_publicize_connections":[],"yoast_head":"<!-- This site is optimized with the Yoast SEO plugin v19.1 - https:\/\/yoast.com\/wordpress\/plugins\/seo\/ -->\n<title>Shoqatat shqiptare n\u00eb SHBA reagojn\u00eb ndaj k\u00ebrc\u00ebnimeve t\u00eb Gjukanoviqit - Lajme nga Ulqini<\/title>\n<meta name=\"description\" content=\"Tet\u00eb shoqatat shqiptare n\u00eb SHBA me origjin\u00eb nga trojet etnike n\u00eb Mal t\u00eb Zi kan\u00eb d\u00ebnuar ashp\u00ebr k\u00ebrc\u00ebnimet e kryeministrit malazez, Milo Gjukanoviq, i cili\" \/>\n<meta name=\"robots\" content=\"index, follow, max-snippet:-1, max-image-preview:large, max-video-preview:-1\" \/>\n<link rel=\"canonical\" href=\"https:\/\/www.visit-ulcinj.com\/blog\/2014\/02\/21\/shoqatat-shqiptare-ne-shba-reagojne-ndaj-kercenimeve-te-gjukanoviqit\/\" \/>\n<meta property=\"og:locale\" content=\"en_US\" \/>\n<meta property=\"og:type\" content=\"article\" \/>\n<meta property=\"og:title\" content=\"Shoqatat shqiptare n\u00eb SHBA reagojn\u00eb ndaj k\u00ebrc\u00ebnimeve t\u00eb Gjukanoviqit - Lajme nga Ulqini\" \/>\n<meta property=\"og:description\" content=\"Tet\u00eb shoqatat shqiptare n\u00eb SHBA me origjin\u00eb nga trojet etnike n\u00eb Mal t\u00eb Zi kan\u00eb d\u00ebnuar ashp\u00ebr k\u00ebrc\u00ebnimet e kryeministrit malazez, Milo Gjukanoviq, i cili\" \/>\n<meta property=\"og:url\" content=\"https:\/\/www.visit-ulcinj.com\/blog\/2014\/02\/21\/shoqatat-shqiptare-ne-shba-reagojne-ndaj-kercenimeve-te-gjukanoviqit\/\" \/>\n<meta property=\"og:site_name\" content=\"Lajme nga Ulqini\" \/>\n<meta property=\"article:published_time\" content=\"2014-02-21T14:04:29+00:00\" \/>\n<meta property=\"article:modified_time\" content=\"2014-02-21T17:28:40+00:00\" \/>\n<meta property=\"og:image\" content=\"http:\/\/www.visit-ulcinj.com\/blog\/wp-content\/uploads\/2014\/02\/shoqatat-shqiptare-ne-Amerike-1.jpg\" \/>\n<meta name=\"twitter:label1\" content=\"Written by\" \/>\n\t<meta name=\"twitter:data1\" content=\"ulqini\" \/>\n\t<meta name=\"twitter:label2\" content=\"Est. reading time\" \/>\n\t<meta name=\"twitter:data2\" content=\"1 minute\" \/>\n<script type=\"application\/ld+json\" class=\"yoast-schema-graph\">{\"@context\":\"https:\/\/schema.org\",\"@graph\":[{\"@type\":\"WebSite\",\"@id\":\"https:\/\/www.visit-ulcinj.com\/blog\/#website\",\"url\":\"https:\/\/www.visit-ulcinj.com\/blog\/\",\"name\":\"Lajme nga Ulqini\",\"description\":\"Lajme,Vijesti,Ulqini,Ulqin,Crna Gora,Mali i Zi\",\"potentialAction\":[{\"@type\":\"SearchAction\",\"target\":{\"@type\":\"EntryPoint\",\"urlTemplate\":\"https:\/\/www.visit-ulcinj.com\/blog\/?s={search_term_string}\"},\"query-input\":\"required name=search_term_string\"}],\"inLanguage\":\"en-US\"},{\"@type\":\"ImageObject\",\"inLanguage\":\"en-US\",\"@id\":\"https:\/\/www.visit-ulcinj.com\/blog\/2014\/02\/21\/shoqatat-shqiptare-ne-shba-reagojne-ndaj-kercenimeve-te-gjukanoviqit\/#primaryimage\",\"url\":\"https:\/\/www.visit-ulcinj.com\/blog\/wp-content\/uploads\/2014\/02\/shoqatat-shqiptare-ne-Amerike-1.jpg\",\"contentUrl\":\"https:\/\/www.visit-ulcinj.com\/blog\/wp-content\/uploads\/2014\/02\/shoqatat-shqiptare-ne-Amerike-1.jpg\",\"width\":640,\"height\":427},{\"@type\":\"WebPage\",\"@id\":\"https:\/\/www.visit-ulcinj.com\/blog\/2014\/02\/21\/shoqatat-shqiptare-ne-shba-reagojne-ndaj-kercenimeve-te-gjukanoviqit\/#webpage\",\"url\":\"https:\/\/www.visit-ulcinj.com\/blog\/2014\/02\/21\/shoqatat-shqiptare-ne-shba-reagojne-ndaj-kercenimeve-te-gjukanoviqit\/\",\"name\":\"Shoqatat shqiptare n\u00eb SHBA reagojn\u00eb ndaj k\u00ebrc\u00ebnimeve t\u00eb Gjukanoviqit - Lajme nga Ulqini\",\"isPartOf\":{\"@id\":\"https:\/\/www.visit-ulcinj.com\/blog\/#website\"},\"primaryImageOfPage\":{\"@id\":\"https:\/\/www.visit-ulcinj.com\/blog\/2014\/02\/21\/shoqatat-shqiptare-ne-shba-reagojne-ndaj-kercenimeve-te-gjukanoviqit\/#primaryimage\"},\"datePublished\":\"2014-02-21T14:04:29+00:00\",\"dateModified\":\"2014-02-21T17:28:40+00:00\",\"author\":{\"@id\":\"https:\/\/www.visit-ulcinj.com\/blog\/#\/schema\/person\/dcab619c614d3038751c63bc2aadc06d\"},\"description\":\"Tet\u00eb shoqatat shqiptare n\u00eb SHBA me origjin\u00eb nga trojet etnike n\u00eb Mal t\u00eb Zi kan\u00eb d\u00ebnuar ashp\u00ebr k\u00ebrc\u00ebnimet e kryeministrit malazez, Milo Gjukanoviq, i cili\",\"breadcrumb\":{\"@id\":\"https:\/\/www.visit-ulcinj.com\/blog\/2014\/02\/21\/shoqatat-shqiptare-ne-shba-reagojne-ndaj-kercenimeve-te-gjukanoviqit\/#breadcrumb\"},\"inLanguage\":\"en-US\",\"potentialAction\":[{\"@type\":\"ReadAction\",\"target\":[\"https:\/\/www.visit-ulcinj.com\/blog\/2014\/02\/21\/shoqatat-shqiptare-ne-shba-reagojne-ndaj-kercenimeve-te-gjukanoviqit\/\"]}]},{\"@type\":\"BreadcrumbList\",\"@id\":\"https:\/\/www.visit-ulcinj.com\/blog\/2014\/02\/21\/shoqatat-shqiptare-ne-shba-reagojne-ndaj-kercenimeve-te-gjukanoviqit\/#breadcrumb\",\"itemListElement\":[{\"@type\":\"ListItem\",\"position\":1,\"name\":\"Shoqatat shqiptare n\u00eb SHBA reagojn\u00eb ndaj k\u00ebrc\u00ebnimeve t\u00eb Gjukanoviqit\"}]},{\"@type\":\"Person\",\"@id\":\"https:\/\/www.visit-ulcinj.com\/blog\/#\/schema\/person\/dcab619c614d3038751c63bc2aadc06d\",\"name\":\"ulqini\",\"sameAs\":[\"http:\/\/www.visit-ulcinj.com\"],\"url\":\"https:\/\/www.visit-ulcinj.com\/blog\/author\/admin\/\"}]}<\/script>\n<!-- \/ Yoast SEO plugin. -->","yoast_head_json":{"title":"Shoqatat shqiptare n\u00eb SHBA reagojn\u00eb ndaj k\u00ebrc\u00ebnimeve t\u00eb Gjukanoviqit - Lajme nga Ulqini","description":"Tet\u00eb shoqatat shqiptare n\u00eb SHBA me origjin\u00eb nga trojet etnike n\u00eb Mal t\u00eb Zi kan\u00eb d\u00ebnuar ashp\u00ebr k\u00ebrc\u00ebnimet e kryeministrit malazez, Milo Gjukanoviq, i cili","robots":{"index":"index","follow":"follow","max-snippet":"max-snippet:-1","max-image-preview":"max-image-preview:large","max-video-preview":"max-video-preview:-1"},"canonical":"https:\/\/www.visit-ulcinj.com\/blog\/2014\/02\/21\/shoqatat-shqiptare-ne-shba-reagojne-ndaj-kercenimeve-te-gjukanoviqit\/","og_locale":"en_US","og_type":"article","og_title":"Shoqatat shqiptare n\u00eb SHBA reagojn\u00eb ndaj k\u00ebrc\u00ebnimeve t\u00eb Gjukanoviqit - Lajme nga Ulqini","og_description":"Tet\u00eb shoqatat shqiptare n\u00eb SHBA me origjin\u00eb nga trojet etnike n\u00eb Mal t\u00eb Zi kan\u00eb d\u00ebnuar ashp\u00ebr k\u00ebrc\u00ebnimet e kryeministrit malazez, Milo Gjukanoviq, i cili","og_url":"https:\/\/www.visit-ulcinj.com\/blog\/2014\/02\/21\/shoqatat-shqiptare-ne-shba-reagojne-ndaj-kercenimeve-te-gjukanoviqit\/","og_site_name":"Lajme nga Ulqini","article_published_time":"2014-02-21T14:04:29+00:00","article_modified_time":"2014-02-21T17:28:40+00:00","og_image":[{"url":"http:\/\/www.visit-ulcinj.com\/blog\/wp-content\/uploads\/2014\/02\/shoqatat-shqiptare-ne-Amerike-1.jpg"}],"twitter_misc":{"Written by":"ulqini","Est. reading time":"1 minute"},"schema":{"@context":"https:\/\/schema.org","@graph":[{"@type":"WebSite","@id":"https:\/\/www.visit-ulcinj.com\/blog\/#website","url":"https:\/\/www.visit-ulcinj.com\/blog\/","name":"Lajme nga Ulqini","description":"Lajme,Vijesti,Ulqini,Ulqin,Crna Gora,Mali i Zi","potentialAction":[{"@type":"SearchAction","target":{"@type":"EntryPoint","urlTemplate":"https:\/\/www.visit-ulcinj.com\/blog\/?s={search_term_string}"},"query-input":"required name=search_term_string"}],"inLanguage":"en-US"},{"@type":"ImageObject","inLanguage":"en-US","@id":"https:\/\/www.visit-ulcinj.com\/blog\/2014\/02\/21\/shoqatat-shqiptare-ne-shba-reagojne-ndaj-kercenimeve-te-gjukanoviqit\/#primaryimage","url":"https:\/\/www.visit-ulcinj.com\/blog\/wp-content\/uploads\/2014\/02\/shoqatat-shqiptare-ne-Amerike-1.jpg","contentUrl":"https:\/\/www.visit-ulcinj.com\/blog\/wp-content\/uploads\/2014\/02\/shoqatat-shqiptare-ne-Amerike-1.jpg","width":640,"height":427},{"@type":"WebPage","@id":"https:\/\/www.visit-ulcinj.com\/blog\/2014\/02\/21\/shoqatat-shqiptare-ne-shba-reagojne-ndaj-kercenimeve-te-gjukanoviqit\/#webpage","url":"https:\/\/www.visit-ulcinj.com\/blog\/2014\/02\/21\/shoqatat-shqiptare-ne-shba-reagojne-ndaj-kercenimeve-te-gjukanoviqit\/","name":"Shoqatat shqiptare n\u00eb SHBA reagojn\u00eb ndaj k\u00ebrc\u00ebnimeve t\u00eb Gjukanoviqit - Lajme nga Ulqini","isPartOf":{"@id":"https:\/\/www.visit-ulcinj.com\/blog\/#website"},"primaryImageOfPage":{"@id":"https:\/\/www.visit-ulcinj.com\/blog\/2014\/02\/21\/shoqatat-shqiptare-ne-shba-reagojne-ndaj-kercenimeve-te-gjukanoviqit\/#primaryimage"},"datePublished":"2014-02-21T14:04:29+00:00","dateModified":"2014-02-21T17:28:40+00:00","author":{"@id":"https:\/\/www.visit-ulcinj.com\/blog\/#\/schema\/person\/dcab619c614d3038751c63bc2aadc06d"},"description":"Tet\u00eb shoqatat shqiptare n\u00eb SHBA me origjin\u00eb nga trojet etnike n\u00eb Mal t\u00eb Zi kan\u00eb d\u00ebnuar ashp\u00ebr k\u00ebrc\u00ebnimet e kryeministrit malazez, Milo Gjukanoviq, i cili","breadcrumb":{"@id":"https:\/\/www.visit-ulcinj.com\/blog\/2014\/02\/21\/shoqatat-shqiptare-ne-shba-reagojne-ndaj-kercenimeve-te-gjukanoviqit\/#breadcrumb"},"inLanguage":"en-US","potentialAction":[{"@type":"ReadAction","target":["https:\/\/www.visit-ulcinj.com\/blog\/2014\/02\/21\/shoqatat-shqiptare-ne-shba-reagojne-ndaj-kercenimeve-te-gjukanoviqit\/"]}]},{"@type":"BreadcrumbList","@id":"https:\/\/www.visit-ulcinj.com\/blog\/2014\/02\/21\/shoqatat-shqiptare-ne-shba-reagojne-ndaj-kercenimeve-te-gjukanoviqit\/#breadcrumb","itemListElement":[{"@type":"ListItem","position":1,"name":"Shoqatat shqiptare n\u00eb SHBA reagojn\u00eb ndaj k\u00ebrc\u00ebnimeve t\u00eb Gjukanoviqit"}]},{"@type":"Person","@id":"https:\/\/www.visit-ulcinj.com\/blog\/#\/schema\/person\/dcab619c614d3038751c63bc2aadc06d","name":"ulqini","sameAs":["http:\/\/www.visit-ulcinj.com"],"url":"https:\/\/www.visit-ulcinj.com\/blog\/author\/admin\/"}]}},"jetpack_featured_media_url":"","jetpack_sharing_enabled":true,"jetpack_shortlink":"https:\/\/wp.me\/pe6lTn-kNT","_links":{"self":[{"href":"https:\/\/www.visit-ulcinj.com\/blog\/wp-json\/wp\/v2\/posts\/79973"}],"collection":[{"href":"https:\/\/www.visit-ulcinj.com\/blog\/wp-json\/wp\/v2\/posts"}],"about":[{"href":"https:\/\/www.visit-ulcinj.com\/blog\/wp-json\/wp\/v2\/types\/post"}],"author":[{"embeddable":true,"href":"https:\/\/www.visit-ulcinj.com\/blog\/wp-json\/wp\/v2\/users\/1"}],"replies":[{"embeddable":true,"href":"https:\/\/www.visit-ulcinj.com\/blog\/wp-json\/wp\/v2\/comments?post=79973"}],"version-history":[{"count":1,"href":"https:\/\/www.visit-ulcinj.com\/blog\/wp-json\/wp\/v2\/posts\/79973\/revisions"}],"predecessor-version":[{"id":79974,"href":"https:\/\/www.visit-ulcinj.com\/blog\/wp-json\/wp\/v2\/posts\/79973\/revisions\/79974"}],"wp:attachment":[{"href":"https:\/\/www.visit-ulcinj.com\/blog\/wp-json\/wp\/v2\/media?parent=79973"}],"wp:term":[{"taxonomy":"category","embeddable":true,"href":"https:\/\/www.visit-ulcinj.com\/blog\/wp-json\/wp\/v2\/categories?post=79973"},{"taxonomy":"post_tag","embeddable":true,"href":"https:\/\/www.visit-ulcinj.com\/blog\/wp-json\/wp\/v2\/tags?post=79973"}],"curies":[{"name":"wp","href":"https:\/\/api.w.org\/{rel}","templated":true}]}}