{"id":79975,"date":"2014-02-21T18:26:49","date_gmt":"2014-02-21T17:26:49","guid":{"rendered":"http:\/\/www.visit-ulcinj.com\/blog\/?p=79975"},"modified":"2014-03-06T05:37:48","modified_gmt":"2014-03-06T04:37:48","slug":"interviste-me-deputetin-e-forces-genci-nimanbegu-video","status":"publish","type":"post","link":"https:\/\/www.visit-ulcinj.com\/blog\/2014\/02\/21\/interviste-me-deputetin-e-forces-genci-nimanbegu-video\/","title":{"rendered":"Intervist\u00eb me deputetin e Forc\u00ebs, Genci Nimanbegu &#8211; Video"},"content":{"rendered":"<p><b><a href=\"http:\/\/www.visit-ulcinj.com\/blog\/2014\/02\/21\/interviste-deputetin-e-forces-genci-nimanbegu-video\/\" target=\"_blank\"><img loading=\"lazy\" class=\"alignleft  wp-image-79976\" alt=\"ILMIRA LIKA INTERVIST ME GENCI NIMANBEGUN\" src=\"http:\/\/www.visit-ulcinj.com\/blog\/wp-content\/uploads\/2014\/02\/ILMIRA-LIKA-INTERVIST-ME-GENCI-NIMANBEGUN.jpg\" width=\"508\" height=\"335\" \/><\/a>Jav\u00ebn e kaluar deputet\u00ebt e\u00a0 partitve shqiptare, Genci Nimanbegu dhe Fatmir Gjeka, s\u00eb bashku me ato t\u00eb Partis\u00eb boshnjake u larguan nga Kuvendi, duke mos votuar projekt-ligjin p\u00ebr zgjedhjen e k\u00ebshilltar\u00ebve dhe deputet\u00ebve, pasi nuk u pranuan amendamentet e tyre n\u00eb lidhje me veprimin afirmativ n\u00eb nivel lokal t\u00eb partive t\u00eb pakicave.<\/b><\/p>\n<p>PDS \u00ebsht\u00eb dasht\u00eb ti propozoj\u00eb amendamentet e partive t\u00eb pakicave n\u00eb Ligjin zgjedhor si propozime t\u00eb vetat , ka theksuar\u00a0 deputeti i Forc\u00ebs Genci Nimanbegu, duke shtuar se n\u00eb t\u00eb ardhmen t\u00eb gjitha partit\u00eb opozitare dhe ato n\u00eb pushtet duhet t\u00eb ken\u00eb m\u00eb tep\u00ebr kujdes p\u00ebr pakicat ,n\u00ebse d\u00ebshirojn\u00eb q\u00eb Mali i Zi me t\u00eb v\u00ebrtet\u00eb t\u00eb jet\u00eb shtet qytetar\u00eb.<\/p>\n<p>P\u00ebrfaq\u00ebsuesit e k\u00ebtyre partive k\u00ebrkuan q\u00eb n\u00ebse asnj\u00eb parti e pakicave nuk e kalon pragun ather\u00eb t\u00eb num\u00ebrohen t\u00eb\u00a0 gjitha votat p\u00ebr t\u00eb fituar nj\u00eb mandat p\u00ebr partin\u00eb m\u00eb t\u00eb fort\u00eb t\u00eb tyre.<\/p>\n<p>Nimanbegu \u00a0ka p\u00ebrkujtuar se gjat\u00eb debatit \u00a0n\u00eb parlament jan\u00eb refuzuar amendamentet e partive t\u00eb pakicave n\u00eb Kodin zgjedhor, pas t\u00eb cilave p\u00ebrfaq\u00ebsuesit e tyre jan\u00eb dal nga seanca kuvendore. Kjo , nuk \u00ebsht\u00eb hera e par\u00eb q\u00eb refuzohen amendamentet e partive dhe pakicave, mir\u00ebpo si\u00e7 duket ,\u00ebsht\u00eb hera e par\u00eb q\u00eb ishin s\u00eb bashku p\u00ebrfaq\u00ebsuesit e Partis\u00eb boshnjake dhe t\u00eb partive shqiptare<\/p>\n<p>Deputeti i Forc\u00ebs Genci Nimanbegu, tha se politika shqiptare duhet t\u00eb kujdeset p\u00ebr veten e vet. Ai shtoi se Forca beson se procesi zgjedhor \u00ebsht\u00eb larg nga ai demokratik dhe se besimi duhet t\u00eb rikthehet.\/Lajme nga Ulqini\/<\/p>\n<p><strong>TV TEUTA ILMIRA LIKA INTERVIST ME GENCI NIMANBEGUN<\/strong><\/p>\n<!--YouTube Error: bad URL entered-->\n","protected":false},"excerpt":{"rendered":"<p>Jav\u00ebn e kaluar deputet\u00ebt e\u00a0 partitve shqiptare, Genci Nimanbegu dhe Fatmir Gjeka, s\u00eb bashku me ato t\u00eb Partis\u00eb boshnjake u larguan nga Kuvendi, duke mos votuar projekt-ligjin p\u00ebr zgjedhjen e k\u00ebshilltar\u00ebve dhe deputet\u00ebve, pasi nuk u pranuan amendamentet e tyre n\u00eb lidhje me veprimin afirmativ n\u00eb nivel lokal t\u00eb partive t\u00eb pakicave. PDS \u00ebsht\u00eb dasht\u00eb [&hellip;]<\/p>\n","protected":false},"author":1,"featured_media":0,"comment_status":"closed","ping_status":"closed","sticky":false,"template":"","format":"standard","meta":{"spay_email":"","jetpack_publicize_message":"","jetpack_is_tweetstorm":false,"jetpack_publicize_feature_enabled":true},"categories":[5,1],"tags":[],"jetpack_publicize_connections":[],"yoast_head":"<!-- This site is optimized with the Yoast SEO plugin v19.1 - https:\/\/yoast.com\/wordpress\/plugins\/seo\/ -->\n<title>Intervist\u00eb me deputetin e Forc\u00ebs, Genci Nimanbegu - Video - Lajme nga Ulqini<\/title>\n<meta name=\"description\" content=\"Jav\u00ebn e kaluar deputet\u00ebt e\u00a0 partitve shqiptare, Genci Nimanbegu dhe Fatmir Gjeka, s\u00eb bashku me ato t\u00eb Partis\u00eb boshnjake u larguan nga Kuvendi, duke mos\" \/>\n<meta name=\"robots\" content=\"index, follow, max-snippet:-1, max-image-preview:large, max-video-preview:-1\" \/>\n<link rel=\"canonical\" href=\"https:\/\/www.visit-ulcinj.com\/blog\/2014\/02\/21\/interviste-me-deputetin-e-forces-genci-nimanbegu-video\/\" \/>\n<meta property=\"og:locale\" content=\"en_US\" \/>\n<meta property=\"og:type\" content=\"article\" \/>\n<meta property=\"og:title\" content=\"Intervist\u00eb me deputetin e Forc\u00ebs, Genci Nimanbegu - Video - Lajme nga Ulqini\" \/>\n<meta property=\"og:description\" content=\"Jav\u00ebn e kaluar deputet\u00ebt e\u00a0 partitve shqiptare, Genci Nimanbegu dhe Fatmir Gjeka, s\u00eb bashku me ato t\u00eb Partis\u00eb boshnjake u larguan nga Kuvendi, duke mos\" \/>\n<meta property=\"og:url\" content=\"https:\/\/www.visit-ulcinj.com\/blog\/2014\/02\/21\/interviste-me-deputetin-e-forces-genci-nimanbegu-video\/\" \/>\n<meta property=\"og:site_name\" content=\"Lajme nga Ulqini\" \/>\n<meta property=\"article:published_time\" content=\"2014-02-21T17:26:49+00:00\" \/>\n<meta property=\"article:modified_time\" content=\"2014-03-06T04:37:48+00:00\" \/>\n<meta property=\"og:image\" content=\"http:\/\/www.visit-ulcinj.com\/blog\/wp-content\/uploads\/2014\/02\/ILMIRA-LIKA-INTERVIST-ME-GENCI-NIMANBEGUN.jpg\" \/>\n<meta name=\"twitter:label1\" content=\"Written by\" \/>\n\t<meta name=\"twitter:data1\" content=\"ulqini\" \/>\n\t<meta name=\"twitter:label2\" content=\"Est. reading time\" \/>\n\t<meta name=\"twitter:data2\" content=\"1 minute\" \/>\n<script type=\"application\/ld+json\" class=\"yoast-schema-graph\">{\"@context\":\"https:\/\/schema.org\",\"@graph\":[{\"@type\":\"WebSite\",\"@id\":\"https:\/\/www.visit-ulcinj.com\/blog\/#website\",\"url\":\"https:\/\/www.visit-ulcinj.com\/blog\/\",\"name\":\"Lajme nga Ulqini\",\"description\":\"Lajme,Vijesti,Ulqini,Ulqin,Crna Gora,Mali i Zi\",\"potentialAction\":[{\"@type\":\"SearchAction\",\"target\":{\"@type\":\"EntryPoint\",\"urlTemplate\":\"https:\/\/www.visit-ulcinj.com\/blog\/?s={search_term_string}\"},\"query-input\":\"required name=search_term_string\"}],\"inLanguage\":\"en-US\"},{\"@type\":\"ImageObject\",\"inLanguage\":\"en-US\",\"@id\":\"https:\/\/www.visit-ulcinj.com\/blog\/2014\/02\/21\/interviste-me-deputetin-e-forces-genci-nimanbegu-video\/#primaryimage\",\"url\":\"https:\/\/www.visit-ulcinj.com\/blog\/wp-content\/uploads\/2014\/02\/ILMIRA-LIKA-INTERVIST-ME-GENCI-NIMANBEGUN.jpg\",\"contentUrl\":\"https:\/\/www.visit-ulcinj.com\/blog\/wp-content\/uploads\/2014\/02\/ILMIRA-LIKA-INTERVIST-ME-GENCI-NIMANBEGUN.jpg\",\"width\":512,\"height\":335},{\"@type\":\"WebPage\",\"@id\":\"https:\/\/www.visit-ulcinj.com\/blog\/2014\/02\/21\/interviste-me-deputetin-e-forces-genci-nimanbegu-video\/#webpage\",\"url\":\"https:\/\/www.visit-ulcinj.com\/blog\/2014\/02\/21\/interviste-me-deputetin-e-forces-genci-nimanbegu-video\/\",\"name\":\"Intervist\u00eb me deputetin e Forc\u00ebs, Genci Nimanbegu - Video - Lajme nga Ulqini\",\"isPartOf\":{\"@id\":\"https:\/\/www.visit-ulcinj.com\/blog\/#website\"},\"primaryImageOfPage\":{\"@id\":\"https:\/\/www.visit-ulcinj.com\/blog\/2014\/02\/21\/interviste-me-deputetin-e-forces-genci-nimanbegu-video\/#primaryimage\"},\"datePublished\":\"2014-02-21T17:26:49+00:00\",\"dateModified\":\"2014-03-06T04:37:48+00:00\",\"author\":{\"@id\":\"https:\/\/www.visit-ulcinj.com\/blog\/#\/schema\/person\/dcab619c614d3038751c63bc2aadc06d\"},\"description\":\"Jav\u00ebn e kaluar deputet\u00ebt e\u00a0 partitve shqiptare, Genci Nimanbegu dhe Fatmir Gjeka, s\u00eb bashku me ato t\u00eb Partis\u00eb boshnjake u larguan nga Kuvendi, duke mos\",\"breadcrumb\":{\"@id\":\"https:\/\/www.visit-ulcinj.com\/blog\/2014\/02\/21\/interviste-me-deputetin-e-forces-genci-nimanbegu-video\/#breadcrumb\"},\"inLanguage\":\"en-US\",\"potentialAction\":[{\"@type\":\"ReadAction\",\"target\":[\"https:\/\/www.visit-ulcinj.com\/blog\/2014\/02\/21\/interviste-me-deputetin-e-forces-genci-nimanbegu-video\/\"]}]},{\"@type\":\"BreadcrumbList\",\"@id\":\"https:\/\/www.visit-ulcinj.com\/blog\/2014\/02\/21\/interviste-me-deputetin-e-forces-genci-nimanbegu-video\/#breadcrumb\",\"itemListElement\":[{\"@type\":\"ListItem\",\"position\":1,\"name\":\"Intervist\u00eb me deputetin e Forc\u00ebs, Genci Nimanbegu &#8211; Video\"}]},{\"@type\":\"Person\",\"@id\":\"https:\/\/www.visit-ulcinj.com\/blog\/#\/schema\/person\/dcab619c614d3038751c63bc2aadc06d\",\"name\":\"ulqini\",\"sameAs\":[\"http:\/\/www.visit-ulcinj.com\"],\"url\":\"https:\/\/www.visit-ulcinj.com\/blog\/author\/admin\/\"}]}<\/script>\n<!-- \/ Yoast SEO plugin. -->","yoast_head_json":{"title":"Intervist\u00eb me deputetin e Forc\u00ebs, Genci Nimanbegu - Video - Lajme nga Ulqini","description":"Jav\u00ebn e kaluar deputet\u00ebt e\u00a0 partitve shqiptare, Genci Nimanbegu dhe Fatmir Gjeka, s\u00eb bashku me ato t\u00eb Partis\u00eb boshnjake u larguan nga Kuvendi, duke mos","robots":{"index":"index","follow":"follow","max-snippet":"max-snippet:-1","max-image-preview":"max-image-preview:large","max-video-preview":"max-video-preview:-1"},"canonical":"https:\/\/www.visit-ulcinj.com\/blog\/2014\/02\/21\/interviste-me-deputetin-e-forces-genci-nimanbegu-video\/","og_locale":"en_US","og_type":"article","og_title":"Intervist\u00eb me deputetin e Forc\u00ebs, Genci Nimanbegu - Video - Lajme nga Ulqini","og_description":"Jav\u00ebn e kaluar deputet\u00ebt e\u00a0 partitve shqiptare, Genci Nimanbegu dhe Fatmir Gjeka, s\u00eb bashku me ato t\u00eb Partis\u00eb boshnjake u larguan nga Kuvendi, duke mos","og_url":"https:\/\/www.visit-ulcinj.com\/blog\/2014\/02\/21\/interviste-me-deputetin-e-forces-genci-nimanbegu-video\/","og_site_name":"Lajme nga Ulqini","article_published_time":"2014-02-21T17:26:49+00:00","article_modified_time":"2014-03-06T04:37:48+00:00","og_image":[{"url":"http:\/\/www.visit-ulcinj.com\/blog\/wp-content\/uploads\/2014\/02\/ILMIRA-LIKA-INTERVIST-ME-GENCI-NIMANBEGUN.jpg"}],"twitter_misc":{"Written by":"ulqini","Est. reading time":"1 minute"},"schema":{"@context":"https:\/\/schema.org","@graph":[{"@type":"WebSite","@id":"https:\/\/www.visit-ulcinj.com\/blog\/#website","url":"https:\/\/www.visit-ulcinj.com\/blog\/","name":"Lajme nga Ulqini","description":"Lajme,Vijesti,Ulqini,Ulqin,Crna Gora,Mali i Zi","potentialAction":[{"@type":"SearchAction","target":{"@type":"EntryPoint","urlTemplate":"https:\/\/www.visit-ulcinj.com\/blog\/?s={search_term_string}"},"query-input":"required name=search_term_string"}],"inLanguage":"en-US"},{"@type":"ImageObject","inLanguage":"en-US","@id":"https:\/\/www.visit-ulcinj.com\/blog\/2014\/02\/21\/interviste-me-deputetin-e-forces-genci-nimanbegu-video\/#primaryimage","url":"https:\/\/www.visit-ulcinj.com\/blog\/wp-content\/uploads\/2014\/02\/ILMIRA-LIKA-INTERVIST-ME-GENCI-NIMANBEGUN.jpg","contentUrl":"https:\/\/www.visit-ulcinj.com\/blog\/wp-content\/uploads\/2014\/02\/ILMIRA-LIKA-INTERVIST-ME-GENCI-NIMANBEGUN.jpg","width":512,"height":335},{"@type":"WebPage","@id":"https:\/\/www.visit-ulcinj.com\/blog\/2014\/02\/21\/interviste-me-deputetin-e-forces-genci-nimanbegu-video\/#webpage","url":"https:\/\/www.visit-ulcinj.com\/blog\/2014\/02\/21\/interviste-me-deputetin-e-forces-genci-nimanbegu-video\/","name":"Intervist\u00eb me deputetin e Forc\u00ebs, Genci Nimanbegu - Video - Lajme nga Ulqini","isPartOf":{"@id":"https:\/\/www.visit-ulcinj.com\/blog\/#website"},"primaryImageOfPage":{"@id":"https:\/\/www.visit-ulcinj.com\/blog\/2014\/02\/21\/interviste-me-deputetin-e-forces-genci-nimanbegu-video\/#primaryimage"},"datePublished":"2014-02-21T17:26:49+00:00","dateModified":"2014-03-06T04:37:48+00:00","author":{"@id":"https:\/\/www.visit-ulcinj.com\/blog\/#\/schema\/person\/dcab619c614d3038751c63bc2aadc06d"},"description":"Jav\u00ebn e kaluar deputet\u00ebt e\u00a0 partitve shqiptare, Genci Nimanbegu dhe Fatmir Gjeka, s\u00eb bashku me ato t\u00eb Partis\u00eb boshnjake u larguan nga Kuvendi, duke mos","breadcrumb":{"@id":"https:\/\/www.visit-ulcinj.com\/blog\/2014\/02\/21\/interviste-me-deputetin-e-forces-genci-nimanbegu-video\/#breadcrumb"},"inLanguage":"en-US","potentialAction":[{"@type":"ReadAction","target":["https:\/\/www.visit-ulcinj.com\/blog\/2014\/02\/21\/interviste-me-deputetin-e-forces-genci-nimanbegu-video\/"]}]},{"@type":"BreadcrumbList","@id":"https:\/\/www.visit-ulcinj.com\/blog\/2014\/02\/21\/interviste-me-deputetin-e-forces-genci-nimanbegu-video\/#breadcrumb","itemListElement":[{"@type":"ListItem","position":1,"name":"Intervist\u00eb me deputetin e Forc\u00ebs, Genci Nimanbegu &#8211; Video"}]},{"@type":"Person","@id":"https:\/\/www.visit-ulcinj.com\/blog\/#\/schema\/person\/dcab619c614d3038751c63bc2aadc06d","name":"ulqini","sameAs":["http:\/\/www.visit-ulcinj.com"],"url":"https:\/\/www.visit-ulcinj.com\/blog\/author\/admin\/"}]}},"jetpack_featured_media_url":"","jetpack_sharing_enabled":true,"jetpack_shortlink":"https:\/\/wp.me\/pe6lTn-kNV","_links":{"self":[{"href":"https:\/\/www.visit-ulcinj.com\/blog\/wp-json\/wp\/v2\/posts\/79975"}],"collection":[{"href":"https:\/\/www.visit-ulcinj.com\/blog\/wp-json\/wp\/v2\/posts"}],"about":[{"href":"https:\/\/www.visit-ulcinj.com\/blog\/wp-json\/wp\/v2\/types\/post"}],"author":[{"embeddable":true,"href":"https:\/\/www.visit-ulcinj.com\/blog\/wp-json\/wp\/v2\/users\/1"}],"replies":[{"embeddable":true,"href":"https:\/\/www.visit-ulcinj.com\/blog\/wp-json\/wp\/v2\/comments?post=79975"}],"version-history":[{"count":5,"href":"https:\/\/www.visit-ulcinj.com\/blog\/wp-json\/wp\/v2\/posts\/79975\/revisions"}],"predecessor-version":[{"id":79981,"href":"https:\/\/www.visit-ulcinj.com\/blog\/wp-json\/wp\/v2\/posts\/79975\/revisions\/79981"}],"wp:attachment":[{"href":"https:\/\/www.visit-ulcinj.com\/blog\/wp-json\/wp\/v2\/media?parent=79975"}],"wp:term":[{"taxonomy":"category","embeddable":true,"href":"https:\/\/www.visit-ulcinj.com\/blog\/wp-json\/wp\/v2\/categories?post=79975"},{"taxonomy":"post_tag","embeddable":true,"href":"https:\/\/www.visit-ulcinj.com\/blog\/wp-json\/wp\/v2\/tags?post=79975"}],"curies":[{"name":"wp","href":"https:\/\/api.w.org\/{rel}","templated":true}]}}