{"id":7999,"date":"2009-01-02T11:23:48","date_gmt":"2009-01-02T10:23:48","guid":{"rendered":"http:\/\/www.visit-ulcinj.com\/blog\/?p=7999"},"modified":"2009-01-02T11:28:33","modified_gmt":"2009-01-02T10:28:33","slug":"valdanos-na-tenderustrazbur-jedina-nada","status":"publish","type":"post","link":"https:\/\/www.visit-ulcinj.com\/blog\/2009\/01\/02\/valdanos-na-tenderustrazbur-jedina-nada\/","title":{"rendered":"Valdanos na tenderu,Strazbur jedina nada"},"content":{"rendered":"<div id=\"attachment_3667\" style=\"width: 360px\" class=\"wp-caption alignleft\"><a title=\"uvala valdanos\" href=\"http:\/\/www.visit-ulcinj.com\/blog\/wp-content\/uploads\/2008\/09\/valdanos_ulcinj_ulqin.jpg\" target=\"_blank\"><img aria-describedby=\"caption-attachment-3667\" loading=\"lazy\" class=\"size-full wp-image-3667\" title=\"valdanos_ulcinj_ulqin\" src=\"http:\/\/www.visit-ulcinj.com\/blog\/wp-content\/uploads\/2008\/09\/valdanos_ulcinj_ulqin.jpg\" alt=\"Uvala Valdanos\" width=\"350\" height=\"233\" srcset=\"https:\/\/www.visit-ulcinj.com\/blog\/wp-content\/uploads\/2008\/09\/valdanos_ulcinj_ulqin.jpg 980w, https:\/\/www.visit-ulcinj.com\/blog\/wp-content\/uploads\/2008\/09\/valdanos_ulcinj_ulqin-300x200.jpg 300w\" sizes=\"(max-width: 350px) 100vw, 350px\" \/><\/a><p id=\"caption-attachment-3667\" class=\"wp-caption-text\">Uvala Valdanos<\/p><\/div>\n<p>Sada ?e prakti?no biti stavljena ta?ka na otima?inu izvr\u0161enu prije ravno 30 godina. Sa izuzetkom \u0161to su oni koji su prigrabili tu imovinu 1978. godine mnogo bolje brinuli o tom prostoru\u201c, ka\u017ee stariji Ulcinjanin, vlasnik maslinjaka u Valdanosu.<br \/>\nI kao \u0161to se nijesu nikada pomirili sa odlukom nekada\u0161njeg Saveznog sekreta\u00adrijata za narodnu odbranu da im se, pod izgovorom da se tu \u017eeli izgraditi vojna baza, oduzme imovina, tako se ni sada mje\u0161tani ovog grada ne?e pomiriti sa odlukom Vlade premijera Mila ?uka\u00adnovi?a da se taj jedinstven prostor ustupi nekome u dugoro?ni zakup.<img loading=\"lazy\" class=\"alignright size-thumbnail wp-image-866\" title=\"D\u017eaudet Cakuli_ulcinj\" src=\"http:\/\/www.visit-ulcinj.com\/blog\/wp-content\/uploads\/2008\/03\/dzaudet-cakuli-2.thumbnail.jpg\" alt=\"D\u017eaudet Cakuli_ulcinj\" width=\"227\" height=\"154\" \/><br \/>\n<strong>ZEMLJA I DU\u0160A:<\/strong> Razlozi za to su brojni. Ulcinjani su uvijek govorili da je, na ljestvici vrijednosti, zemlja tik ispod du\u0161e. Isto tako, gra?ani Ulcinja su veoma vezani za Valdanos: to je uvijek bio najbolji i najkvalitetniji dio ulcinjske Maslinade i zna?ajan izvor prihoda za preko 200 porodica. Posljednjih godina je primjetan trend vra?anja maslini, a kako opadaju primanja od turizma, maslinarstvo ponovo postaje va\u017ena privredna grana.<br \/>\nPredsjednik ulcinjskog Udru\u017eenja maslinara i potpredsjednik opozicione Nove demokratske snage- FORCA D\u017eaudet Cakuli je za na\u0161 nedjeljnik rekao da je na ovom primjeru prekr\u0161en Zakon o maslinarstvu, koji je propisao da je Valdanos za\u0161ti?ena zona. \u201eVlast na nezakonit na?in realizuje programe koji su protivni interesima domicilnog stanovni\u0161tva, \u0161to je u suprotnosti sa me?unarodnim dokumentima o lokal\u00adnoj samoupravi i ljudskim pravima, jer se u njima navodi da planiranje prostora mora biti u rukama op\u0161tine\u201c, obja\u0161njava on.<br \/>\n<img loading=\"lazy\" class=\"alignleft size-thumbnail wp-image-1234\" title=\"BARDHI1\" src=\"http:\/\/www.visit-ulcinj.com\/blog\/wp-content\/uploads\/2008\/04\/bardhi1.thumbnail.jpg\" alt=\"BARDHI1\" width=\"148\" height=\"178\" \/>Jo\u0161 je eksplicitniji predsjednik Demokratskog saveza u Crnoj Gori i poslanik u crnogorskom parlamentu Mehmet Bardhi. \u201eRaspisivanjem ten\u00addera Vlada Crne Gore, uz asistenciju i podr\u0161ku instalirane lokalne vlasti, zapo?inje zavr\u0161nu fazu okupacije najkvalitetnijih i najprofitabilnijih dijelova op\u0161tine Ulcinj\u201c ka\u017ee Bardhi za Monitor.<br \/>\nOn tvrdi da je jedino Skup\u0161tina op\u0161tine Ulcinj nadle\u017ena da daje u zakup neko zemlji\u0161te na teritoriji ove op\u0161tine. A ona je, podsjetimo se, u maju pro\u0161le godine jednoglasno donijela odluku o deeksproprijaciji imovine u Valdanosu.<br \/>\n<strong>PRAVAC \u2013 STRAZBUR:<\/strong> Svoje protivljenje odluci Vlade maslinari i gra?ani Ulcinja su ve? \u0161est godina iskazivali na raznim skupovima i protesnim okupljanjima, a preko ?e\u00adtiri hiljade ljudi je potpisalo peticiju kojom se zahtjeva povra?aj zemlji\u0161ta u Valdanosu ranijim vlasnicima.<br \/>\nOni nijesu \u017eeljeli da prihvate prijed\u00adlog Vlade i lokalnih ?elnika da sklope dogovor o uzimanju u dugoro?ni zakup svoje nekada\u0161nje imovine da na taj na?in ne bi, kako su govorili, postali ba\u0161tovani na svojem posjedu.<br \/>\nSvih 204 porodica biv\u0161ih vlasni\u00adka vodi sudske sporove za povra?aj svojinskih prava, a tridesetak tu\u017ebi je upu?eno Evropskom sudu pravde u Strazburu.<br \/>\nSada im jedino ostaje nada u tu in\u00adstancu, jer, kako smatraju, samo odluke i naredbe evropskih institucija crnogor\u00adski ?elnici po\u0161tuju i sprovode.<br \/>\nNa oprez i odmjerenost odgovornu vlast bi morala upu?ivati i ?injenica da je u Valdanosu preko dvije hiljade stabala maslina oduzeto Islamskoj vjerskoj zajednici i Mitropoliji cr\u00adnogorsko-primorskoj. A imovina je nepovrjediva i po bo\u017eanskim i po ljudskim zakonima.<img loading=\"lazy\" class=\"alignright size-thumbnail wp-image-8000\" title=\"evropskom-sudu-pravde-u-strazburu\" src=\"http:\/\/www.visit-ulcinj.com\/blog\/wp-content\/uploads\/2009\/01\/evropskom-sudu-pravde-u-strazburu-150x150.jpg\" alt=\"evropskom-sudu-pravde-u-strazburu\" width=\"251\" height=\"141\" \/><br \/>\n\u201eNajavljuju se milijarde eura koje ?e se ulo\u017eiti u Veliku pla\u017eu i Adu. Li\u00adjepo bi, valjda, bilo da se ne\u0161to ostavi i budu?im generacijama\u201c, zaklju?uje Cakuli.<br \/>\nNo, stvari su svakako oti\u0161le preda\u00adleko kada je u pitanju Valdanos. Samo preostaje da se obznani ko ?e ubudu?e gazdovati ovim jadranskim biserom.<br \/>\nUlcinjani, uglavnom, vjeruju da ?e to biti ljudi bliski vlasti koji ?e, kako se predvi?a projektom, tu sa\u00adgraditi dvadesetak vila u kojima ?e mo?i da u\u017eivaju u kristalno ?istom moru i daleko od o?iju javnosti. I 1978. godine je imovina u Valdanosu konfiskovana ne da bi se tamo gradila vojno-pomorska luka, ve? da bi se oficiri, njihove porodice i prijatelji mogli ugodno, bezbri\u017eno i besplatno kupati, odmarati i diviti ljepotama prirode na ovom prekrasnom mikro\u00adlokalitetu.<br \/>\n<strong>TERRA ROTHSCHILDIANA: <\/strong>Interesovanje za zakup Valdanosa, kao i Velike pla\u017ee, ve? godinama iskazuje i mo?na bankarska porodica Rot\u0161ild. Svakako je indikativno da je lord Natanijel Rot\u0161ild mla?i u prethodne tri godine ?ak \u0161est puta posjetio Crnu Goru; prvi put je to bilo samo dvije sedmice nakon refe\u00adrenduma o nezavisnosti. Natanijel je svom ocu,, predstavio Crnu Goru kao \u201eizvan\u00adredno lijepu zemlju sa izuzetnom morskom obalom, vrlo specifi?nim i uvijek ljubaznim ljudima, kao i sa veoma jakom Vladom i premijerom koji ima viziju i po\u0161tovan je zbog svojih dostignu?a\u201c.<br \/>\nRot\u0161ildi su vlasnici ma?arskog koncerna Trigranit, a uz kanadskog multimilijardera Pitera Manka i ruskog oligarha Olega Deripasku, Porto Montenegra u Tivtu.<br \/>\n?elnici te najmanje bokeljske op\u00ad\u0161tine nedavno su se javno po\u017ealili da od svih projekata u tom gradu (Porto Montenegro, Ostrvo cvije?a, Sveti Marko, \u017dupa) lokalna samouprava ima veoma malo prihoda, posebno \u0161to se svi ti objekti nalaze u zoni morskog dobra.<br \/>\nIsta je stvar u Ulcinju, na ?ijoj je teritoriji ?ak 56 odsto prostora kojim gazduje Javno preduze?e za upravljanje morskim dobrom, sa sjedi\u0161tem u Budvi. Jo\u0161 ako se zna da nema prihoda dok traje investicija, onda je opravdana bojazan da od najvrijednijih resursa, uklju?uju?i tu, naravno, i Valdanos, op\u0161tina Ulcinj ne?e imati gotovo ni\u00adkakve koristi.<\/p>\n<p><strong>Mustafa CANKA<br \/>\nIzvor \/ Monitor<\/strong><\/p>\n<!--YouTube Error: bad URL entered-->\n","protected":false},"excerpt":{"rendered":"<p>Sada ?e prakti?no biti stavljena ta?ka na otima?inu izvr\u0161enu prije ravno 30 godina. Sa izuzetkom \u0161to su oni koji su prigrabili tu imovinu 1978. godine mnogo bolje brinuli o tom prostoru\u201c, ka\u017ee stariji Ulcinjanin, vlasnik maslinjaka u Valdanosu. I kao \u0161to se nijesu nikada pomirili sa odlukom nekada\u0161njeg Saveznog sekreta\u00adrijata za narodnu odbranu da im [&hellip;]<\/p>\n","protected":false},"author":1,"featured_media":0,"comment_status":"open","ping_status":"closed","sticky":false,"template":"","format":"standard","meta":{"spay_email":"","jetpack_publicize_message":"","jetpack_is_tweetstorm":false,"jetpack_publicize_feature_enabled":true},"categories":[10],"tags":[700,5550,347,5549,5548,5547,263,5546],"jetpack_publicize_connections":[],"yoast_head":"<!-- This site is optimized with the Yoast SEO plugin v19.1 - https:\/\/yoast.com\/wordpress\/plugins\/seo\/ -->\n<title>Valdanos na tenderu,Strazbur jedina nada - Lajme nga Ulqini<\/title>\n<meta name=\"description\" content=\"Sada ?e prakti?no biti stavljena ta?ka na otima?inu izvr\u0161enu prije ravno 30 godina. Sa izuzetkom \u0161to su oni koji su prigrabili tu imovinu 1978. godine\" \/>\n<meta name=\"robots\" content=\"index, follow, max-snippet:-1, max-image-preview:large, max-video-preview:-1\" \/>\n<link rel=\"canonical\" href=\"https:\/\/www.visit-ulcinj.com\/blog\/2009\/01\/02\/valdanos-na-tenderustrazbur-jedina-nada\/\" \/>\n<meta property=\"og:locale\" content=\"en_US\" \/>\n<meta property=\"og:type\" content=\"article\" \/>\n<meta property=\"og:title\" content=\"Valdanos na tenderu,Strazbur jedina nada - Lajme nga Ulqini\" \/>\n<meta property=\"og:description\" content=\"Sada ?e prakti?no biti stavljena ta?ka na otima?inu izvr\u0161enu prije ravno 30 godina. Sa izuzetkom \u0161to su oni koji su prigrabili tu imovinu 1978. godine\" \/>\n<meta property=\"og:url\" content=\"https:\/\/www.visit-ulcinj.com\/blog\/2009\/01\/02\/valdanos-na-tenderustrazbur-jedina-nada\/\" \/>\n<meta property=\"og:site_name\" content=\"Lajme nga Ulqini\" \/>\n<meta property=\"article:published_time\" content=\"2009-01-02T10:23:48+00:00\" \/>\n<meta property=\"article:modified_time\" content=\"2009-01-02T10:28:33+00:00\" \/>\n<meta property=\"og:image\" content=\"http:\/\/www.visit-ulcinj.com\/blog\/wp-content\/uploads\/2008\/09\/valdanos_ulcinj_ulqin.jpg\" \/>\n<meta name=\"twitter:label1\" content=\"Written by\" \/>\n\t<meta name=\"twitter:data1\" content=\"ulqini\" \/>\n\t<meta name=\"twitter:label2\" content=\"Est. reading time\" \/>\n\t<meta name=\"twitter:data2\" content=\"5 minutes\" \/>\n<script type=\"application\/ld+json\" class=\"yoast-schema-graph\">{\"@context\":\"https:\/\/schema.org\",\"@graph\":[{\"@type\":\"WebSite\",\"@id\":\"https:\/\/www.visit-ulcinj.com\/blog\/#website\",\"url\":\"https:\/\/www.visit-ulcinj.com\/blog\/\",\"name\":\"Lajme nga Ulqini\",\"description\":\"Lajme,Vijesti,Ulqini,Ulqin,Crna Gora,Mali i Zi\",\"potentialAction\":[{\"@type\":\"SearchAction\",\"target\":{\"@type\":\"EntryPoint\",\"urlTemplate\":\"https:\/\/www.visit-ulcinj.com\/blog\/?s={search_term_string}\"},\"query-input\":\"required name=search_term_string\"}],\"inLanguage\":\"en-US\"},{\"@type\":\"ImageObject\",\"inLanguage\":\"en-US\",\"@id\":\"https:\/\/www.visit-ulcinj.com\/blog\/2009\/01\/02\/valdanos-na-tenderustrazbur-jedina-nada\/#primaryimage\",\"url\":\"http:\/\/www.visit-ulcinj.com\/blog\/wp-content\/uploads\/2008\/09\/valdanos_ulcinj_ulqin.jpg\",\"contentUrl\":\"http:\/\/www.visit-ulcinj.com\/blog\/wp-content\/uploads\/2008\/09\/valdanos_ulcinj_ulqin.jpg\"},{\"@type\":\"WebPage\",\"@id\":\"https:\/\/www.visit-ulcinj.com\/blog\/2009\/01\/02\/valdanos-na-tenderustrazbur-jedina-nada\/#webpage\",\"url\":\"https:\/\/www.visit-ulcinj.com\/blog\/2009\/01\/02\/valdanos-na-tenderustrazbur-jedina-nada\/\",\"name\":\"Valdanos na tenderu,Strazbur jedina nada - Lajme nga Ulqini\",\"isPartOf\":{\"@id\":\"https:\/\/www.visit-ulcinj.com\/blog\/#website\"},\"primaryImageOfPage\":{\"@id\":\"https:\/\/www.visit-ulcinj.com\/blog\/2009\/01\/02\/valdanos-na-tenderustrazbur-jedina-nada\/#primaryimage\"},\"datePublished\":\"2009-01-02T10:23:48+00:00\",\"dateModified\":\"2009-01-02T10:28:33+00:00\",\"author\":{\"@id\":\"https:\/\/www.visit-ulcinj.com\/blog\/#\/schema\/person\/dcab619c614d3038751c63bc2aadc06d\"},\"description\":\"Sada ?e prakti?no biti stavljena ta?ka na otima?inu izvr\u0161enu prije ravno 30 godina. Sa izuzetkom \u0161to su oni koji su prigrabili tu imovinu 1978. godine\",\"breadcrumb\":{\"@id\":\"https:\/\/www.visit-ulcinj.com\/blog\/2009\/01\/02\/valdanos-na-tenderustrazbur-jedina-nada\/#breadcrumb\"},\"inLanguage\":\"en-US\",\"potentialAction\":[{\"@type\":\"ReadAction\",\"target\":[\"https:\/\/www.visit-ulcinj.com\/blog\/2009\/01\/02\/valdanos-na-tenderustrazbur-jedina-nada\/\"]}]},{\"@type\":\"BreadcrumbList\",\"@id\":\"https:\/\/www.visit-ulcinj.com\/blog\/2009\/01\/02\/valdanos-na-tenderustrazbur-jedina-nada\/#breadcrumb\",\"itemListElement\":[{\"@type\":\"ListItem\",\"position\":1,\"name\":\"Valdanos na tenderu,Strazbur jedina nada\"}]},{\"@type\":\"Person\",\"@id\":\"https:\/\/www.visit-ulcinj.com\/blog\/#\/schema\/person\/dcab619c614d3038751c63bc2aadc06d\",\"name\":\"ulqini\",\"sameAs\":[\"http:\/\/www.visit-ulcinj.com\"],\"url\":\"https:\/\/www.visit-ulcinj.com\/blog\/author\/admin\/\"}]}<\/script>\n<!-- \/ Yoast SEO plugin. -->","yoast_head_json":{"title":"Valdanos na tenderu,Strazbur jedina nada - Lajme nga Ulqini","description":"Sada ?e prakti?no biti stavljena ta?ka na otima?inu izvr\u0161enu prije ravno 30 godina. Sa izuzetkom \u0161to su oni koji su prigrabili tu imovinu 1978. godine","robots":{"index":"index","follow":"follow","max-snippet":"max-snippet:-1","max-image-preview":"max-image-preview:large","max-video-preview":"max-video-preview:-1"},"canonical":"https:\/\/www.visit-ulcinj.com\/blog\/2009\/01\/02\/valdanos-na-tenderustrazbur-jedina-nada\/","og_locale":"en_US","og_type":"article","og_title":"Valdanos na tenderu,Strazbur jedina nada - Lajme nga Ulqini","og_description":"Sada ?e prakti?no biti stavljena ta?ka na otima?inu izvr\u0161enu prije ravno 30 godina. Sa izuzetkom \u0161to su oni koji su prigrabili tu imovinu 1978. godine","og_url":"https:\/\/www.visit-ulcinj.com\/blog\/2009\/01\/02\/valdanos-na-tenderustrazbur-jedina-nada\/","og_site_name":"Lajme nga Ulqini","article_published_time":"2009-01-02T10:23:48+00:00","article_modified_time":"2009-01-02T10:28:33+00:00","og_image":[{"url":"http:\/\/www.visit-ulcinj.com\/blog\/wp-content\/uploads\/2008\/09\/valdanos_ulcinj_ulqin.jpg"}],"twitter_misc":{"Written by":"ulqini","Est. reading time":"5 minutes"},"schema":{"@context":"https:\/\/schema.org","@graph":[{"@type":"WebSite","@id":"https:\/\/www.visit-ulcinj.com\/blog\/#website","url":"https:\/\/www.visit-ulcinj.com\/blog\/","name":"Lajme nga Ulqini","description":"Lajme,Vijesti,Ulqini,Ulqin,Crna Gora,Mali i Zi","potentialAction":[{"@type":"SearchAction","target":{"@type":"EntryPoint","urlTemplate":"https:\/\/www.visit-ulcinj.com\/blog\/?s={search_term_string}"},"query-input":"required name=search_term_string"}],"inLanguage":"en-US"},{"@type":"ImageObject","inLanguage":"en-US","@id":"https:\/\/www.visit-ulcinj.com\/blog\/2009\/01\/02\/valdanos-na-tenderustrazbur-jedina-nada\/#primaryimage","url":"http:\/\/www.visit-ulcinj.com\/blog\/wp-content\/uploads\/2008\/09\/valdanos_ulcinj_ulqin.jpg","contentUrl":"http:\/\/www.visit-ulcinj.com\/blog\/wp-content\/uploads\/2008\/09\/valdanos_ulcinj_ulqin.jpg"},{"@type":"WebPage","@id":"https:\/\/www.visit-ulcinj.com\/blog\/2009\/01\/02\/valdanos-na-tenderustrazbur-jedina-nada\/#webpage","url":"https:\/\/www.visit-ulcinj.com\/blog\/2009\/01\/02\/valdanos-na-tenderustrazbur-jedina-nada\/","name":"Valdanos na tenderu,Strazbur jedina nada - Lajme nga Ulqini","isPartOf":{"@id":"https:\/\/www.visit-ulcinj.com\/blog\/#website"},"primaryImageOfPage":{"@id":"https:\/\/www.visit-ulcinj.com\/blog\/2009\/01\/02\/valdanos-na-tenderustrazbur-jedina-nada\/#primaryimage"},"datePublished":"2009-01-02T10:23:48+00:00","dateModified":"2009-01-02T10:28:33+00:00","author":{"@id":"https:\/\/www.visit-ulcinj.com\/blog\/#\/schema\/person\/dcab619c614d3038751c63bc2aadc06d"},"description":"Sada ?e prakti?no biti stavljena ta?ka na otima?inu izvr\u0161enu prije ravno 30 godina. Sa izuzetkom \u0161to su oni koji su prigrabili tu imovinu 1978. godine","breadcrumb":{"@id":"https:\/\/www.visit-ulcinj.com\/blog\/2009\/01\/02\/valdanos-na-tenderustrazbur-jedina-nada\/#breadcrumb"},"inLanguage":"en-US","potentialAction":[{"@type":"ReadAction","target":["https:\/\/www.visit-ulcinj.com\/blog\/2009\/01\/02\/valdanos-na-tenderustrazbur-jedina-nada\/"]}]},{"@type":"BreadcrumbList","@id":"https:\/\/www.visit-ulcinj.com\/blog\/2009\/01\/02\/valdanos-na-tenderustrazbur-jedina-nada\/#breadcrumb","itemListElement":[{"@type":"ListItem","position":1,"name":"Valdanos na tenderu,Strazbur jedina nada"}]},{"@type":"Person","@id":"https:\/\/www.visit-ulcinj.com\/blog\/#\/schema\/person\/dcab619c614d3038751c63bc2aadc06d","name":"ulqini","sameAs":["http:\/\/www.visit-ulcinj.com"],"url":"https:\/\/www.visit-ulcinj.com\/blog\/author\/admin\/"}]}},"jetpack_featured_media_url":"","jetpack_sharing_enabled":true,"jetpack_shortlink":"https:\/\/wp.me\/pe6lTn-251","_links":{"self":[{"href":"https:\/\/www.visit-ulcinj.com\/blog\/wp-json\/wp\/v2\/posts\/7999"}],"collection":[{"href":"https:\/\/www.visit-ulcinj.com\/blog\/wp-json\/wp\/v2\/posts"}],"about":[{"href":"https:\/\/www.visit-ulcinj.com\/blog\/wp-json\/wp\/v2\/types\/post"}],"author":[{"embeddable":true,"href":"https:\/\/www.visit-ulcinj.com\/blog\/wp-json\/wp\/v2\/users\/1"}],"replies":[{"embeddable":true,"href":"https:\/\/www.visit-ulcinj.com\/blog\/wp-json\/wp\/v2\/comments?post=7999"}],"version-history":[{"count":0,"href":"https:\/\/www.visit-ulcinj.com\/blog\/wp-json\/wp\/v2\/posts\/7999\/revisions"}],"wp:attachment":[{"href":"https:\/\/www.visit-ulcinj.com\/blog\/wp-json\/wp\/v2\/media?parent=7999"}],"wp:term":[{"taxonomy":"category","embeddable":true,"href":"https:\/\/www.visit-ulcinj.com\/blog\/wp-json\/wp\/v2\/categories?post=7999"},{"taxonomy":"post_tag","embeddable":true,"href":"https:\/\/www.visit-ulcinj.com\/blog\/wp-json\/wp\/v2\/tags?post=7999"}],"curies":[{"name":"wp","href":"https:\/\/api.w.org\/{rel}","templated":true}]}}