{"id":79997,"date":"2014-02-21T19:31:23","date_gmt":"2014-02-21T18:31:23","guid":{"rendered":"http:\/\/www.visit-ulcinj.com\/blog\/?p=79997"},"modified":"2014-02-21T19:31:23","modified_gmt":"2014-02-21T18:31:23","slug":"danaj-ferhat-dinosa-da-podnese-ostavku","status":"publish","type":"post","link":"https:\/\/www.visit-ulcinj.com\/blog\/2014\/02\/21\/danaj-ferhat-dinosa-da-podnese-ostavku\/","title":{"rendered":"Danaj: Ferhat Dino\u0161a da podnese ostavku"},"content":{"rendered":"<p><a href=\"http:\/\/www.visit-ulcinj.com\/blog\/wp-content\/uploads\/2014\/02\/Koco-Danaj.jpg\"><img loading=\"lazy\" class=\"alignleft  wp-image-79926\" alt=\"Koco-Danaj\" src=\"http:\/\/www.visit-ulcinj.com\/blog\/wp-content\/uploads\/2014\/02\/Koco-Danaj.jpg\" width=\"508\" height=\"360\" \/><\/a>Lista za Prirodnu Albaniju pozvala je biv\u0161eg lidera Demokratske unije Albanaca Ferhata Dino\u0161u da podnese ostavku na funkciju ambasadora u Tirani u znak protesta protiv, kako su ocijenili, \u0161ovinisti\u010dke politike premijera i predsjednika demokratske partije socijalista Mila \u0110ukanovi\u0107a prema albanskom narodu.<\/p>\n<p>Predsjednik Liste za Prirodnu Albaniju Ko\u010do Danaj ocijenio je u izjavi dostavljenoj Danu da se \u0110ukanovi\u0107 prema Albancima ophodi rje\u010dnikom Slobodana Milo\u0161evi\u0107a.<\/p>\n<p>\u201e\u0110ukanovi\u0107 je, kad je vidio da su Albanci bili jedinstveni u Ulcinju, odbacio masku \u201edemokrate\u201d i pojavio se isti onakav kakav je bio u ranim devedesetim godinama pro\u0161log vijeka, odnosno kao u\u010denik svog politi\u010dkog u\u010ditelja Milo\u0161evi\u0107a\u201c, ocijenio je Danaj.<\/p>\n<p>\u0110ukanovi\u0107 je, komentari\u0161u\u0107i dogovor albanskih stranaka sa Pozitivnom Crnom Gorom o formiranju vlasti u Ulcinju, \u010dime je njegova partija ostavljena u opoziciji, poru\u010dio da \u0107e se prema njima ubudu\u0107e odnositi po zaslugama.<\/p>\n<p>Takva reakcija predsjednika Vlade i DPS-a nai\u0161la je na jedinstven odgovor predstavnika albanskih stranaka, koji su poru\u010dili da \u0107e i oni ubudu\u0107e gledati druga\u010dije na svoje u\u010de\u0161\u0107e u vlasti na dr\u017eavnom nivou. Naglasili su i da ne\u0107e odustati od svojih politi\u010dkih zahtjeva koji ce ti\u010du decentralizacije vlasti i davanja Malesiji statusa punopravne op\u0161tine.<\/p>\n<p>\u201e\u0110ukanovi\u0107 je zaboravio da bez Albanaca Crna Gora ne bi bila nezavisna. Bez Albanaca on \u0107e izgubiti vlast u Podgorici. Jednostavno, to \u0161to je \u0110ukanovi\u0107 rekao je nezahvalno i \u0161ovinisti\u010dki\u201c, ka\u017ee Danaj.<\/p>\n<p>Pohvalio je to \u0161to su uprkos gre\u0161kama, Albanci u Ulcinju na\u0161li snage i bili u mogu\u0107nosti da se ujedine, sa namjerom da vlast u toj op\u0161tini bude u njihovim rukama.<\/p>\n<p>Dodao je da Tirana i Pri\u0161tina treba da pozdrave sporazum izme\u0111u Albanaca u Ulcinju i da osude \u0110ukanovi\u0107ev \u0161ovinisti\u010dki jezik.<\/p>\n<p>Lista za Prirodnu Albaniju pozvala je sve Albance koji \u017eive u Crnoj Gori da ce pridru\u017ee u izkazivanju jo\u0161 ve\u0107eg nezadovoljstva.<\/p>\n<p><strong>Izvor: RTCG<\/strong><\/p>\n","protected":false},"excerpt":{"rendered":"<p>Lista za Prirodnu Albaniju pozvala je biv\u0161eg lidera Demokratske unije Albanaca Ferhata Dino\u0161u da podnese ostavku na funkciju ambasadora u Tirani u znak protesta protiv, kako su ocijenili, \u0161ovinisti\u010dke politike premijera i predsjednika demokratske partije socijalista Mila \u0110ukanovi\u0107a prema albanskom narodu. Predsjednik Liste za Prirodnu Albaniju Ko\u010do Danaj ocijenio je u izjavi dostavljenoj Danu da [&hellip;]<\/p>\n","protected":false},"author":1,"featured_media":0,"comment_status":"closed","ping_status":"closed","sticky":false,"template":"","format":"standard","meta":{"spay_email":"","jetpack_publicize_message":"","jetpack_is_tweetstorm":false,"jetpack_publicize_feature_enabled":true},"categories":[6950],"tags":[],"jetpack_publicize_connections":[],"yoast_head":"<!-- This site is optimized with the Yoast SEO plugin v19.1 - https:\/\/yoast.com\/wordpress\/plugins\/seo\/ -->\n<title>Danaj: Ferhat Dino\u0161a da podnese ostavku - Lajme nga Ulqini<\/title>\n<meta name=\"description\" content=\"Lista za Prirodnu Albaniju pozvala je biv\u0161eg lidera Demokratske unije Albanaca Ferhata Dino\u0161u da podnese ostavku na funkciju ambasadora u Tirani u znak\" \/>\n<meta name=\"robots\" content=\"index, follow, max-snippet:-1, max-image-preview:large, max-video-preview:-1\" \/>\n<link rel=\"canonical\" href=\"https:\/\/www.visit-ulcinj.com\/blog\/2014\/02\/21\/danaj-ferhat-dinosa-da-podnese-ostavku\/\" \/>\n<meta property=\"og:locale\" content=\"en_US\" \/>\n<meta property=\"og:type\" content=\"article\" \/>\n<meta property=\"og:title\" content=\"Danaj: Ferhat Dino\u0161a da podnese ostavku - Lajme nga Ulqini\" \/>\n<meta property=\"og:description\" content=\"Lista za Prirodnu Albaniju pozvala je biv\u0161eg lidera Demokratske unije Albanaca Ferhata Dino\u0161u da podnese ostavku na funkciju ambasadora u Tirani u znak\" \/>\n<meta property=\"og:url\" content=\"https:\/\/www.visit-ulcinj.com\/blog\/2014\/02\/21\/danaj-ferhat-dinosa-da-podnese-ostavku\/\" \/>\n<meta property=\"og:site_name\" content=\"Lajme nga Ulqini\" \/>\n<meta property=\"article:published_time\" content=\"2014-02-21T18:31:23+00:00\" \/>\n<meta property=\"og:image\" content=\"http:\/\/www.visit-ulcinj.com\/blog\/wp-content\/uploads\/2014\/02\/Koco-Danaj.jpg\" \/>\n<meta name=\"twitter:label1\" content=\"Written by\" \/>\n\t<meta name=\"twitter:data1\" content=\"ulqini\" \/>\n\t<meta name=\"twitter:label2\" content=\"Est. reading time\" \/>\n\t<meta name=\"twitter:data2\" content=\"2 minutes\" \/>\n<script type=\"application\/ld+json\" class=\"yoast-schema-graph\">{\"@context\":\"https:\/\/schema.org\",\"@graph\":[{\"@type\":\"WebSite\",\"@id\":\"https:\/\/www.visit-ulcinj.com\/blog\/#website\",\"url\":\"https:\/\/www.visit-ulcinj.com\/blog\/\",\"name\":\"Lajme nga Ulqini\",\"description\":\"Lajme,Vijesti,Ulqini,Ulqin,Crna Gora,Mali i Zi\",\"potentialAction\":[{\"@type\":\"SearchAction\",\"target\":{\"@type\":\"EntryPoint\",\"urlTemplate\":\"https:\/\/www.visit-ulcinj.com\/blog\/?s={search_term_string}\"},\"query-input\":\"required name=search_term_string\"}],\"inLanguage\":\"en-US\"},{\"@type\":\"ImageObject\",\"inLanguage\":\"en-US\",\"@id\":\"https:\/\/www.visit-ulcinj.com\/blog\/2014\/02\/21\/danaj-ferhat-dinosa-da-podnese-ostavku\/#primaryimage\",\"url\":\"https:\/\/www.visit-ulcinj.com\/blog\/wp-content\/uploads\/2014\/02\/Koco-Danaj.jpg\",\"contentUrl\":\"https:\/\/www.visit-ulcinj.com\/blog\/wp-content\/uploads\/2014\/02\/Koco-Danaj.jpg\",\"width\":800,\"height\":495},{\"@type\":\"WebPage\",\"@id\":\"https:\/\/www.visit-ulcinj.com\/blog\/2014\/02\/21\/danaj-ferhat-dinosa-da-podnese-ostavku\/#webpage\",\"url\":\"https:\/\/www.visit-ulcinj.com\/blog\/2014\/02\/21\/danaj-ferhat-dinosa-da-podnese-ostavku\/\",\"name\":\"Danaj: Ferhat Dino\u0161a da podnese ostavku - Lajme nga Ulqini\",\"isPartOf\":{\"@id\":\"https:\/\/www.visit-ulcinj.com\/blog\/#website\"},\"primaryImageOfPage\":{\"@id\":\"https:\/\/www.visit-ulcinj.com\/blog\/2014\/02\/21\/danaj-ferhat-dinosa-da-podnese-ostavku\/#primaryimage\"},\"datePublished\":\"2014-02-21T18:31:23+00:00\",\"dateModified\":\"2014-02-21T18:31:23+00:00\",\"author\":{\"@id\":\"https:\/\/www.visit-ulcinj.com\/blog\/#\/schema\/person\/dcab619c614d3038751c63bc2aadc06d\"},\"description\":\"Lista za Prirodnu Albaniju pozvala je biv\u0161eg lidera Demokratske unije Albanaca Ferhata Dino\u0161u da podnese ostavku na funkciju ambasadora u Tirani u znak\",\"breadcrumb\":{\"@id\":\"https:\/\/www.visit-ulcinj.com\/blog\/2014\/02\/21\/danaj-ferhat-dinosa-da-podnese-ostavku\/#breadcrumb\"},\"inLanguage\":\"en-US\",\"potentialAction\":[{\"@type\":\"ReadAction\",\"target\":[\"https:\/\/www.visit-ulcinj.com\/blog\/2014\/02\/21\/danaj-ferhat-dinosa-da-podnese-ostavku\/\"]}]},{\"@type\":\"BreadcrumbList\",\"@id\":\"https:\/\/www.visit-ulcinj.com\/blog\/2014\/02\/21\/danaj-ferhat-dinosa-da-podnese-ostavku\/#breadcrumb\",\"itemListElement\":[{\"@type\":\"ListItem\",\"position\":1,\"name\":\"Danaj: Ferhat Dino\u0161a da podnese ostavku\"}]},{\"@type\":\"Person\",\"@id\":\"https:\/\/www.visit-ulcinj.com\/blog\/#\/schema\/person\/dcab619c614d3038751c63bc2aadc06d\",\"name\":\"ulqini\",\"sameAs\":[\"http:\/\/www.visit-ulcinj.com\"],\"url\":\"https:\/\/www.visit-ulcinj.com\/blog\/author\/admin\/\"}]}<\/script>\n<!-- \/ Yoast SEO plugin. -->","yoast_head_json":{"title":"Danaj: Ferhat Dino\u0161a da podnese ostavku - Lajme nga Ulqini","description":"Lista za Prirodnu Albaniju pozvala je biv\u0161eg lidera Demokratske unije Albanaca Ferhata Dino\u0161u da podnese ostavku na funkciju ambasadora u Tirani u znak","robots":{"index":"index","follow":"follow","max-snippet":"max-snippet:-1","max-image-preview":"max-image-preview:large","max-video-preview":"max-video-preview:-1"},"canonical":"https:\/\/www.visit-ulcinj.com\/blog\/2014\/02\/21\/danaj-ferhat-dinosa-da-podnese-ostavku\/","og_locale":"en_US","og_type":"article","og_title":"Danaj: Ferhat Dino\u0161a da podnese ostavku - Lajme nga Ulqini","og_description":"Lista za Prirodnu Albaniju pozvala je biv\u0161eg lidera Demokratske unije Albanaca Ferhata Dino\u0161u da podnese ostavku na funkciju ambasadora u Tirani u znak","og_url":"https:\/\/www.visit-ulcinj.com\/blog\/2014\/02\/21\/danaj-ferhat-dinosa-da-podnese-ostavku\/","og_site_name":"Lajme nga Ulqini","article_published_time":"2014-02-21T18:31:23+00:00","og_image":[{"url":"http:\/\/www.visit-ulcinj.com\/blog\/wp-content\/uploads\/2014\/02\/Koco-Danaj.jpg"}],"twitter_misc":{"Written by":"ulqini","Est. reading time":"2 minutes"},"schema":{"@context":"https:\/\/schema.org","@graph":[{"@type":"WebSite","@id":"https:\/\/www.visit-ulcinj.com\/blog\/#website","url":"https:\/\/www.visit-ulcinj.com\/blog\/","name":"Lajme nga Ulqini","description":"Lajme,Vijesti,Ulqini,Ulqin,Crna Gora,Mali i Zi","potentialAction":[{"@type":"SearchAction","target":{"@type":"EntryPoint","urlTemplate":"https:\/\/www.visit-ulcinj.com\/blog\/?s={search_term_string}"},"query-input":"required name=search_term_string"}],"inLanguage":"en-US"},{"@type":"ImageObject","inLanguage":"en-US","@id":"https:\/\/www.visit-ulcinj.com\/blog\/2014\/02\/21\/danaj-ferhat-dinosa-da-podnese-ostavku\/#primaryimage","url":"https:\/\/www.visit-ulcinj.com\/blog\/wp-content\/uploads\/2014\/02\/Koco-Danaj.jpg","contentUrl":"https:\/\/www.visit-ulcinj.com\/blog\/wp-content\/uploads\/2014\/02\/Koco-Danaj.jpg","width":800,"height":495},{"@type":"WebPage","@id":"https:\/\/www.visit-ulcinj.com\/blog\/2014\/02\/21\/danaj-ferhat-dinosa-da-podnese-ostavku\/#webpage","url":"https:\/\/www.visit-ulcinj.com\/blog\/2014\/02\/21\/danaj-ferhat-dinosa-da-podnese-ostavku\/","name":"Danaj: Ferhat Dino\u0161a da podnese ostavku - Lajme nga Ulqini","isPartOf":{"@id":"https:\/\/www.visit-ulcinj.com\/blog\/#website"},"primaryImageOfPage":{"@id":"https:\/\/www.visit-ulcinj.com\/blog\/2014\/02\/21\/danaj-ferhat-dinosa-da-podnese-ostavku\/#primaryimage"},"datePublished":"2014-02-21T18:31:23+00:00","dateModified":"2014-02-21T18:31:23+00:00","author":{"@id":"https:\/\/www.visit-ulcinj.com\/blog\/#\/schema\/person\/dcab619c614d3038751c63bc2aadc06d"},"description":"Lista za Prirodnu Albaniju pozvala je biv\u0161eg lidera Demokratske unije Albanaca Ferhata Dino\u0161u da podnese ostavku na funkciju ambasadora u Tirani u znak","breadcrumb":{"@id":"https:\/\/www.visit-ulcinj.com\/blog\/2014\/02\/21\/danaj-ferhat-dinosa-da-podnese-ostavku\/#breadcrumb"},"inLanguage":"en-US","potentialAction":[{"@type":"ReadAction","target":["https:\/\/www.visit-ulcinj.com\/blog\/2014\/02\/21\/danaj-ferhat-dinosa-da-podnese-ostavku\/"]}]},{"@type":"BreadcrumbList","@id":"https:\/\/www.visit-ulcinj.com\/blog\/2014\/02\/21\/danaj-ferhat-dinosa-da-podnese-ostavku\/#breadcrumb","itemListElement":[{"@type":"ListItem","position":1,"name":"Danaj: Ferhat Dino\u0161a da podnese ostavku"}]},{"@type":"Person","@id":"https:\/\/www.visit-ulcinj.com\/blog\/#\/schema\/person\/dcab619c614d3038751c63bc2aadc06d","name":"ulqini","sameAs":["http:\/\/www.visit-ulcinj.com"],"url":"https:\/\/www.visit-ulcinj.com\/blog\/author\/admin\/"}]}},"jetpack_featured_media_url":"","jetpack_sharing_enabled":true,"jetpack_shortlink":"https:\/\/wp.me\/pe6lTn-kOh","_links":{"self":[{"href":"https:\/\/www.visit-ulcinj.com\/blog\/wp-json\/wp\/v2\/posts\/79997"}],"collection":[{"href":"https:\/\/www.visit-ulcinj.com\/blog\/wp-json\/wp\/v2\/posts"}],"about":[{"href":"https:\/\/www.visit-ulcinj.com\/blog\/wp-json\/wp\/v2\/types\/post"}],"author":[{"embeddable":true,"href":"https:\/\/www.visit-ulcinj.com\/blog\/wp-json\/wp\/v2\/users\/1"}],"replies":[{"embeddable":true,"href":"https:\/\/www.visit-ulcinj.com\/blog\/wp-json\/wp\/v2\/comments?post=79997"}],"version-history":[{"count":1,"href":"https:\/\/www.visit-ulcinj.com\/blog\/wp-json\/wp\/v2\/posts\/79997\/revisions"}],"predecessor-version":[{"id":79998,"href":"https:\/\/www.visit-ulcinj.com\/blog\/wp-json\/wp\/v2\/posts\/79997\/revisions\/79998"}],"wp:attachment":[{"href":"https:\/\/www.visit-ulcinj.com\/blog\/wp-json\/wp\/v2\/media?parent=79997"}],"wp:term":[{"taxonomy":"category","embeddable":true,"href":"https:\/\/www.visit-ulcinj.com\/blog\/wp-json\/wp\/v2\/categories?post=79997"},{"taxonomy":"post_tag","embeddable":true,"href":"https:\/\/www.visit-ulcinj.com\/blog\/wp-json\/wp\/v2\/tags?post=79997"}],"curies":[{"name":"wp","href":"https:\/\/api.w.org\/{rel}","templated":true}]}}