{"id":8,"date":"2008-01-02T12:14:51","date_gmt":"2008-01-02T17:14:51","guid":{"rendered":"http:\/\/www.visit-ulcinj.com\/blog\/2008\/01\/02\/%e2%80%9cte-drejtat-e-pakicave-ne-ambientin-e-kushtetutes-se-re%e2%80%9dne-mal-te-zi\/"},"modified":"2008-10-17T11:50:43","modified_gmt":"2008-10-17T16:50:43","slug":"%e2%80%9cte-drejtat-e-pakicave-ne-ambientin-e-kushtetutes-se-re%e2%80%9dne-mal-te-zi","status":"publish","type":"post","link":"https:\/\/www.visit-ulcinj.com\/blog\/2008\/01\/02\/%e2%80%9cte-drejtat-e-pakicave-ne-ambientin-e-kushtetutes-se-re%e2%80%9dne-mal-te-zi\/","title":{"rendered":"Te drejtat e pakicave n\u00eb ambientin e kushtetutes se re n\u00eb Mal t\u00eb Zi"},"content":{"rendered":"<p><img loading=\"lazy\" src=\"http:\/\/www.visit-ulcinj.com\/blog\/wp-content\/uploads\/2008\/01\/nikolle_camaj.jpg\" alt=\"\" hspace=\"1\" vspace=\"1\" width=\"170\" height=\"191\" align=\"left\" \/><span style=\"font-family: Times New Roman;\"><span style=\"font-family: Arial,Helvetica,sans-serif; font-size: large;\"><strong>Integrimet pa asimilim, midis d\u00ebshir\u00ebs dhe realitetit<\/strong><\/span><\/span><\/p>\n<p><span><span style=\"font-family: Verdana; font-size: x-small;\">Podgoric\u00eb &#8211; M\u00eb 13 e 14 dhjetor, n\u00eb Podgoric\u00eb, u mbajt tryeza e rrubullakt\u00eb, n\u00eb tem\u00ebn &#8220;T\u00eb drejtat e pakicave n\u00eb ambientin e Kushtetut\u00ebs s\u00eb re&#8221;, me \u00e7\u2019rast u trajtuan shum\u00eb aspekte t\u00eb realizimit t\u00eb k\u00ebtyre t\u00eb drejtave, jo vet\u00ebm nga aspekti formal por edhe ai praktik. Si\u00e7 dihet, Mali i Zi \u00ebsht\u00eb i njohur p\u00ebr miratimin e Ligjeve q\u00eb jan\u00eb n\u00eb harmoni<\/span><\/span><span><span style=\"font-family: Verdana; font-size: x-small;\"> me normat nd\u00ebrkomb\u00ebtare, mir\u00ebpo, po ashtu, \u00ebsht\u00eb i njohur edhe p\u00ebr<\/span><\/span><!--more--><span><span style=\"font-family: Verdana; font-size: x-small;\"> faktin se \u00e7alon n\u00eb implementimin e tyre, \u00e7ka ishte edhe n\u00eb fokus t\u00eb vemendjes s\u00eb shum\u00eb pjes\u00ebmarr\u00ebsve t\u00eb k\u00ebsaj tryeze.<br \/>\nFol\u00ebs t\u00eb rastit ishin profesor Nebojsha Vu\u00e7iniq, Sasha Zekoviq, Profesor Ivana Jeliq, p\u00ebrfaq\u00ebsuesi i Ombduspersonit dhe p\u00ebrfaq\u00ebsues t\u00eb tjer\u00eb t\u00eb jet\u00ebs publike n\u00eb Mal t\u00eb Zi. N\u00eb pun\u00ebn e k\u00ebsaj tryeze mori pjes\u00eb edhe Nikoll\u00eb Camaj, kryetar i LD-Dega e Mal\u00ebsis\u00eb dhe kryetar i Kuvendit t\u00eb Komun\u00ebs Urbane t\u00eb Tuzit, i cili i prezantoi pik\u00ebpamjet e tij dhe t\u00eb subjektit q\u00eb ai i takon, tashm\u00eb t\u00eb njohura p\u00ebr opinionin malazias dhe m\u00eb gj\u00ebr\u00eb, e q\u00eb kan\u00eb t\u00eb b\u00ebjn\u00eb me realizimin e t\u00eb drejtave t\u00eb shqiptar\u00ebve n\u00eb Mal t\u00eb Zi, respektivisht me difernec\u00ebn e madhe n\u00eb mes t\u00eb asaj q\u00eb prezantohet e asaj q\u00eb e hasim n\u00eb jet\u00ebn e p\u00ebrdit\u00ebshme. Nj\u00ebra nd\u00ebr idet\u00eb kryesore t\u00eb k\u00ebtij tubimi ishte &#8220;Integrimi pa asimilim&#8221;. Sa i nevojsh\u00ebm aq edhe i d\u00ebshiruar nga pjestar\u00ebt e popujve pakic\u00eb.<br \/>\nN\u00eb k\u00ebt\u00eb tubim u prezantua edhe anketa e CEDEM-it, lidhur me distanc\u00ebn etnike, rezultatet e s\u00eb cil\u00ebs, nj\u00ebri nga pjes\u00ebmarr\u00ebsit n\u00eb k\u00ebt\u00eb tryez\u00eb N. Camaj, i vler\u00ebsoi &#8220;si d\u00ebshpruese, jo vet\u00ebm p\u00ebr qytetar\u00ebt shqiptar\u00eb, por do t\u00eb duhej t\u00eb shqet\u00ebsonte edhe pushtetar\u00ebt, t\u00eb cil\u00ebt, me sjelljen e vet ndaj atyre q\u00eb dhan\u00eb kontribut t\u00eb plot n\u00eb formimin e shtetit, ndikuan q\u00eb rezultati t\u00eb jet\u00eb i till\u00eb&#8221;. Ai, k\u00ebt\u00eb e ilustroi me tortur\u00ebn ndaj qytetar\u00ebve shqiptar\u00eb, gjat\u00eb akcionit policor &#8220;Fluturimi i Shqiponj\u00ebs&#8221; dhe me prononcimet e kreut shtet\u00ebror i cili, pa pritur rezultatet e gjyq\u00ebsorit, t\u00eb arrestuarit i shpalli terrorist\u00eb.<br \/>\n&#8220;Sjellja brutale e pjes\u00ebtar\u00ebve t\u00eb policis\u00eb, sidomos ndaj familjar\u00ebve t\u00eb t\u00eb arrestuar\u00ebve, ndaj pleqve dhe f\u00ebmij\u00ebve t\u00eb pafajsh\u00ebm, \u00ebsht\u00eb dashur t\u00eb nxiste reagime t\u00eb institucioneve relevante, n\u00eb radh\u00eb t\u00eb par\u00eb Ombudspersonit, si mbrojt\u00ebsit t\u00eb autorizuar t\u00eb lirive dhe t\u00eb t\u00eb drejtave t\u00eb njeriut. Aq m\u00eb par\u00eb, pasi q\u00eb p\u00ebr nj\u00eb gj\u00eb t\u00eb till\u00eb reaguan institucionet m\u00eb relevante nd\u00ebrkomb\u00ebtare&#8221;, ve\u00e7oi ai, duke shtuar se &#8220;heshtja e institucioneve adekuate vendase ndaj sjelljes s\u00eb k\u00ebtill\u00eb, natyrisht se ndikoi n\u00eb rritjen e distanc\u00ebs etnike ndaj shqiptar\u00ebve.<br \/>\n&#8220;Edhe uzurpimi i tokave dhe moskthimi i tyre, pronar\u00ebve t\u00eb m\u00ebparsh\u00ebm, si rasti i planatacioneve, bie fjala, jan\u00eb dukuri t\u00eb cilat e d\u00ebshmojn\u00eb qart\u00eb qendrimin ndaj t\u00eb drejtave elementare njer\u00ebzore. Pushtetit malazias do t\u00eb duhej q\u00eb, n\u00eb praktik\u00eb, e jo vet\u00ebm n\u00eb teori, t\u00eb d\u00ebshmoj\u00eb ndryshimin e qendrimit ndaj k\u00ebrkesave t\u00eb qytetar\u00ebve (n\u00ebse ka?), aq m\u00eb par\u00eb pasiq\u00eb fjala \u00ebsht\u00eb p\u00ebr pjes\u00ebtar\u00eb t\u00eb pakicave&#8221;, theksoi Camaj, duke insistuar n\u00eb shkrimin origjinal t\u00eb emrave personal dhe mbiemrave pa procedur\u00eb, pastaj shkrimi i toponimeve n\u00eb shqip origjinal, (psh: nuk mund t\u00eb qendroj\u00eb em\u00ebrtimi Vuksanlekiqi p\u00ebr fshatin Vuksanlekaj, as Omerbozhoviqi p\u00ebr Omerbozhaj e shum\u00eb raste tjera, sepse fjala \u00ebsht\u00eb p\u00ebr toponime q\u00eb rrjedhin nga emra personash, ku prefiksi \u201ciq\u201d, nuk ka vend p\u00ebr shqiptar\u00eb), kurse n\u00eb rastet kur toponimet p\u00ebrkthehen, si p\u00ebrshembull N\u00ebnhelm n\u00eb Podhum e raste tjera t\u00eb ngjashme, mund t\u00eb shkruhen n\u00eb t\u00eb dy gjuh\u00ebt.<br \/>\nPasi q\u00eb prof. Ivana Jeliq prezantoi Strategjin\u00eb p\u00ebr mbrojtjen e popujve pakic\u00eb, Camaj k\u00ebrkoi q\u00eb me strategji t\u00eb sigurohen kuota p\u00ebr regjistrimin e student\u00ebve shqiptar\u00eb si dhe kuota t\u00eb duhura p\u00ebr pun\u00ebsim n\u00eb institucione publike, n\u00eb frym\u00ebn e aksionit afirmativ. &#8220;Strategjia pra do t\u00eb duhej t\u00eb siguronte edhe implementimin, e jo vet\u00ebm formalisht t\u00eb parashoh\u00eb t\u00eb drejtat q\u00eb na takojn\u00eb dhe t\u00eb k\u00ebrkonte p\u00ebrgjegj\u00ebsi p\u00ebr mosrespektimin e obligimeve q\u00eb dalin nga kjo strategji, don\u00ebse as ajo, si e till\u00eb, nuk i p\u00ebrmbush\u00eb standardet nd\u00ebrkomb\u00ebtare p\u00ebr mbrojtjen e t\u00eb drejtave t\u00eb pakicave&#8221;, theksoi ai.<br \/>\n&#8220;Strategjia e propozuar duhet t\u00eb merret rr\u00ebnj\u00ebsisht me \u00e7\u00ebshtjen e decentralizimit, si shtyll\u00ebn kryesore t\u00eb demkoratizimit t\u00eb shoq\u00ebris\u00eb, n\u00eb realizimin e t\u00eb drejtave themelore, aty ku pakica \u00ebsht\u00eb shumic\u00eb dhe autoktone. Pastaj, do t\u00eb duhej t\u00eb siguronte ekskluzivitet n\u00eb ndonj\u00eb lloj prodhimtarie, me t\u00eb cil\u00ebn do t\u00eb sigurohej ekzistenca n\u00eb trevat ku ata jetojn\u00eb. Me k\u00ebt\u00eb rast Camaj mori si shembull Lapon\u00ebt e Norvegjis\u00eb t\u00eb cil\u00ebt kan\u00eb t\u00eb drejt\u00eb ekskluzive n\u00eb prodhimet blegtorale, konkretisht n\u00eb mbajtjen e deleve.<br \/>\n&#8220;Praktik\u00eb e deritashme n\u00eb Mal t\u00eb Zi ishte q\u00eb integrimet t\u00eb \u00e7onin drejt asimilimit dhe sdo mend se edhe kjo strategji le vend dhe mund\u00ebsi t\u00eb till\u00eb. Integrimi pa asimilim, definitivisht mbeten midis d\u00ebshir\u00ebs dhe realitetit&#8221; konstatoi Camaj.<br \/>\nSidoqoft\u00eb, shqyrtimi i k\u00ebsaj problematike n\u00eb tubime dhe tryeza t\u00eb ngjashme, me pjes\u00ebmarrje t\u00eb individ\u00ebve dhe p\u00ebrfaq\u00ebsuesve relevenat gjith\u00ebsesi avancon zgjidhjen e \u00e7\u00ebshtjes s\u00eb pakicave n\u00eb Mal t\u00eb Zi.<\/span><\/span><\/p>\n<p>http:\/\/www.kohajavore.cg.yu\/<\/p>\n<p align=\"right\"><span><strong><span style=\"font-family: Verdana; font-size: x-small;\">Gj. Dukaj<\/span><\/strong><\/span><\/p>\n","protected":false},"excerpt":{"rendered":"<p><img loading=\"lazy\" src=\"http:\/\/www.visit-ulcinj.com\/blog\/wp-content\/uploads\/2008\/01\/nikolle_camaj.jpg\" alt=\"Nikolle Camaj\" height=\"140\" width=\"140\" \/><\/p>\n","protected":false},"author":1,"featured_media":0,"comment_status":"open","ping_status":"closed","sticky":false,"template":"","format":"standard","meta":{"spay_email":"","jetpack_publicize_message":"","jetpack_is_tweetstorm":false,"jetpack_publicize_feature_enabled":true},"categories":[12],"tags":[197,196,192,188,194,362,95,190,189,193,195,198,191,359],"jetpack_publicize_connections":[],"yoast_head":"<!-- This site is optimized with the Yoast SEO plugin v19.1 - https:\/\/yoast.com\/wordpress\/plugins\/seo\/ -->\n<title>Te drejtat e pakicave n\u00eb ambientin e kushtetutes se re n\u00eb Mal t\u00eb Zi - Lajme nga Ulqini<\/title>\n<meta name=\"robots\" content=\"index, follow, max-snippet:-1, max-image-preview:large, max-video-preview:-1\" \/>\n<link rel=\"canonical\" href=\"https:\/\/www.visit-ulcinj.com\/blog\/2008\/01\/02\/\u201cte-drejtat-e-pakicave-ne-ambientin-e-kushtetutes-se-re\u201dne-mal-te-zi\/\" \/>\n<meta property=\"og:locale\" content=\"en_US\" \/>\n<meta property=\"og:type\" content=\"article\" \/>\n<meta property=\"og:title\" content=\"Te drejtat e pakicave n\u00eb ambientin e kushtetutes se re n\u00eb Mal t\u00eb Zi - Lajme nga Ulqini\" \/>\n<meta property=\"og:url\" content=\"https:\/\/www.visit-ulcinj.com\/blog\/2008\/01\/02\/\u201cte-drejtat-e-pakicave-ne-ambientin-e-kushtetutes-se-re\u201dne-mal-te-zi\/\" \/>\n<meta property=\"og:site_name\" content=\"Lajme nga Ulqini\" \/>\n<meta property=\"article:published_time\" content=\"2008-01-02T17:14:51+00:00\" \/>\n<meta property=\"article:modified_time\" content=\"2008-10-17T16:50:43+00:00\" \/>\n<meta property=\"og:image\" content=\"http:\/\/www.visit-ulcinj.com\/blog\/wp-content\/uploads\/2008\/01\/nikolle_camaj.jpg\" \/>\n<meta name=\"twitter:label1\" content=\"Written by\" \/>\n\t<meta name=\"twitter:data1\" content=\"ulqini\" \/>\n\t<meta name=\"twitter:label2\" content=\"Est. reading time\" \/>\n\t<meta name=\"twitter:data2\" content=\"5 minutes\" \/>\n<script type=\"application\/ld+json\" class=\"yoast-schema-graph\">{\"@context\":\"https:\/\/schema.org\",\"@graph\":[{\"@type\":\"WebSite\",\"@id\":\"https:\/\/www.visit-ulcinj.com\/blog\/#website\",\"url\":\"https:\/\/www.visit-ulcinj.com\/blog\/\",\"name\":\"Lajme nga Ulqini\",\"description\":\"Lajme,Vijesti,Ulqini,Ulqin,Crna Gora,Mali i Zi\",\"potentialAction\":[{\"@type\":\"SearchAction\",\"target\":{\"@type\":\"EntryPoint\",\"urlTemplate\":\"https:\/\/www.visit-ulcinj.com\/blog\/?s={search_term_string}\"},\"query-input\":\"required name=search_term_string\"}],\"inLanguage\":\"en-US\"},{\"@type\":\"ImageObject\",\"inLanguage\":\"en-US\",\"@id\":\"https:\/\/www.visit-ulcinj.com\/blog\/2008\/01\/02\/%e2%80%9cte-drejtat-e-pakicave-ne-ambientin-e-kushtetutes-se-re%e2%80%9dne-mal-te-zi\/#primaryimage\",\"url\":\"http:\/\/www.visit-ulcinj.com\/blog\/wp-content\/uploads\/2008\/01\/nikolle_camaj.jpg\",\"contentUrl\":\"http:\/\/www.visit-ulcinj.com\/blog\/wp-content\/uploads\/2008\/01\/nikolle_camaj.jpg\"},{\"@type\":\"WebPage\",\"@id\":\"https:\/\/www.visit-ulcinj.com\/blog\/2008\/01\/02\/%e2%80%9cte-drejtat-e-pakicave-ne-ambientin-e-kushtetutes-se-re%e2%80%9dne-mal-te-zi\/#webpage\",\"url\":\"https:\/\/www.visit-ulcinj.com\/blog\/2008\/01\/02\/%e2%80%9cte-drejtat-e-pakicave-ne-ambientin-e-kushtetutes-se-re%e2%80%9dne-mal-te-zi\/\",\"name\":\"Te drejtat e pakicave n\u00eb ambientin e kushtetutes se re n\u00eb Mal t\u00eb Zi - Lajme nga Ulqini\",\"isPartOf\":{\"@id\":\"https:\/\/www.visit-ulcinj.com\/blog\/#website\"},\"primaryImageOfPage\":{\"@id\":\"https:\/\/www.visit-ulcinj.com\/blog\/2008\/01\/02\/%e2%80%9cte-drejtat-e-pakicave-ne-ambientin-e-kushtetutes-se-re%e2%80%9dne-mal-te-zi\/#primaryimage\"},\"datePublished\":\"2008-01-02T17:14:51+00:00\",\"dateModified\":\"2008-10-17T16:50:43+00:00\",\"author\":{\"@id\":\"https:\/\/www.visit-ulcinj.com\/blog\/#\/schema\/person\/dcab619c614d3038751c63bc2aadc06d\"},\"breadcrumb\":{\"@id\":\"https:\/\/www.visit-ulcinj.com\/blog\/2008\/01\/02\/%e2%80%9cte-drejtat-e-pakicave-ne-ambientin-e-kushtetutes-se-re%e2%80%9dne-mal-te-zi\/#breadcrumb\"},\"inLanguage\":\"en-US\",\"potentialAction\":[{\"@type\":\"ReadAction\",\"target\":[\"https:\/\/www.visit-ulcinj.com\/blog\/2008\/01\/02\/%e2%80%9cte-drejtat-e-pakicave-ne-ambientin-e-kushtetutes-se-re%e2%80%9dne-mal-te-zi\/\"]}]},{\"@type\":\"BreadcrumbList\",\"@id\":\"https:\/\/www.visit-ulcinj.com\/blog\/2008\/01\/02\/%e2%80%9cte-drejtat-e-pakicave-ne-ambientin-e-kushtetutes-se-re%e2%80%9dne-mal-te-zi\/#breadcrumb\",\"itemListElement\":[{\"@type\":\"ListItem\",\"position\":1,\"name\":\"Te drejtat e pakicave n\u00eb ambientin e kushtetutes se re n\u00eb Mal t\u00eb Zi\"}]},{\"@type\":\"Person\",\"@id\":\"https:\/\/www.visit-ulcinj.com\/blog\/#\/schema\/person\/dcab619c614d3038751c63bc2aadc06d\",\"name\":\"ulqini\",\"sameAs\":[\"http:\/\/www.visit-ulcinj.com\"],\"url\":\"https:\/\/www.visit-ulcinj.com\/blog\/author\/admin\/\"}]}<\/script>\n<!-- \/ Yoast SEO plugin. -->","yoast_head_json":{"title":"Te drejtat e pakicave n\u00eb ambientin e kushtetutes se re n\u00eb Mal t\u00eb Zi - Lajme nga Ulqini","robots":{"index":"index","follow":"follow","max-snippet":"max-snippet:-1","max-image-preview":"max-image-preview:large","max-video-preview":"max-video-preview:-1"},"canonical":"https:\/\/www.visit-ulcinj.com\/blog\/2008\/01\/02\/\u201cte-drejtat-e-pakicave-ne-ambientin-e-kushtetutes-se-re\u201dne-mal-te-zi\/","og_locale":"en_US","og_type":"article","og_title":"Te drejtat e pakicave n\u00eb ambientin e kushtetutes se re n\u00eb Mal t\u00eb Zi - Lajme nga Ulqini","og_url":"https:\/\/www.visit-ulcinj.com\/blog\/2008\/01\/02\/\u201cte-drejtat-e-pakicave-ne-ambientin-e-kushtetutes-se-re\u201dne-mal-te-zi\/","og_site_name":"Lajme nga Ulqini","article_published_time":"2008-01-02T17:14:51+00:00","article_modified_time":"2008-10-17T16:50:43+00:00","og_image":[{"url":"http:\/\/www.visit-ulcinj.com\/blog\/wp-content\/uploads\/2008\/01\/nikolle_camaj.jpg"}],"twitter_misc":{"Written by":"ulqini","Est. reading time":"5 minutes"},"schema":{"@context":"https:\/\/schema.org","@graph":[{"@type":"WebSite","@id":"https:\/\/www.visit-ulcinj.com\/blog\/#website","url":"https:\/\/www.visit-ulcinj.com\/blog\/","name":"Lajme nga Ulqini","description":"Lajme,Vijesti,Ulqini,Ulqin,Crna Gora,Mali i Zi","potentialAction":[{"@type":"SearchAction","target":{"@type":"EntryPoint","urlTemplate":"https:\/\/www.visit-ulcinj.com\/blog\/?s={search_term_string}"},"query-input":"required name=search_term_string"}],"inLanguage":"en-US"},{"@type":"ImageObject","inLanguage":"en-US","@id":"https:\/\/www.visit-ulcinj.com\/blog\/2008\/01\/02\/%e2%80%9cte-drejtat-e-pakicave-ne-ambientin-e-kushtetutes-se-re%e2%80%9dne-mal-te-zi\/#primaryimage","url":"http:\/\/www.visit-ulcinj.com\/blog\/wp-content\/uploads\/2008\/01\/nikolle_camaj.jpg","contentUrl":"http:\/\/www.visit-ulcinj.com\/blog\/wp-content\/uploads\/2008\/01\/nikolle_camaj.jpg"},{"@type":"WebPage","@id":"https:\/\/www.visit-ulcinj.com\/blog\/2008\/01\/02\/%e2%80%9cte-drejtat-e-pakicave-ne-ambientin-e-kushtetutes-se-re%e2%80%9dne-mal-te-zi\/#webpage","url":"https:\/\/www.visit-ulcinj.com\/blog\/2008\/01\/02\/%e2%80%9cte-drejtat-e-pakicave-ne-ambientin-e-kushtetutes-se-re%e2%80%9dne-mal-te-zi\/","name":"Te drejtat e pakicave n\u00eb ambientin e kushtetutes se re n\u00eb Mal t\u00eb Zi - Lajme nga Ulqini","isPartOf":{"@id":"https:\/\/www.visit-ulcinj.com\/blog\/#website"},"primaryImageOfPage":{"@id":"https:\/\/www.visit-ulcinj.com\/blog\/2008\/01\/02\/%e2%80%9cte-drejtat-e-pakicave-ne-ambientin-e-kushtetutes-se-re%e2%80%9dne-mal-te-zi\/#primaryimage"},"datePublished":"2008-01-02T17:14:51+00:00","dateModified":"2008-10-17T16:50:43+00:00","author":{"@id":"https:\/\/www.visit-ulcinj.com\/blog\/#\/schema\/person\/dcab619c614d3038751c63bc2aadc06d"},"breadcrumb":{"@id":"https:\/\/www.visit-ulcinj.com\/blog\/2008\/01\/02\/%e2%80%9cte-drejtat-e-pakicave-ne-ambientin-e-kushtetutes-se-re%e2%80%9dne-mal-te-zi\/#breadcrumb"},"inLanguage":"en-US","potentialAction":[{"@type":"ReadAction","target":["https:\/\/www.visit-ulcinj.com\/blog\/2008\/01\/02\/%e2%80%9cte-drejtat-e-pakicave-ne-ambientin-e-kushtetutes-se-re%e2%80%9dne-mal-te-zi\/"]}]},{"@type":"BreadcrumbList","@id":"https:\/\/www.visit-ulcinj.com\/blog\/2008\/01\/02\/%e2%80%9cte-drejtat-e-pakicave-ne-ambientin-e-kushtetutes-se-re%e2%80%9dne-mal-te-zi\/#breadcrumb","itemListElement":[{"@type":"ListItem","position":1,"name":"Te drejtat e pakicave n\u00eb ambientin e kushtetutes se re n\u00eb Mal t\u00eb Zi"}]},{"@type":"Person","@id":"https:\/\/www.visit-ulcinj.com\/blog\/#\/schema\/person\/dcab619c614d3038751c63bc2aadc06d","name":"ulqini","sameAs":["http:\/\/www.visit-ulcinj.com"],"url":"https:\/\/www.visit-ulcinj.com\/blog\/author\/admin\/"}]}},"jetpack_featured_media_url":"","jetpack_sharing_enabled":true,"jetpack_shortlink":"https:\/\/wp.me\/pe6lTn-8","_links":{"self":[{"href":"https:\/\/www.visit-ulcinj.com\/blog\/wp-json\/wp\/v2\/posts\/8"}],"collection":[{"href":"https:\/\/www.visit-ulcinj.com\/blog\/wp-json\/wp\/v2\/posts"}],"about":[{"href":"https:\/\/www.visit-ulcinj.com\/blog\/wp-json\/wp\/v2\/types\/post"}],"author":[{"embeddable":true,"href":"https:\/\/www.visit-ulcinj.com\/blog\/wp-json\/wp\/v2\/users\/1"}],"replies":[{"embeddable":true,"href":"https:\/\/www.visit-ulcinj.com\/blog\/wp-json\/wp\/v2\/comments?post=8"}],"version-history":[{"count":0,"href":"https:\/\/www.visit-ulcinj.com\/blog\/wp-json\/wp\/v2\/posts\/8\/revisions"}],"wp:attachment":[{"href":"https:\/\/www.visit-ulcinj.com\/blog\/wp-json\/wp\/v2\/media?parent=8"}],"wp:term":[{"taxonomy":"category","embeddable":true,"href":"https:\/\/www.visit-ulcinj.com\/blog\/wp-json\/wp\/v2\/categories?post=8"},{"taxonomy":"post_tag","embeddable":true,"href":"https:\/\/www.visit-ulcinj.com\/blog\/wp-json\/wp\/v2\/tags?post=8"}],"curies":[{"name":"wp","href":"https:\/\/api.w.org\/{rel}","templated":true}]}}