{"id":80019,"date":"2014-02-22T16:01:32","date_gmt":"2014-02-22T15:01:32","guid":{"rendered":"http:\/\/www.visit-ulcinj.com\/blog\/?p=80019"},"modified":"2014-02-22T16:01:32","modified_gmt":"2014-02-22T15:01:32","slug":"sajam-u-prag-holiday-world-2014-turisticka-organizacija-ulcinj","status":"publish","type":"post","link":"https:\/\/www.visit-ulcinj.com\/blog\/2014\/02\/22\/sajam-u-prag-holiday-world-2014-turisticka-organizacija-ulcinj\/","title":{"rendered":"Sajam u Prag Holiday World 2014 &#8211; Turisti\u010dka Organizacija Ulcinj"},"content":{"rendered":"<p><strong><a href=\"http:\/\/www.visit-ulcinj.com\/blog\/wp-content\/uploads\/2014\/02\/OT-Ulqin-TO-Ulcinj-Prag-Holiday-World-2014-2.jpg\"><img loading=\"lazy\" class=\"alignleft  wp-image-80016\" alt=\"OT-Ulqin-TO-Ulcinj-Prag-Holiday-World-2014-2\" src=\"http:\/\/www.visit-ulcinj.com\/blog\/wp-content\/uploads\/2014\/02\/OT-Ulqin-TO-Ulcinj-Prag-Holiday-World-2014-2.jpg\" width=\"508\" height=\"360\" \/><\/a>Prag Holiday World 2014<\/strong><\/p>\n<p>Sajam u Pragu je tradicionalna manifestacija na kojoj se TO Ulcinj uspje\u0161no predstavlja a \u010de\u0161ko tr\u017ei\u0161te, sa kojeg dolazi zna\u010dajan broj turista, je izuzetno va\u017eno za uspje\u0161nu turisti\u010dku sezonu. Dobra saradnja me\u0111u primorskim lokalnim turisti\u010dkim organizacijama rezultirala je, organizovanjem zajedni\u010dkog sajamskog nastupa, pa se Turisti\u010dka organizacija Ulcinj u Pragu predstavlja zajedno sa TO Kotor, Tivat, Bar, Budva i Herceg Novi.<\/p>\n<p>Prvog dana sajma odr\u017eani su brojni poslovni susreti sa predstavnicima turisti\u010dkih agencija i turoperatora uz najavu nastavka dobre saradnje. Posjetiocima na\u0161eg standa je ponu\u0111en raznovrstan materijal uz pomo\u0107 kojeg su se na engleskom i \u010de\u0161kom jeziku posjetioci mogli informisati o ponudi kako Ulcinja tako i cijele Crne Gore u 2014.godini. Najve\u0107e interesovanje turisti su pokazali za privatni i hotelski smje\u0161taj u primorskim op\u0161tinama, kao i za cijene koje su predvi\u0111ene za predstoje\u0107u turisti\u010dku sezonu. Drugog dana sajma, 21. februara, odr\u017eana je press konferencija na kojoj je prisustvovalo 15 novinara \u0161tampanih medija: Travel Trade Gazette, World Trend, ISpigl, New Europe, The Economist, Gastro Report, Travel Proxy, Ceska komisija za UNESCO, Dorian Press, URFART, Will Shows, CTP, Zeleznicar, Lidove novini i Kamera po Cesku. Brojna pitanja novinara specijalizovanih za turizam odnosila su se na cjelokupnu ponudu, ali i infrastrukturu.<\/p>\n<p>Nakon press konferencije gosti su imali priliku da degustiraju crnogorsko vino i rakiju, kao i tradicionalnu crnogorsku hranu.<\/p>\n<p>Sa zadovoljstvom mo\u017eemo ista\u0107i da vlada veliko interesovanje \u010cesa za Ulcinj jer \u010cesi va\u017ee za iskusne putnike koji su posebno zainteresovani za prirodu i aktivan odmor kao \u0161to je Kite Surf na Velikoj pla\u017ei. Do kraja 2013.godine Ulcinj je posjetilo 7.304 turista koji su realizovali 51.080 no\u0107enja \u0161to predstavlja pove\u0107anje za 8% u odnosu na 2012.godinu.<\/p>\n<p>Na 23. Me\u0111unarodnom sajmu u Pragu u\u010destvuje preko 50 stranih zemalja sa oko 800 u\u010desnika. Do kraja sajma o\u010dekuje se oko 35.000 posjetilaca.<\/p>\n<p>&nbsp;<\/p>\n<p>Stru\u010dna slu\u017eba TO Ulcinj<\/p>\n\n\t\t<style type=\"text\/css\">\n\t\t\t#gallery-1 {\n\t\t\t\tmargin: auto;\n\t\t\t}\n\t\t\t#gallery-1 .gallery-item {\n\t\t\t\tfloat: left;\n\t\t\t\tmargin-top: 10px;\n\t\t\t\ttext-align: center;\n\t\t\t\twidth: 33%;\n\t\t\t}\n\t\t\t#gallery-1 img {\n\t\t\t\tborder: 2px solid #cfcfcf;\n\t\t\t}\n\t\t\t#gallery-1 .gallery-caption {\n\t\t\t\tmargin-left: 0;\n\t\t\t}\n\t\t\t\/* see gallery_shortcode() in wp-includes\/media.php *\/\n\t\t<\/style>\n\t\t<div id='gallery-1' class='gallery galleryid-80019 gallery-columns-3 gallery-size-thumbnail'><dl class='gallery-item'>\n\t\t\t<dt class='gallery-icon landscape'>\n\t\t\t\t<a href='https:\/\/www.visit-ulcinj.com\/blog\/2014\/02\/22\/ot-ulqin-ne-prag-holiday-world-2014\/ot-ulqin-to-ulcinj-prag-holiday-world-2014-3\/'><img width=\"150\" height=\"150\" src=\"https:\/\/www.visit-ulcinj.com\/blog\/wp-content\/uploads\/2014\/02\/OT-Ulqin-TO-Ulcinj-Prag-Holiday-World-2014-3-150x150.jpg\" class=\"attachment-thumbnail size-thumbnail\" alt=\"\" loading=\"lazy\" \/><\/a>\n\t\t\t<\/dt><\/dl><dl class='gallery-item'>\n\t\t\t<dt class='gallery-icon landscape'>\n\t\t\t\t<a href='https:\/\/www.visit-ulcinj.com\/blog\/2014\/02\/22\/ot-ulqin-ne-prag-holiday-world-2014\/ot-ulqin-to-ulcinj-prag-holiday-world-2014-1\/'><img width=\"150\" height=\"150\" src=\"https:\/\/www.visit-ulcinj.com\/blog\/wp-content\/uploads\/2014\/02\/OT-Ulqin-TO-Ulcinj-Prag-Holiday-World-2014-1-150x150.jpg\" class=\"attachment-thumbnail size-thumbnail\" alt=\"\" loading=\"lazy\" \/><\/a>\n\t\t\t<\/dt><\/dl><dl class='gallery-item'>\n\t\t\t<dt class='gallery-icon landscape'>\n\t\t\t\t<a href='https:\/\/www.visit-ulcinj.com\/blog\/2014\/02\/22\/ot-ulqin-ne-prag-holiday-world-2014\/ot-ulqin-to-ulcinj-prag-holiday-world-2014\/'><img width=\"150\" height=\"150\" src=\"https:\/\/www.visit-ulcinj.com\/blog\/wp-content\/uploads\/2014\/02\/OT-Ulqin-TO-Ulcinj-Prag-Holiday-World-2014-150x150.jpg\" class=\"attachment-thumbnail size-thumbnail\" alt=\"\" loading=\"lazy\" \/><\/a>\n\t\t\t<\/dt><\/dl><br style=\"clear: both\" \/>\n\t\t<\/div>\n\n","protected":false},"excerpt":{"rendered":"<p>Prag Holiday World 2014 Sajam u Pragu je tradicionalna manifestacija na kojoj se TO Ulcinj uspje\u0161no predstavlja a \u010de\u0161ko tr\u017ei\u0161te, sa kojeg dolazi zna\u010dajan broj turista, je izuzetno va\u017eno za uspje\u0161nu turisti\u010dku sezonu. Dobra saradnja me\u0111u primorskim lokalnim turisti\u010dkim organizacijama rezultirala je, organizovanjem zajedni\u010dkog sajamskog nastupa, pa se Turisti\u010dka organizacija Ulcinj u Pragu predstavlja zajedno [&hellip;]<\/p>\n","protected":false},"author":1,"featured_media":0,"comment_status":"closed","ping_status":"closed","sticky":false,"template":"","format":"standard","meta":{"spay_email":"","jetpack_publicize_message":"","jetpack_is_tweetstorm":false,"jetpack_publicize_feature_enabled":true},"categories":[6950],"tags":[],"jetpack_publicize_connections":[],"yoast_head":"<!-- This site is optimized with the Yoast SEO plugin v19.1 - https:\/\/yoast.com\/wordpress\/plugins\/seo\/ -->\n<title>Sajam u Prag Holiday World 2014 - Turisti\u010dka Organizacija Ulcinj - Lajme nga Ulqini<\/title>\n<meta name=\"description\" content=\"Prag Holiday World 2014 Sajam u Pragu je tradicionalna manifestacija na kojoj se TO Ulcinj uspje\u0161no predstavlja a \u010de\u0161ko tr\u017ei\u0161te, sa kojeg dolazi zna\u010dajan\" \/>\n<meta name=\"robots\" content=\"index, follow, max-snippet:-1, max-image-preview:large, max-video-preview:-1\" \/>\n<link rel=\"canonical\" href=\"https:\/\/www.visit-ulcinj.com\/blog\/2014\/02\/22\/sajam-u-prag-holiday-world-2014-turisticka-organizacija-ulcinj\/\" \/>\n<meta property=\"og:locale\" content=\"en_US\" \/>\n<meta property=\"og:type\" content=\"article\" \/>\n<meta property=\"og:title\" content=\"Sajam u Prag Holiday World 2014 - Turisti\u010dka Organizacija Ulcinj - Lajme nga Ulqini\" \/>\n<meta property=\"og:description\" content=\"Prag Holiday World 2014 Sajam u Pragu je tradicionalna manifestacija na kojoj se TO Ulcinj uspje\u0161no predstavlja a \u010de\u0161ko tr\u017ei\u0161te, sa kojeg dolazi zna\u010dajan\" \/>\n<meta property=\"og:url\" content=\"https:\/\/www.visit-ulcinj.com\/blog\/2014\/02\/22\/sajam-u-prag-holiday-world-2014-turisticka-organizacija-ulcinj\/\" \/>\n<meta property=\"og:site_name\" content=\"Lajme nga Ulqini\" \/>\n<meta property=\"article:published_time\" content=\"2014-02-22T15:01:32+00:00\" \/>\n<meta property=\"og:image\" content=\"https:\/\/www.visit-ulcinj.com\/blog\/wp-content\/uploads\/2014\/02\/OT-Ulqin-TO-Ulcinj-Prag-Holiday-World-2014-3-150x150.jpg\" \/>\n<meta name=\"twitter:label1\" content=\"Written by\" \/>\n\t<meta name=\"twitter:data1\" content=\"ulqini\" \/>\n\t<meta name=\"twitter:label2\" content=\"Est. reading time\" \/>\n\t<meta name=\"twitter:data2\" content=\"2 minutes\" \/>\n<script type=\"application\/ld+json\" class=\"yoast-schema-graph\">{\"@context\":\"https:\/\/schema.org\",\"@graph\":[{\"@type\":\"WebSite\",\"@id\":\"https:\/\/www.visit-ulcinj.com\/blog\/#website\",\"url\":\"https:\/\/www.visit-ulcinj.com\/blog\/\",\"name\":\"Lajme nga Ulqini\",\"description\":\"Lajme,Vijesti,Ulqini,Ulqin,Crna Gora,Mali i Zi\",\"potentialAction\":[{\"@type\":\"SearchAction\",\"target\":{\"@type\":\"EntryPoint\",\"urlTemplate\":\"https:\/\/www.visit-ulcinj.com\/blog\/?s={search_term_string}\"},\"query-input\":\"required name=search_term_string\"}],\"inLanguage\":\"en-US\"},{\"@type\":\"ImageObject\",\"inLanguage\":\"en-US\",\"@id\":\"https:\/\/www.visit-ulcinj.com\/blog\/2014\/02\/22\/sajam-u-prag-holiday-world-2014-turisticka-organizacija-ulcinj\/#primaryimage\",\"url\":\"https:\/\/www.visit-ulcinj.com\/blog\/wp-content\/uploads\/2014\/02\/OT-Ulqin-TO-Ulcinj-Prag-Holiday-World-2014-2.jpg\",\"contentUrl\":\"https:\/\/www.visit-ulcinj.com\/blog\/wp-content\/uploads\/2014\/02\/OT-Ulqin-TO-Ulcinj-Prag-Holiday-World-2014-2.jpg\",\"width\":681,\"height\":511},{\"@type\":\"WebPage\",\"@id\":\"https:\/\/www.visit-ulcinj.com\/blog\/2014\/02\/22\/sajam-u-prag-holiday-world-2014-turisticka-organizacija-ulcinj\/#webpage\",\"url\":\"https:\/\/www.visit-ulcinj.com\/blog\/2014\/02\/22\/sajam-u-prag-holiday-world-2014-turisticka-organizacija-ulcinj\/\",\"name\":\"Sajam u Prag Holiday World 2014 - Turisti\u010dka Organizacija Ulcinj - Lajme nga Ulqini\",\"isPartOf\":{\"@id\":\"https:\/\/www.visit-ulcinj.com\/blog\/#website\"},\"primaryImageOfPage\":{\"@id\":\"https:\/\/www.visit-ulcinj.com\/blog\/2014\/02\/22\/sajam-u-prag-holiday-world-2014-turisticka-organizacija-ulcinj\/#primaryimage\"},\"datePublished\":\"2014-02-22T15:01:32+00:00\",\"dateModified\":\"2014-02-22T15:01:32+00:00\",\"author\":{\"@id\":\"https:\/\/www.visit-ulcinj.com\/blog\/#\/schema\/person\/dcab619c614d3038751c63bc2aadc06d\"},\"description\":\"Prag Holiday World 2014 Sajam u Pragu je tradicionalna manifestacija na kojoj se TO Ulcinj uspje\u0161no predstavlja a \u010de\u0161ko tr\u017ei\u0161te, sa kojeg dolazi zna\u010dajan\",\"breadcrumb\":{\"@id\":\"https:\/\/www.visit-ulcinj.com\/blog\/2014\/02\/22\/sajam-u-prag-holiday-world-2014-turisticka-organizacija-ulcinj\/#breadcrumb\"},\"inLanguage\":\"en-US\",\"potentialAction\":[{\"@type\":\"ReadAction\",\"target\":[\"https:\/\/www.visit-ulcinj.com\/blog\/2014\/02\/22\/sajam-u-prag-holiday-world-2014-turisticka-organizacija-ulcinj\/\"]}]},{\"@type\":\"BreadcrumbList\",\"@id\":\"https:\/\/www.visit-ulcinj.com\/blog\/2014\/02\/22\/sajam-u-prag-holiday-world-2014-turisticka-organizacija-ulcinj\/#breadcrumb\",\"itemListElement\":[{\"@type\":\"ListItem\",\"position\":1,\"name\":\"Sajam u Prag Holiday World 2014 &#8211; Turisti\u010dka Organizacija Ulcinj\"}]},{\"@type\":\"Person\",\"@id\":\"https:\/\/www.visit-ulcinj.com\/blog\/#\/schema\/person\/dcab619c614d3038751c63bc2aadc06d\",\"name\":\"ulqini\",\"sameAs\":[\"http:\/\/www.visit-ulcinj.com\"],\"url\":\"https:\/\/www.visit-ulcinj.com\/blog\/author\/admin\/\"}]}<\/script>\n<!-- \/ Yoast SEO plugin. -->","yoast_head_json":{"title":"Sajam u Prag Holiday World 2014 - Turisti\u010dka Organizacija Ulcinj - Lajme nga Ulqini","description":"Prag Holiday World 2014 Sajam u Pragu je tradicionalna manifestacija na kojoj se TO Ulcinj uspje\u0161no predstavlja a \u010de\u0161ko tr\u017ei\u0161te, sa kojeg dolazi zna\u010dajan","robots":{"index":"index","follow":"follow","max-snippet":"max-snippet:-1","max-image-preview":"max-image-preview:large","max-video-preview":"max-video-preview:-1"},"canonical":"https:\/\/www.visit-ulcinj.com\/blog\/2014\/02\/22\/sajam-u-prag-holiday-world-2014-turisticka-organizacija-ulcinj\/","og_locale":"en_US","og_type":"article","og_title":"Sajam u Prag Holiday World 2014 - Turisti\u010dka Organizacija Ulcinj - Lajme nga Ulqini","og_description":"Prag Holiday World 2014 Sajam u Pragu je tradicionalna manifestacija na kojoj se TO Ulcinj uspje\u0161no predstavlja a \u010de\u0161ko tr\u017ei\u0161te, sa kojeg dolazi zna\u010dajan","og_url":"https:\/\/www.visit-ulcinj.com\/blog\/2014\/02\/22\/sajam-u-prag-holiday-world-2014-turisticka-organizacija-ulcinj\/","og_site_name":"Lajme nga Ulqini","article_published_time":"2014-02-22T15:01:32+00:00","og_image":[{"url":"https:\/\/www.visit-ulcinj.com\/blog\/wp-content\/uploads\/2014\/02\/OT-Ulqin-TO-Ulcinj-Prag-Holiday-World-2014-3-150x150.jpg"}],"twitter_misc":{"Written by":"ulqini","Est. reading time":"2 minutes"},"schema":{"@context":"https:\/\/schema.org","@graph":[{"@type":"WebSite","@id":"https:\/\/www.visit-ulcinj.com\/blog\/#website","url":"https:\/\/www.visit-ulcinj.com\/blog\/","name":"Lajme nga Ulqini","description":"Lajme,Vijesti,Ulqini,Ulqin,Crna Gora,Mali i Zi","potentialAction":[{"@type":"SearchAction","target":{"@type":"EntryPoint","urlTemplate":"https:\/\/www.visit-ulcinj.com\/blog\/?s={search_term_string}"},"query-input":"required name=search_term_string"}],"inLanguage":"en-US"},{"@type":"ImageObject","inLanguage":"en-US","@id":"https:\/\/www.visit-ulcinj.com\/blog\/2014\/02\/22\/sajam-u-prag-holiday-world-2014-turisticka-organizacija-ulcinj\/#primaryimage","url":"https:\/\/www.visit-ulcinj.com\/blog\/wp-content\/uploads\/2014\/02\/OT-Ulqin-TO-Ulcinj-Prag-Holiday-World-2014-2.jpg","contentUrl":"https:\/\/www.visit-ulcinj.com\/blog\/wp-content\/uploads\/2014\/02\/OT-Ulqin-TO-Ulcinj-Prag-Holiday-World-2014-2.jpg","width":681,"height":511},{"@type":"WebPage","@id":"https:\/\/www.visit-ulcinj.com\/blog\/2014\/02\/22\/sajam-u-prag-holiday-world-2014-turisticka-organizacija-ulcinj\/#webpage","url":"https:\/\/www.visit-ulcinj.com\/blog\/2014\/02\/22\/sajam-u-prag-holiday-world-2014-turisticka-organizacija-ulcinj\/","name":"Sajam u Prag Holiday World 2014 - Turisti\u010dka Organizacija Ulcinj - Lajme nga Ulqini","isPartOf":{"@id":"https:\/\/www.visit-ulcinj.com\/blog\/#website"},"primaryImageOfPage":{"@id":"https:\/\/www.visit-ulcinj.com\/blog\/2014\/02\/22\/sajam-u-prag-holiday-world-2014-turisticka-organizacija-ulcinj\/#primaryimage"},"datePublished":"2014-02-22T15:01:32+00:00","dateModified":"2014-02-22T15:01:32+00:00","author":{"@id":"https:\/\/www.visit-ulcinj.com\/blog\/#\/schema\/person\/dcab619c614d3038751c63bc2aadc06d"},"description":"Prag Holiday World 2014 Sajam u Pragu je tradicionalna manifestacija na kojoj se TO Ulcinj uspje\u0161no predstavlja a \u010de\u0161ko tr\u017ei\u0161te, sa kojeg dolazi zna\u010dajan","breadcrumb":{"@id":"https:\/\/www.visit-ulcinj.com\/blog\/2014\/02\/22\/sajam-u-prag-holiday-world-2014-turisticka-organizacija-ulcinj\/#breadcrumb"},"inLanguage":"en-US","potentialAction":[{"@type":"ReadAction","target":["https:\/\/www.visit-ulcinj.com\/blog\/2014\/02\/22\/sajam-u-prag-holiday-world-2014-turisticka-organizacija-ulcinj\/"]}]},{"@type":"BreadcrumbList","@id":"https:\/\/www.visit-ulcinj.com\/blog\/2014\/02\/22\/sajam-u-prag-holiday-world-2014-turisticka-organizacija-ulcinj\/#breadcrumb","itemListElement":[{"@type":"ListItem","position":1,"name":"Sajam u Prag Holiday World 2014 &#8211; Turisti\u010dka Organizacija Ulcinj"}]},{"@type":"Person","@id":"https:\/\/www.visit-ulcinj.com\/blog\/#\/schema\/person\/dcab619c614d3038751c63bc2aadc06d","name":"ulqini","sameAs":["http:\/\/www.visit-ulcinj.com"],"url":"https:\/\/www.visit-ulcinj.com\/blog\/author\/admin\/"}]}},"jetpack_featured_media_url":"","jetpack_sharing_enabled":true,"jetpack_shortlink":"https:\/\/wp.me\/pe6lTn-kOD","_links":{"self":[{"href":"https:\/\/www.visit-ulcinj.com\/blog\/wp-json\/wp\/v2\/posts\/80019"}],"collection":[{"href":"https:\/\/www.visit-ulcinj.com\/blog\/wp-json\/wp\/v2\/posts"}],"about":[{"href":"https:\/\/www.visit-ulcinj.com\/blog\/wp-json\/wp\/v2\/types\/post"}],"author":[{"embeddable":true,"href":"https:\/\/www.visit-ulcinj.com\/blog\/wp-json\/wp\/v2\/users\/1"}],"replies":[{"embeddable":true,"href":"https:\/\/www.visit-ulcinj.com\/blog\/wp-json\/wp\/v2\/comments?post=80019"}],"version-history":[{"count":1,"href":"https:\/\/www.visit-ulcinj.com\/blog\/wp-json\/wp\/v2\/posts\/80019\/revisions"}],"predecessor-version":[{"id":80020,"href":"https:\/\/www.visit-ulcinj.com\/blog\/wp-json\/wp\/v2\/posts\/80019\/revisions\/80020"}],"wp:attachment":[{"href":"https:\/\/www.visit-ulcinj.com\/blog\/wp-json\/wp\/v2\/media?parent=80019"}],"wp:term":[{"taxonomy":"category","embeddable":true,"href":"https:\/\/www.visit-ulcinj.com\/blog\/wp-json\/wp\/v2\/categories?post=80019"},{"taxonomy":"post_tag","embeddable":true,"href":"https:\/\/www.visit-ulcinj.com\/blog\/wp-json\/wp\/v2\/tags?post=80019"}],"curies":[{"name":"wp","href":"https:\/\/api.w.org\/{rel}","templated":true}]}}