{"id":80037,"date":"2014-02-23T10:29:19","date_gmt":"2014-02-23T09:29:19","guid":{"rendered":"http:\/\/www.visit-ulcinj.com\/blog\/?p=80037"},"modified":"2014-02-23T10:35:19","modified_gmt":"2014-02-23T09:35:19","slug":"bardhi-albanci-ujedinimo-se","status":"publish","type":"post","link":"https:\/\/www.visit-ulcinj.com\/blog\/2014\/02\/23\/bardhi-albanci-ujedinimo-se\/","title":{"rendered":"Bardhi: Albanci, ujedinimo se"},"content":{"rendered":"<p><a href=\"http:\/\/www.visit-ulcinj.com\/blog\/wp-content\/uploads\/2014\/01\/Mehmet-Bardhi.jpg\"><img loading=\"lazy\" class=\"alignleft  wp-image-79087\" alt=\"Mehmet-Bardhi\" src=\"http:\/\/www.visit-ulcinj.com\/blog\/wp-content\/uploads\/2014\/01\/Mehmet-Bardhi.jpg\" width=\"508\" height=\"360\" \/><\/a>Da bi se sprije\u010dilo rasipanje glasova, potrebno je da se sve albanske partije i politi\u010dki subjekti ujedine, jer bi se tako postigao bolji izborni rezultat, rekao je predsjednik Demokratskog saveza Mehmet Bardhi.<\/p>\n<p>On je ocijenio da je to neophodno uraditi na predstoje\u0107im lokalnim izborima, jer politika u Crnoj Gori ne ide u prilog Albancima.<\/p>\n<p>&#8220;Svakim danom ima nas sve manje, bez obzira na to \u0161to smo autohtoni. Razlog za to je politika koja uop\u0161te nije onakva kakva treba da bude. Nije u pitanju politika protiv onoga ili ovoga, ve\u0107 politika za ostvarivanje prava Albanaca&#8221;, rekao je Bardhi za Dan.<\/p>\n<p>Smatra da se mora mijenjati na\u010din vladavine u Crnoj Gori, koja ne bi trebalo da ide u pravcu zloupotreba i anomalija koje su se mogle vidjeti na izborima.<\/p>\n<p>Funkcioner Force Genci Nimanbegu kazao je da \u0107e albanske partije razmotriti koji je to odgovaraju\u0107i nastup na predstoje\u0107im lokalnim izborima u Crnoj Gori.<\/p>\n<p>Pojasnio je kako je odgovor u Ulcinju najbolji odgovor ne samo na politiku premijera Mila \u0110ukanovi\u0107a prema albanskim, ve\u0107 svim partijama koje uzimaju albanske glasove.<\/p>\n<p><strong>Izvor: RTCG<\/strong><\/p>\n","protected":false},"excerpt":{"rendered":"<p>Da bi se sprije\u010dilo rasipanje glasova, potrebno je da se sve albanske partije i politi\u010dki subjekti ujedine, jer bi se tako postigao bolji izborni rezultat, rekao je predsjednik Demokratskog saveza Mehmet Bardhi. On je ocijenio da je to neophodno uraditi na predstoje\u0107im lokalnim izborima, jer politika u Crnoj Gori ne ide u prilog Albancima. &#8220;Svakim [&hellip;]<\/p>\n","protected":false},"author":1,"featured_media":0,"comment_status":"closed","ping_status":"closed","sticky":false,"template":"","format":"standard","meta":{"spay_email":"","jetpack_publicize_message":"","jetpack_is_tweetstorm":false,"jetpack_publicize_feature_enabled":true},"categories":[8337],"tags":[],"jetpack_publicize_connections":[],"yoast_head":"<!-- This site is optimized with the Yoast SEO plugin v19.1 - https:\/\/yoast.com\/wordpress\/plugins\/seo\/ -->\n<title>Bardhi: Albanci, ujedinimo se - Lajme nga Ulqini<\/title>\n<meta name=\"description\" content=\"Da bi se sprije\u010dilo rasipanje glasova, potrebno je da se sve albanske partije i politi\u010dki subjekti ujedine, jer bi se tako postigao bolji izborni\" \/>\n<meta name=\"robots\" content=\"index, follow, max-snippet:-1, max-image-preview:large, max-video-preview:-1\" \/>\n<link rel=\"canonical\" href=\"https:\/\/www.visit-ulcinj.com\/blog\/2014\/02\/23\/bardhi-albanci-ujedinimo-se\/\" \/>\n<meta property=\"og:locale\" content=\"en_US\" \/>\n<meta property=\"og:type\" content=\"article\" \/>\n<meta property=\"og:title\" content=\"Bardhi: Albanci, ujedinimo se - Lajme nga Ulqini\" \/>\n<meta property=\"og:description\" content=\"Da bi se sprije\u010dilo rasipanje glasova, potrebno je da se sve albanske partije i politi\u010dki subjekti ujedine, jer bi se tako postigao bolji izborni\" \/>\n<meta property=\"og:url\" content=\"https:\/\/www.visit-ulcinj.com\/blog\/2014\/02\/23\/bardhi-albanci-ujedinimo-se\/\" \/>\n<meta property=\"og:site_name\" content=\"Lajme nga Ulqini\" \/>\n<meta property=\"article:published_time\" content=\"2014-02-23T09:29:19+00:00\" \/>\n<meta property=\"article:modified_time\" content=\"2014-02-23T09:35:19+00:00\" \/>\n<meta property=\"og:image\" content=\"http:\/\/www.visit-ulcinj.com\/blog\/wp-content\/uploads\/2014\/01\/Mehmet-Bardhi.jpg\" \/>\n<meta name=\"twitter:label1\" content=\"Written by\" \/>\n\t<meta name=\"twitter:data1\" content=\"ulqini\" \/>\n\t<meta name=\"twitter:label2\" content=\"Est. reading time\" \/>\n\t<meta name=\"twitter:data2\" content=\"1 minute\" \/>\n<script type=\"application\/ld+json\" class=\"yoast-schema-graph\">{\"@context\":\"https:\/\/schema.org\",\"@graph\":[{\"@type\":\"WebSite\",\"@id\":\"https:\/\/www.visit-ulcinj.com\/blog\/#website\",\"url\":\"https:\/\/www.visit-ulcinj.com\/blog\/\",\"name\":\"Lajme nga Ulqini\",\"description\":\"Lajme,Vijesti,Ulqini,Ulqin,Crna Gora,Mali i Zi\",\"potentialAction\":[{\"@type\":\"SearchAction\",\"target\":{\"@type\":\"EntryPoint\",\"urlTemplate\":\"https:\/\/www.visit-ulcinj.com\/blog\/?s={search_term_string}\"},\"query-input\":\"required name=search_term_string\"}],\"inLanguage\":\"en-US\"},{\"@type\":\"ImageObject\",\"inLanguage\":\"en-US\",\"@id\":\"https:\/\/www.visit-ulcinj.com\/blog\/2014\/02\/23\/bardhi-albanci-ujedinimo-se\/#primaryimage\",\"url\":\"https:\/\/www.visit-ulcinj.com\/blog\/wp-content\/uploads\/2014\/01\/Mehmet-Bardhi.jpg\",\"contentUrl\":\"https:\/\/www.visit-ulcinj.com\/blog\/wp-content\/uploads\/2014\/01\/Mehmet-Bardhi.jpg\",\"width\":731,\"height\":483},{\"@type\":\"WebPage\",\"@id\":\"https:\/\/www.visit-ulcinj.com\/blog\/2014\/02\/23\/bardhi-albanci-ujedinimo-se\/#webpage\",\"url\":\"https:\/\/www.visit-ulcinj.com\/blog\/2014\/02\/23\/bardhi-albanci-ujedinimo-se\/\",\"name\":\"Bardhi: Albanci, ujedinimo se - Lajme nga Ulqini\",\"isPartOf\":{\"@id\":\"https:\/\/www.visit-ulcinj.com\/blog\/#website\"},\"primaryImageOfPage\":{\"@id\":\"https:\/\/www.visit-ulcinj.com\/blog\/2014\/02\/23\/bardhi-albanci-ujedinimo-se\/#primaryimage\"},\"datePublished\":\"2014-02-23T09:29:19+00:00\",\"dateModified\":\"2014-02-23T09:35:19+00:00\",\"author\":{\"@id\":\"https:\/\/www.visit-ulcinj.com\/blog\/#\/schema\/person\/dcab619c614d3038751c63bc2aadc06d\"},\"description\":\"Da bi se sprije\u010dilo rasipanje glasova, potrebno je da se sve albanske partije i politi\u010dki subjekti ujedine, jer bi se tako postigao bolji izborni\",\"breadcrumb\":{\"@id\":\"https:\/\/www.visit-ulcinj.com\/blog\/2014\/02\/23\/bardhi-albanci-ujedinimo-se\/#breadcrumb\"},\"inLanguage\":\"en-US\",\"potentialAction\":[{\"@type\":\"ReadAction\",\"target\":[\"https:\/\/www.visit-ulcinj.com\/blog\/2014\/02\/23\/bardhi-albanci-ujedinimo-se\/\"]}]},{\"@type\":\"BreadcrumbList\",\"@id\":\"https:\/\/www.visit-ulcinj.com\/blog\/2014\/02\/23\/bardhi-albanci-ujedinimo-se\/#breadcrumb\",\"itemListElement\":[{\"@type\":\"ListItem\",\"position\":1,\"name\":\"Bardhi: Albanci, ujedinimo se\"}]},{\"@type\":\"Person\",\"@id\":\"https:\/\/www.visit-ulcinj.com\/blog\/#\/schema\/person\/dcab619c614d3038751c63bc2aadc06d\",\"name\":\"ulqini\",\"sameAs\":[\"http:\/\/www.visit-ulcinj.com\"],\"url\":\"https:\/\/www.visit-ulcinj.com\/blog\/author\/admin\/\"}]}<\/script>\n<!-- \/ Yoast SEO plugin. -->","yoast_head_json":{"title":"Bardhi: Albanci, ujedinimo se - Lajme nga Ulqini","description":"Da bi se sprije\u010dilo rasipanje glasova, potrebno je da se sve albanske partije i politi\u010dki subjekti ujedine, jer bi se tako postigao bolji izborni","robots":{"index":"index","follow":"follow","max-snippet":"max-snippet:-1","max-image-preview":"max-image-preview:large","max-video-preview":"max-video-preview:-1"},"canonical":"https:\/\/www.visit-ulcinj.com\/blog\/2014\/02\/23\/bardhi-albanci-ujedinimo-se\/","og_locale":"en_US","og_type":"article","og_title":"Bardhi: Albanci, ujedinimo se - Lajme nga Ulqini","og_description":"Da bi se sprije\u010dilo rasipanje glasova, potrebno je da se sve albanske partije i politi\u010dki subjekti ujedine, jer bi se tako postigao bolji izborni","og_url":"https:\/\/www.visit-ulcinj.com\/blog\/2014\/02\/23\/bardhi-albanci-ujedinimo-se\/","og_site_name":"Lajme nga Ulqini","article_published_time":"2014-02-23T09:29:19+00:00","article_modified_time":"2014-02-23T09:35:19+00:00","og_image":[{"url":"http:\/\/www.visit-ulcinj.com\/blog\/wp-content\/uploads\/2014\/01\/Mehmet-Bardhi.jpg"}],"twitter_misc":{"Written by":"ulqini","Est. reading time":"1 minute"},"schema":{"@context":"https:\/\/schema.org","@graph":[{"@type":"WebSite","@id":"https:\/\/www.visit-ulcinj.com\/blog\/#website","url":"https:\/\/www.visit-ulcinj.com\/blog\/","name":"Lajme nga Ulqini","description":"Lajme,Vijesti,Ulqini,Ulqin,Crna Gora,Mali i Zi","potentialAction":[{"@type":"SearchAction","target":{"@type":"EntryPoint","urlTemplate":"https:\/\/www.visit-ulcinj.com\/blog\/?s={search_term_string}"},"query-input":"required name=search_term_string"}],"inLanguage":"en-US"},{"@type":"ImageObject","inLanguage":"en-US","@id":"https:\/\/www.visit-ulcinj.com\/blog\/2014\/02\/23\/bardhi-albanci-ujedinimo-se\/#primaryimage","url":"https:\/\/www.visit-ulcinj.com\/blog\/wp-content\/uploads\/2014\/01\/Mehmet-Bardhi.jpg","contentUrl":"https:\/\/www.visit-ulcinj.com\/blog\/wp-content\/uploads\/2014\/01\/Mehmet-Bardhi.jpg","width":731,"height":483},{"@type":"WebPage","@id":"https:\/\/www.visit-ulcinj.com\/blog\/2014\/02\/23\/bardhi-albanci-ujedinimo-se\/#webpage","url":"https:\/\/www.visit-ulcinj.com\/blog\/2014\/02\/23\/bardhi-albanci-ujedinimo-se\/","name":"Bardhi: Albanci, ujedinimo se - Lajme nga Ulqini","isPartOf":{"@id":"https:\/\/www.visit-ulcinj.com\/blog\/#website"},"primaryImageOfPage":{"@id":"https:\/\/www.visit-ulcinj.com\/blog\/2014\/02\/23\/bardhi-albanci-ujedinimo-se\/#primaryimage"},"datePublished":"2014-02-23T09:29:19+00:00","dateModified":"2014-02-23T09:35:19+00:00","author":{"@id":"https:\/\/www.visit-ulcinj.com\/blog\/#\/schema\/person\/dcab619c614d3038751c63bc2aadc06d"},"description":"Da bi se sprije\u010dilo rasipanje glasova, potrebno je da se sve albanske partije i politi\u010dki subjekti ujedine, jer bi se tako postigao bolji izborni","breadcrumb":{"@id":"https:\/\/www.visit-ulcinj.com\/blog\/2014\/02\/23\/bardhi-albanci-ujedinimo-se\/#breadcrumb"},"inLanguage":"en-US","potentialAction":[{"@type":"ReadAction","target":["https:\/\/www.visit-ulcinj.com\/blog\/2014\/02\/23\/bardhi-albanci-ujedinimo-se\/"]}]},{"@type":"BreadcrumbList","@id":"https:\/\/www.visit-ulcinj.com\/blog\/2014\/02\/23\/bardhi-albanci-ujedinimo-se\/#breadcrumb","itemListElement":[{"@type":"ListItem","position":1,"name":"Bardhi: Albanci, ujedinimo se"}]},{"@type":"Person","@id":"https:\/\/www.visit-ulcinj.com\/blog\/#\/schema\/person\/dcab619c614d3038751c63bc2aadc06d","name":"ulqini","sameAs":["http:\/\/www.visit-ulcinj.com"],"url":"https:\/\/www.visit-ulcinj.com\/blog\/author\/admin\/"}]}},"jetpack_featured_media_url":"","jetpack_sharing_enabled":true,"jetpack_shortlink":"https:\/\/wp.me\/pe6lTn-kOV","_links":{"self":[{"href":"https:\/\/www.visit-ulcinj.com\/blog\/wp-json\/wp\/v2\/posts\/80037"}],"collection":[{"href":"https:\/\/www.visit-ulcinj.com\/blog\/wp-json\/wp\/v2\/posts"}],"about":[{"href":"https:\/\/www.visit-ulcinj.com\/blog\/wp-json\/wp\/v2\/types\/post"}],"author":[{"embeddable":true,"href":"https:\/\/www.visit-ulcinj.com\/blog\/wp-json\/wp\/v2\/users\/1"}],"replies":[{"embeddable":true,"href":"https:\/\/www.visit-ulcinj.com\/blog\/wp-json\/wp\/v2\/comments?post=80037"}],"version-history":[{"count":1,"href":"https:\/\/www.visit-ulcinj.com\/blog\/wp-json\/wp\/v2\/posts\/80037\/revisions"}],"predecessor-version":[{"id":80038,"href":"https:\/\/www.visit-ulcinj.com\/blog\/wp-json\/wp\/v2\/posts\/80037\/revisions\/80038"}],"wp:attachment":[{"href":"https:\/\/www.visit-ulcinj.com\/blog\/wp-json\/wp\/v2\/media?parent=80037"}],"wp:term":[{"taxonomy":"category","embeddable":true,"href":"https:\/\/www.visit-ulcinj.com\/blog\/wp-json\/wp\/v2\/categories?post=80037"},{"taxonomy":"post_tag","embeddable":true,"href":"https:\/\/www.visit-ulcinj.com\/blog\/wp-json\/wp\/v2\/tags?post=80037"}],"curies":[{"name":"wp","href":"https:\/\/api.w.org\/{rel}","templated":true}]}}