{"id":80039,"date":"2014-02-23T10:34:36","date_gmt":"2014-02-23T09:34:36","guid":{"rendered":"http:\/\/www.visit-ulcinj.com\/blog\/?p=80039"},"modified":"2014-02-23T10:48:11","modified_gmt":"2014-02-23T09:48:11","slug":"genci-nimanbegu-malo-novca-za-albanski-savjet","status":"publish","type":"post","link":"https:\/\/www.visit-ulcinj.com\/blog\/2014\/02\/23\/genci-nimanbegu-malo-novca-za-albanski-savjet\/","title":{"rendered":"Genci Nimanbegu: Malo novca za Albanski savjet &#8211; Video"},"content":{"rendered":"<p><a href=\"http:\/\/www.visit-ulcinj.com\/blog\/wp-content\/uploads\/2014\/02\/Numanovic-Nimanbegu.jpg\"><img loading=\"lazy\" class=\"alignleft  wp-image-80040\" alt=\"Numanovic-Nimanbegu\" src=\"http:\/\/www.visit-ulcinj.com\/blog\/wp-content\/uploads\/2014\/02\/Numanovic-Nimanbegu.jpg\" width=\"508\" height=\"300\" \/><\/a>Ministar za ljudska i manjinska prava Suad Numanovi\u0107 i predsjednik Albanskog savjeta Genci Nimanbegu posebnu pa\u017enja u dana\u0161njem razgovoru posvetili su pitanju obrazovanja mladih Albanaca.<\/p>\n<p>Razgovarali su, kako je saop\u0161teno, o potrebi zajedni\u010dkog anga\u017eovanja u vezi sa potpisivanjem Memoranduma sa Univerzitetom Crne Gore o upisu odre\u0111enog broja albanskih studenata na Univerzitet Crne Gore. Veoma va\u017eno je i pitanje njihovog daljeg zapo\u0161ljavanja.<\/p>\n<p>Numanovi\u0107 je istakao veoma zna\u010dajnu ulogu savjeta u institucionalnom unaprje\u0111enju i za\u0161titi prava manjinskih naroda i drugih manjinskih nacionalnih zajednica, kao i bli\u017eu saradnju savjeta i resornog ministarstva.<\/p>\n<p>Naro\u010dito je nagla\u0161ena potreba ve\u0107e anga\u017eovanosti oko nastavnog programa, gdje je Nimanbegu upoznao ministra sa projektom o analizi stanja albanskog jezika u cilju obezbje\u0111ivanja potrebnog materijala za 20 odsto obrazovnog nastavnog plana koji je u planu Savjeta.<\/p>\n<p>Predsjednik\u00a0 Albanskog savjeta je upoznao ministra sa planiranim aktivnostima u narednom periodu, aktuelnim pitanjima i problemima sa kojima se suo\u010dava Savjet, prevashodno pitanjem nedovoljnih finansijskih sredstava kojima Savjet raspola\u017ee mjese\u010dno.<\/p>\n<p>Sagovornici su saglasni da se intenzivnijom\u00a0 saradnjom mogu posti\u0107i sva bolji rezultati rada savjeta uop\u0161te.<\/p>\n<p>Ministar je ponovo istakao da u svim inicijativama koje Savjet upu\u0107uje drugim institucijama, u Ministarstvu za ljudska i manjinska prava uvijek mo\u017ee na\u0107i podr\u0161ku.<\/p>\n<p><strong>Izvor: RTCG<\/strong><\/p>\n<!--YouTube Error: bad URL entered-->\n","protected":false},"excerpt":{"rendered":"<p>Ministar za ljudska i manjinska prava Suad Numanovi\u0107 i predsjednik Albanskog savjeta Genci Nimanbegu posebnu pa\u017enja u dana\u0161njem razgovoru posvetili su pitanju obrazovanja mladih Albanaca. Razgovarali su, kako je saop\u0161teno, o potrebi zajedni\u010dkog anga\u017eovanja u vezi sa potpisivanjem Memoranduma sa Univerzitetom Crne Gore o upisu odre\u0111enog broja albanskih studenata na Univerzitet Crne Gore. Veoma va\u017eno [&hellip;]<\/p>\n","protected":false},"author":1,"featured_media":0,"comment_status":"closed","ping_status":"closed","sticky":false,"template":"","format":"standard","meta":{"spay_email":"","jetpack_publicize_message":"","jetpack_is_tweetstorm":false,"jetpack_publicize_feature_enabled":true},"categories":[6950],"tags":[],"jetpack_publicize_connections":[],"yoast_head":"<!-- This site is optimized with the Yoast SEO plugin v19.1 - https:\/\/yoast.com\/wordpress\/plugins\/seo\/ -->\n<title>Genci Nimanbegu: Malo novca za Albanski savjet - Video - Lajme nga Ulqini<\/title>\n<meta name=\"description\" content=\"Ministar za ljudska i manjinska prava Suad Numanovi\u0107 i predsjednik Albanskog savjeta Genci Nimanbegu posebnu pa\u017enja u dana\u0161njem razgovoru posvetili su\" \/>\n<meta name=\"robots\" content=\"index, follow, max-snippet:-1, max-image-preview:large, max-video-preview:-1\" \/>\n<link rel=\"canonical\" href=\"https:\/\/www.visit-ulcinj.com\/blog\/2014\/02\/23\/genci-nimanbegu-malo-novca-za-albanski-savjet\/\" \/>\n<meta property=\"og:locale\" content=\"en_US\" \/>\n<meta property=\"og:type\" content=\"article\" \/>\n<meta property=\"og:title\" content=\"Genci Nimanbegu: Malo novca za Albanski savjet - Video - Lajme nga Ulqini\" \/>\n<meta property=\"og:description\" content=\"Ministar za ljudska i manjinska prava Suad Numanovi\u0107 i predsjednik Albanskog savjeta Genci Nimanbegu posebnu pa\u017enja u dana\u0161njem razgovoru posvetili su\" \/>\n<meta property=\"og:url\" content=\"https:\/\/www.visit-ulcinj.com\/blog\/2014\/02\/23\/genci-nimanbegu-malo-novca-za-albanski-savjet\/\" \/>\n<meta property=\"og:site_name\" content=\"Lajme nga Ulqini\" \/>\n<meta property=\"article:published_time\" content=\"2014-02-23T09:34:36+00:00\" \/>\n<meta property=\"article:modified_time\" content=\"2014-02-23T09:48:11+00:00\" \/>\n<meta property=\"og:image\" content=\"http:\/\/www.visit-ulcinj.com\/blog\/wp-content\/uploads\/2014\/02\/Numanovic-Nimanbegu.jpg\" \/>\n<meta name=\"twitter:label1\" content=\"Written by\" \/>\n\t<meta name=\"twitter:data1\" content=\"ulqini\" \/>\n\t<meta name=\"twitter:label2\" content=\"Est. reading time\" \/>\n\t<meta name=\"twitter:data2\" content=\"1 minute\" \/>\n<script type=\"application\/ld+json\" class=\"yoast-schema-graph\">{\"@context\":\"https:\/\/schema.org\",\"@graph\":[{\"@type\":\"WebSite\",\"@id\":\"https:\/\/www.visit-ulcinj.com\/blog\/#website\",\"url\":\"https:\/\/www.visit-ulcinj.com\/blog\/\",\"name\":\"Lajme nga Ulqini\",\"description\":\"Lajme,Vijesti,Ulqini,Ulqin,Crna Gora,Mali i Zi\",\"potentialAction\":[{\"@type\":\"SearchAction\",\"target\":{\"@type\":\"EntryPoint\",\"urlTemplate\":\"https:\/\/www.visit-ulcinj.com\/blog\/?s={search_term_string}\"},\"query-input\":\"required name=search_term_string\"}],\"inLanguage\":\"en-US\"},{\"@type\":\"ImageObject\",\"inLanguage\":\"en-US\",\"@id\":\"https:\/\/www.visit-ulcinj.com\/blog\/2014\/02\/23\/genci-nimanbegu-malo-novca-za-albanski-savjet\/#primaryimage\",\"url\":\"https:\/\/www.visit-ulcinj.com\/blog\/wp-content\/uploads\/2014\/02\/Numanovic-Nimanbegu.jpg\",\"contentUrl\":\"https:\/\/www.visit-ulcinj.com\/blog\/wp-content\/uploads\/2014\/02\/Numanovic-Nimanbegu.jpg\",\"width\":470,\"height\":300},{\"@type\":\"WebPage\",\"@id\":\"https:\/\/www.visit-ulcinj.com\/blog\/2014\/02\/23\/genci-nimanbegu-malo-novca-za-albanski-savjet\/#webpage\",\"url\":\"https:\/\/www.visit-ulcinj.com\/blog\/2014\/02\/23\/genci-nimanbegu-malo-novca-za-albanski-savjet\/\",\"name\":\"Genci Nimanbegu: Malo novca za Albanski savjet - Video - Lajme nga Ulqini\",\"isPartOf\":{\"@id\":\"https:\/\/www.visit-ulcinj.com\/blog\/#website\"},\"primaryImageOfPage\":{\"@id\":\"https:\/\/www.visit-ulcinj.com\/blog\/2014\/02\/23\/genci-nimanbegu-malo-novca-za-albanski-savjet\/#primaryimage\"},\"datePublished\":\"2014-02-23T09:34:36+00:00\",\"dateModified\":\"2014-02-23T09:48:11+00:00\",\"author\":{\"@id\":\"https:\/\/www.visit-ulcinj.com\/blog\/#\/schema\/person\/dcab619c614d3038751c63bc2aadc06d\"},\"description\":\"Ministar za ljudska i manjinska prava Suad Numanovi\u0107 i predsjednik Albanskog savjeta Genci Nimanbegu posebnu pa\u017enja u dana\u0161njem razgovoru posvetili su\",\"breadcrumb\":{\"@id\":\"https:\/\/www.visit-ulcinj.com\/blog\/2014\/02\/23\/genci-nimanbegu-malo-novca-za-albanski-savjet\/#breadcrumb\"},\"inLanguage\":\"en-US\",\"potentialAction\":[{\"@type\":\"ReadAction\",\"target\":[\"https:\/\/www.visit-ulcinj.com\/blog\/2014\/02\/23\/genci-nimanbegu-malo-novca-za-albanski-savjet\/\"]}]},{\"@type\":\"BreadcrumbList\",\"@id\":\"https:\/\/www.visit-ulcinj.com\/blog\/2014\/02\/23\/genci-nimanbegu-malo-novca-za-albanski-savjet\/#breadcrumb\",\"itemListElement\":[{\"@type\":\"ListItem\",\"position\":1,\"name\":\"Genci Nimanbegu: Malo novca za Albanski savjet &#8211; Video\"}]},{\"@type\":\"Person\",\"@id\":\"https:\/\/www.visit-ulcinj.com\/blog\/#\/schema\/person\/dcab619c614d3038751c63bc2aadc06d\",\"name\":\"ulqini\",\"sameAs\":[\"http:\/\/www.visit-ulcinj.com\"],\"url\":\"https:\/\/www.visit-ulcinj.com\/blog\/author\/admin\/\"}]}<\/script>\n<!-- \/ Yoast SEO plugin. -->","yoast_head_json":{"title":"Genci Nimanbegu: Malo novca za Albanski savjet - Video - Lajme nga Ulqini","description":"Ministar za ljudska i manjinska prava Suad Numanovi\u0107 i predsjednik Albanskog savjeta Genci Nimanbegu posebnu pa\u017enja u dana\u0161njem razgovoru posvetili su","robots":{"index":"index","follow":"follow","max-snippet":"max-snippet:-1","max-image-preview":"max-image-preview:large","max-video-preview":"max-video-preview:-1"},"canonical":"https:\/\/www.visit-ulcinj.com\/blog\/2014\/02\/23\/genci-nimanbegu-malo-novca-za-albanski-savjet\/","og_locale":"en_US","og_type":"article","og_title":"Genci Nimanbegu: Malo novca za Albanski savjet - Video - Lajme nga Ulqini","og_description":"Ministar za ljudska i manjinska prava Suad Numanovi\u0107 i predsjednik Albanskog savjeta Genci Nimanbegu posebnu pa\u017enja u dana\u0161njem razgovoru posvetili su","og_url":"https:\/\/www.visit-ulcinj.com\/blog\/2014\/02\/23\/genci-nimanbegu-malo-novca-za-albanski-savjet\/","og_site_name":"Lajme nga Ulqini","article_published_time":"2014-02-23T09:34:36+00:00","article_modified_time":"2014-02-23T09:48:11+00:00","og_image":[{"url":"http:\/\/www.visit-ulcinj.com\/blog\/wp-content\/uploads\/2014\/02\/Numanovic-Nimanbegu.jpg"}],"twitter_misc":{"Written by":"ulqini","Est. reading time":"1 minute"},"schema":{"@context":"https:\/\/schema.org","@graph":[{"@type":"WebSite","@id":"https:\/\/www.visit-ulcinj.com\/blog\/#website","url":"https:\/\/www.visit-ulcinj.com\/blog\/","name":"Lajme nga Ulqini","description":"Lajme,Vijesti,Ulqini,Ulqin,Crna Gora,Mali i Zi","potentialAction":[{"@type":"SearchAction","target":{"@type":"EntryPoint","urlTemplate":"https:\/\/www.visit-ulcinj.com\/blog\/?s={search_term_string}"},"query-input":"required name=search_term_string"}],"inLanguage":"en-US"},{"@type":"ImageObject","inLanguage":"en-US","@id":"https:\/\/www.visit-ulcinj.com\/blog\/2014\/02\/23\/genci-nimanbegu-malo-novca-za-albanski-savjet\/#primaryimage","url":"https:\/\/www.visit-ulcinj.com\/blog\/wp-content\/uploads\/2014\/02\/Numanovic-Nimanbegu.jpg","contentUrl":"https:\/\/www.visit-ulcinj.com\/blog\/wp-content\/uploads\/2014\/02\/Numanovic-Nimanbegu.jpg","width":470,"height":300},{"@type":"WebPage","@id":"https:\/\/www.visit-ulcinj.com\/blog\/2014\/02\/23\/genci-nimanbegu-malo-novca-za-albanski-savjet\/#webpage","url":"https:\/\/www.visit-ulcinj.com\/blog\/2014\/02\/23\/genci-nimanbegu-malo-novca-za-albanski-savjet\/","name":"Genci Nimanbegu: Malo novca za Albanski savjet - Video - Lajme nga Ulqini","isPartOf":{"@id":"https:\/\/www.visit-ulcinj.com\/blog\/#website"},"primaryImageOfPage":{"@id":"https:\/\/www.visit-ulcinj.com\/blog\/2014\/02\/23\/genci-nimanbegu-malo-novca-za-albanski-savjet\/#primaryimage"},"datePublished":"2014-02-23T09:34:36+00:00","dateModified":"2014-02-23T09:48:11+00:00","author":{"@id":"https:\/\/www.visit-ulcinj.com\/blog\/#\/schema\/person\/dcab619c614d3038751c63bc2aadc06d"},"description":"Ministar za ljudska i manjinska prava Suad Numanovi\u0107 i predsjednik Albanskog savjeta Genci Nimanbegu posebnu pa\u017enja u dana\u0161njem razgovoru posvetili su","breadcrumb":{"@id":"https:\/\/www.visit-ulcinj.com\/blog\/2014\/02\/23\/genci-nimanbegu-malo-novca-za-albanski-savjet\/#breadcrumb"},"inLanguage":"en-US","potentialAction":[{"@type":"ReadAction","target":["https:\/\/www.visit-ulcinj.com\/blog\/2014\/02\/23\/genci-nimanbegu-malo-novca-za-albanski-savjet\/"]}]},{"@type":"BreadcrumbList","@id":"https:\/\/www.visit-ulcinj.com\/blog\/2014\/02\/23\/genci-nimanbegu-malo-novca-za-albanski-savjet\/#breadcrumb","itemListElement":[{"@type":"ListItem","position":1,"name":"Genci Nimanbegu: Malo novca za Albanski savjet &#8211; Video"}]},{"@type":"Person","@id":"https:\/\/www.visit-ulcinj.com\/blog\/#\/schema\/person\/dcab619c614d3038751c63bc2aadc06d","name":"ulqini","sameAs":["http:\/\/www.visit-ulcinj.com"],"url":"https:\/\/www.visit-ulcinj.com\/blog\/author\/admin\/"}]}},"jetpack_featured_media_url":"","jetpack_sharing_enabled":true,"jetpack_shortlink":"https:\/\/wp.me\/pe6lTn-kOX","_links":{"self":[{"href":"https:\/\/www.visit-ulcinj.com\/blog\/wp-json\/wp\/v2\/posts\/80039"}],"collection":[{"href":"https:\/\/www.visit-ulcinj.com\/blog\/wp-json\/wp\/v2\/posts"}],"about":[{"href":"https:\/\/www.visit-ulcinj.com\/blog\/wp-json\/wp\/v2\/types\/post"}],"author":[{"embeddable":true,"href":"https:\/\/www.visit-ulcinj.com\/blog\/wp-json\/wp\/v2\/users\/1"}],"replies":[{"embeddable":true,"href":"https:\/\/www.visit-ulcinj.com\/blog\/wp-json\/wp\/v2\/comments?post=80039"}],"version-history":[{"count":2,"href":"https:\/\/www.visit-ulcinj.com\/blog\/wp-json\/wp\/v2\/posts\/80039\/revisions"}],"predecessor-version":[{"id":80042,"href":"https:\/\/www.visit-ulcinj.com\/blog\/wp-json\/wp\/v2\/posts\/80039\/revisions\/80042"}],"wp:attachment":[{"href":"https:\/\/www.visit-ulcinj.com\/blog\/wp-json\/wp\/v2\/media?parent=80039"}],"wp:term":[{"taxonomy":"category","embeddable":true,"href":"https:\/\/www.visit-ulcinj.com\/blog\/wp-json\/wp\/v2\/categories?post=80039"},{"taxonomy":"post_tag","embeddable":true,"href":"https:\/\/www.visit-ulcinj.com\/blog\/wp-json\/wp\/v2\/tags?post=80039"}],"curies":[{"name":"wp","href":"https:\/\/api.w.org\/{rel}","templated":true}]}}