{"id":80058,"date":"2014-02-24T16:43:27","date_gmt":"2014-02-24T15:43:27","guid":{"rendered":"http:\/\/www.visit-ulcinj.com\/blog\/?p=80058"},"modified":"2014-02-25T09:22:08","modified_gmt":"2014-02-25T08:22:08","slug":"fatmir-deka-predsjednik-opstine-ulcinj","status":"publish","type":"post","link":"https:\/\/www.visit-ulcinj.com\/blog\/2014\/02\/24\/fatmir-deka-predsjednik-opstine-ulcinj\/","title":{"rendered":"Fatmir \u0110eka predsjednik Op\u0161tine Ulcinj &#8211; Video"},"content":{"rendered":"<p><a href=\"http:\/\/www.visit-ulcinj.com\/blog\/wp-content\/uploads\/2014\/02\/Fatmir-Gjeka-kryetar-i-Ulqinit.jpg\"><img loading=\"lazy\" class=\"alignleft  wp-image-79875\" alt=\"Fatmir-Gjeka-kryetar-i-Ulqinit\" src=\"http:\/\/www.visit-ulcinj.com\/blog\/wp-content\/uploads\/2014\/02\/Fatmir-Gjeka-kryetar-i-Ulqinit.jpg\" width=\"508\" height=\"330\" \/><\/a>U Ulcinju je danas odr\u017eana konstitutivna sjednica lokalnog parlamenta, a za novog predsjednika Op\u0161tine, izabran je \u0161ef Demokratske partije, Fatmir \u0110eka. Za predsjednika lokalnog parlamenta izabran je predstavnik Force, Fuad Had\u017eibeti.<\/p>\n<p>\u0110eka i Had\u017eibeti su izabrani glasovima 17 odbornika Force, koalicije Zajedno za budu\u0107nost Ulcinja i Pozitivne Crne Gore, jer su ta tri politi\u010dka subjekta ranije dogovorili postizbornu saradnju.<\/p>\n<p>Na izborima u Ulcinju koji su odr\u017eani 26. Januara, Demokratska partija socijalista osvojila je devet mandata, Forca osam, koalicija Zajedno za budu\u0107nost Ulcinja, sedam, Demokratska unija Albanaca tri, Pozitivna i Socijaldemokratska partija po dva, i Demokratski front i Socijalisti\u010dka narodna partija po jedan.<\/p>\n<p>U prethodnom mandatu predsjednik Op\u0161tine Ulcinj bio je lider Force, Nazif Cungu.<\/p>\n<p>RTCG<\/p>\n<!--YouTube Error: bad URL entered-->\n<p>&nbsp;<\/p>\n","protected":false},"excerpt":{"rendered":"<p>U Ulcinju je danas odr\u017eana konstitutivna sjednica lokalnog parlamenta, a za novog predsjednika Op\u0161tine, izabran je \u0161ef Demokratske partije, Fatmir \u0110eka. Za predsjednika lokalnog parlamenta izabran je predstavnik Force, Fuad Had\u017eibeti. \u0110eka i Had\u017eibeti su izabrani glasovima 17 odbornika Force, koalicije Zajedno za budu\u0107nost Ulcinja i Pozitivne Crne Gore, jer su ta tri politi\u010dka subjekta [&hellip;]<\/p>\n","protected":false},"author":1,"featured_media":0,"comment_status":"closed","ping_status":"closed","sticky":false,"template":"","format":"standard","meta":{"spay_email":"","jetpack_publicize_message":"","jetpack_is_tweetstorm":false,"jetpack_publicize_feature_enabled":true},"categories":[8337],"tags":[],"jetpack_publicize_connections":[],"yoast_head":"<!-- This site is optimized with the Yoast SEO plugin v19.1 - https:\/\/yoast.com\/wordpress\/plugins\/seo\/ -->\n<title>Fatmir \u0110eka predsjednik Op\u0161tine Ulcinj - Video - Lajme nga Ulqini<\/title>\n<meta name=\"description\" content=\"U Ulcinju je danas odr\u017eana konstitutivna sjednica lokalnog parlamenta, a za novog predsjednika Op\u0161tine, izabran je \u0161ef Demokratske partije, Fatmir \u0110eka.\" \/>\n<meta name=\"robots\" content=\"index, follow, max-snippet:-1, max-image-preview:large, max-video-preview:-1\" \/>\n<link rel=\"canonical\" href=\"https:\/\/www.visit-ulcinj.com\/blog\/2014\/02\/24\/fatmir-deka-predsjednik-opstine-ulcinj\/\" \/>\n<meta property=\"og:locale\" content=\"en_US\" \/>\n<meta property=\"og:type\" content=\"article\" \/>\n<meta property=\"og:title\" content=\"Fatmir \u0110eka predsjednik Op\u0161tine Ulcinj - Video - Lajme nga Ulqini\" \/>\n<meta property=\"og:description\" content=\"U Ulcinju je danas odr\u017eana konstitutivna sjednica lokalnog parlamenta, a za novog predsjednika Op\u0161tine, izabran je \u0161ef Demokratske partije, Fatmir \u0110eka.\" \/>\n<meta property=\"og:url\" content=\"https:\/\/www.visit-ulcinj.com\/blog\/2014\/02\/24\/fatmir-deka-predsjednik-opstine-ulcinj\/\" \/>\n<meta property=\"og:site_name\" content=\"Lajme nga Ulqini\" \/>\n<meta property=\"article:published_time\" content=\"2014-02-24T15:43:27+00:00\" \/>\n<meta property=\"article:modified_time\" content=\"2014-02-25T08:22:08+00:00\" \/>\n<meta property=\"og:image\" content=\"http:\/\/www.visit-ulcinj.com\/blog\/wp-content\/uploads\/2014\/02\/Fatmir-Gjeka-kryetar-i-Ulqinit.jpg\" \/>\n<meta name=\"twitter:label1\" content=\"Written by\" \/>\n\t<meta name=\"twitter:data1\" content=\"ulqini\" \/>\n\t<meta name=\"twitter:label2\" content=\"Est. reading time\" \/>\n\t<meta name=\"twitter:data2\" content=\"1 minute\" \/>\n<script type=\"application\/ld+json\" class=\"yoast-schema-graph\">{\"@context\":\"https:\/\/schema.org\",\"@graph\":[{\"@type\":\"WebSite\",\"@id\":\"https:\/\/www.visit-ulcinj.com\/blog\/#website\",\"url\":\"https:\/\/www.visit-ulcinj.com\/blog\/\",\"name\":\"Lajme nga Ulqini\",\"description\":\"Lajme,Vijesti,Ulqini,Ulqin,Crna Gora,Mali i Zi\",\"potentialAction\":[{\"@type\":\"SearchAction\",\"target\":{\"@type\":\"EntryPoint\",\"urlTemplate\":\"https:\/\/www.visit-ulcinj.com\/blog\/?s={search_term_string}\"},\"query-input\":\"required name=search_term_string\"}],\"inLanguage\":\"en-US\"},{\"@type\":\"ImageObject\",\"inLanguage\":\"en-US\",\"@id\":\"https:\/\/www.visit-ulcinj.com\/blog\/2014\/02\/24\/fatmir-deka-predsjednik-opstine-ulcinj\/#primaryimage\",\"url\":\"https:\/\/www.visit-ulcinj.com\/blog\/wp-content\/uploads\/2014\/02\/Fatmir-Gjeka-kryetar-i-Ulqinit.jpg\",\"contentUrl\":\"https:\/\/www.visit-ulcinj.com\/blog\/wp-content\/uploads\/2014\/02\/Fatmir-Gjeka-kryetar-i-Ulqinit.jpg\",\"width\":640,\"height\":330},{\"@type\":\"WebPage\",\"@id\":\"https:\/\/www.visit-ulcinj.com\/blog\/2014\/02\/24\/fatmir-deka-predsjednik-opstine-ulcinj\/#webpage\",\"url\":\"https:\/\/www.visit-ulcinj.com\/blog\/2014\/02\/24\/fatmir-deka-predsjednik-opstine-ulcinj\/\",\"name\":\"Fatmir \u0110eka predsjednik Op\u0161tine Ulcinj - Video - Lajme nga Ulqini\",\"isPartOf\":{\"@id\":\"https:\/\/www.visit-ulcinj.com\/blog\/#website\"},\"primaryImageOfPage\":{\"@id\":\"https:\/\/www.visit-ulcinj.com\/blog\/2014\/02\/24\/fatmir-deka-predsjednik-opstine-ulcinj\/#primaryimage\"},\"datePublished\":\"2014-02-24T15:43:27+00:00\",\"dateModified\":\"2014-02-25T08:22:08+00:00\",\"author\":{\"@id\":\"https:\/\/www.visit-ulcinj.com\/blog\/#\/schema\/person\/dcab619c614d3038751c63bc2aadc06d\"},\"description\":\"U Ulcinju je danas odr\u017eana konstitutivna sjednica lokalnog parlamenta, a za novog predsjednika Op\u0161tine, izabran je \u0161ef Demokratske partije, Fatmir \u0110eka.\",\"breadcrumb\":{\"@id\":\"https:\/\/www.visit-ulcinj.com\/blog\/2014\/02\/24\/fatmir-deka-predsjednik-opstine-ulcinj\/#breadcrumb\"},\"inLanguage\":\"en-US\",\"potentialAction\":[{\"@type\":\"ReadAction\",\"target\":[\"https:\/\/www.visit-ulcinj.com\/blog\/2014\/02\/24\/fatmir-deka-predsjednik-opstine-ulcinj\/\"]}]},{\"@type\":\"BreadcrumbList\",\"@id\":\"https:\/\/www.visit-ulcinj.com\/blog\/2014\/02\/24\/fatmir-deka-predsjednik-opstine-ulcinj\/#breadcrumb\",\"itemListElement\":[{\"@type\":\"ListItem\",\"position\":1,\"name\":\"Fatmir \u0110eka predsjednik Op\u0161tine Ulcinj &#8211; Video\"}]},{\"@type\":\"Person\",\"@id\":\"https:\/\/www.visit-ulcinj.com\/blog\/#\/schema\/person\/dcab619c614d3038751c63bc2aadc06d\",\"name\":\"ulqini\",\"sameAs\":[\"http:\/\/www.visit-ulcinj.com\"],\"url\":\"https:\/\/www.visit-ulcinj.com\/blog\/author\/admin\/\"}]}<\/script>\n<!-- \/ Yoast SEO plugin. -->","yoast_head_json":{"title":"Fatmir \u0110eka predsjednik Op\u0161tine Ulcinj - Video - Lajme nga Ulqini","description":"U Ulcinju je danas odr\u017eana konstitutivna sjednica lokalnog parlamenta, a za novog predsjednika Op\u0161tine, izabran je \u0161ef Demokratske partije, Fatmir \u0110eka.","robots":{"index":"index","follow":"follow","max-snippet":"max-snippet:-1","max-image-preview":"max-image-preview:large","max-video-preview":"max-video-preview:-1"},"canonical":"https:\/\/www.visit-ulcinj.com\/blog\/2014\/02\/24\/fatmir-deka-predsjednik-opstine-ulcinj\/","og_locale":"en_US","og_type":"article","og_title":"Fatmir \u0110eka predsjednik Op\u0161tine Ulcinj - Video - Lajme nga Ulqini","og_description":"U Ulcinju je danas odr\u017eana konstitutivna sjednica lokalnog parlamenta, a za novog predsjednika Op\u0161tine, izabran je \u0161ef Demokratske partije, Fatmir \u0110eka.","og_url":"https:\/\/www.visit-ulcinj.com\/blog\/2014\/02\/24\/fatmir-deka-predsjednik-opstine-ulcinj\/","og_site_name":"Lajme nga Ulqini","article_published_time":"2014-02-24T15:43:27+00:00","article_modified_time":"2014-02-25T08:22:08+00:00","og_image":[{"url":"http:\/\/www.visit-ulcinj.com\/blog\/wp-content\/uploads\/2014\/02\/Fatmir-Gjeka-kryetar-i-Ulqinit.jpg"}],"twitter_misc":{"Written by":"ulqini","Est. reading time":"1 minute"},"schema":{"@context":"https:\/\/schema.org","@graph":[{"@type":"WebSite","@id":"https:\/\/www.visit-ulcinj.com\/blog\/#website","url":"https:\/\/www.visit-ulcinj.com\/blog\/","name":"Lajme nga Ulqini","description":"Lajme,Vijesti,Ulqini,Ulqin,Crna Gora,Mali i Zi","potentialAction":[{"@type":"SearchAction","target":{"@type":"EntryPoint","urlTemplate":"https:\/\/www.visit-ulcinj.com\/blog\/?s={search_term_string}"},"query-input":"required name=search_term_string"}],"inLanguage":"en-US"},{"@type":"ImageObject","inLanguage":"en-US","@id":"https:\/\/www.visit-ulcinj.com\/blog\/2014\/02\/24\/fatmir-deka-predsjednik-opstine-ulcinj\/#primaryimage","url":"https:\/\/www.visit-ulcinj.com\/blog\/wp-content\/uploads\/2014\/02\/Fatmir-Gjeka-kryetar-i-Ulqinit.jpg","contentUrl":"https:\/\/www.visit-ulcinj.com\/blog\/wp-content\/uploads\/2014\/02\/Fatmir-Gjeka-kryetar-i-Ulqinit.jpg","width":640,"height":330},{"@type":"WebPage","@id":"https:\/\/www.visit-ulcinj.com\/blog\/2014\/02\/24\/fatmir-deka-predsjednik-opstine-ulcinj\/#webpage","url":"https:\/\/www.visit-ulcinj.com\/blog\/2014\/02\/24\/fatmir-deka-predsjednik-opstine-ulcinj\/","name":"Fatmir \u0110eka predsjednik Op\u0161tine Ulcinj - Video - Lajme nga Ulqini","isPartOf":{"@id":"https:\/\/www.visit-ulcinj.com\/blog\/#website"},"primaryImageOfPage":{"@id":"https:\/\/www.visit-ulcinj.com\/blog\/2014\/02\/24\/fatmir-deka-predsjednik-opstine-ulcinj\/#primaryimage"},"datePublished":"2014-02-24T15:43:27+00:00","dateModified":"2014-02-25T08:22:08+00:00","author":{"@id":"https:\/\/www.visit-ulcinj.com\/blog\/#\/schema\/person\/dcab619c614d3038751c63bc2aadc06d"},"description":"U Ulcinju je danas odr\u017eana konstitutivna sjednica lokalnog parlamenta, a za novog predsjednika Op\u0161tine, izabran je \u0161ef Demokratske partije, Fatmir \u0110eka.","breadcrumb":{"@id":"https:\/\/www.visit-ulcinj.com\/blog\/2014\/02\/24\/fatmir-deka-predsjednik-opstine-ulcinj\/#breadcrumb"},"inLanguage":"en-US","potentialAction":[{"@type":"ReadAction","target":["https:\/\/www.visit-ulcinj.com\/blog\/2014\/02\/24\/fatmir-deka-predsjednik-opstine-ulcinj\/"]}]},{"@type":"BreadcrumbList","@id":"https:\/\/www.visit-ulcinj.com\/blog\/2014\/02\/24\/fatmir-deka-predsjednik-opstine-ulcinj\/#breadcrumb","itemListElement":[{"@type":"ListItem","position":1,"name":"Fatmir \u0110eka predsjednik Op\u0161tine Ulcinj &#8211; Video"}]},{"@type":"Person","@id":"https:\/\/www.visit-ulcinj.com\/blog\/#\/schema\/person\/dcab619c614d3038751c63bc2aadc06d","name":"ulqini","sameAs":["http:\/\/www.visit-ulcinj.com"],"url":"https:\/\/www.visit-ulcinj.com\/blog\/author\/admin\/"}]}},"jetpack_featured_media_url":"","jetpack_sharing_enabled":true,"jetpack_shortlink":"https:\/\/wp.me\/pe6lTn-kPg","_links":{"self":[{"href":"https:\/\/www.visit-ulcinj.com\/blog\/wp-json\/wp\/v2\/posts\/80058"}],"collection":[{"href":"https:\/\/www.visit-ulcinj.com\/blog\/wp-json\/wp\/v2\/posts"}],"about":[{"href":"https:\/\/www.visit-ulcinj.com\/blog\/wp-json\/wp\/v2\/types\/post"}],"author":[{"embeddable":true,"href":"https:\/\/www.visit-ulcinj.com\/blog\/wp-json\/wp\/v2\/users\/1"}],"replies":[{"embeddable":true,"href":"https:\/\/www.visit-ulcinj.com\/blog\/wp-json\/wp\/v2\/comments?post=80058"}],"version-history":[{"count":2,"href":"https:\/\/www.visit-ulcinj.com\/blog\/wp-json\/wp\/v2\/posts\/80058\/revisions"}],"predecessor-version":[{"id":80076,"href":"https:\/\/www.visit-ulcinj.com\/blog\/wp-json\/wp\/v2\/posts\/80058\/revisions\/80076"}],"wp:attachment":[{"href":"https:\/\/www.visit-ulcinj.com\/blog\/wp-json\/wp\/v2\/media?parent=80058"}],"wp:term":[{"taxonomy":"category","embeddable":true,"href":"https:\/\/www.visit-ulcinj.com\/blog\/wp-json\/wp\/v2\/categories?post=80058"},{"taxonomy":"post_tag","embeddable":true,"href":"https:\/\/www.visit-ulcinj.com\/blog\/wp-json\/wp\/v2\/tags?post=80058"}],"curies":[{"name":"wp","href":"https:\/\/api.w.org\/{rel}","templated":true}]}}