{"id":80060,"date":"2014-02-24T16:47:38","date_gmt":"2014-02-24T15:47:38","guid":{"rendered":"http:\/\/www.visit-ulcinj.com\/blog\/?p=80060"},"modified":"2014-02-24T16:47:38","modified_gmt":"2014-02-24T15:47:38","slug":"abazovic-nepovjerenje-u-izbore-da-zabrine-vlast","status":"publish","type":"post","link":"https:\/\/www.visit-ulcinj.com\/blog\/2014\/02\/24\/abazovic-nepovjerenje-u-izbore-da-zabrine-vlast\/","title":{"rendered":"Abazovi\u0107: Nepovjerenje u izbore da zabrine vlast"},"content":{"rendered":"<p><a href=\"http:\/\/www.visit-ulcinj.com\/blog\/wp-content\/uploads\/2013\/12\/Dritan-Abazoviq.jpg\"><img loading=\"lazy\" class=\"alignleft  wp-image-76985\" alt=\"Dritan-Abazoviq\" src=\"http:\/\/www.visit-ulcinj.com\/blog\/wp-content\/uploads\/2013\/12\/Dritan-Abazoviq.jpg\" width=\"508\" height=\"360\" \/><\/a>Podijeljeno mi\u0161ljenje gra\u0111ana o povjerenju u izborni proces treba da zabrine vlast, smatra poslanik Pozitivne Crne Gore, Dritan Abazovi\u0107, navode\u0107i da vladaju\u0107e strukture ne\u0107e jo\u0161 dugo mo\u0107i da zatvaraju o\u010di pred tim problemom.<\/p>\n<p>Povjerenje u izborni proces polarizovalo je gra\u0111ane Crne Gore, pa tako 48 odsto njih smatra da su izbori fer i slobodni, dok 47 odsto smatra da nisu, pokazalo je istra\u017eivanje koje je Centar za demokratsku tranziciju uradio u saradnji sa agencijom Ipsos.<\/p>\n<p>Abazovi\u0107 je ocijenio da povjerenje u izborni proces ne smije da bude manje od 75 odsto.<\/p>\n<p>\u201c\u010cak i da imate \u010detvrtinu stanovni\u0161tva koja ne vjeruje da su ljudi koji ih predstavljau izabrani na legitiman na\u010din, dru\u0161tvo ima veliki problem. Ne\u0161to se definitivno mora raditi po tom pitanju, sada je na svima nama veliki izazov i zadatak da se ne\u0161to promijeni\u201d, kazao je Abazovi\u0107 agenciji Mina.<\/p>\n<p>On je dodao da vlast ima veliki problem zbog te \u010dinjenice.<\/p>\n<p>\u201cTehni\u010dke pri\u010de koje servira vladaju\u0107a elita da je za brojne stvari kriva opozicija, to toliko zvu\u010di traljavo i neuvjerljivo i ne znam ko mo\u017ee u to da povjeruje\u201d, dodao je Abazovi\u0107.<\/p>\n<p>On smatra da vlast hitno mora ne\u0161to mijenjati kako bi se pove\u0107alo povjerenje gra\u0111ana u izborni proces.<\/p>\n<p>\u201cMislim da bi ljudi iz vlasti trbalo da budu zadovoljni kolika je podr\u0161ka, koliko ljudi misli da je proces fer i korektan, znaju\u0107i da je povjerenje u politi\u010dke partije izuzetno nisko, a da bi bilo logi\u010dno da povjerenje u izborni proces bude kompatibilno sa njim\u201d, kazao je on.<\/p>\n<p>Abazovi\u0107 je ocijenio da vlast ne\u0107e jo\u0161 dugo mo\u0107i \u201cda zatvara o\u010di\u201d pred tim problemom.<\/p>\n<p>\u201cSami su, umjesto da naprave iskorak u promjenama izbornog zakonodavstva i povrate donekle to povjerenje, ponovo su ga srozali. Pola stanovni\u0161tva kada ne vjeruje u izborni proces imate jedna veliki problem\u201d, naveo je on.<\/p>\n<p>Prema rije\u010dima Abazovi\u0107a, ukoliko vlast nastavi u tom pravcu \u201cCrna Gora polako ali sigurno klizi u nedemokratsko dru\u0161tvo, koje \u0107e vrlo biti te\u0161ko kvalifikovati za EU, a \u0161to nikom ne ide u prilog\u201d.<\/p>\n<p>On je kazao da je DPS oborio izborni zakon, jer ne \u017eele druga\u010diji izborni sistem, \u201ci ve\u0107u kontrolu nad zloupotrebama dr\u017eavnih resursa, jer i oni znaju da je to linija kojom brane svoju vlast\u201d.<\/p>\n<p>\u201cMislim da nema dileme da je rezultat DPS-a, sa svojim koalicionim partnerima, naduvan i da on ne odgovara realnoj voji bira\u010da i da gra\u0111ani nijesu potpuno slobodni da glasaju po svojoj svajesti ve\u0107 su pod raznim pritiscima, podvalama i ucjenama koji prate svaki izborni process od usvajanja vi\u0161estrana\u010dja u Crnoj Gori\u201d, zaklju\u010dio je Abazovi\u0107.<\/p>\n<p><strong>Izvor: RTCG<\/strong><\/p>\n","protected":false},"excerpt":{"rendered":"<p>Podijeljeno mi\u0161ljenje gra\u0111ana o povjerenju u izborni proces treba da zabrine vlast, smatra poslanik Pozitivne Crne Gore, Dritan Abazovi\u0107, navode\u0107i da vladaju\u0107e strukture ne\u0107e jo\u0161 dugo mo\u0107i da zatvaraju o\u010di pred tim problemom. Povjerenje u izborni proces polarizovalo je gra\u0111ane Crne Gore, pa tako 48 odsto njih smatra da su izbori fer i slobodni, dok [&hellip;]<\/p>\n","protected":false},"author":1,"featured_media":0,"comment_status":"closed","ping_status":"closed","sticky":false,"template":"","format":"standard","meta":{"spay_email":"","jetpack_publicize_message":"","jetpack_is_tweetstorm":false,"jetpack_publicize_feature_enabled":true},"categories":[6950],"tags":[],"jetpack_publicize_connections":[],"yoast_head":"<!-- This site is optimized with the Yoast SEO plugin v19.1 - https:\/\/yoast.com\/wordpress\/plugins\/seo\/ -->\n<title>Abazovi\u0107: Nepovjerenje u izbore da zabrine vlast - Lajme nga Ulqini<\/title>\n<meta name=\"description\" content=\"Podijeljeno mi\u0161ljenje gra\u0111ana o povjerenju u izborni proces treba da zabrine vlast, smatra poslanik Pozitivne Crne Gore, Dritan Abazovi\u0107, navode\u0107i da\" \/>\n<meta name=\"robots\" content=\"index, follow, max-snippet:-1, max-image-preview:large, max-video-preview:-1\" \/>\n<link rel=\"canonical\" href=\"https:\/\/www.visit-ulcinj.com\/blog\/2014\/02\/24\/abazovic-nepovjerenje-u-izbore-da-zabrine-vlast\/\" \/>\n<meta property=\"og:locale\" content=\"en_US\" \/>\n<meta property=\"og:type\" content=\"article\" \/>\n<meta property=\"og:title\" content=\"Abazovi\u0107: Nepovjerenje u izbore da zabrine vlast - Lajme nga Ulqini\" \/>\n<meta property=\"og:description\" content=\"Podijeljeno mi\u0161ljenje gra\u0111ana o povjerenju u izborni proces treba da zabrine vlast, smatra poslanik Pozitivne Crne Gore, Dritan Abazovi\u0107, navode\u0107i da\" \/>\n<meta property=\"og:url\" content=\"https:\/\/www.visit-ulcinj.com\/blog\/2014\/02\/24\/abazovic-nepovjerenje-u-izbore-da-zabrine-vlast\/\" \/>\n<meta property=\"og:site_name\" content=\"Lajme nga Ulqini\" \/>\n<meta property=\"article:published_time\" content=\"2014-02-24T15:47:38+00:00\" \/>\n<meta property=\"og:image\" content=\"http:\/\/www.visit-ulcinj.com\/blog\/wp-content\/uploads\/2013\/12\/Dritan-Abazoviq.jpg\" \/>\n<meta name=\"twitter:label1\" content=\"Written by\" \/>\n\t<meta name=\"twitter:data1\" content=\"ulqini\" \/>\n\t<meta name=\"twitter:label2\" content=\"Est. reading time\" \/>\n\t<meta name=\"twitter:data2\" content=\"2 minutes\" \/>\n<script type=\"application\/ld+json\" class=\"yoast-schema-graph\">{\"@context\":\"https:\/\/schema.org\",\"@graph\":[{\"@type\":\"WebSite\",\"@id\":\"https:\/\/www.visit-ulcinj.com\/blog\/#website\",\"url\":\"https:\/\/www.visit-ulcinj.com\/blog\/\",\"name\":\"Lajme nga Ulqini\",\"description\":\"Lajme,Vijesti,Ulqini,Ulqin,Crna Gora,Mali i Zi\",\"potentialAction\":[{\"@type\":\"SearchAction\",\"target\":{\"@type\":\"EntryPoint\",\"urlTemplate\":\"https:\/\/www.visit-ulcinj.com\/blog\/?s={search_term_string}\"},\"query-input\":\"required name=search_term_string\"}],\"inLanguage\":\"en-US\"},{\"@type\":\"ImageObject\",\"inLanguage\":\"en-US\",\"@id\":\"https:\/\/www.visit-ulcinj.com\/blog\/2014\/02\/24\/abazovic-nepovjerenje-u-izbore-da-zabrine-vlast\/#primaryimage\",\"url\":\"https:\/\/www.visit-ulcinj.com\/blog\/wp-content\/uploads\/2013\/12\/Dritan-Abazoviq.jpg\",\"contentUrl\":\"https:\/\/www.visit-ulcinj.com\/blog\/wp-content\/uploads\/2013\/12\/Dritan-Abazoviq.jpg\",\"width\":693,\"height\":390},{\"@type\":\"WebPage\",\"@id\":\"https:\/\/www.visit-ulcinj.com\/blog\/2014\/02\/24\/abazovic-nepovjerenje-u-izbore-da-zabrine-vlast\/#webpage\",\"url\":\"https:\/\/www.visit-ulcinj.com\/blog\/2014\/02\/24\/abazovic-nepovjerenje-u-izbore-da-zabrine-vlast\/\",\"name\":\"Abazovi\u0107: Nepovjerenje u izbore da zabrine vlast - Lajme nga Ulqini\",\"isPartOf\":{\"@id\":\"https:\/\/www.visit-ulcinj.com\/blog\/#website\"},\"primaryImageOfPage\":{\"@id\":\"https:\/\/www.visit-ulcinj.com\/blog\/2014\/02\/24\/abazovic-nepovjerenje-u-izbore-da-zabrine-vlast\/#primaryimage\"},\"datePublished\":\"2014-02-24T15:47:38+00:00\",\"dateModified\":\"2014-02-24T15:47:38+00:00\",\"author\":{\"@id\":\"https:\/\/www.visit-ulcinj.com\/blog\/#\/schema\/person\/dcab619c614d3038751c63bc2aadc06d\"},\"description\":\"Podijeljeno mi\u0161ljenje gra\u0111ana o povjerenju u izborni proces treba da zabrine vlast, smatra poslanik Pozitivne Crne Gore, Dritan Abazovi\u0107, navode\u0107i da\",\"breadcrumb\":{\"@id\":\"https:\/\/www.visit-ulcinj.com\/blog\/2014\/02\/24\/abazovic-nepovjerenje-u-izbore-da-zabrine-vlast\/#breadcrumb\"},\"inLanguage\":\"en-US\",\"potentialAction\":[{\"@type\":\"ReadAction\",\"target\":[\"https:\/\/www.visit-ulcinj.com\/blog\/2014\/02\/24\/abazovic-nepovjerenje-u-izbore-da-zabrine-vlast\/\"]}]},{\"@type\":\"BreadcrumbList\",\"@id\":\"https:\/\/www.visit-ulcinj.com\/blog\/2014\/02\/24\/abazovic-nepovjerenje-u-izbore-da-zabrine-vlast\/#breadcrumb\",\"itemListElement\":[{\"@type\":\"ListItem\",\"position\":1,\"name\":\"Abazovi\u0107: Nepovjerenje u izbore da zabrine vlast\"}]},{\"@type\":\"Person\",\"@id\":\"https:\/\/www.visit-ulcinj.com\/blog\/#\/schema\/person\/dcab619c614d3038751c63bc2aadc06d\",\"name\":\"ulqini\",\"sameAs\":[\"http:\/\/www.visit-ulcinj.com\"],\"url\":\"https:\/\/www.visit-ulcinj.com\/blog\/author\/admin\/\"}]}<\/script>\n<!-- \/ Yoast SEO plugin. -->","yoast_head_json":{"title":"Abazovi\u0107: Nepovjerenje u izbore da zabrine vlast - Lajme nga Ulqini","description":"Podijeljeno mi\u0161ljenje gra\u0111ana o povjerenju u izborni proces treba da zabrine vlast, smatra poslanik Pozitivne Crne Gore, Dritan Abazovi\u0107, navode\u0107i da","robots":{"index":"index","follow":"follow","max-snippet":"max-snippet:-1","max-image-preview":"max-image-preview:large","max-video-preview":"max-video-preview:-1"},"canonical":"https:\/\/www.visit-ulcinj.com\/blog\/2014\/02\/24\/abazovic-nepovjerenje-u-izbore-da-zabrine-vlast\/","og_locale":"en_US","og_type":"article","og_title":"Abazovi\u0107: Nepovjerenje u izbore da zabrine vlast - Lajme nga Ulqini","og_description":"Podijeljeno mi\u0161ljenje gra\u0111ana o povjerenju u izborni proces treba da zabrine vlast, smatra poslanik Pozitivne Crne Gore, Dritan Abazovi\u0107, navode\u0107i da","og_url":"https:\/\/www.visit-ulcinj.com\/blog\/2014\/02\/24\/abazovic-nepovjerenje-u-izbore-da-zabrine-vlast\/","og_site_name":"Lajme nga Ulqini","article_published_time":"2014-02-24T15:47:38+00:00","og_image":[{"url":"http:\/\/www.visit-ulcinj.com\/blog\/wp-content\/uploads\/2013\/12\/Dritan-Abazoviq.jpg"}],"twitter_misc":{"Written by":"ulqini","Est. reading time":"2 minutes"},"schema":{"@context":"https:\/\/schema.org","@graph":[{"@type":"WebSite","@id":"https:\/\/www.visit-ulcinj.com\/blog\/#website","url":"https:\/\/www.visit-ulcinj.com\/blog\/","name":"Lajme nga Ulqini","description":"Lajme,Vijesti,Ulqini,Ulqin,Crna Gora,Mali i Zi","potentialAction":[{"@type":"SearchAction","target":{"@type":"EntryPoint","urlTemplate":"https:\/\/www.visit-ulcinj.com\/blog\/?s={search_term_string}"},"query-input":"required name=search_term_string"}],"inLanguage":"en-US"},{"@type":"ImageObject","inLanguage":"en-US","@id":"https:\/\/www.visit-ulcinj.com\/blog\/2014\/02\/24\/abazovic-nepovjerenje-u-izbore-da-zabrine-vlast\/#primaryimage","url":"https:\/\/www.visit-ulcinj.com\/blog\/wp-content\/uploads\/2013\/12\/Dritan-Abazoviq.jpg","contentUrl":"https:\/\/www.visit-ulcinj.com\/blog\/wp-content\/uploads\/2013\/12\/Dritan-Abazoviq.jpg","width":693,"height":390},{"@type":"WebPage","@id":"https:\/\/www.visit-ulcinj.com\/blog\/2014\/02\/24\/abazovic-nepovjerenje-u-izbore-da-zabrine-vlast\/#webpage","url":"https:\/\/www.visit-ulcinj.com\/blog\/2014\/02\/24\/abazovic-nepovjerenje-u-izbore-da-zabrine-vlast\/","name":"Abazovi\u0107: Nepovjerenje u izbore da zabrine vlast - Lajme nga Ulqini","isPartOf":{"@id":"https:\/\/www.visit-ulcinj.com\/blog\/#website"},"primaryImageOfPage":{"@id":"https:\/\/www.visit-ulcinj.com\/blog\/2014\/02\/24\/abazovic-nepovjerenje-u-izbore-da-zabrine-vlast\/#primaryimage"},"datePublished":"2014-02-24T15:47:38+00:00","dateModified":"2014-02-24T15:47:38+00:00","author":{"@id":"https:\/\/www.visit-ulcinj.com\/blog\/#\/schema\/person\/dcab619c614d3038751c63bc2aadc06d"},"description":"Podijeljeno mi\u0161ljenje gra\u0111ana o povjerenju u izborni proces treba da zabrine vlast, smatra poslanik Pozitivne Crne Gore, Dritan Abazovi\u0107, navode\u0107i da","breadcrumb":{"@id":"https:\/\/www.visit-ulcinj.com\/blog\/2014\/02\/24\/abazovic-nepovjerenje-u-izbore-da-zabrine-vlast\/#breadcrumb"},"inLanguage":"en-US","potentialAction":[{"@type":"ReadAction","target":["https:\/\/www.visit-ulcinj.com\/blog\/2014\/02\/24\/abazovic-nepovjerenje-u-izbore-da-zabrine-vlast\/"]}]},{"@type":"BreadcrumbList","@id":"https:\/\/www.visit-ulcinj.com\/blog\/2014\/02\/24\/abazovic-nepovjerenje-u-izbore-da-zabrine-vlast\/#breadcrumb","itemListElement":[{"@type":"ListItem","position":1,"name":"Abazovi\u0107: Nepovjerenje u izbore da zabrine vlast"}]},{"@type":"Person","@id":"https:\/\/www.visit-ulcinj.com\/blog\/#\/schema\/person\/dcab619c614d3038751c63bc2aadc06d","name":"ulqini","sameAs":["http:\/\/www.visit-ulcinj.com"],"url":"https:\/\/www.visit-ulcinj.com\/blog\/author\/admin\/"}]}},"jetpack_featured_media_url":"","jetpack_sharing_enabled":true,"jetpack_shortlink":"https:\/\/wp.me\/pe6lTn-kPi","_links":{"self":[{"href":"https:\/\/www.visit-ulcinj.com\/blog\/wp-json\/wp\/v2\/posts\/80060"}],"collection":[{"href":"https:\/\/www.visit-ulcinj.com\/blog\/wp-json\/wp\/v2\/posts"}],"about":[{"href":"https:\/\/www.visit-ulcinj.com\/blog\/wp-json\/wp\/v2\/types\/post"}],"author":[{"embeddable":true,"href":"https:\/\/www.visit-ulcinj.com\/blog\/wp-json\/wp\/v2\/users\/1"}],"replies":[{"embeddable":true,"href":"https:\/\/www.visit-ulcinj.com\/blog\/wp-json\/wp\/v2\/comments?post=80060"}],"version-history":[{"count":1,"href":"https:\/\/www.visit-ulcinj.com\/blog\/wp-json\/wp\/v2\/posts\/80060\/revisions"}],"predecessor-version":[{"id":80061,"href":"https:\/\/www.visit-ulcinj.com\/blog\/wp-json\/wp\/v2\/posts\/80060\/revisions\/80061"}],"wp:attachment":[{"href":"https:\/\/www.visit-ulcinj.com\/blog\/wp-json\/wp\/v2\/media?parent=80060"}],"wp:term":[{"taxonomy":"category","embeddable":true,"href":"https:\/\/www.visit-ulcinj.com\/blog\/wp-json\/wp\/v2\/categories?post=80060"},{"taxonomy":"post_tag","embeddable":true,"href":"https:\/\/www.visit-ulcinj.com\/blog\/wp-json\/wp\/v2\/tags?post=80060"}],"curies":[{"name":"wp","href":"https:\/\/api.w.org\/{rel}","templated":true}]}}