{"id":80066,"date":"2014-02-24T19:09:29","date_gmt":"2014-02-24T18:09:29","guid":{"rendered":"http:\/\/www.visit-ulcinj.com\/blog\/?p=80066"},"modified":"2014-02-24T19:09:29","modified_gmt":"2014-02-24T18:09:29","slug":"kako-su-mali-nadigrali-dps-u-formiranje-vlasti-u-ulcinju","status":"publish","type":"post","link":"https:\/\/www.visit-ulcinj.com\/blog\/2014\/02\/24\/kako-su-mali-nadigrali-dps-u-formiranje-vlasti-u-ulcinju\/","title":{"rendered":"Kako su mali nadigrali DPS u Formiranje vlasti u Ulcinju"},"content":{"rendered":"<div id=\"article_text\">\n<p><a href=\"http:\/\/www.visit-ulcinj.com\/blog\/wp-content\/uploads\/2011\/10\/komuna-e-ulqinit2.jpg\"><img loading=\"lazy\" class=\"alignleft  wp-image-52263\" alt=\"komuna-e-ulqinit2\" src=\"http:\/\/www.visit-ulcinj.com\/blog\/wp-content\/uploads\/2011\/10\/komuna-e-ulqinit2.jpg\" width=\"508\" height=\"360\" \/><\/a>U Ulcinju je danas odr\u017eana konstitutivna sjednica lokalnog parlamenta na kojoj su izabrani predsjednici Skup\u0161tine i Op\u0161tine i potvr\u0111eni mandati odbornicima. Shodno koalicionom dogovoru Force, koalicije \u201eZa budu\u0107nost Ulcinja\u201c i Pozitivne, za predsjednika Op\u0161tine izabran je lider Demokratske partije Fatmir \u0110eka, dok \u0107e funkciju \u0161efa lokalnog parlamenta obavljati Fuad Had\u017eibeti iz Force.<\/p>\n<p>DPS koji je na izborima osvojio devet mandata i postao najja\u010da partija u gradu, ostao je u opoziciji. U parlament su u\u0161li jo\u0161 SNP i Front sa po jednim mandatom.<\/p>\n<p>Time jestavljena ta\u010dka na jo\u0161 jedne izbore u Ulcinju, koji su za razliku od svih prethodnih protekli mirno i sa \u010dinilio se, poznatim ishodom- samo je bilo pitanje koga \u0107e DPS uzeti pod svoje skute za vlast u gradu.<\/p>\n<p>Formiranje krhke ve\u0107ine sa pokazalo je i pregovara\u010dku neumje\u0161nost rukovodstva lokalnog DPS-a zbog \u010dega je najja\u010da partija, za razliku od Cetinja, Mojkovca i Petnjice, gdje je tako\u0111e trijumfovala, u Ulcinju zavr\u0161ila u opozicionim klupama.<\/p>\n<p><strong>Li\u010dni interesi ispred ideologije<\/strong><\/p>\n<p>Direktor CEMI-ja Zlatko Vujovi\u0107 smatra da je najve\u0107i problem u formiranju koalicije bila nespremnost manjih partija da prihvate liderstvo ve\u0107ih, \u201eodnosno \u0161to svoj &#8216;ucjenjiva\u010dki&#8217; potencijal koriste u cilju pribavljanja pozicije koju ne mogu obavljati u punom kapacitetu\u201c.<\/p>\n<p>\u201cDPS se oslonio na izborni rezultat i \u010dinjenicu da je dio albanskih partija dio vladaju\u0107e ve\u0107ine na nacionalnom nivou. To su bila realna o\u010dekivanja, ali pokazalo se da nijesu bila dovoljno utemeljena\u201d, ocijenio je Vujovi\u0107.<\/p>\n<p>On smatra da u malim sredinama u Crnoj Gori, li\u010dni odnosi imaju ve\u0107i uticaj u politici nego ideolo\u0161ko programske razlike.<\/p>\n<p>\u201cUlcinj \u0107e uvijek biti nepredvidljiv, tako da me ne bi iznenadila i neka nova radikalna prestrojavanja. Manjinske partije u Crnoj Gori, nijesu partije u punom smislu te rije\u010di, to su prije interesne grupe bez partijske infrastrukture i programske profilacije, ali sa klju\u010dnim obilje\u017ejem koje ih \u010dini partijama &#8211; borba za vlast\u201d, kazao je on.<\/p>\n<p>On je kazao da \u0107e albanske partije \u201ena\u017ealost, uvijek biti pod sna\u017enim uticajem dijaspore, kao i politi\u010dkih centara u Tirani i Pri\u0161tini\u201c.<\/p>\n<p>\u201cTaj uticaj slabi kad su te partije dio vladaju\u0107ih struktura. Odluka da se DPS-u ne da mjesto gradona\u010delnika, odnosno da se ne pravi koalicija sa ovom partijom nije bila mogu\u0107a bez podr\u0161ke odre\u0111enih struktura van Crne Gore, \u0161to ne zna\u010di da i DPS nije tako\u0111e imao podr\u0161ku dijela politi\u010dkog establi\u0161menta u Pri\u0161tini i Tirani\u201d, ocijenio je Vujovi\u0107.<\/p>\n<p><strong>DPS-u \u201cumjesto vlasti va\u017eniji gra\u0111ani\u201d<\/strong><\/p>\n<p>\u010clan IO DPS Goran Jevri\u0107 kazao je da niko ne\u0107e, niti bi trebalo da snosi odgovornost zato \u0161to je ta partija, iako pobjednik, zavr\u0161ila u opozicionim klupama<\/p>\n<p>\u201cUspjesi na\u0161e partije u Ulcinju tokom posljednje tri i po godine, koji se ogledaju u rastu povjerenja gra\u0111ana za oko 30 odsto, ne mogu biti povod za bilo \u010diju smjenu, \u010dak \u0161tavi\u0161e. Nama u DPS je mnogo va\u017enije da nam umjesto vlasti, ne izmakne podr\u0161ka gra\u0111ana Ulcinja\u201d, kazao je Jevri\u0107.<\/p>\n<p>On je podsjetio je da DPS, tokom druge polovine pro\u0161le godine, kada su problemi u funkcionisanju lokane vlasti koju su \u010dinili Forca, DP i SDP postali nerje\u0161ivi, nije prihvatio ponudu da bude dio te vlasti.<\/p>\n<p>\u201cOdlu\u010dili smo da ostanemo u opoziciji i \u010dekamo izbore. I to dobro znaju na\u0161i koalicioni partneri\u201d, kazao je Jevri\u0107.<\/p>\n<p>On je rekao da DPS nema ni\u0161ta protiv nove ulcinjske koalicije.<\/p>\n<p>\u201cAli bi\u0107e zanimljivo vidjeti \u0161ta gra\u0111ani Ulcinja misle o takvoj njihovoj odluci, jer je te\u0161ko zaboraviti sve ono \u0161to su posljednjih godina, a posebno u kampanji jedni o drugima govorili\u201d, istakao je Jevri\u0107 i dodao da se doga\u0111aji u Ulcinju ne\u0107e reflektovati na dr\u017eavnom nivou.<\/p>\n<p>On tvrdi da DPS nikom, pa ni Forci nije nudio mjesto predsjednika Op\u0161tine.<\/p>\n<p>\u201cMi i dalje vjerujemo da predsjednik Ulcinja treba da bude kandidat DPS-a, iako u razgovorima sa na\u0161im koalicionim partnerima ni taj na\u0161 stav nijesmo saop\u0161tavali kao ne\u0161to o \u010demu se ne mo\u017ee razgovarati\u201d, kazao je Jevri\u0107.<\/p>\n<p>\u010clan IO DPS-a Goran Jevri\u0107 kazao je da niko ne\u0107e, niti bi trebalo, da snosi odgovornost zato \u0161to je ta partija u opoziciji<\/p>\n<p><strong>\u0110eka \u0107e imati veliku odgovornost<\/strong><\/p>\n<p>Zlatko Vujovi\u0107 je ocijenio da koalicije koje ne odra\u017eavaju realne odnose politi\u010dke mo\u0107i na terenu nijesu odr\u017eive.<\/p>\n<p>On smatra da predsjednik Op\u0161tine koji nema makar relativnu ve\u0107insku podr\u0161ku bira\u010da, poziciju \u0107e mo\u0107i da sa\u010duva jedino ako prepusti poluge stvarnog odlu\u010divanja ja\u010dim partnerima, ali to ga ne\u0107e li\u0161iti odgovornosti u tom slu\u010daju.<\/p>\n<p>\u201cStoga je prili\u010dno upitna odluka \u0110eke da uslovi podr\u0161ku formiranju ve\u0107ine njegovim izborom za predsjednika Opstine. Vidje\u0107emo da li \u0107e imati dovoljno politi\u010dkog umije\u0107a da mu se trenutni uspjeh ne pretvori u po\u010detak politi\u010dkog kraja, odnosno da skupo plati obavljanje funkcije koja nosi veliku odgovornost, a sa druge strane da bude li\u0161en efektivne mo\u0107i\u201d, kazao je Vujovi\u0107.<\/p>\n<p><strong>Samir Adrovi\u0107<\/strong><br \/>\n<strong>Izvor: <a href=\"http:\/\/www.vijesti.me\/\">Vijesti online<\/a><\/strong><\/p>\n<\/div>\n","protected":false},"excerpt":{"rendered":"<p>U Ulcinju je danas odr\u017eana konstitutivna sjednica lokalnog parlamenta na kojoj su izabrani predsjednici Skup\u0161tine i Op\u0161tine i potvr\u0111eni mandati odbornicima. Shodno koalicionom dogovoru Force, koalicije \u201eZa budu\u0107nost Ulcinja\u201c i Pozitivne, za predsjednika Op\u0161tine izabran je lider Demokratske partije Fatmir \u0110eka, dok \u0107e funkciju \u0161efa lokalnog parlamenta obavljati Fuad Had\u017eibeti iz Force. DPS koji je [&hellip;]<\/p>\n","protected":false},"author":1,"featured_media":0,"comment_status":"closed","ping_status":"closed","sticky":false,"template":"","format":"standard","meta":{"spay_email":"","jetpack_publicize_message":"","jetpack_is_tweetstorm":false,"jetpack_publicize_feature_enabled":true},"categories":[6950],"tags":[],"jetpack_publicize_connections":[],"yoast_head":"<!-- This site is optimized with the Yoast SEO plugin v19.1 - https:\/\/yoast.com\/wordpress\/plugins\/seo\/ -->\n<title>Kako su mali nadigrali DPS u Formiranje vlasti u Ulcinju - Lajme nga Ulqini<\/title>\n<meta name=\"description\" content=\"U Ulcinju je danas odr\u017eana konstitutivna sjednica lokalnog parlamenta na kojoj su izabrani predsjednici Skup\u0161tine i Op\u0161tine i potvr\u0111eni mandati\" \/>\n<meta name=\"robots\" content=\"index, follow, max-snippet:-1, max-image-preview:large, max-video-preview:-1\" \/>\n<link rel=\"canonical\" href=\"https:\/\/www.visit-ulcinj.com\/blog\/2014\/02\/24\/kako-su-mali-nadigrali-dps-u-formiranje-vlasti-u-ulcinju\/\" \/>\n<meta property=\"og:locale\" content=\"en_US\" \/>\n<meta property=\"og:type\" content=\"article\" \/>\n<meta property=\"og:title\" content=\"Kako su mali nadigrali DPS u Formiranje vlasti u Ulcinju - Lajme nga Ulqini\" \/>\n<meta property=\"og:description\" content=\"U Ulcinju je danas odr\u017eana konstitutivna sjednica lokalnog parlamenta na kojoj su izabrani predsjednici Skup\u0161tine i Op\u0161tine i potvr\u0111eni mandati\" \/>\n<meta property=\"og:url\" content=\"https:\/\/www.visit-ulcinj.com\/blog\/2014\/02\/24\/kako-su-mali-nadigrali-dps-u-formiranje-vlasti-u-ulcinju\/\" \/>\n<meta property=\"og:site_name\" content=\"Lajme nga Ulqini\" \/>\n<meta property=\"article:published_time\" content=\"2014-02-24T18:09:29+00:00\" \/>\n<meta property=\"og:image\" content=\"http:\/\/www.visit-ulcinj.com\/blog\/wp-content\/uploads\/2011\/10\/komuna-e-ulqinit2.jpg\" \/>\n<meta name=\"twitter:label1\" content=\"Written by\" \/>\n\t<meta name=\"twitter:data1\" content=\"ulqini\" \/>\n\t<meta name=\"twitter:label2\" content=\"Est. reading time\" \/>\n\t<meta name=\"twitter:data2\" content=\"4 minutes\" \/>\n<script type=\"application\/ld+json\" class=\"yoast-schema-graph\">{\"@context\":\"https:\/\/schema.org\",\"@graph\":[{\"@type\":\"WebSite\",\"@id\":\"https:\/\/www.visit-ulcinj.com\/blog\/#website\",\"url\":\"https:\/\/www.visit-ulcinj.com\/blog\/\",\"name\":\"Lajme nga Ulqini\",\"description\":\"Lajme,Vijesti,Ulqini,Ulqin,Crna Gora,Mali i Zi\",\"potentialAction\":[{\"@type\":\"SearchAction\",\"target\":{\"@type\":\"EntryPoint\",\"urlTemplate\":\"https:\/\/www.visit-ulcinj.com\/blog\/?s={search_term_string}\"},\"query-input\":\"required name=search_term_string\"}],\"inLanguage\":\"en-US\"},{\"@type\":\"ImageObject\",\"inLanguage\":\"en-US\",\"@id\":\"https:\/\/www.visit-ulcinj.com\/blog\/2014\/02\/24\/kako-su-mali-nadigrali-dps-u-formiranje-vlasti-u-ulcinju\/#primaryimage\",\"url\":\"https:\/\/www.visit-ulcinj.com\/blog\/wp-content\/uploads\/2011\/10\/komuna-e-ulqinit2.jpg\",\"contentUrl\":\"https:\/\/www.visit-ulcinj.com\/blog\/wp-content\/uploads\/2011\/10\/komuna-e-ulqinit2.jpg\",\"width\":\"600\",\"height\":\"450\"},{\"@type\":\"WebPage\",\"@id\":\"https:\/\/www.visit-ulcinj.com\/blog\/2014\/02\/24\/kako-su-mali-nadigrali-dps-u-formiranje-vlasti-u-ulcinju\/#webpage\",\"url\":\"https:\/\/www.visit-ulcinj.com\/blog\/2014\/02\/24\/kako-su-mali-nadigrali-dps-u-formiranje-vlasti-u-ulcinju\/\",\"name\":\"Kako su mali nadigrali DPS u Formiranje vlasti u Ulcinju - Lajme nga Ulqini\",\"isPartOf\":{\"@id\":\"https:\/\/www.visit-ulcinj.com\/blog\/#website\"},\"primaryImageOfPage\":{\"@id\":\"https:\/\/www.visit-ulcinj.com\/blog\/2014\/02\/24\/kako-su-mali-nadigrali-dps-u-formiranje-vlasti-u-ulcinju\/#primaryimage\"},\"datePublished\":\"2014-02-24T18:09:29+00:00\",\"dateModified\":\"2014-02-24T18:09:29+00:00\",\"author\":{\"@id\":\"https:\/\/www.visit-ulcinj.com\/blog\/#\/schema\/person\/dcab619c614d3038751c63bc2aadc06d\"},\"description\":\"U Ulcinju je danas odr\u017eana konstitutivna sjednica lokalnog parlamenta na kojoj su izabrani predsjednici Skup\u0161tine i Op\u0161tine i potvr\u0111eni mandati\",\"breadcrumb\":{\"@id\":\"https:\/\/www.visit-ulcinj.com\/blog\/2014\/02\/24\/kako-su-mali-nadigrali-dps-u-formiranje-vlasti-u-ulcinju\/#breadcrumb\"},\"inLanguage\":\"en-US\",\"potentialAction\":[{\"@type\":\"ReadAction\",\"target\":[\"https:\/\/www.visit-ulcinj.com\/blog\/2014\/02\/24\/kako-su-mali-nadigrali-dps-u-formiranje-vlasti-u-ulcinju\/\"]}]},{\"@type\":\"BreadcrumbList\",\"@id\":\"https:\/\/www.visit-ulcinj.com\/blog\/2014\/02\/24\/kako-su-mali-nadigrali-dps-u-formiranje-vlasti-u-ulcinju\/#breadcrumb\",\"itemListElement\":[{\"@type\":\"ListItem\",\"position\":1,\"name\":\"Kako su mali nadigrali DPS u Formiranje vlasti u Ulcinju\"}]},{\"@type\":\"Person\",\"@id\":\"https:\/\/www.visit-ulcinj.com\/blog\/#\/schema\/person\/dcab619c614d3038751c63bc2aadc06d\",\"name\":\"ulqini\",\"sameAs\":[\"http:\/\/www.visit-ulcinj.com\"],\"url\":\"https:\/\/www.visit-ulcinj.com\/blog\/author\/admin\/\"}]}<\/script>\n<!-- \/ Yoast SEO plugin. -->","yoast_head_json":{"title":"Kako su mali nadigrali DPS u Formiranje vlasti u Ulcinju - Lajme nga Ulqini","description":"U Ulcinju je danas odr\u017eana konstitutivna sjednica lokalnog parlamenta na kojoj su izabrani predsjednici Skup\u0161tine i Op\u0161tine i potvr\u0111eni mandati","robots":{"index":"index","follow":"follow","max-snippet":"max-snippet:-1","max-image-preview":"max-image-preview:large","max-video-preview":"max-video-preview:-1"},"canonical":"https:\/\/www.visit-ulcinj.com\/blog\/2014\/02\/24\/kako-su-mali-nadigrali-dps-u-formiranje-vlasti-u-ulcinju\/","og_locale":"en_US","og_type":"article","og_title":"Kako su mali nadigrali DPS u Formiranje vlasti u Ulcinju - Lajme nga Ulqini","og_description":"U Ulcinju je danas odr\u017eana konstitutivna sjednica lokalnog parlamenta na kojoj su izabrani predsjednici Skup\u0161tine i Op\u0161tine i potvr\u0111eni mandati","og_url":"https:\/\/www.visit-ulcinj.com\/blog\/2014\/02\/24\/kako-su-mali-nadigrali-dps-u-formiranje-vlasti-u-ulcinju\/","og_site_name":"Lajme nga Ulqini","article_published_time":"2014-02-24T18:09:29+00:00","og_image":[{"url":"http:\/\/www.visit-ulcinj.com\/blog\/wp-content\/uploads\/2011\/10\/komuna-e-ulqinit2.jpg"}],"twitter_misc":{"Written by":"ulqini","Est. reading time":"4 minutes"},"schema":{"@context":"https:\/\/schema.org","@graph":[{"@type":"WebSite","@id":"https:\/\/www.visit-ulcinj.com\/blog\/#website","url":"https:\/\/www.visit-ulcinj.com\/blog\/","name":"Lajme nga Ulqini","description":"Lajme,Vijesti,Ulqini,Ulqin,Crna Gora,Mali i Zi","potentialAction":[{"@type":"SearchAction","target":{"@type":"EntryPoint","urlTemplate":"https:\/\/www.visit-ulcinj.com\/blog\/?s={search_term_string}"},"query-input":"required name=search_term_string"}],"inLanguage":"en-US"},{"@type":"ImageObject","inLanguage":"en-US","@id":"https:\/\/www.visit-ulcinj.com\/blog\/2014\/02\/24\/kako-su-mali-nadigrali-dps-u-formiranje-vlasti-u-ulcinju\/#primaryimage","url":"https:\/\/www.visit-ulcinj.com\/blog\/wp-content\/uploads\/2011\/10\/komuna-e-ulqinit2.jpg","contentUrl":"https:\/\/www.visit-ulcinj.com\/blog\/wp-content\/uploads\/2011\/10\/komuna-e-ulqinit2.jpg","width":"600","height":"450"},{"@type":"WebPage","@id":"https:\/\/www.visit-ulcinj.com\/blog\/2014\/02\/24\/kako-su-mali-nadigrali-dps-u-formiranje-vlasti-u-ulcinju\/#webpage","url":"https:\/\/www.visit-ulcinj.com\/blog\/2014\/02\/24\/kako-su-mali-nadigrali-dps-u-formiranje-vlasti-u-ulcinju\/","name":"Kako su mali nadigrali DPS u Formiranje vlasti u Ulcinju - Lajme nga Ulqini","isPartOf":{"@id":"https:\/\/www.visit-ulcinj.com\/blog\/#website"},"primaryImageOfPage":{"@id":"https:\/\/www.visit-ulcinj.com\/blog\/2014\/02\/24\/kako-su-mali-nadigrali-dps-u-formiranje-vlasti-u-ulcinju\/#primaryimage"},"datePublished":"2014-02-24T18:09:29+00:00","dateModified":"2014-02-24T18:09:29+00:00","author":{"@id":"https:\/\/www.visit-ulcinj.com\/blog\/#\/schema\/person\/dcab619c614d3038751c63bc2aadc06d"},"description":"U Ulcinju je danas odr\u017eana konstitutivna sjednica lokalnog parlamenta na kojoj su izabrani predsjednici Skup\u0161tine i Op\u0161tine i potvr\u0111eni mandati","breadcrumb":{"@id":"https:\/\/www.visit-ulcinj.com\/blog\/2014\/02\/24\/kako-su-mali-nadigrali-dps-u-formiranje-vlasti-u-ulcinju\/#breadcrumb"},"inLanguage":"en-US","potentialAction":[{"@type":"ReadAction","target":["https:\/\/www.visit-ulcinj.com\/blog\/2014\/02\/24\/kako-su-mali-nadigrali-dps-u-formiranje-vlasti-u-ulcinju\/"]}]},{"@type":"BreadcrumbList","@id":"https:\/\/www.visit-ulcinj.com\/blog\/2014\/02\/24\/kako-su-mali-nadigrali-dps-u-formiranje-vlasti-u-ulcinju\/#breadcrumb","itemListElement":[{"@type":"ListItem","position":1,"name":"Kako su mali nadigrali DPS u Formiranje vlasti u Ulcinju"}]},{"@type":"Person","@id":"https:\/\/www.visit-ulcinj.com\/blog\/#\/schema\/person\/dcab619c614d3038751c63bc2aadc06d","name":"ulqini","sameAs":["http:\/\/www.visit-ulcinj.com"],"url":"https:\/\/www.visit-ulcinj.com\/blog\/author\/admin\/"}]}},"jetpack_featured_media_url":"","jetpack_sharing_enabled":true,"jetpack_shortlink":"https:\/\/wp.me\/pe6lTn-kPo","_links":{"self":[{"href":"https:\/\/www.visit-ulcinj.com\/blog\/wp-json\/wp\/v2\/posts\/80066"}],"collection":[{"href":"https:\/\/www.visit-ulcinj.com\/blog\/wp-json\/wp\/v2\/posts"}],"about":[{"href":"https:\/\/www.visit-ulcinj.com\/blog\/wp-json\/wp\/v2\/types\/post"}],"author":[{"embeddable":true,"href":"https:\/\/www.visit-ulcinj.com\/blog\/wp-json\/wp\/v2\/users\/1"}],"replies":[{"embeddable":true,"href":"https:\/\/www.visit-ulcinj.com\/blog\/wp-json\/wp\/v2\/comments?post=80066"}],"version-history":[{"count":1,"href":"https:\/\/www.visit-ulcinj.com\/blog\/wp-json\/wp\/v2\/posts\/80066\/revisions"}],"predecessor-version":[{"id":80067,"href":"https:\/\/www.visit-ulcinj.com\/blog\/wp-json\/wp\/v2\/posts\/80066\/revisions\/80067"}],"wp:attachment":[{"href":"https:\/\/www.visit-ulcinj.com\/blog\/wp-json\/wp\/v2\/media?parent=80066"}],"wp:term":[{"taxonomy":"category","embeddable":true,"href":"https:\/\/www.visit-ulcinj.com\/blog\/wp-json\/wp\/v2\/categories?post=80066"},{"taxonomy":"post_tag","embeddable":true,"href":"https:\/\/www.visit-ulcinj.com\/blog\/wp-json\/wp\/v2\/tags?post=80066"}],"curies":[{"name":"wp","href":"https:\/\/api.w.org\/{rel}","templated":true}]}}