{"id":80070,"date":"2014-02-24T22:57:00","date_gmt":"2014-02-24T21:57:00","guid":{"rendered":"http:\/\/www.visit-ulcinj.com\/blog\/?p=80070"},"modified":"2014-02-26T08:55:44","modified_gmt":"2014-02-26T07:55:44","slug":"gara-per-te-mos-humbur-ulqinin-top-channel","status":"publish","type":"post","link":"https:\/\/www.visit-ulcinj.com\/blog\/2014\/02\/24\/gara-per-te-mos-humbur-ulqinin-top-channel\/","title":{"rendered":"Gara p\u00ebr t\u00eb (mos) humbur Ulqinin &#8211; Top Channel"},"content":{"rendered":"<p>1.<\/p>\n<!--YouTube Error: bad URL entered-->\n<p>2.<\/p>\n<!--YouTube Error: bad URL entered-->\n<p><strong><\/strong>Pas rreth tre jav\u00ebsh negociata, partit\u00eb shqiptare n\u00eb Mal t\u00eb Zi kan\u00eb gjetur gjuh\u00ebn e p\u00ebrbashk\u00ebt p\u00ebr t\u00eb vazhduar t\u00eb ken\u00eb drejtimin e komun\u00ebs Ulqin.<\/p>\n<p>Nga tre lista shqiptare, q\u00eb konkuruan n\u00eb zgjedhje, marr\u00ebveshja \u00ebsht\u00eb firmosur vet\u00ebm nga dy prej tyre, nd\u00ebrsa shumica e nevojshme \u00ebsht\u00eb krijuar vet\u00ebm p\u00ebrmes mb\u00ebshtetjes s\u00eb nj\u00eb partie t\u00eb tret\u00eb malazeze, q\u00eb ka pasur n\u00eb krye t\u00eb list\u00ebs nj\u00eb shqiptar.<\/p>\n<p>E v\u00ebshtir\u00eb t\u00eb parashikohet n\u00ebse ky koalicion do t\u00eb jet\u00eb i q\u00ebndruesh\u00ebm, sa koh\u00eb edhe para k\u00ebtyre zgjedhjeve shumica kontrollohej nga t\u00eb nj\u00ebjtat forca shqiptare, q\u00eb m\u00eb pas u ndan\u00eb.<\/p>\n<p><a href=\"http:\/\/www.visit-ulcinj.com\/blog\/wp-content\/uploads\/2014\/02\/Fatmir-Gjeka-Fuad-Haxhibeti-Ulqini-Ulqin.jpg\"><img loading=\"lazy\" class=\"alignleft  wp-image-80099\" alt=\"Fatmir-Gjeka-Fuad-Haxhibeti-Ulqini-Ulqin\" src=\"http:\/\/www.visit-ulcinj.com\/blog\/wp-content\/uploads\/2014\/02\/Fatmir-Gjeka-Fuad-Haxhibeti-Ulqini-Ulqin.jpg\" width=\"508\" height=\"360\" \/><\/a><\/p>\n<p>Komuna Ulqin do t\u00eb vazhdoj\u00eb t\u00eb ket\u00eb drejtimin e nj\u00eb kryetari nga forcat shqiptare. Por, a ishte kjo fitorja q\u00eb pritej? A zgjidh kjo problemet e Ulqinit? A b\u00ebn kjo t\u00eb harrohet se, pavar\u00ebsisht gjith\u00e7kaje, parti e par\u00eb doli ajo e Gjukanovi\u00e7? N\u00eb fakt, problemet e Ulqinit jan\u00eb shum\u00eb her\u00eb m\u00eb t\u00eb m\u00ebdha e kan\u00eb t\u00eb b\u00ebjn\u00eb me nj\u00eb p\u00ebr\u00e7arje, q\u00eb vazhdon t\u00eb v\u00ebr\u00eb p\u00ebrpara nj\u00ebri-tjetrit shqiptar\u00ebt. Kjo \u00ebsht\u00eb historia e nj\u00eb p\u00ebrplasjeje, q\u00eb do t\u00eb mbahet mend gjat\u00eb, si gara e shqiptar\u00ebve p\u00ebr t\u00eb falur Ulqinin.<\/p>\n<p>Pas negociatash t\u00eb shumta shqiptar\u00ebt mund\u00ebn t\u00eb siguronin shumic\u00ebn e nevojshme t\u00eb k\u00ebshilltar\u00ebve p\u00ebr t\u00eb marr\u00eb, t\u00eb pakt\u00ebn, kryetarin e Komun\u00ebs. Edhe pse zgjedhjet u fituan nga Partia Demokratike e Socialist\u00ebve t\u00eb Malit t\u00eb Zi, e drejtuar nga Milo Gjukanovi\u00e7.<\/p>\n<p>Shumic\u00ebn, partit\u00eb shqiptare e fituan vet\u00ebm fal\u00eb 2 k\u00ebshilltar\u00ebve t\u00eb Malit t\u00eb Zi Pozitiv, nj\u00eb parti jo shqiptare q\u00eb udh\u00ebhiqej nga nj\u00eb shqiptar, Dritan Abazovi\u00e7, e kjo pasi partia e tret\u00eb e shqiptar\u00ebve nuk pranoi t\u00eb bashkohej me dy t\u00eb parat.<\/p>\n<p><a href=\"http:\/\/www.visit-ulcinj.com\/blog\/wp-content\/uploads\/2014\/02\/Fatmir-Gjeka-Kryetar-Ulqini.jpg\"><img loading=\"lazy\" class=\"alignleft  wp-image-80097\" alt=\"Fatmir-Gjeka-Kryetar-Ulqini\" src=\"http:\/\/www.visit-ulcinj.com\/blog\/wp-content\/uploads\/2014\/02\/Fatmir-Gjeka-Kryetar-Ulqini.jpg\" width=\"508\" height=\"600\" \/><\/a><\/p>\n<p>Kreu i ri i komun\u00ebs do t\u00eb jet\u00eb kryetari i Partis\u00eb Demokratike, Fatmir Gjeka. \u201cJam optimist q\u00eb do t\u2019i dalim n\u00eb ball\u00eb k\u00ebtyre sfidave dhe Ulqini t\u00eb ket\u00eb nj\u00eb zhvillim t\u00eb q\u00ebndruesh\u00ebm ekonomik, ashtu si\u00e7 e meriton\u201d, tha Gjeka.<\/p>\n<p>Pavar\u00ebsisht dukjes si nj\u00eb histori me fund t\u00eb mir\u00eb, n\u00eb brend\u00ebsi gj\u00ebrat nuk jan\u00eb aq t\u00eb thjeshta, pasi konfliktet e shumta t\u00eb m\u00ebparshme premtojn\u00eb p\u00ebr nj\u00eb t\u00eb ardhme jo fort t\u00eb sigurt.<\/p>\n<p>\u201cNga Mali i Zi, afro 50% e shqiptar\u00ebve kan\u00eb shkuar n\u00eb diaspor\u00eb dhe nuk jan\u00eb m\u00eb t\u00eb pranish\u00ebm, p\u00ebr arsye se ekonomia k\u00ebtu nuk \u00ebsht\u00eb zhvilluar n\u00eb at\u00eb nivel si\u00e7 ka qen\u00eb n\u00eb vitet \u201990, kur kemi qen\u00eb n\u00ebn moniz\u00ebm\u201d, tha Nazif Cungu, kryetar i Forc\u00ebs s\u00eb Re Demokratike.<\/p>\n<p>\u201cEdhe n\u00ebse nuk do t\u00eb ishte shum\u00eb tragjike, do t\u00eb ishte shum\u00eb qesharake, ku opozita nuk funksionon dhe ku gjithsekush k\u00ebrkon si t\u00eb jet\u00eb m\u00eb af\u00ebr qeveris\u00eb s\u00eb Malit t\u00eb Zi, e cila nga ana tjet\u00ebr nuk sjell asgj\u00eb t\u00eb mir\u00eb p\u00ebr qytetar\u00ebt e Ulqinit\u201d, tha Dritan Abazovi\u00e7, nga Partia Mali i Zi Pozitiv.<\/p>\n<p>\u201cN\u00eb k\u00ebt\u00eb qytet na njofin t\u00eb gjith\u00eb se kush jan\u00eb shqiptar\u00eb sot, dhe kush jan\u00eb shqiptar\u00eb prej shekujsh, kush ka qen\u00eb vil\u00eb nacionale prej shekujsh, e kush \u00ebsht\u00eb b\u00ebr\u00eb sipas koh\u00ebs\u201d, \u00ebsht\u00eb shprehur Mehmet Zenka, kryetar i Unionit Demokratik Shqiptar.<\/p>\n<p>T\u00eb diel\u00ebn n\u00eb mbr\u00ebmje, n\u00eb 20:05, Exclusive do t\u00eb shpluhuros\u00eb rr\u00ebnj\u00ebt e k\u00ebsaj p\u00ebr\u00e7arjeje, pozicionet 24-vje\u00e7are t\u00eb partive politike shqiptare, kulisat, debatet, marr\u00ebdh\u00ebnia me elektoratin dhe gjith\u00e7ka tjet\u00ebr ka krijuar situat\u00ebn e sotme. Kontradiktat n\u00eb deklarata dhe pozicionet jo t\u00eb q\u00ebndrueshme q\u00eb kan\u00eb pasur, n\u00eb dukje, vet\u00ebm nj\u00eb synim: t\u00eb q\u00ebnit sa m\u00eb af\u00ebr pushtetit, qoft\u00eb ai lokal, apo q\u00ebndror. \/ Top Channel<\/p>\n","protected":false},"excerpt":{"rendered":"<p>1. 2. Pas rreth tre jav\u00ebsh negociata, partit\u00eb shqiptare n\u00eb Mal t\u00eb Zi kan\u00eb gjetur gjuh\u00ebn e p\u00ebrbashk\u00ebt p\u00ebr t\u00eb vazhduar t\u00eb ken\u00eb drejtimin e komun\u00ebs Ulqin. Nga tre lista shqiptare, q\u00eb konkuruan n\u00eb zgjedhje, marr\u00ebveshja \u00ebsht\u00eb firmosur vet\u00ebm nga dy prej tyre, nd\u00ebrsa shumica e nevojshme \u00ebsht\u00eb krijuar vet\u00ebm p\u00ebrmes mb\u00ebshtetjes s\u00eb nj\u00eb partie [&hellip;]<\/p>\n","protected":false},"author":1,"featured_media":0,"comment_status":"closed","ping_status":"closed","sticky":false,"template":"","format":"standard","meta":{"spay_email":"","jetpack_publicize_message":"","jetpack_is_tweetstorm":false,"jetpack_publicize_feature_enabled":true},"categories":[5,1],"tags":[],"jetpack_publicize_connections":[],"yoast_head":"<!-- This site is optimized with the Yoast SEO plugin v19.1 - https:\/\/yoast.com\/wordpress\/plugins\/seo\/ -->\n<title>Gara p\u00ebr t\u00eb (mos) humbur Ulqinin - Top Channel - Lajme nga Ulqini<\/title>\n<meta name=\"description\" content=\"1. 2. Pas rreth tre jav\u00ebsh negociata, partit\u00eb shqiptare n\u00eb Mal t\u00eb Zi kan\u00eb gjetur gjuh\u00ebn e p\u00ebrbashk\u00ebt p\u00ebr t\u00eb vazhduar t\u00eb ken\u00eb drejtimin e komun\u00ebs Ulqin.\" \/>\n<meta name=\"robots\" content=\"index, follow, max-snippet:-1, max-image-preview:large, max-video-preview:-1\" \/>\n<link rel=\"canonical\" href=\"https:\/\/www.visit-ulcinj.com\/blog\/2014\/02\/24\/gara-per-te-mos-humbur-ulqinin-top-channel\/\" \/>\n<meta property=\"og:locale\" content=\"en_US\" \/>\n<meta property=\"og:type\" content=\"article\" \/>\n<meta property=\"og:title\" content=\"Gara p\u00ebr t\u00eb (mos) humbur Ulqinin - Top Channel - Lajme nga Ulqini\" \/>\n<meta property=\"og:description\" content=\"1. 2. Pas rreth tre jav\u00ebsh negociata, partit\u00eb shqiptare n\u00eb Mal t\u00eb Zi kan\u00eb gjetur gjuh\u00ebn e p\u00ebrbashk\u00ebt p\u00ebr t\u00eb vazhduar t\u00eb ken\u00eb drejtimin e komun\u00ebs Ulqin.\" \/>\n<meta property=\"og:url\" content=\"https:\/\/www.visit-ulcinj.com\/blog\/2014\/02\/24\/gara-per-te-mos-humbur-ulqinin-top-channel\/\" \/>\n<meta property=\"og:site_name\" content=\"Lajme nga Ulqini\" \/>\n<meta property=\"article:published_time\" content=\"2014-02-24T21:57:00+00:00\" \/>\n<meta property=\"article:modified_time\" content=\"2014-02-26T07:55:44+00:00\" \/>\n<meta property=\"og:image\" content=\"http:\/\/www.visit-ulcinj.com\/blog\/wp-content\/uploads\/2014\/02\/Fatmir-Gjeka-Fuad-Haxhibeti-Ulqini-Ulqin.jpg\" \/>\n<meta name=\"twitter:label1\" content=\"Written by\" \/>\n\t<meta name=\"twitter:data1\" content=\"ulqini\" \/>\n\t<meta name=\"twitter:label2\" content=\"Est. reading time\" \/>\n\t<meta name=\"twitter:data2\" content=\"3 minutes\" \/>\n<script type=\"application\/ld+json\" class=\"yoast-schema-graph\">{\"@context\":\"https:\/\/schema.org\",\"@graph\":[{\"@type\":\"WebSite\",\"@id\":\"https:\/\/www.visit-ulcinj.com\/blog\/#website\",\"url\":\"https:\/\/www.visit-ulcinj.com\/blog\/\",\"name\":\"Lajme nga Ulqini\",\"description\":\"Lajme,Vijesti,Ulqini,Ulqin,Crna Gora,Mali i Zi\",\"potentialAction\":[{\"@type\":\"SearchAction\",\"target\":{\"@type\":\"EntryPoint\",\"urlTemplate\":\"https:\/\/www.visit-ulcinj.com\/blog\/?s={search_term_string}\"},\"query-input\":\"required name=search_term_string\"}],\"inLanguage\":\"en-US\"},{\"@type\":\"ImageObject\",\"inLanguage\":\"en-US\",\"@id\":\"https:\/\/www.visit-ulcinj.com\/blog\/2014\/02\/24\/gara-per-te-mos-humbur-ulqinin-top-channel\/#primaryimage\",\"url\":\"https:\/\/www.visit-ulcinj.com\/blog\/wp-content\/uploads\/2014\/02\/Fatmir-Gjeka-Fuad-Haxhibeti-Ulqini-Ulqin.jpg\",\"contentUrl\":\"https:\/\/www.visit-ulcinj.com\/blog\/wp-content\/uploads\/2014\/02\/Fatmir-Gjeka-Fuad-Haxhibeti-Ulqini-Ulqin.jpg\",\"width\":960,\"height\":640},{\"@type\":\"WebPage\",\"@id\":\"https:\/\/www.visit-ulcinj.com\/blog\/2014\/02\/24\/gara-per-te-mos-humbur-ulqinin-top-channel\/#webpage\",\"url\":\"https:\/\/www.visit-ulcinj.com\/blog\/2014\/02\/24\/gara-per-te-mos-humbur-ulqinin-top-channel\/\",\"name\":\"Gara p\u00ebr t\u00eb (mos) humbur Ulqinin - Top Channel - Lajme nga Ulqini\",\"isPartOf\":{\"@id\":\"https:\/\/www.visit-ulcinj.com\/blog\/#website\"},\"primaryImageOfPage\":{\"@id\":\"https:\/\/www.visit-ulcinj.com\/blog\/2014\/02\/24\/gara-per-te-mos-humbur-ulqinin-top-channel\/#primaryimage\"},\"datePublished\":\"2014-02-24T21:57:00+00:00\",\"dateModified\":\"2014-02-26T07:55:44+00:00\",\"author\":{\"@id\":\"https:\/\/www.visit-ulcinj.com\/blog\/#\/schema\/person\/dcab619c614d3038751c63bc2aadc06d\"},\"description\":\"1. 2. Pas rreth tre jav\u00ebsh negociata, partit\u00eb shqiptare n\u00eb Mal t\u00eb Zi kan\u00eb gjetur gjuh\u00ebn e p\u00ebrbashk\u00ebt p\u00ebr t\u00eb vazhduar t\u00eb ken\u00eb drejtimin e komun\u00ebs Ulqin.\",\"breadcrumb\":{\"@id\":\"https:\/\/www.visit-ulcinj.com\/blog\/2014\/02\/24\/gara-per-te-mos-humbur-ulqinin-top-channel\/#breadcrumb\"},\"inLanguage\":\"en-US\",\"potentialAction\":[{\"@type\":\"ReadAction\",\"target\":[\"https:\/\/www.visit-ulcinj.com\/blog\/2014\/02\/24\/gara-per-te-mos-humbur-ulqinin-top-channel\/\"]}]},{\"@type\":\"BreadcrumbList\",\"@id\":\"https:\/\/www.visit-ulcinj.com\/blog\/2014\/02\/24\/gara-per-te-mos-humbur-ulqinin-top-channel\/#breadcrumb\",\"itemListElement\":[{\"@type\":\"ListItem\",\"position\":1,\"name\":\"Gara p\u00ebr t\u00eb (mos) humbur Ulqinin &#8211; Top Channel\"}]},{\"@type\":\"Person\",\"@id\":\"https:\/\/www.visit-ulcinj.com\/blog\/#\/schema\/person\/dcab619c614d3038751c63bc2aadc06d\",\"name\":\"ulqini\",\"sameAs\":[\"http:\/\/www.visit-ulcinj.com\"],\"url\":\"https:\/\/www.visit-ulcinj.com\/blog\/author\/admin\/\"}]}<\/script>\n<!-- \/ Yoast SEO plugin. -->","yoast_head_json":{"title":"Gara p\u00ebr t\u00eb (mos) humbur Ulqinin - Top Channel - Lajme nga Ulqini","description":"1. 2. Pas rreth tre jav\u00ebsh negociata, partit\u00eb shqiptare n\u00eb Mal t\u00eb Zi kan\u00eb gjetur gjuh\u00ebn e p\u00ebrbashk\u00ebt p\u00ebr t\u00eb vazhduar t\u00eb ken\u00eb drejtimin e komun\u00ebs Ulqin.","robots":{"index":"index","follow":"follow","max-snippet":"max-snippet:-1","max-image-preview":"max-image-preview:large","max-video-preview":"max-video-preview:-1"},"canonical":"https:\/\/www.visit-ulcinj.com\/blog\/2014\/02\/24\/gara-per-te-mos-humbur-ulqinin-top-channel\/","og_locale":"en_US","og_type":"article","og_title":"Gara p\u00ebr t\u00eb (mos) humbur Ulqinin - Top Channel - Lajme nga Ulqini","og_description":"1. 2. Pas rreth tre jav\u00ebsh negociata, partit\u00eb shqiptare n\u00eb Mal t\u00eb Zi kan\u00eb gjetur gjuh\u00ebn e p\u00ebrbashk\u00ebt p\u00ebr t\u00eb vazhduar t\u00eb ken\u00eb drejtimin e komun\u00ebs Ulqin.","og_url":"https:\/\/www.visit-ulcinj.com\/blog\/2014\/02\/24\/gara-per-te-mos-humbur-ulqinin-top-channel\/","og_site_name":"Lajme nga Ulqini","article_published_time":"2014-02-24T21:57:00+00:00","article_modified_time":"2014-02-26T07:55:44+00:00","og_image":[{"url":"http:\/\/www.visit-ulcinj.com\/blog\/wp-content\/uploads\/2014\/02\/Fatmir-Gjeka-Fuad-Haxhibeti-Ulqini-Ulqin.jpg"}],"twitter_misc":{"Written by":"ulqini","Est. reading time":"3 minutes"},"schema":{"@context":"https:\/\/schema.org","@graph":[{"@type":"WebSite","@id":"https:\/\/www.visit-ulcinj.com\/blog\/#website","url":"https:\/\/www.visit-ulcinj.com\/blog\/","name":"Lajme nga Ulqini","description":"Lajme,Vijesti,Ulqini,Ulqin,Crna Gora,Mali i Zi","potentialAction":[{"@type":"SearchAction","target":{"@type":"EntryPoint","urlTemplate":"https:\/\/www.visit-ulcinj.com\/blog\/?s={search_term_string}"},"query-input":"required name=search_term_string"}],"inLanguage":"en-US"},{"@type":"ImageObject","inLanguage":"en-US","@id":"https:\/\/www.visit-ulcinj.com\/blog\/2014\/02\/24\/gara-per-te-mos-humbur-ulqinin-top-channel\/#primaryimage","url":"https:\/\/www.visit-ulcinj.com\/blog\/wp-content\/uploads\/2014\/02\/Fatmir-Gjeka-Fuad-Haxhibeti-Ulqini-Ulqin.jpg","contentUrl":"https:\/\/www.visit-ulcinj.com\/blog\/wp-content\/uploads\/2014\/02\/Fatmir-Gjeka-Fuad-Haxhibeti-Ulqini-Ulqin.jpg","width":960,"height":640},{"@type":"WebPage","@id":"https:\/\/www.visit-ulcinj.com\/blog\/2014\/02\/24\/gara-per-te-mos-humbur-ulqinin-top-channel\/#webpage","url":"https:\/\/www.visit-ulcinj.com\/blog\/2014\/02\/24\/gara-per-te-mos-humbur-ulqinin-top-channel\/","name":"Gara p\u00ebr t\u00eb (mos) humbur Ulqinin - Top Channel - Lajme nga Ulqini","isPartOf":{"@id":"https:\/\/www.visit-ulcinj.com\/blog\/#website"},"primaryImageOfPage":{"@id":"https:\/\/www.visit-ulcinj.com\/blog\/2014\/02\/24\/gara-per-te-mos-humbur-ulqinin-top-channel\/#primaryimage"},"datePublished":"2014-02-24T21:57:00+00:00","dateModified":"2014-02-26T07:55:44+00:00","author":{"@id":"https:\/\/www.visit-ulcinj.com\/blog\/#\/schema\/person\/dcab619c614d3038751c63bc2aadc06d"},"description":"1. 2. Pas rreth tre jav\u00ebsh negociata, partit\u00eb shqiptare n\u00eb Mal t\u00eb Zi kan\u00eb gjetur gjuh\u00ebn e p\u00ebrbashk\u00ebt p\u00ebr t\u00eb vazhduar t\u00eb ken\u00eb drejtimin e komun\u00ebs Ulqin.","breadcrumb":{"@id":"https:\/\/www.visit-ulcinj.com\/blog\/2014\/02\/24\/gara-per-te-mos-humbur-ulqinin-top-channel\/#breadcrumb"},"inLanguage":"en-US","potentialAction":[{"@type":"ReadAction","target":["https:\/\/www.visit-ulcinj.com\/blog\/2014\/02\/24\/gara-per-te-mos-humbur-ulqinin-top-channel\/"]}]},{"@type":"BreadcrumbList","@id":"https:\/\/www.visit-ulcinj.com\/blog\/2014\/02\/24\/gara-per-te-mos-humbur-ulqinin-top-channel\/#breadcrumb","itemListElement":[{"@type":"ListItem","position":1,"name":"Gara p\u00ebr t\u00eb (mos) humbur Ulqinin &#8211; Top Channel"}]},{"@type":"Person","@id":"https:\/\/www.visit-ulcinj.com\/blog\/#\/schema\/person\/dcab619c614d3038751c63bc2aadc06d","name":"ulqini","sameAs":["http:\/\/www.visit-ulcinj.com"],"url":"https:\/\/www.visit-ulcinj.com\/blog\/author\/admin\/"}]}},"jetpack_featured_media_url":"","jetpack_sharing_enabled":true,"jetpack_shortlink":"https:\/\/wp.me\/pe6lTn-kPs","_links":{"self":[{"href":"https:\/\/www.visit-ulcinj.com\/blog\/wp-json\/wp\/v2\/posts\/80070"}],"collection":[{"href":"https:\/\/www.visit-ulcinj.com\/blog\/wp-json\/wp\/v2\/posts"}],"about":[{"href":"https:\/\/www.visit-ulcinj.com\/blog\/wp-json\/wp\/v2\/types\/post"}],"author":[{"embeddable":true,"href":"https:\/\/www.visit-ulcinj.com\/blog\/wp-json\/wp\/v2\/users\/1"}],"replies":[{"embeddable":true,"href":"https:\/\/www.visit-ulcinj.com\/blog\/wp-json\/wp\/v2\/comments?post=80070"}],"version-history":[{"count":4,"href":"https:\/\/www.visit-ulcinj.com\/blog\/wp-json\/wp\/v2\/posts\/80070\/revisions"}],"predecessor-version":[{"id":80102,"href":"https:\/\/www.visit-ulcinj.com\/blog\/wp-json\/wp\/v2\/posts\/80070\/revisions\/80102"}],"wp:attachment":[{"href":"https:\/\/www.visit-ulcinj.com\/blog\/wp-json\/wp\/v2\/media?parent=80070"}],"wp:term":[{"taxonomy":"category","embeddable":true,"href":"https:\/\/www.visit-ulcinj.com\/blog\/wp-json\/wp\/v2\/categories?post=80070"},{"taxonomy":"post_tag","embeddable":true,"href":"https:\/\/www.visit-ulcinj.com\/blog\/wp-json\/wp\/v2\/tags?post=80070"}],"curies":[{"name":"wp","href":"https:\/\/api.w.org\/{rel}","templated":true}]}}