{"id":80083,"date":"2014-02-25T20:46:46","date_gmt":"2014-02-25T19:46:46","guid":{"rendered":"http:\/\/www.visit-ulcinj.com\/blog\/?p=80083"},"modified":"2014-02-25T20:46:46","modified_gmt":"2014-02-25T19:46:46","slug":"problemet-e-emigranteve-te-kosoves-dokumentet-ne-europe","status":"publish","type":"post","link":"https:\/\/www.visit-ulcinj.com\/blog\/2014\/02\/25\/problemet-e-emigranteve-te-kosoves-dokumentet-ne-europe\/","title":{"rendered":"Problemet e emigrant\u00ebve t\u00eb Kosoves me dokumentet ne Europe"},"content":{"rendered":"<p><strong><a href=\"http:\/\/www.visit-ulcinj.com\/blog\/wp-content\/uploads\/2014\/02\/Passeportet-europene.jpg\"><img loading=\"lazy\" class=\"alignleft  wp-image-80084\" alt=\"Passeportet-europene\" src=\"http:\/\/www.visit-ulcinj.com\/blog\/wp-content\/uploads\/2014\/02\/Passeportet-europene.jpg\" width=\"508\" height=\"360\" \/><\/a>Emigrant\u00ebt e Kosov\u00ebs problem me dokumentet \u00a0si certifikata,shtet\u00ebsi etj, n\u00eb shtetet e per\u00ebndimit!<\/strong><\/p>\n<p><strong>Nga Asllan Dibrani<\/strong><\/p>\n<p>Shpeshher\u00eb\u00a0\u00a0 qytetar\u00ebt\u00a0 e emigracionit\u00a0 shqiptar n\u00eb gjermani\u00a0\u00a0 jan\u00eb\u00a0 viktim\u00eb\u00a0 e gjysme shtetit t\u00eb Kosov\u00ebs nga e\u00a0 cila\u00a0\u00a0\u00a0 nuk\u00a0\u00a0 u k\u00ebndellur qe t&#8217;i plot\u00ebsoj\u00a0\u00a0 nevojat\u00a0\u00a0\u00a0 dhe\u00a0 obligimet q\u00eb ka ndaj\u00a0\u00a0\u00a0 bashkatdhetar\u00ebve t\u00eb vet! Ky \u00a0fenomen\u00a0\u00a0 ka mbetur\u00a0\u00a0 aktual q\u00eb nga\u00a0\u00a0\u00a0 regjimi ish jugosllav, duke\u00a0 i sjell shqiptar\u00ebt\u00a0 \u00a0\u00a0p\u00ebr\u00a0 nj\u00eb dokument\u00a0\u00a0\u00a0\u00a0 posht\u00eb lart . Ai problem i dokumenteve\u00a0\u00a0 vazhdoj\u00a0 me vite te t\u00ebra, por\u00a0\u00a0\u00a0 intensifikimi\u00a0 me nj\u00eb ser\u00eb problemesh\u00a0\u00a0\u00a0\u00a0 u shtuar edhe pas shpalljes s\u00eb pavar\u00ebsis\u00eb\u00a0 s\u00eb Kosov\u00ebs\u00a0\u00a0 q\u00eb shum\u00eb shtete\u00a0 edhe se e pranuan,\u00a0 kaluan vite t\u00eb tera\u00a0 ta ken\u00eb\u00a0\u00a0 pasaport\u00ebn\u00a0\u00a0\u00a0 e Serbis\u00eb si\u00a0 barr\u00eb.\u00a0 Shpesh u nd\u00ebrruan dokumentet,\u00a0\u00a0 por\u00a0 edhe pas\u00a0\u00a0 disa vitesh\u00a0 qe Kosova nuk\u00a0\u00a0\u00a0\u00a0\u00a0 \u00ebsht\u00eb k\u00ebndell\u00eb ta\u00a0\u00a0 rregulloj\u00a0\u00a0 gjendjen e\u00a0 qytetareve t\u00eb vet\u00a0\u00a0\u00a0\u00a0 n\u00eb shum\u00eb shtete. Shqiptar\u00ebt e Kosov\u00ebs\u00a0\u00a0\u00a0\u00a0\u00a0\u00a0 kaluan\u00a0\u00a0 nj\u00eb\u00a0 sken\u00eb\u00a0 rr\u00ebqeth\u00ebse\u00a0 deri sa\u00a0 i pastruan\u00a0\u00a0\u00a0 dor\u00ebzimin e pasaportave\u00a0\u00a0\u00a0\u00a0 te Serbis\u00eb,\u00a0\u00a0 gj\u00eb q\u00eb\u00a0 ai fenomen edhe sot\u00a0 e k\u00ebsaj dite \u00ebsht\u00eb aktual. Dokumentet e Serbis\u00eb edhe sot\u00a0 i mbajn\u00eb nj\u00eb pjes\u00eb\u00a0 e\u00a0\u00a0 shqiptar\u00ebve ,dikush\u00a0 n\u00eb pamund\u00ebsin\u00eb e rregullimit , dikush nga\u00a0\u00a0\u00a0 kryene\u00e7\u00ebsia\u00a0 komb\u00ebtare,qe s&#8217;duan as t\u00eb merren ma me ato dokumente duke u thirrur n\u00eb\u00a0 shtet\u00ebsin\u00eb e Kosov\u00ebs\u00a0 dhe dikush\u00a0\u00a0 duke i mbajtur, apo duke u furnizuar\u00a0 me to\u00a0 p\u00ebr interesa\u00a0\u00a0 e tyre\u00a0 personale\u00a0 t\u00eb qarkullimit\u00a0\u00a0\u00a0\u00a0 n\u00eb\u00a0 Evrop\u00eb me pasaportat serbe ,\u00a0 nd\u00ebrsa\u00a0\u00a0 defakto jan\u00eb qytetar\u00eb\u00a0 t\u00eb Kosov\u00ebs. K\u00ebsaj i thuhet\u00a0 vetmonim i\u00a0 shtetit t\u00eb Kosov\u00ebs\u00a0 nga\u00a0 mos\u00a0 p\u00ebrfitimi\u00a0 i\u00a0\u00a0\u00a0 vizave t\u00eb qarkullojn\u00eb\u00a0 edhe\u00a0 shqiptar\u00ebt\u00a0 t\u00eb lir\u00eb n\u00ebp\u00ebr\u00a0 Evrop\u00eb.<\/p>\n<p>&nbsp;<\/p>\n<p>Problemi n\u00eb\u00a0 vete\u00a0 sot ka nj\u00eb num\u00ebr i madh mbi humbej\u00a0 e shtet\u00ebsis\u00eb\u00a0\u00a0\u00a0 se Kosov\u00ebs\u00a0\u00a0 si kusht qe te p\u00ebrfitojn\u00eb shtet\u00ebsin\u00eb\u00a0 gjermane. Avazi i nj\u00ebjt\u00eb, po vazhdon edhe sot\u00a0 e k\u00ebsaj dite\u00a0\u00a0 me shum\u00eb\u00a0 qytetar\u00eb\u00a0\u00a0\u00a0\u00a0 qe jan\u00eb\u00a0 n\u00eb\u00a0\u00a0 proces t\u00eb\u00a0 rregullimit t\u00eb statusit\u00a0 t\u00eb tyre\u00a0 , por ne\u00a0 munges\u00ebn e\u00a0\u00a0 t\u00eb drejt\u00ebs s\u00eb tyre\u00a0\u00a0 nga\u00a0 e cila kan\u00eb\u00a0\u00a0 humbur t\u00eb\u00a0 drejt\u00ebn e\u00a0 shtet\u00ebsis\u00eb\u00a0\u00a0\u00a0\u00a0\u00a0 po p\u00ebrballen\u00a0 me t\u00eb gjitha\u00a0\u00a0 v\u00ebshtiruesit . Nj\u00eb rast i till\u00eb e ka\u00a0\u00a0\u00a0\u00a0 p\u00ebrfshir\u00eb edhe\u00a0\u00a0\u00a0\u00a0\u00a0 familjen\u00a0\u00a0 V.Likaj \u00a0me djalin e tyre\u00a0 Rr.Likaj \u00a0, e cila\u00a0 \u00ebsht\u00eb n\u00eb \u00a0qytetin e\u00a0 Shtutgardit\u00a0 n\u00eb \u00a0\u00a0Baden-Wurtenberg \u00a0t\u00eb Gjermanis\u00eb.\u00a0 \u00a0\u00a0\u00a0Famila Likaj\u00a0\u00a0 u ballafaqua\u00a0 me nj\u00eb ser\u00eb problemesh\u00a0\u00a0 q\u00eb nga\u00a0 lindja e f\u00ebmiut t\u00eb tyre\u00a0\u00a0 para\u00a0 shtat\u00eb\u00a0 muajsh\u00a0\u00a0\u00a0\u00a0\u00a0 qe \u00a0braktis edhe\u00a0\u00a0 nga\u00a0\u00a0 e drejtat e f\u00ebmiut\u00a0 qe te\u00a0 g\u00ebzoj\u00a0\u00a0\u00a0\u00a0\u00a0 atributet\u00a0 e nevojshme.<\/p>\n<p>Familja\u00a0 Likaj,\u00a0\u00a0\u00a0\u00a0 q\u00eb n\u00eb\u00a0 fillim\u00a0 u p\u00ebrball me\u00a0\u00a0\u00a0 mos l\u00ebshimit \u00a0e dokumenteve\u00a0 p\u00ebrkat\u00ebse nga\u00a0 organet\u00a0 gjegj\u00ebse gjermane\u00a0\u00a0 , duke\u00a0 filluar nga\u00a0\u00a0\u00a0\u00a0 \u00e7ertifikata e lindjes\u00a0 ,\u00a0\u00a0 benificionet\u00a0\u00a0\u00a0 dhe\u00a0\u00a0 sigurimin\u00a0 sh\u00ebndet\u00ebsor\u00a0 nga preteksti se\u00a0\u00a0\u00a0\u00a0 prind\u00ebrit e\u00a0 f\u00ebmiut\u00a0 jetojn\u00eb q\u00eb shatat vite n\u00eb Gjermani dhe\u00a0 brenda k\u00ebsaj periudhe\u00a0 kishte\u00a0 status\u00a0 t\u00eb p\u00ebrkohsh\u00ebm\u00a0 deri ne lindjen e\u00a0 femiut. Pas lindjes s\u00eb\u00a0 femiut\u00a0\u00a0\u00a0 u pezulluan t\u00eb gjitha t\u00eb drejtat e\u00a0\u00a0\u00a0 f\u00ebmij\u00ebs\u00a0\u00a0\u00a0\u00a0\u00a0 me arsyen se babai i tij\u00a0 nuk ka q\u00ebndrim t\u00eb p\u00ebrhersh\u00ebm n\u00eb gjermani. Edhe se ka lindur f\u00ebmija\u00a0 k\u00ebtu, n\u00eb Gjermani\u00a0 ai nuk\u00a0 po\u00a0\u00a0 pranohet\u00a0\u00a0\u00a0 si\u00a0 qytetar\u00a0\u00a0 dhe\u00a0 banor\u00a0 i vet\u00a0 me arsyen se\u00a0\u00a0\u00a0 f\u00ebmija me\u00a0 prind\u00ebrit e pa rregulluar statusin\u00a0\u00a0 e p\u00ebrhersh\u00ebm nuk ka t\u00eb drejt regjistrimi as\u00a0 shfryt\u00ebzimi t\u00eb\u00a0\u00a0 ndihmave dhe\u00a0\u00a0\u00a0\u00a0 t\u00eb drejtave tjera si f\u00ebmij\u00eb\u00a0 , nga e cila k\u00ebrkohet\u00a0\u00a0 ta regjistrojn\u00eb\u00a0 f\u00ebmij\u00ebn\u00a0 n\u00eb Kosov\u00eb.<\/p>\n<p>K\u00ebshtu qe\u00a0\u00a0 n\u00eb munges\u00ebn\u00a0 e regjistrimit ne Kosov\u00eb sot\u00a0 f\u00ebmija\u00a0\u00a0 i k\u00ebsaj familje\u00a0 nuk\u00a0\u00a0 ka mjek , nuk ka ndihma ,\u00a0 nuk ka\u00a0 veshmbathje\u00a0 dhe\u00a0 nuk ka\u00a0 ushqim p\u00ebr te!.\u00a0\u00a0 Prind\u00ebrit\u00a0\u00a0\u00a0 e k\u00ebtij\u00a0 f\u00ebmij\u00eb\u00a0 jetojn\u00eb me\u00a0\u00a0\u00a0\u00a0 ankth\u00a0\u00a0 t\u00eb ve\u00e7ant\u00eb si\u00a0 t\u00eb\u00a0\u00a0 vazhdojn\u00eb\u00a0 jet\u00ebn\u00a0 k\u00ebshtu\u00a0\u00a0\u00a0 me\u00a0\u00a0 nj\u00eb f\u00ebmij\u00eb\u00a0\u00a0 t\u00eb\u00a0\u00a0\u00a0\u00a0 lindur\u00a0\u00a0\u00a0\u00a0 n\u00eb gjermani\u00a0\u00a0 i\u00a0\u00a0 privuar \u00a0\u00a0\u00a0p\u00ebr shfryt\u00ebzimin e\u00a0 kushteve t\u00eb veta dhe\u00a0\u00a0\u00a0\u00a0\u00a0 ka mbetur\u00a0 n\u00ebn\u00a0\u00a0 m\u00ebshir\u00ebn e\u00a0 \u00a0zotit\u00a0\u00a0\u00a0 dhe\u00a0\u00a0\u00a0\u00a0\u00a0\u00a0 ilegal\u00a0\u00a0\u00a0 n\u00eb vendin e\u00a0 lindjes\u00a0\u00a0 q\u00eb n\u00eb\u00a0 munges\u00ebn e\u00a0\u00a0 marr\u00ebdh\u00ebnieve\u00a0\u00a0 diplomatike\u00a0 t\u00eb Kosov\u00ebs\u00a0 me\u00a0 organet gjermane\u00a0 p\u00ebr\u00a0\u00a0\u00a0 normalizimin\u00a0 \u00a0dhe\u00a0 rregullimin e\u00a0 ligjit\u00a0 mbi t\u00eb drejt\u00ebn e\u00a0\u00a0\u00a0 qytetareve\u00a0 kosovar\u00a0 n\u00eb Gjermani, Kjo familje\u00a0 k\u00ebrkon ndihm\u00eb\u00a0\u00a0 nga ndonj\u00eb\u00a0\u00a0\u00a0 pal\u00eb kompetente\u00a0\u00a0 n\u00eb kontaktin e E.mail-adres\u00ebs\u00a0\u00a0\u00a0 &lt;&lt;&lt;&lt;\u00a0\u00a0\u00a0 kastriotkruja@live.de\u00a0 &gt;&gt;&gt;&gt;<\/p>\n<p>Nj\u00eb vist\u00ebr traktatesh nd\u00ebrkomb\u00ebtare p\u00ebr t\u00eb drejtat e njeriut dhe t\u00eb instrumenteve t\u00eb tjera q\u00eb jan\u00eb miratuar q\u00eb nga viti 1945 kan\u00eb trajtuar form\u00ebn juridike te t\u00eb drejtave t\u00eb lindura t\u00eb njeriut dhe kan\u00eb zhvilluar pjes\u00ebt kryesore te t\u00eb drejtave nd\u00ebrkomb\u00ebtare t\u00eb njeriut nga e cila Kosova\u00a0 nuk ka mundur t&#8217;i shfryt\u00ebzoj p\u00ebr qytetar\u00ebt e vet. Jan\u00eb miratuar edhe instrumente t\u00eb tjera n\u00eb nivelin rajonal duke i pasqyruar shqet\u00ebsimet e ve\u00e7anta te t\u00eb drejtave t\u00eb njeriut n\u00eb rajon dhe duke parashikuar mekanizma t\u00eb ve\u00e7ant\u00eb t\u00eb mbrojtjes prap\u00eb Kosova\u00a0 nuk ka mundur t&#8217;a\u00a0\u00a0\u00a0 rangoj\u00a0 vet\u00ebn n\u00eb\u00a0\u00a0\u00a0 nivelin e duhur. N\u00eb shum\u00eb shtete, kosovar\u00ebt kan\u00eb mbetur n\u00ebn\u00a0 m\u00ebshir\u00ebn\u00a0\u00a0 e koh\u00ebs . Pjesa d\u00ebrmuese e shteteve, po ashtu, kan\u00eb miratuar kushtetuta dhe ligje t\u00eb tjera t\u00eb cilat formalisht mbrojn\u00eb t\u00eb drejtat themelore t\u00eb njeriut dhe qytetarit t\u00eb vet ,nd\u00ebrsa Kosova\u00a0 ka ngecur\u00a0\u00a0\u00a0\u00a0\u00a0 n\u00eb k\u00ebt\u00eb segment shum\u00eb prapa! K\u00ebto\u00a0\u00a0\u00a0 gjera elementare \u00a0\u00a0jan\u00eb\u00a0\u00a0 obligacion i shtetit t\u00eb Kosov\u00ebs\u00a0\u00a0\u00a0 t&#8217;i inicioj\u00a0\u00a0\u00a0 dhe\u00a0 ti shfryt\u00ebzoj\u00a0\u00a0\u00a0 p\u00ebr interesin e qytetareve t\u00eb vet\u00a0 \u00a0, rregulla q\u00eb jan\u00eb\u00a0\u00a0\u00a0 aplikuar\u00a0 n\u00eb traktatet nd\u00ebrkomb\u00ebtare dhe e drejta zakonore \u00a0n\u00eb p\u00ebrb\u00ebrjen \u00a0e shtyll\u00ebn e s\u00eb drejt\u00ebs \u00a0si\u00a0 verdikt nd\u00ebrkomb\u00ebtare p\u00ebr t\u00eb drejtat e njeriut. P\u00ebr zbatimin dhe zhvillimin e tyre p\u00ebr interesat edhe t\u00eb kosovar\u00ebve\u00a0 duhet\u00a0 organet\u00a0\u00a0 kompetente t\u00eb konsolidohen\u00a0 dhe t\u00eb\u00a0 promovojn\u00eb\u00a0\u00a0\u00a0 projektligjet\u00a0 qe ti shfryt\u00ebzojn\u00eb\u00a0\u00a0\u00a0 qytetar\u00ebt\u00a0 e\u00a0 saje ato benificione, q\u00eb i kan\u00eb edhe\u00a0 shtetasit e tjerave shtete q\u00eb jetoj\u00eb n\u00eb shtetet\u00a0 per\u00ebndimore posa\u00e7\u00ebrisht n\u00eb Gjermani. Detyrimi \u00a0dhe obligimi p\u00ebr t\u2019i mbrojtur \u00a0interesat e veta Kosova,\u00a0 duhet\u00a0 t\u00eb k\u00ebrkon nga shtetet ku jetojn\u00eb\u00a0 shqiptaret\u00a0 q\u00eb ti mbrohet\u00a0 individi si shtetas\u00a0 kosovar,\u00a0 n\u00eb shtetin,\u00a0 ku ai jeton\u00a0\u00a0\u00a0 n\u00eb t\u00eb gjitha te drejtat e veta si\u00e7 po i shfryt\u00ebzoje t\u00eb tjer\u00ebt. Detyrimi p\u00ebr t\u2019i plot\u00ebsuar \u00a0obligimet\u00a0 ndaj te huajve\u00a0 konkretisht ndaj kosar\u00ebve n\u00ebnkupton se Kosova n\u00eb raport me\u00a0 shtetet tjera\u00a0 duhet t\u00eb marrin veprime pozitive p\u00ebr ta leht\u00ebsuar g\u00ebzimin e t\u00eb drejtave themelore t\u00eb\u00a0\u00a0 qytetarit kosovar\u00a0\u00a0 kudo qe \u00ebsht\u00eb, kjo sikur po ngec edhe se\u00a0 organet shtet\u00ebrore t\u00eb Kosov\u00ebs\u00a0 thuhet se i kan\u00eb\u00a0 lidh disa\u00a0\u00a0\u00a0\u00a0 marr\u00ebveshje t\u00eb k\u00ebsaj natyre me dosa shtete perendimore.<\/p>\n<p>&nbsp;<\/p>\n","protected":false},"excerpt":{"rendered":"<p>Emigrant\u00ebt e Kosov\u00ebs problem me dokumentet \u00a0si certifikata,shtet\u00ebsi etj, n\u00eb shtetet e per\u00ebndimit! Nga Asllan Dibrani Shpeshher\u00eb\u00a0\u00a0 qytetar\u00ebt\u00a0 e emigracionit\u00a0 shqiptar n\u00eb gjermani\u00a0\u00a0 jan\u00eb\u00a0 viktim\u00eb\u00a0 e gjysme shtetit t\u00eb Kosov\u00ebs nga e\u00a0 cila\u00a0\u00a0\u00a0 nuk\u00a0\u00a0 u k\u00ebndellur qe t&#8217;i plot\u00ebsoj\u00a0\u00a0 nevojat\u00a0\u00a0\u00a0 dhe\u00a0 obligimet q\u00eb ka ndaj\u00a0\u00a0\u00a0 bashkatdhetar\u00ebve t\u00eb vet! Ky \u00a0fenomen\u00a0\u00a0 ka mbetur\u00a0\u00a0 aktual q\u00eb nga\u00a0\u00a0\u00a0 [&hellip;]<\/p>\n","protected":false},"author":1,"featured_media":0,"comment_status":"closed","ping_status":"closed","sticky":false,"template":"","format":"standard","meta":{"spay_email":"","jetpack_publicize_message":"","jetpack_is_tweetstorm":false,"jetpack_publicize_feature_enabled":true},"categories":[7],"tags":[],"jetpack_publicize_connections":[],"yoast_head":"<!-- This site is optimized with the Yoast SEO plugin v19.1 - https:\/\/yoast.com\/wordpress\/plugins\/seo\/ -->\n<title>Problemet e emigrant\u00ebve t\u00eb Kosoves me dokumentet ne Europe - Lajme nga Ulqini<\/title>\n<meta name=\"description\" content=\"Emigrant\u00ebt e Kosov\u00ebs problem me dokumentet \u00a0si certifikata,shtet\u00ebsi etj, n\u00eb shtetet e per\u00ebndimit! Nga Asllan Dibrani Shpeshher\u00eb\u00a0\u00a0 qytetar\u00ebt\u00a0 e\" \/>\n<meta name=\"robots\" content=\"index, follow, max-snippet:-1, max-image-preview:large, max-video-preview:-1\" \/>\n<link rel=\"canonical\" href=\"https:\/\/www.visit-ulcinj.com\/blog\/2014\/02\/25\/problemet-e-emigranteve-te-kosoves-dokumentet-ne-europe\/\" \/>\n<meta property=\"og:locale\" content=\"en_US\" \/>\n<meta property=\"og:type\" content=\"article\" \/>\n<meta property=\"og:title\" content=\"Problemet e emigrant\u00ebve t\u00eb Kosoves me dokumentet ne Europe - Lajme nga Ulqini\" \/>\n<meta property=\"og:description\" content=\"Emigrant\u00ebt e Kosov\u00ebs problem me dokumentet \u00a0si certifikata,shtet\u00ebsi etj, n\u00eb shtetet e per\u00ebndimit! Nga Asllan Dibrani Shpeshher\u00eb\u00a0\u00a0 qytetar\u00ebt\u00a0 e\" \/>\n<meta property=\"og:url\" content=\"https:\/\/www.visit-ulcinj.com\/blog\/2014\/02\/25\/problemet-e-emigranteve-te-kosoves-dokumentet-ne-europe\/\" \/>\n<meta property=\"og:site_name\" content=\"Lajme nga Ulqini\" \/>\n<meta property=\"article:published_time\" content=\"2014-02-25T19:46:46+00:00\" \/>\n<meta property=\"og:image\" content=\"http:\/\/www.visit-ulcinj.com\/blog\/wp-content\/uploads\/2014\/02\/Passeportet-europene.jpg\" \/>\n<meta name=\"twitter:label1\" content=\"Written by\" \/>\n\t<meta name=\"twitter:data1\" content=\"ulqini\" \/>\n\t<meta name=\"twitter:label2\" content=\"Est. reading time\" \/>\n\t<meta name=\"twitter:data2\" content=\"6 minutes\" \/>\n<script type=\"application\/ld+json\" class=\"yoast-schema-graph\">{\"@context\":\"https:\/\/schema.org\",\"@graph\":[{\"@type\":\"WebSite\",\"@id\":\"https:\/\/www.visit-ulcinj.com\/blog\/#website\",\"url\":\"https:\/\/www.visit-ulcinj.com\/blog\/\",\"name\":\"Lajme nga Ulqini\",\"description\":\"Lajme,Vijesti,Ulqini,Ulqin,Crna Gora,Mali i Zi\",\"potentialAction\":[{\"@type\":\"SearchAction\",\"target\":{\"@type\":\"EntryPoint\",\"urlTemplate\":\"https:\/\/www.visit-ulcinj.com\/blog\/?s={search_term_string}\"},\"query-input\":\"required name=search_term_string\"}],\"inLanguage\":\"en-US\"},{\"@type\":\"ImageObject\",\"inLanguage\":\"en-US\",\"@id\":\"https:\/\/www.visit-ulcinj.com\/blog\/2014\/02\/25\/problemet-e-emigranteve-te-kosoves-dokumentet-ne-europe\/#primaryimage\",\"url\":\"https:\/\/www.visit-ulcinj.com\/blog\/wp-content\/uploads\/2014\/02\/Passeportet-europene.jpg\",\"contentUrl\":\"https:\/\/www.visit-ulcinj.com\/blog\/wp-content\/uploads\/2014\/02\/Passeportet-europene.jpg\",\"width\":900,\"height\":604},{\"@type\":\"WebPage\",\"@id\":\"https:\/\/www.visit-ulcinj.com\/blog\/2014\/02\/25\/problemet-e-emigranteve-te-kosoves-dokumentet-ne-europe\/#webpage\",\"url\":\"https:\/\/www.visit-ulcinj.com\/blog\/2014\/02\/25\/problemet-e-emigranteve-te-kosoves-dokumentet-ne-europe\/\",\"name\":\"Problemet e emigrant\u00ebve t\u00eb Kosoves me dokumentet ne Europe - Lajme nga Ulqini\",\"isPartOf\":{\"@id\":\"https:\/\/www.visit-ulcinj.com\/blog\/#website\"},\"primaryImageOfPage\":{\"@id\":\"https:\/\/www.visit-ulcinj.com\/blog\/2014\/02\/25\/problemet-e-emigranteve-te-kosoves-dokumentet-ne-europe\/#primaryimage\"},\"datePublished\":\"2014-02-25T19:46:46+00:00\",\"dateModified\":\"2014-02-25T19:46:46+00:00\",\"author\":{\"@id\":\"https:\/\/www.visit-ulcinj.com\/blog\/#\/schema\/person\/dcab619c614d3038751c63bc2aadc06d\"},\"description\":\"Emigrant\u00ebt e Kosov\u00ebs problem me dokumentet \u00a0si certifikata,shtet\u00ebsi etj, n\u00eb shtetet e per\u00ebndimit! Nga Asllan Dibrani Shpeshher\u00eb\u00a0\u00a0 qytetar\u00ebt\u00a0 e\",\"breadcrumb\":{\"@id\":\"https:\/\/www.visit-ulcinj.com\/blog\/2014\/02\/25\/problemet-e-emigranteve-te-kosoves-dokumentet-ne-europe\/#breadcrumb\"},\"inLanguage\":\"en-US\",\"potentialAction\":[{\"@type\":\"ReadAction\",\"target\":[\"https:\/\/www.visit-ulcinj.com\/blog\/2014\/02\/25\/problemet-e-emigranteve-te-kosoves-dokumentet-ne-europe\/\"]}]},{\"@type\":\"BreadcrumbList\",\"@id\":\"https:\/\/www.visit-ulcinj.com\/blog\/2014\/02\/25\/problemet-e-emigranteve-te-kosoves-dokumentet-ne-europe\/#breadcrumb\",\"itemListElement\":[{\"@type\":\"ListItem\",\"position\":1,\"name\":\"Problemet e emigrant\u00ebve t\u00eb Kosoves me dokumentet ne Europe\"}]},{\"@type\":\"Person\",\"@id\":\"https:\/\/www.visit-ulcinj.com\/blog\/#\/schema\/person\/dcab619c614d3038751c63bc2aadc06d\",\"name\":\"ulqini\",\"sameAs\":[\"http:\/\/www.visit-ulcinj.com\"],\"url\":\"https:\/\/www.visit-ulcinj.com\/blog\/author\/admin\/\"}]}<\/script>\n<!-- \/ Yoast SEO plugin. -->","yoast_head_json":{"title":"Problemet e emigrant\u00ebve t\u00eb Kosoves me dokumentet ne Europe - Lajme nga Ulqini","description":"Emigrant\u00ebt e Kosov\u00ebs problem me dokumentet \u00a0si certifikata,shtet\u00ebsi etj, n\u00eb shtetet e per\u00ebndimit! Nga Asllan Dibrani Shpeshher\u00eb\u00a0\u00a0 qytetar\u00ebt\u00a0 e","robots":{"index":"index","follow":"follow","max-snippet":"max-snippet:-1","max-image-preview":"max-image-preview:large","max-video-preview":"max-video-preview:-1"},"canonical":"https:\/\/www.visit-ulcinj.com\/blog\/2014\/02\/25\/problemet-e-emigranteve-te-kosoves-dokumentet-ne-europe\/","og_locale":"en_US","og_type":"article","og_title":"Problemet e emigrant\u00ebve t\u00eb Kosoves me dokumentet ne Europe - Lajme nga Ulqini","og_description":"Emigrant\u00ebt e Kosov\u00ebs problem me dokumentet \u00a0si certifikata,shtet\u00ebsi etj, n\u00eb shtetet e per\u00ebndimit! Nga Asllan Dibrani Shpeshher\u00eb\u00a0\u00a0 qytetar\u00ebt\u00a0 e","og_url":"https:\/\/www.visit-ulcinj.com\/blog\/2014\/02\/25\/problemet-e-emigranteve-te-kosoves-dokumentet-ne-europe\/","og_site_name":"Lajme nga Ulqini","article_published_time":"2014-02-25T19:46:46+00:00","og_image":[{"url":"http:\/\/www.visit-ulcinj.com\/blog\/wp-content\/uploads\/2014\/02\/Passeportet-europene.jpg"}],"twitter_misc":{"Written by":"ulqini","Est. reading time":"6 minutes"},"schema":{"@context":"https:\/\/schema.org","@graph":[{"@type":"WebSite","@id":"https:\/\/www.visit-ulcinj.com\/blog\/#website","url":"https:\/\/www.visit-ulcinj.com\/blog\/","name":"Lajme nga Ulqini","description":"Lajme,Vijesti,Ulqini,Ulqin,Crna Gora,Mali i Zi","potentialAction":[{"@type":"SearchAction","target":{"@type":"EntryPoint","urlTemplate":"https:\/\/www.visit-ulcinj.com\/blog\/?s={search_term_string}"},"query-input":"required name=search_term_string"}],"inLanguage":"en-US"},{"@type":"ImageObject","inLanguage":"en-US","@id":"https:\/\/www.visit-ulcinj.com\/blog\/2014\/02\/25\/problemet-e-emigranteve-te-kosoves-dokumentet-ne-europe\/#primaryimage","url":"https:\/\/www.visit-ulcinj.com\/blog\/wp-content\/uploads\/2014\/02\/Passeportet-europene.jpg","contentUrl":"https:\/\/www.visit-ulcinj.com\/blog\/wp-content\/uploads\/2014\/02\/Passeportet-europene.jpg","width":900,"height":604},{"@type":"WebPage","@id":"https:\/\/www.visit-ulcinj.com\/blog\/2014\/02\/25\/problemet-e-emigranteve-te-kosoves-dokumentet-ne-europe\/#webpage","url":"https:\/\/www.visit-ulcinj.com\/blog\/2014\/02\/25\/problemet-e-emigranteve-te-kosoves-dokumentet-ne-europe\/","name":"Problemet e emigrant\u00ebve t\u00eb Kosoves me dokumentet ne Europe - Lajme nga Ulqini","isPartOf":{"@id":"https:\/\/www.visit-ulcinj.com\/blog\/#website"},"primaryImageOfPage":{"@id":"https:\/\/www.visit-ulcinj.com\/blog\/2014\/02\/25\/problemet-e-emigranteve-te-kosoves-dokumentet-ne-europe\/#primaryimage"},"datePublished":"2014-02-25T19:46:46+00:00","dateModified":"2014-02-25T19:46:46+00:00","author":{"@id":"https:\/\/www.visit-ulcinj.com\/blog\/#\/schema\/person\/dcab619c614d3038751c63bc2aadc06d"},"description":"Emigrant\u00ebt e Kosov\u00ebs problem me dokumentet \u00a0si certifikata,shtet\u00ebsi etj, n\u00eb shtetet e per\u00ebndimit! Nga Asllan Dibrani Shpeshher\u00eb\u00a0\u00a0 qytetar\u00ebt\u00a0 e","breadcrumb":{"@id":"https:\/\/www.visit-ulcinj.com\/blog\/2014\/02\/25\/problemet-e-emigranteve-te-kosoves-dokumentet-ne-europe\/#breadcrumb"},"inLanguage":"en-US","potentialAction":[{"@type":"ReadAction","target":["https:\/\/www.visit-ulcinj.com\/blog\/2014\/02\/25\/problemet-e-emigranteve-te-kosoves-dokumentet-ne-europe\/"]}]},{"@type":"BreadcrumbList","@id":"https:\/\/www.visit-ulcinj.com\/blog\/2014\/02\/25\/problemet-e-emigranteve-te-kosoves-dokumentet-ne-europe\/#breadcrumb","itemListElement":[{"@type":"ListItem","position":1,"name":"Problemet e emigrant\u00ebve t\u00eb Kosoves me dokumentet ne Europe"}]},{"@type":"Person","@id":"https:\/\/www.visit-ulcinj.com\/blog\/#\/schema\/person\/dcab619c614d3038751c63bc2aadc06d","name":"ulqini","sameAs":["http:\/\/www.visit-ulcinj.com"],"url":"https:\/\/www.visit-ulcinj.com\/blog\/author\/admin\/"}]}},"jetpack_featured_media_url":"","jetpack_sharing_enabled":true,"jetpack_shortlink":"https:\/\/wp.me\/pe6lTn-kPF","_links":{"self":[{"href":"https:\/\/www.visit-ulcinj.com\/blog\/wp-json\/wp\/v2\/posts\/80083"}],"collection":[{"href":"https:\/\/www.visit-ulcinj.com\/blog\/wp-json\/wp\/v2\/posts"}],"about":[{"href":"https:\/\/www.visit-ulcinj.com\/blog\/wp-json\/wp\/v2\/types\/post"}],"author":[{"embeddable":true,"href":"https:\/\/www.visit-ulcinj.com\/blog\/wp-json\/wp\/v2\/users\/1"}],"replies":[{"embeddable":true,"href":"https:\/\/www.visit-ulcinj.com\/blog\/wp-json\/wp\/v2\/comments?post=80083"}],"version-history":[{"count":1,"href":"https:\/\/www.visit-ulcinj.com\/blog\/wp-json\/wp\/v2\/posts\/80083\/revisions"}],"predecessor-version":[{"id":80085,"href":"https:\/\/www.visit-ulcinj.com\/blog\/wp-json\/wp\/v2\/posts\/80083\/revisions\/80085"}],"wp:attachment":[{"href":"https:\/\/www.visit-ulcinj.com\/blog\/wp-json\/wp\/v2\/media?parent=80083"}],"wp:term":[{"taxonomy":"category","embeddable":true,"href":"https:\/\/www.visit-ulcinj.com\/blog\/wp-json\/wp\/v2\/categories?post=80083"},{"taxonomy":"post_tag","embeddable":true,"href":"https:\/\/www.visit-ulcinj.com\/blog\/wp-json\/wp\/v2\/tags?post=80083"}],"curies":[{"name":"wp","href":"https:\/\/api.w.org\/{rel}","templated":true}]}}