{"id":80087,"date":"2014-02-25T22:10:14","date_gmt":"2014-02-25T21:10:14","guid":{"rendered":"http:\/\/www.visit-ulcinj.com\/blog\/?p=80087"},"modified":"2014-02-25T22:10:14","modified_gmt":"2014-02-25T21:10:14","slug":"vazhdojne-sukseset-per-klubin-e-karatese-ulqini","status":"publish","type":"post","link":"https:\/\/www.visit-ulcinj.com\/blog\/2014\/02\/25\/vazhdojne-sukseset-per-klubin-e-karatese-ulqini\/","title":{"rendered":"Vazhdojn\u00eb sukseset p\u00ebr klubin e karates\u00eb \u201cUlqini\u201d"},"content":{"rendered":"<p><strong><a href=\"http:\/\/www.visit-ulcinj.com\/blog\/wp-content\/uploads\/2014\/02\/Klubit-Karates\u00eb-Ulqini-Trofeu-Podgoric\u00ebs.jpg\"><img loading=\"lazy\" class=\"alignleft  wp-image-80088\" alt=\"Klubit-Karates\u00eb-Ulqini-Trofeu-Podgoric\u00ebs\" src=\"http:\/\/www.visit-ulcinj.com\/blog\/wp-content\/uploads\/2014\/02\/Klubit-Karates\u00eb-Ulqini-Trofeu-Podgoric\u00ebs.jpg\" width=\"508\" height=\"360\" \/><\/a>Klubit t\u00eb Karates\u00eb \u201cUlqini\u201d n\u00eb turneun \u201cTrofeu i Podgoric\u00ebs\u201d u shpall i treti n\u00eb renditjen e p\u00ebrgjithshme<\/strong><\/p>\n<p>Klubi i karates\u00eb \u201cUlqini\u201d t\u00eb shtun\u00ebn, m\u00eb 22.02.2014, n\u00eb Podgoric\u00eb, mori pjes\u00eb n\u00eb Turneun \u201cTrofeu i Podgoric\u00ebs\u201d, t\u00eb cilin e organizoi klubi i karates\u00eb \u201cBuduqnost\u201d nga Podgorica.<\/p>\n<p>&#8211; N\u00eb turneun \u201cTrofeu i Podgoric\u00ebs\u201d, t\u00eb mbajtur m\u00eb 22.02.2014, klubi i karates\u00eb \u201cUlqini\u201d arriti t\u00eb renditet n\u00eb vend t\u00eb tret\u00eb n\u00eb renditjen e p\u00ebrgjithshme n\u00eb mesin e 25 klubeve dhe tri p\u00ebrfaq\u00ebsueseve pjes\u00ebmarr\u00ebse. N\u00eb k\u00ebt\u00eb turne mor\u00ebn pjes\u00eb rreth 500 garues nga Shqip\u00ebria, Bosna, Maqedonia dhe klubet nga Mali i Zi. Garuesit e KK \u201cUlqini\u201d fituan plot 43 medalje: 16 medalje t\u00eb arta, 11 t\u00eb argjendta dhe 16 t\u00eb bronzta n\u00eb disiplinat individuale dhe ato ekipore. P\u00ebrs\u00ebri ishte nj\u00eb sukses i pritur i klubit t\u00eb karates\u00eb \u201cUlqini\u201d si n\u00eb \u00e7do gar\u00eb tjet\u00ebr deri tash. Ishte ky edhe nj\u00eb prezantim i denj\u00eb, jo vet\u00ebm i klubit, por i qytetit ton\u00eb.<br \/>\nK\u00ebto rezultate jan\u00eb vazhdim\u00ebsi i rezultateve e sukseseve t\u00eb panum\u00ebrta t\u00eb viteve t\u00eb kaluara dhe me to ne tregojm\u00eb q\u00eb edhe sot jemi n\u00eb hap me m\u00eb t\u00eb mir\u00ebt. Suksesi dhe fuqia e nj\u00eb klubi tregohet me rezultate e jo me fjal\u00eb n\u00ebp\u00ebr kafene e rrug\u00eb. Me plot goj\u00eb deklarojm\u00eb q\u00eb edhe viti i kaluar ishte vit i trofeve dhe sukseseve t\u00eb arta, por p\u00ebr fat t\u00eb keq ato rezultate nuk u vler\u00ebsuan. Edhe pse ishim duksh\u00ebm m\u00eb t\u00eb mir\u00eb se t\u00eb tjer\u00ebt, n\u00eb fakt t\u00eb tjer\u00ebt nuk u pan\u00eb nga rezultatet tona, prap\u00ebseprap\u00eb ata u shp\u00ebrblyen n\u00eb fund t\u00eb vitit p\u00ebr \u201crezultatet\u201d e aritura. E themi k\u00ebt\u00eb sepse jemi t\u00eb gatsh\u00ebm me fakte dhe t\u00eb dh\u00ebna zyrtare t\u00eb d\u00ebshmojm\u00eb rezultatet tona t\u00eb panum\u00ebrta dhe fuqin\u00eb garuese q\u00eb e kemi, &#8211; shprehen trajner\u00ebt e klubit, n\u00eb nj\u00ebr\u00ebn an\u00eb t\u00eb k\u00ebnaqur me rezultatin e arritur, kurse n\u00eb an\u00ebn tjet\u00ebr t\u00eb revoltuar me vler\u00ebsimin e rezultateve t\u00eb tyre, t\u00eb cilat nuk po vler\u00ebsohen si duhet nga njer\u00ebzit kompetent\u00eb q\u00eb b\u00ebjn\u00eb vler\u00ebsimin e klubeve n\u00eb fund t\u00eb vitit.<br \/>\n-Ne si trajner\u00eb nuk jemi kund\u00ebr asnj\u00eb klubi, por kund\u00ebr vler\u00ebsimit t\u00eb pakriter t\u00eb klubeve. N\u00ebse nj\u00eb klub shpallet n\u00eb fund t\u00eb vitit klubi m\u00eb i mir\u00eb, n\u00eb baz\u00eb t\u00eb cilave rezultate b\u00ebhet kjo, kur rezultatet e tyre n\u00eb krahasim me t\u00eb tonat jan\u00eb shum\u00eb t\u00eb ulta?! Sikur ai klub t\u00eb ishte aq i mir\u00eb n\u00eb vitin 2013, at\u00ebher\u00eb edhe startin n\u00eb 2014 do t\u00eb duhej ta kishte duksh\u00ebm m\u00eb t\u00eb mir\u00eb se t\u00eb tjer\u00ebt, ose m\u00eb t\u00eb mir\u00eb se ne, por rezultatet tregojn\u00eb krejt di\u00e7ka tjet\u00ebr. Klubi jon\u00eb, si \u00e7do her\u00eb e n\u00eb \u00e7do gar\u00eb, edhe n\u00eb \u201cTrofeun e Podgoric\u00ebs\u201d, ku ishim konkurrent\u00eb ndaj nj\u00ebri tjetrit, arriti rezultatete t\u00eb pakrahasueshme me t\u00eb tyret. N\u00eb vitin 2014 ne filluam me turne me p\u00ebrfaq\u00ebsuesen e Malit t\u00eb Zi n\u00eb Zagreb t\u00eb Kroacis\u00eb. Po ashtu pat\u00ebm edhe 2 an\u00ebtare t\u00eb kualifikuara p\u00ebr t\u00eb marr\u00eb pjes\u00eb n\u00eb Kampionatin Evropian, por p\u00ebr fat t\u00eb keq p\u00ebr shak t\u00eb mosp\u00ebrkrahjes financiare nuk kemi pasur mund\u00ebsi t\u00eb marrim pjes\u00eb. Interesant, nga klubi \u201cm\u00eb i mir\u00eb\u201d n\u00eb Ulqin nuk kishte asnj\u00eb t\u00eb kualifikuar p\u00ebr k\u00ebt\u00eb Kampionat, k\u00ebshtu q\u00eb mbetet enigm\u00eb kush \u00ebsht\u00eb m\u00eb i miri. Nuk duam q\u00eb me k\u00ebt\u00eb t\u00eb n\u00ebnvler\u00ebsojm\u00eb dikend apo t\u00eb lavd\u00ebrohemi me rezultatet tona, sepse ato nuk na kan\u00eb munguar asnj\u00ebher\u00eb, por duam t\u00eb b\u00ebjm\u00eb me dije opinionin e gj\u00ebr\u00eb se \u00e7far\u00eb padrejt\u00ebsie dhe n\u00ebn\u00e7mimi i b\u00ebhet sukseseve tona. Nejse, t\u00eb tjer\u00ebt le t\u00eb mburren me jo suksese, e ne me suksese! Dhe n\u00eb fund p\u00ebrg\u00ebzojm\u00eb edhe ato pak rezultate t\u00eb atij klubi n\u00eb \u201cTrofeun e Podgoric\u00ebs\u201d dhe i sugjerojm\u00eb q\u00eb t\u00eb vazhdojn\u00eb me pun\u00eb, q\u00eb nj\u00eb dit\u00eb t\u00eb arrijn\u00eb rezulatet e d\u00ebshiruara, e jo me fjal\u00eb boshe e mllefe ndaj t\u00eb tjer\u00ebve.<\/p>\n<p>Nga Klubi i karates\u00eb \u201cUlqini\u201d n\u00eb turneun \u201cTrofeu i Podgoric\u00ebs\u201d me medalje u shp\u00ebrblyen k\u00ebta garues: nga dy medalje t\u00eb arta Venesa Nuhi, Ronald Jacoviq dhe Ensar Marshiq; nga nj\u00eb medalje t\u00eb art\u00eb Emin Kulla, Resul Ceka, Albert Rudoviq, Gabriell Bytyqi, Diell\u00ebza Rama, Eliza Salihu, Pjeter Hota, Marko Daboviq dhe Ibrahim Zogaj.<br \/>\nP\u00ebrve\u00e7 k\u00ebtyre medaljeve k\u00ebta garues u kuror\u00ebzuan edhe me medalje t\u00eb tjera.<\/p>\n<p>Me nga disa medalje t\u00eb tjera u shp\u00ebrblyen edhe k\u00ebta garues: Aldin Buliq, Elvir Islami, Adnan Kuqi, Arben Elezoviq, Katarina Marnikoviq, Izabella Ivanoviq, Edin Kraja, Lavdim Tula, Antigona Rama, Hantije Ibro\u00e7i, Seida Suma, dhe Allmir Hajdari.<\/p>\n<p>SH\u00cbRBIMI INFORMATIV I KK \u201cULQINI\u201d<\/p>\n","protected":false},"excerpt":{"rendered":"<p>Klubit t\u00eb Karates\u00eb \u201cUlqini\u201d n\u00eb turneun \u201cTrofeu i Podgoric\u00ebs\u201d u shpall i treti n\u00eb renditjen e p\u00ebrgjithshme Klubi i karates\u00eb \u201cUlqini\u201d t\u00eb shtun\u00ebn, m\u00eb 22.02.2014, n\u00eb Podgoric\u00eb, mori pjes\u00eb n\u00eb Turneun \u201cTrofeu i Podgoric\u00ebs\u201d, t\u00eb cilin e organizoi klubi i karates\u00eb \u201cBuduqnost\u201d nga Podgorica. &#8211; N\u00eb turneun \u201cTrofeu i Podgoric\u00ebs\u201d, t\u00eb mbajtur m\u00eb 22.02.2014, klubi [&hellip;]<\/p>\n","protected":false},"author":1,"featured_media":0,"comment_status":"closed","ping_status":"closed","sticky":false,"template":"","format":"standard","meta":{"spay_email":"","jetpack_publicize_message":"","jetpack_is_tweetstorm":false,"jetpack_publicize_feature_enabled":true},"categories":[3],"tags":[],"jetpack_publicize_connections":[],"yoast_head":"<!-- This site is optimized with the Yoast SEO plugin v19.1 - https:\/\/yoast.com\/wordpress\/plugins\/seo\/ -->\n<title>Vazhdojn\u00eb sukseset p\u00ebr klubin e karates\u00eb \u201cUlqini\u201d - Lajme nga Ulqini<\/title>\n<meta name=\"description\" content=\"Klubit t\u00eb Karates\u00eb \u201cUlqini\u201d n\u00eb turneun \u201cTrofeu i Podgoric\u00ebs\u201d u shpall i treti n\u00eb renditjen e p\u00ebrgjithshme Klubi i karates\u00eb \u201cUlqini\u201d t\u00eb shtun\u00ebn, m\u00eb\" \/>\n<meta name=\"robots\" content=\"index, follow, max-snippet:-1, max-image-preview:large, max-video-preview:-1\" \/>\n<link rel=\"canonical\" href=\"https:\/\/www.visit-ulcinj.com\/blog\/2014\/02\/25\/vazhdojne-sukseset-per-klubin-e-karatese-ulqini\/\" \/>\n<meta property=\"og:locale\" content=\"en_US\" \/>\n<meta property=\"og:type\" content=\"article\" \/>\n<meta property=\"og:title\" content=\"Vazhdojn\u00eb sukseset p\u00ebr klubin e karates\u00eb \u201cUlqini\u201d - Lajme nga Ulqini\" \/>\n<meta property=\"og:description\" content=\"Klubit t\u00eb Karates\u00eb \u201cUlqini\u201d n\u00eb turneun \u201cTrofeu i Podgoric\u00ebs\u201d u shpall i treti n\u00eb renditjen e p\u00ebrgjithshme Klubi i karates\u00eb \u201cUlqini\u201d t\u00eb shtun\u00ebn, m\u00eb\" \/>\n<meta property=\"og:url\" content=\"https:\/\/www.visit-ulcinj.com\/blog\/2014\/02\/25\/vazhdojne-sukseset-per-klubin-e-karatese-ulqini\/\" \/>\n<meta property=\"og:site_name\" content=\"Lajme nga Ulqini\" \/>\n<meta property=\"article:published_time\" content=\"2014-02-25T21:10:14+00:00\" \/>\n<meta name=\"twitter:label1\" content=\"Written by\" \/>\n\t<meta name=\"twitter:data1\" content=\"ulqini\" \/>\n\t<meta name=\"twitter:label2\" content=\"Est. reading time\" \/>\n\t<meta name=\"twitter:data2\" content=\"4 minutes\" \/>\n<script type=\"application\/ld+json\" class=\"yoast-schema-graph\">{\"@context\":\"https:\/\/schema.org\",\"@graph\":[{\"@type\":\"WebSite\",\"@id\":\"https:\/\/www.visit-ulcinj.com\/blog\/#website\",\"url\":\"https:\/\/www.visit-ulcinj.com\/blog\/\",\"name\":\"Lajme nga Ulqini\",\"description\":\"Lajme,Vijesti,Ulqini,Ulqin,Crna Gora,Mali i Zi\",\"potentialAction\":[{\"@type\":\"SearchAction\",\"target\":{\"@type\":\"EntryPoint\",\"urlTemplate\":\"https:\/\/www.visit-ulcinj.com\/blog\/?s={search_term_string}\"},\"query-input\":\"required name=search_term_string\"}],\"inLanguage\":\"en-US\"},{\"@type\":\"WebPage\",\"@id\":\"https:\/\/www.visit-ulcinj.com\/blog\/2014\/02\/25\/vazhdojne-sukseset-per-klubin-e-karatese-ulqini\/#webpage\",\"url\":\"https:\/\/www.visit-ulcinj.com\/blog\/2014\/02\/25\/vazhdojne-sukseset-per-klubin-e-karatese-ulqini\/\",\"name\":\"Vazhdojn\u00eb sukseset p\u00ebr klubin e karates\u00eb \u201cUlqini\u201d - Lajme nga Ulqini\",\"isPartOf\":{\"@id\":\"https:\/\/www.visit-ulcinj.com\/blog\/#website\"},\"datePublished\":\"2014-02-25T21:10:14+00:00\",\"dateModified\":\"2014-02-25T21:10:14+00:00\",\"author\":{\"@id\":\"https:\/\/www.visit-ulcinj.com\/blog\/#\/schema\/person\/dcab619c614d3038751c63bc2aadc06d\"},\"description\":\"Klubit t\u00eb Karates\u00eb \u201cUlqini\u201d n\u00eb turneun \u201cTrofeu i Podgoric\u00ebs\u201d u shpall i treti n\u00eb renditjen e p\u00ebrgjithshme Klubi i karates\u00eb \u201cUlqini\u201d t\u00eb shtun\u00ebn, m\u00eb\",\"breadcrumb\":{\"@id\":\"https:\/\/www.visit-ulcinj.com\/blog\/2014\/02\/25\/vazhdojne-sukseset-per-klubin-e-karatese-ulqini\/#breadcrumb\"},\"inLanguage\":\"en-US\",\"potentialAction\":[{\"@type\":\"ReadAction\",\"target\":[\"https:\/\/www.visit-ulcinj.com\/blog\/2014\/02\/25\/vazhdojne-sukseset-per-klubin-e-karatese-ulqini\/\"]}]},{\"@type\":\"BreadcrumbList\",\"@id\":\"https:\/\/www.visit-ulcinj.com\/blog\/2014\/02\/25\/vazhdojne-sukseset-per-klubin-e-karatese-ulqini\/#breadcrumb\",\"itemListElement\":[{\"@type\":\"ListItem\",\"position\":1,\"name\":\"Vazhdojn\u00eb sukseset p\u00ebr klubin e karates\u00eb \u201cUlqini\u201d\"}]},{\"@type\":\"Person\",\"@id\":\"https:\/\/www.visit-ulcinj.com\/blog\/#\/schema\/person\/dcab619c614d3038751c63bc2aadc06d\",\"name\":\"ulqini\",\"sameAs\":[\"http:\/\/www.visit-ulcinj.com\"],\"url\":\"https:\/\/www.visit-ulcinj.com\/blog\/author\/admin\/\"}]}<\/script>\n<!-- \/ Yoast SEO plugin. -->","yoast_head_json":{"title":"Vazhdojn\u00eb sukseset p\u00ebr klubin e karates\u00eb \u201cUlqini\u201d - Lajme nga Ulqini","description":"Klubit t\u00eb Karates\u00eb \u201cUlqini\u201d n\u00eb turneun \u201cTrofeu i Podgoric\u00ebs\u201d u shpall i treti n\u00eb renditjen e p\u00ebrgjithshme Klubi i karates\u00eb \u201cUlqini\u201d t\u00eb shtun\u00ebn, m\u00eb","robots":{"index":"index","follow":"follow","max-snippet":"max-snippet:-1","max-image-preview":"max-image-preview:large","max-video-preview":"max-video-preview:-1"},"canonical":"https:\/\/www.visit-ulcinj.com\/blog\/2014\/02\/25\/vazhdojne-sukseset-per-klubin-e-karatese-ulqini\/","og_locale":"en_US","og_type":"article","og_title":"Vazhdojn\u00eb sukseset p\u00ebr klubin e karates\u00eb \u201cUlqini\u201d - Lajme nga Ulqini","og_description":"Klubit t\u00eb Karates\u00eb \u201cUlqini\u201d n\u00eb turneun \u201cTrofeu i Podgoric\u00ebs\u201d u shpall i treti n\u00eb renditjen e p\u00ebrgjithshme Klubi i karates\u00eb \u201cUlqini\u201d t\u00eb shtun\u00ebn, m\u00eb","og_url":"https:\/\/www.visit-ulcinj.com\/blog\/2014\/02\/25\/vazhdojne-sukseset-per-klubin-e-karatese-ulqini\/","og_site_name":"Lajme nga Ulqini","article_published_time":"2014-02-25T21:10:14+00:00","twitter_misc":{"Written by":"ulqini","Est. reading time":"4 minutes"},"schema":{"@context":"https:\/\/schema.org","@graph":[{"@type":"WebSite","@id":"https:\/\/www.visit-ulcinj.com\/blog\/#website","url":"https:\/\/www.visit-ulcinj.com\/blog\/","name":"Lajme nga Ulqini","description":"Lajme,Vijesti,Ulqini,Ulqin,Crna Gora,Mali i Zi","potentialAction":[{"@type":"SearchAction","target":{"@type":"EntryPoint","urlTemplate":"https:\/\/www.visit-ulcinj.com\/blog\/?s={search_term_string}"},"query-input":"required name=search_term_string"}],"inLanguage":"en-US"},{"@type":"WebPage","@id":"https:\/\/www.visit-ulcinj.com\/blog\/2014\/02\/25\/vazhdojne-sukseset-per-klubin-e-karatese-ulqini\/#webpage","url":"https:\/\/www.visit-ulcinj.com\/blog\/2014\/02\/25\/vazhdojne-sukseset-per-klubin-e-karatese-ulqini\/","name":"Vazhdojn\u00eb sukseset p\u00ebr klubin e karates\u00eb \u201cUlqini\u201d - Lajme nga Ulqini","isPartOf":{"@id":"https:\/\/www.visit-ulcinj.com\/blog\/#website"},"datePublished":"2014-02-25T21:10:14+00:00","dateModified":"2014-02-25T21:10:14+00:00","author":{"@id":"https:\/\/www.visit-ulcinj.com\/blog\/#\/schema\/person\/dcab619c614d3038751c63bc2aadc06d"},"description":"Klubit t\u00eb Karates\u00eb \u201cUlqini\u201d n\u00eb turneun \u201cTrofeu i Podgoric\u00ebs\u201d u shpall i treti n\u00eb renditjen e p\u00ebrgjithshme Klubi i karates\u00eb \u201cUlqini\u201d t\u00eb shtun\u00ebn, m\u00eb","breadcrumb":{"@id":"https:\/\/www.visit-ulcinj.com\/blog\/2014\/02\/25\/vazhdojne-sukseset-per-klubin-e-karatese-ulqini\/#breadcrumb"},"inLanguage":"en-US","potentialAction":[{"@type":"ReadAction","target":["https:\/\/www.visit-ulcinj.com\/blog\/2014\/02\/25\/vazhdojne-sukseset-per-klubin-e-karatese-ulqini\/"]}]},{"@type":"BreadcrumbList","@id":"https:\/\/www.visit-ulcinj.com\/blog\/2014\/02\/25\/vazhdojne-sukseset-per-klubin-e-karatese-ulqini\/#breadcrumb","itemListElement":[{"@type":"ListItem","position":1,"name":"Vazhdojn\u00eb sukseset p\u00ebr klubin e karates\u00eb \u201cUlqini\u201d"}]},{"@type":"Person","@id":"https:\/\/www.visit-ulcinj.com\/blog\/#\/schema\/person\/dcab619c614d3038751c63bc2aadc06d","name":"ulqini","sameAs":["http:\/\/www.visit-ulcinj.com"],"url":"https:\/\/www.visit-ulcinj.com\/blog\/author\/admin\/"}]}},"jetpack_featured_media_url":"","jetpack_sharing_enabled":true,"jetpack_shortlink":"https:\/\/wp.me\/pe6lTn-kPJ","_links":{"self":[{"href":"https:\/\/www.visit-ulcinj.com\/blog\/wp-json\/wp\/v2\/posts\/80087"}],"collection":[{"href":"https:\/\/www.visit-ulcinj.com\/blog\/wp-json\/wp\/v2\/posts"}],"about":[{"href":"https:\/\/www.visit-ulcinj.com\/blog\/wp-json\/wp\/v2\/types\/post"}],"author":[{"embeddable":true,"href":"https:\/\/www.visit-ulcinj.com\/blog\/wp-json\/wp\/v2\/users\/1"}],"replies":[{"embeddable":true,"href":"https:\/\/www.visit-ulcinj.com\/blog\/wp-json\/wp\/v2\/comments?post=80087"}],"version-history":[{"count":1,"href":"https:\/\/www.visit-ulcinj.com\/blog\/wp-json\/wp\/v2\/posts\/80087\/revisions"}],"predecessor-version":[{"id":80089,"href":"https:\/\/www.visit-ulcinj.com\/blog\/wp-json\/wp\/v2\/posts\/80087\/revisions\/80089"}],"wp:attachment":[{"href":"https:\/\/www.visit-ulcinj.com\/blog\/wp-json\/wp\/v2\/media?parent=80087"}],"wp:term":[{"taxonomy":"category","embeddable":true,"href":"https:\/\/www.visit-ulcinj.com\/blog\/wp-json\/wp\/v2\/categories?post=80087"},{"taxonomy":"post_tag","embeddable":true,"href":"https:\/\/www.visit-ulcinj.com\/blog\/wp-json\/wp\/v2\/tags?post=80087"}],"curies":[{"name":"wp","href":"https:\/\/api.w.org\/{rel}","templated":true}]}}