{"id":80093,"date":"2014-02-26T06:30:03","date_gmt":"2014-02-26T05:30:03","guid":{"rendered":"http:\/\/www.visit-ulcinj.com\/blog\/?p=80093"},"modified":"2014-02-26T06:32:55","modified_gmt":"2014-02-26T05:32:55","slug":"kerkesa-per-ndihme-sociale-nga-shaqir-elezi","status":"publish","type":"post","link":"https:\/\/www.visit-ulcinj.com\/blog\/2014\/02\/26\/kerkesa-per-ndihme-sociale-nga-shaqir-elezi\/","title":{"rendered":"Kerkesa per ndihm\u00eb sociale nga Shaqir Elezi"},"content":{"rendered":"<p><a href=\"http:\/\/www.visit-ulcinj.com\/blog\/wp-content\/uploads\/2014\/02\/Kerkesa-per-ndihm\u00eb-sociale-Shaqir-Elezi-Ulqin.jpg\"><img loading=\"lazy\" class=\"alignleft  wp-image-80094\" alt=\"Kerkesa per ndihm\u00eb sociale-Shaqir-Elezi-Ulqin\" src=\"http:\/\/www.visit-ulcinj.com\/blog\/wp-content\/uploads\/2014\/02\/Kerkesa-per-ndihm\u00eb-sociale-Shaqir-Elezi-Ulqin.jpg\" width=\"508\" height=\"360\" \/><\/a><strong>Ligji thot\u00eb: &#8220;Ndihma sociale aplikohet at\u00ebher\u00eb n\u00ebse mungojn\u00eb t\u00eb ardhurat dhe pasuria ose ato nuk mjaftojn\u00eb p\u00ebr t\u00eb mbajtur standardin jet\u00ebsor n\u00eb nj\u00eb nivel modest financiar. Ajo garanton minimumin e ekzistenc\u00ebs&#8221;.\u00a0<\/strong><\/p>\n<p>Ata q\u00eb k\u00ebrkojn\u00eb ndihm\u00eb mund t&#8217;i drejtohen sh\u00ebrbimeve sociale n\u00eb nj\u00ebsit\u00eb e tyre vendore:Banoret e Komunes te Ulqinit jan te deshtuar nga ministrija sociale shendetsore *ministarstvo zdrastva i socijalnog staranja * nga rasti qe ne komunen e Ulqinit u ba marveshtja qe komunen ta udheheqin vet partit shqiptare. Nga kjo del qe neve qe marrim nje ndim sociale po luajn me ne nga ministrija jo per at qe ndima esht aq e vogel por edhe nuk i marrim ata ndima me rregull.<br \/>\nNe nuk kemi faj ndaj subjekteve politike qe merr hak qeverija ndaj njerzve qe jan te abuzuar me ndihma sociale. Ministrija po i perserit gabimet si edhe me par qe neve kur tu ju bijn nder mend te na brengosin me abuzime keq perdorime ndaj njerzve familjeve qe marrin ndihm sociale. Zotrive Deputeteve qe gjinden ne kuvendin e Malit te Zi qe e perfaqsojn Popullin e Ulqinit pa marr para syve a jan ata partit PD PDS Forca MZP, PSD ta nenshtrojn nje pyetje per keta banor perse po e keqperdorr ministrija te hollat qe jan mjete vetem per te na sigurojn egzistimin ne jet me rrethanije pikpyetije se sa mundemi te egzistojm me keta mjete.<br \/>\nNe e dijm shum mir se cfar ben ministrija malazeze po na marrin edhe at pak mjet per jet. Po ne me ate pak ndim nuk mundim as te jetojm as te vdesim po ku jan femija jon qe per xhdo dit shkojn ne shkol. Pra ne nuk mundemi te jetojm e mos te themi gati per xhdo dit ministrija po na shterngon rripin a thua se jetojm ne zona Afrikane ku atje sigurish nuk ka por tek ne nuk ka kur partit shtetrore nuk munen ta marrin pushtetin e KOMUNES TE ULQINIT ne dor ather keto gjera ndodhin me ne qe kemi nevoj per ndihmen e shtetit.<br \/>\nJemi te bindur qe neve duhet qe te na mbrojn institucionet shtetrore si edhe ato te komunes, mendojm se ne te ardhmen ministrija te mos ta lejojn veten per te na keqperdorin banoret e komunes se Ulqinit qe jan te pa aft per pun dhe ato qe marrin ndihm sociale per egzistenc.<\/p>\n<p>Ju faleminderohemi per vemendje opinjonit<\/p>\n<p><strong>Shaqir Elezi Facebook<\/strong><\/p>\n","protected":false},"excerpt":{"rendered":"<p>Ligji thot\u00eb: &#8220;Ndihma sociale aplikohet at\u00ebher\u00eb n\u00ebse mungojn\u00eb t\u00eb ardhurat dhe pasuria ose ato nuk mjaftojn\u00eb p\u00ebr t\u00eb mbajtur standardin jet\u00ebsor n\u00eb nj\u00eb nivel modest financiar. Ajo garanton minimumin e ekzistenc\u00ebs&#8221;.\u00a0 Ata q\u00eb k\u00ebrkojn\u00eb ndihm\u00eb mund t&#8217;i drejtohen sh\u00ebrbimeve sociale n\u00eb nj\u00ebsit\u00eb e tyre vendore:Banoret e Komunes te Ulqinit jan te deshtuar nga ministrija sociale [&hellip;]<\/p>\n","protected":false},"author":1,"featured_media":0,"comment_status":"closed","ping_status":"closed","sticky":false,"template":"","format":"standard","meta":{"spay_email":"","jetpack_publicize_message":"","jetpack_is_tweetstorm":false,"jetpack_publicize_feature_enabled":true},"categories":[14249],"tags":[],"jetpack_publicize_connections":[],"yoast_head":"<!-- This site is optimized with the Yoast SEO plugin v19.1 - https:\/\/yoast.com\/wordpress\/plugins\/seo\/ -->\n<title>Kerkesa per ndihm\u00eb sociale nga Shaqir Elezi - Lajme nga Ulqini<\/title>\n<meta name=\"description\" content=\"Ligji thot\u00eb: &quot;Ndihma sociale aplikohet at\u00ebher\u00eb n\u00ebse mungojn\u00eb t\u00eb ardhurat dhe pasuria ose ato nuk mjaftojn\u00eb p\u00ebr t\u00eb mbajtur standardin jet\u00ebsor n\u00eb nj\u00eb nivel\" \/>\n<meta name=\"robots\" content=\"index, follow, max-snippet:-1, max-image-preview:large, max-video-preview:-1\" \/>\n<link rel=\"canonical\" href=\"https:\/\/www.visit-ulcinj.com\/blog\/2014\/02\/26\/kerkesa-per-ndihme-sociale-nga-shaqir-elezi\/\" \/>\n<meta property=\"og:locale\" content=\"en_US\" \/>\n<meta property=\"og:type\" content=\"article\" \/>\n<meta property=\"og:title\" content=\"Kerkesa per ndihm\u00eb sociale nga Shaqir Elezi - Lajme nga Ulqini\" \/>\n<meta property=\"og:description\" content=\"Ligji thot\u00eb: &quot;Ndihma sociale aplikohet at\u00ebher\u00eb n\u00ebse mungojn\u00eb t\u00eb ardhurat dhe pasuria ose ato nuk mjaftojn\u00eb p\u00ebr t\u00eb mbajtur standardin jet\u00ebsor n\u00eb nj\u00eb nivel\" \/>\n<meta property=\"og:url\" content=\"https:\/\/www.visit-ulcinj.com\/blog\/2014\/02\/26\/kerkesa-per-ndihme-sociale-nga-shaqir-elezi\/\" \/>\n<meta property=\"og:site_name\" content=\"Lajme nga Ulqini\" \/>\n<meta property=\"article:published_time\" content=\"2014-02-26T05:30:03+00:00\" \/>\n<meta property=\"article:modified_time\" content=\"2014-02-26T05:32:55+00:00\" \/>\n<meta name=\"twitter:label1\" content=\"Written by\" \/>\n\t<meta name=\"twitter:data1\" content=\"ulqini\" \/>\n\t<meta name=\"twitter:label2\" content=\"Est. reading time\" \/>\n\t<meta name=\"twitter:data2\" content=\"2 minutes\" \/>\n<script type=\"application\/ld+json\" class=\"yoast-schema-graph\">{\"@context\":\"https:\/\/schema.org\",\"@graph\":[{\"@type\":\"WebSite\",\"@id\":\"https:\/\/www.visit-ulcinj.com\/blog\/#website\",\"url\":\"https:\/\/www.visit-ulcinj.com\/blog\/\",\"name\":\"Lajme nga Ulqini\",\"description\":\"Lajme,Vijesti,Ulqini,Ulqin,Crna Gora,Mali i Zi\",\"potentialAction\":[{\"@type\":\"SearchAction\",\"target\":{\"@type\":\"EntryPoint\",\"urlTemplate\":\"https:\/\/www.visit-ulcinj.com\/blog\/?s={search_term_string}\"},\"query-input\":\"required name=search_term_string\"}],\"inLanguage\":\"en-US\"},{\"@type\":\"WebPage\",\"@id\":\"https:\/\/www.visit-ulcinj.com\/blog\/2014\/02\/26\/kerkesa-per-ndihme-sociale-nga-shaqir-elezi\/#webpage\",\"url\":\"https:\/\/www.visit-ulcinj.com\/blog\/2014\/02\/26\/kerkesa-per-ndihme-sociale-nga-shaqir-elezi\/\",\"name\":\"Kerkesa per ndihm\u00eb sociale nga Shaqir Elezi - Lajme nga Ulqini\",\"isPartOf\":{\"@id\":\"https:\/\/www.visit-ulcinj.com\/blog\/#website\"},\"datePublished\":\"2014-02-26T05:30:03+00:00\",\"dateModified\":\"2014-02-26T05:32:55+00:00\",\"author\":{\"@id\":\"https:\/\/www.visit-ulcinj.com\/blog\/#\/schema\/person\/dcab619c614d3038751c63bc2aadc06d\"},\"description\":\"Ligji thot\u00eb: \\\"Ndihma sociale aplikohet at\u00ebher\u00eb n\u00ebse mungojn\u00eb t\u00eb ardhurat dhe pasuria ose ato nuk mjaftojn\u00eb p\u00ebr t\u00eb mbajtur standardin jet\u00ebsor n\u00eb nj\u00eb nivel\",\"breadcrumb\":{\"@id\":\"https:\/\/www.visit-ulcinj.com\/blog\/2014\/02\/26\/kerkesa-per-ndihme-sociale-nga-shaqir-elezi\/#breadcrumb\"},\"inLanguage\":\"en-US\",\"potentialAction\":[{\"@type\":\"ReadAction\",\"target\":[\"https:\/\/www.visit-ulcinj.com\/blog\/2014\/02\/26\/kerkesa-per-ndihme-sociale-nga-shaqir-elezi\/\"]}]},{\"@type\":\"BreadcrumbList\",\"@id\":\"https:\/\/www.visit-ulcinj.com\/blog\/2014\/02\/26\/kerkesa-per-ndihme-sociale-nga-shaqir-elezi\/#breadcrumb\",\"itemListElement\":[{\"@type\":\"ListItem\",\"position\":1,\"name\":\"Kerkesa per ndihm\u00eb sociale nga Shaqir Elezi\"}]},{\"@type\":\"Person\",\"@id\":\"https:\/\/www.visit-ulcinj.com\/blog\/#\/schema\/person\/dcab619c614d3038751c63bc2aadc06d\",\"name\":\"ulqini\",\"sameAs\":[\"http:\/\/www.visit-ulcinj.com\"],\"url\":\"https:\/\/www.visit-ulcinj.com\/blog\/author\/admin\/\"}]}<\/script>\n<!-- \/ Yoast SEO plugin. -->","yoast_head_json":{"title":"Kerkesa per ndihm\u00eb sociale nga Shaqir Elezi - Lajme nga Ulqini","description":"Ligji thot\u00eb: \"Ndihma sociale aplikohet at\u00ebher\u00eb n\u00ebse mungojn\u00eb t\u00eb ardhurat dhe pasuria ose ato nuk mjaftojn\u00eb p\u00ebr t\u00eb mbajtur standardin jet\u00ebsor n\u00eb nj\u00eb nivel","robots":{"index":"index","follow":"follow","max-snippet":"max-snippet:-1","max-image-preview":"max-image-preview:large","max-video-preview":"max-video-preview:-1"},"canonical":"https:\/\/www.visit-ulcinj.com\/blog\/2014\/02\/26\/kerkesa-per-ndihme-sociale-nga-shaqir-elezi\/","og_locale":"en_US","og_type":"article","og_title":"Kerkesa per ndihm\u00eb sociale nga Shaqir Elezi - Lajme nga Ulqini","og_description":"Ligji thot\u00eb: \"Ndihma sociale aplikohet at\u00ebher\u00eb n\u00ebse mungojn\u00eb t\u00eb ardhurat dhe pasuria ose ato nuk mjaftojn\u00eb p\u00ebr t\u00eb mbajtur standardin jet\u00ebsor n\u00eb nj\u00eb nivel","og_url":"https:\/\/www.visit-ulcinj.com\/blog\/2014\/02\/26\/kerkesa-per-ndihme-sociale-nga-shaqir-elezi\/","og_site_name":"Lajme nga Ulqini","article_published_time":"2014-02-26T05:30:03+00:00","article_modified_time":"2014-02-26T05:32:55+00:00","twitter_misc":{"Written by":"ulqini","Est. reading time":"2 minutes"},"schema":{"@context":"https:\/\/schema.org","@graph":[{"@type":"WebSite","@id":"https:\/\/www.visit-ulcinj.com\/blog\/#website","url":"https:\/\/www.visit-ulcinj.com\/blog\/","name":"Lajme nga Ulqini","description":"Lajme,Vijesti,Ulqini,Ulqin,Crna Gora,Mali i Zi","potentialAction":[{"@type":"SearchAction","target":{"@type":"EntryPoint","urlTemplate":"https:\/\/www.visit-ulcinj.com\/blog\/?s={search_term_string}"},"query-input":"required name=search_term_string"}],"inLanguage":"en-US"},{"@type":"WebPage","@id":"https:\/\/www.visit-ulcinj.com\/blog\/2014\/02\/26\/kerkesa-per-ndihme-sociale-nga-shaqir-elezi\/#webpage","url":"https:\/\/www.visit-ulcinj.com\/blog\/2014\/02\/26\/kerkesa-per-ndihme-sociale-nga-shaqir-elezi\/","name":"Kerkesa per ndihm\u00eb sociale nga Shaqir Elezi - Lajme nga Ulqini","isPartOf":{"@id":"https:\/\/www.visit-ulcinj.com\/blog\/#website"},"datePublished":"2014-02-26T05:30:03+00:00","dateModified":"2014-02-26T05:32:55+00:00","author":{"@id":"https:\/\/www.visit-ulcinj.com\/blog\/#\/schema\/person\/dcab619c614d3038751c63bc2aadc06d"},"description":"Ligji thot\u00eb: \"Ndihma sociale aplikohet at\u00ebher\u00eb n\u00ebse mungojn\u00eb t\u00eb ardhurat dhe pasuria ose ato nuk mjaftojn\u00eb p\u00ebr t\u00eb mbajtur standardin jet\u00ebsor n\u00eb nj\u00eb nivel","breadcrumb":{"@id":"https:\/\/www.visit-ulcinj.com\/blog\/2014\/02\/26\/kerkesa-per-ndihme-sociale-nga-shaqir-elezi\/#breadcrumb"},"inLanguage":"en-US","potentialAction":[{"@type":"ReadAction","target":["https:\/\/www.visit-ulcinj.com\/blog\/2014\/02\/26\/kerkesa-per-ndihme-sociale-nga-shaqir-elezi\/"]}]},{"@type":"BreadcrumbList","@id":"https:\/\/www.visit-ulcinj.com\/blog\/2014\/02\/26\/kerkesa-per-ndihme-sociale-nga-shaqir-elezi\/#breadcrumb","itemListElement":[{"@type":"ListItem","position":1,"name":"Kerkesa per ndihm\u00eb sociale nga Shaqir Elezi"}]},{"@type":"Person","@id":"https:\/\/www.visit-ulcinj.com\/blog\/#\/schema\/person\/dcab619c614d3038751c63bc2aadc06d","name":"ulqini","sameAs":["http:\/\/www.visit-ulcinj.com"],"url":"https:\/\/www.visit-ulcinj.com\/blog\/author\/admin\/"}]}},"jetpack_featured_media_url":"","jetpack_sharing_enabled":true,"jetpack_shortlink":"https:\/\/wp.me\/pe6lTn-kPP","_links":{"self":[{"href":"https:\/\/www.visit-ulcinj.com\/blog\/wp-json\/wp\/v2\/posts\/80093"}],"collection":[{"href":"https:\/\/www.visit-ulcinj.com\/blog\/wp-json\/wp\/v2\/posts"}],"about":[{"href":"https:\/\/www.visit-ulcinj.com\/blog\/wp-json\/wp\/v2\/types\/post"}],"author":[{"embeddable":true,"href":"https:\/\/www.visit-ulcinj.com\/blog\/wp-json\/wp\/v2\/users\/1"}],"replies":[{"embeddable":true,"href":"https:\/\/www.visit-ulcinj.com\/blog\/wp-json\/wp\/v2\/comments?post=80093"}],"version-history":[{"count":2,"href":"https:\/\/www.visit-ulcinj.com\/blog\/wp-json\/wp\/v2\/posts\/80093\/revisions"}],"predecessor-version":[{"id":80096,"href":"https:\/\/www.visit-ulcinj.com\/blog\/wp-json\/wp\/v2\/posts\/80093\/revisions\/80096"}],"wp:attachment":[{"href":"https:\/\/www.visit-ulcinj.com\/blog\/wp-json\/wp\/v2\/media?parent=80093"}],"wp:term":[{"taxonomy":"category","embeddable":true,"href":"https:\/\/www.visit-ulcinj.com\/blog\/wp-json\/wp\/v2\/categories?post=80093"},{"taxonomy":"post_tag","embeddable":true,"href":"https:\/\/www.visit-ulcinj.com\/blog\/wp-json\/wp\/v2\/tags?post=80093"}],"curies":[{"name":"wp","href":"https:\/\/api.w.org\/{rel}","templated":true}]}}