{"id":801,"date":"2008-03-09T06:29:15","date_gmt":"2008-03-09T11:29:15","guid":{"rendered":"http:\/\/www.visit-ulcinj.com\/blog\/2008\/03\/09\/mustafa-ceric-nece-prisustvovati-skupu-u-crnu-goru\/"},"modified":"2008-03-09T06:31:02","modified_gmt":"2008-03-09T11:31:02","slug":"mustafa-ceric-nece-prisustvovati-skupu-u-crnu-goru","status":"publish","type":"post","link":"https:\/\/www.visit-ulcinj.com\/blog\/2008\/03\/09\/mustafa-ceric-nece-prisustvovati-skupu-u-crnu-goru\/","title":{"rendered":"Mustafa Ceri? ne?e prisustvovati skupu u Crnu Goru"},"content":{"rendered":"<p><a href=\"http:\/\/www.visit-ulcinj.com\/blog\/wp-content\/uploads\/2008\/03\/mustafa-ceric.jpg\" rel=\"lightbox[pics-1205060573]\" title=\"reis Mustafa Ceri?\"><img loading=\"lazy\" src=\"http:\/\/www.visit-ulcinj.com\/blog\/wp-content\/uploads\/2008\/03\/mustafa-ceric.thumbnail.jpg\" alt=\"reis Mustafa Ceri?\" align=\"left\" height=\"200\" width=\"163\" \/><\/a>Iz Ceri?evog kabineta je saop\u0161teno da reis ne?e doputovati u Podgoricu jer se solidari\u0161e sa zahtjevima porodica nastradalih Bo\u0161njaka u Crnoj Gori 1992. godine<br \/>\nReis Islamske zajednice u Bosni i Hercegovini Mustafa Ceri? ne?e prisustvovati sastanku muftija balkanskih zemalja, koji ?e, pod pokroviteljstvom crnogorskog predsjednika Filipa Vujanovi?a, biti odr\u017ean u nedjelju u Podgorici.<br \/>\nIz Ceri?evog kabineta je saop\u0161teno da reis ne?e doputovati u Podgoricu jer se solidari\u0161e sa zahtjevima porodica nastradalih Bo\u0161njaka u Crnoj Gori 1992. godine, koje su ga pozvale da ne prisustvuje sastanku dok crnogorska vlast ne uradi ono \u0161to od nje godina zahtijeva IZ BiH.<br \/>\nIZ BiH, kako se navodi u saop\u0161tenju, od crnogorske vlasti tra\u017ei da se \u201ejasno i nedvosmisleno izvini za zlo?ine po?injene na teritoriji Crne Gore nad Muslimanima Bo\u0161njacima 1992. godine?.<br \/>\nCrnogorska vlast bi trebalo da do kraja sprovede krivi?ni postupak i sankcioni\u0161e sve zlo?ince i njihove naredbodavace, koji su u?estvovali u hap\u0161enju i deportovanju bo\u0161nja?kih izbjeglica iz Crne Gore 1992.<br \/>\nZahtijeva se i da vlast uvede obilje\u017eavanje dana sje?anja na \u017ertve zlo?ina nad Bo\u0161njacima u Crnoj Gori i izgradi spomen &#8211; obilje\u017eje u Herceg Novom, gdje se nalazio sabirni centar za deportaciju bo\u0161nja?kih izbjeglica.<br \/>\nU saop\u0161tenju se navodi da se od Vlade tra\u017ei da ne opstruira zapo?eti parni?ni postupak, kojeg su porodice deportovanih Bo\u0161njaka pokrenule protiv Ministarstva unutra\u0161njih poslova Crne Gore.<br \/>\n\u201eSolidari\u0161i?i se sa ovakvim zahtjevima porodica nastradalih Bo\u0161njaka u Crnoj Gori 1992. reisu-l-ulema Mustafa Ceri? ne?e prisustvovati najavljenom sastanku muftija balkanskih zemalja pod pokroviteljstvom predsjednika Crne Gore?, zaklju?eno je u saop\u0161tenju.<br \/>\n(MINA)<\/p>\n<p><strong>Vujanovi?: Saop\u0161tio sam svoj stav jo\u0161 2004.<\/strong><\/p>\n<p>Crnogorski predsjednik Filip Vujanovi? kazao je, povodom izjave ?lana predsjedni\u0161tva Bosne i Hercegovine Harisa Silajd\u017ei?a da gra?ani te zemlje o?ekuju izvinjenje crnogorskih zvani?nika, da je svoj stav o tome saop\u0161tio jo\u0161 2004. godine u Sarajevu.<br \/>\n&#8220;Tada sam iskazao \u017ealjenje zbog tragedije koja se desila u BiH, rata koji je odnio mnogo \u017eivota, izazvao ogromna materijalna razaranja i ostavio u\u017easne posljedice. Iskazao sam i odnos prema \u017ertvama, osudio zlo?ine i zlo?ince i saop\u0161tio da oni treba da se kazne, rekao je Vujanovi? <a href=\"http:\/\/www.visit-ulcinj.com\/gallery\/main.php?g2_itemId=23\" title=\"Ulcinj-ulqini-ulqin,montenegro\" target=\"_blank\">ulcinjskoj televiziji Teuta<\/a>.<br \/>\nOn je, kako je naveo, tada kazao i da je nu\u017ena me?unarodna sudska nadle\u017enost zbog zlo?ina, kako bi se na taj na?in skinula kolektivna odgovornost naroda i dr\u017eava.<br \/>\n&#8220;Moj stav je nai\u0161ao na puno razumijevanje Bo\u0161njaka u BiH i Crnoj Gori, i do\u017eivljen je kao primjer?, rekao je Vujanovi?.<br \/>\n(MINA)<\/p>\n<p><strong>VE? SAM SE IZVINIO<br \/>\n<\/strong><\/p>\n<p>Objavljeno: 07. Mar 2008. 19:03:04<br \/>\n<a href=\"http:\/\/www.visit-ulcinj.com\/blog\/wp-content\/uploads\/2008\/03\/vujanovic_hajdinaga-2.jpg\" rel=\"lightbox[pics801]\" title=\"Filip Vujanovic_Gzim Hajdinaga\"><img loading=\"lazy\" src=\"http:\/\/www.visit-ulcinj.com\/blog\/wp-content\/uploads\/2008\/03\/vujanovic_hajdinaga-2.thumbnail.jpg\" alt=\"Filip Vujanovic_Gzim Hajdinaga\" align=\"left\" height=\"200\" width=\"199\" \/><\/a> Crnogorski predsjednik Filip Vujanovi? kazao je ju?e da je spreman da se ponovo izvini gra?anima BiH, ako je to uslov dobrih odnosa te dr\u017eave i Crne Gore.<br \/>\n&#8211; Ja sam svoj odnos o tom ratu iskazao pri zvani?noj posjeti BiH u vremenu kada su u Predsjedni\u0161tvu bili Tihi?, Paravac i ?ovi?. Tada sam na konferenciji za \u0161tampu izjavio sa koliko \u017ealjenja do\u017eivljavam rat u BiH, njegove \u017ertve, ogromna materijalna razaranja i osudio svaki zlo?in &#8211; kazao je Vujanovi? Radio Danilovgradu.<br \/>\nOn je dodao da je tada ocijenio neophodnim da se svaki zlo?inac kazni i elimini\u0161e kolektivna odgovornost sa naroda i dr\u017eava.<br \/>\n&#8211; Izra\u017eavaju?i \u017ealjenje, to sam u?inio i kao izvinjenje. Moram re?i da je to vrlo pozitivno primljeno u Sarajevu, i do\u017eivljeno kao apsolutno primjeren odnos Crne Gore i njenog predsjednika prema ratu u BiH &#8211; rekao je Vujanovi?.<br \/>\nVujanovi? je naveo da se u me?uvremenu, za tri i po godine, ni\u0161ta nije izmijenilo i da od njega niko nije tra\u017eio nikakav novi stav.<br \/>\n&#8211; Evo sada vidim da se o?ekuje od mene da to ka\u017eem. Ja sam, naravno, uvijek spreman da to ponovim u funkciji dobrih odnosa BiH i Crne Gore &#8211; tvrdi on.<br \/>\nVujanovi? je podsjetio da se u me?uvremenu vi\u0161e puta sreo sa zvani?nicima BiH, kao i da niko od njega nije o?ekivano ?bilo kakvo drugo kazivanje od onog koje je saop\u0161tio&#8221;.<br \/>\nOdluka bosansko-hercegova?kog reisa Mustafe Ceri?a da ne do?e u Crnu Goru na neformalni sastanak muftija balkanskih zemalja i obja\u0161njenje koje je tim povodom dao, izazivaju ?u?enje zbog nelogi?nosti, saop\u0161teno je ju?e iz Demokratske partije socijalista.<br \/>\n&#8211; Ceri? je vi\u0161e puta boravio u Crnoj Gori i u tim prilikama se susretao i sa Vujanovi?em &#8211; saop\u0161tio je poslanik DPS-a Hajran Kala?, navode?i da je reis posljednji put bio u Crnoj Gori prije manje od tri mjeseca.<br \/>\nOn je rekao da je Ceri? krajem jula 2005. godine, nakon susreta sa Vujanovi?em u Podgorici, podr\u017eao Crnu Goru kao primjer tolerancije i uva\u017eavanja svih vjera i kultura, \u017eele?i da sa tim vrijednostima \u0161to prije u?e u evropske integracije.<br \/>\n&#8211; Ceri? je sredinom decembra pro\u0161le godine u Pljevljima prisustvovao sve?anosti povodom zavr\u0161etka sanacije Husein-pa\u0161ine d\u017eamije. Ceri? ni tada nije dolazak u Crnu Goru uslovljavao novim izvinjenjima Vujanovi?a, svakako znaju?i da je predsjednik to prakti?no ve? uradio tokom boravka u Sarajevu 2004. godine, \u0161to je i tada u Bosni i Hercegovini primljeno sa uva\u017eavanjem &#8211; kazao je Kala?.<br \/>\nKala? je podsjetio da je Ceri? u julu 2005. godine u Plavu otvorio renoviranu i pro\u0161irenu d\u017eamiju Sultaniju i da je tada vjernicima poru?io da su ?oni koji su se vra?ali u pro\u0161lost da bi gradili budu?nost uvijek do\u017eivljavali poraze&#8221;.<br \/>\nKongres Bo\u0161njaka Sjeverne Amerike, izra\u017eavaju?i mi\u0161ljenje i volju vi\u0161e od 350.000 ameri?kih i kanadskih Bo\u0161njaka, zatra\u017eio je, osim Vujanovi?evog izvinjenja, od Skup\u0161tine Crne Gore da usvoji Deklaraciju o pokajanju Crne Gore za njeno u?e\u0161?e u agresiji na Bosnu i Hercegovinu i genocidu nad Bo\u0161njacima. <strong><a href=\"http:\/\/www.vijesti.cg.yu\/vijesti_old\/naslovna.php?akcija=vijest&amp;id=263707\" title=\"Ulcinj-ulqini-ulqin,montenegro\" target=\"_blank\">(Vijesti) <\/a><\/strong><\/p>\n<!-- vimeo error: not a vimeo video -->\n","protected":false},"excerpt":{"rendered":"<p><img loading=\"lazy\" src=\"http:\/\/www.visit-ulcinj.com\/blog\/wp-content\/uploads\/2008\/03\/mustafa-ceric.thumbnail.jpg\" alt=\"reis Mustafa Ceri?\" align=\"left\" height=\"140\" width=\"140\" \/><\/p>\n","protected":false},"author":1,"featured_media":0,"comment_status":"open","ping_status":"closed","sticky":false,"template":"","format":"standard","meta":{"spay_email":"","jetpack_publicize_message":"","jetpack_is_tweetstorm":false,"jetpack_publicize_feature_enabled":true},"categories":[12],"tags":[2115,20,93,2113,2112,2114,19],"jetpack_publicize_connections":[],"yoast_head":"<!-- This site is optimized with the Yoast SEO plugin v19.1 - https:\/\/yoast.com\/wordpress\/plugins\/seo\/ -->\n<title>Mustafa Ceri? ne?e prisustvovati skupu u Crnu Goru - Lajme nga Ulqini<\/title>\n<meta name=\"robots\" content=\"index, follow, max-snippet:-1, max-image-preview:large, max-video-preview:-1\" \/>\n<link rel=\"canonical\" href=\"https:\/\/www.visit-ulcinj.com\/blog\/2008\/03\/09\/mustafa-ceric-nece-prisustvovati-skupu-u-crnu-goru\/\" \/>\n<meta property=\"og:locale\" content=\"en_US\" \/>\n<meta property=\"og:type\" content=\"article\" \/>\n<meta property=\"og:title\" content=\"Mustafa Ceri? ne?e prisustvovati skupu u Crnu Goru - Lajme nga Ulqini\" \/>\n<meta property=\"og:url\" content=\"https:\/\/www.visit-ulcinj.com\/blog\/2008\/03\/09\/mustafa-ceric-nece-prisustvovati-skupu-u-crnu-goru\/\" \/>\n<meta property=\"og:site_name\" content=\"Lajme nga Ulqini\" \/>\n<meta property=\"article:published_time\" content=\"2008-03-09T11:29:15+00:00\" \/>\n<meta property=\"article:modified_time\" content=\"2008-03-09T11:31:02+00:00\" \/>\n<meta property=\"og:image\" content=\"http:\/\/www.visit-ulcinj.com\/blog\/wp-content\/uploads\/2008\/03\/mustafa-ceric.thumbnail.jpg\" \/>\n<meta name=\"twitter:label1\" content=\"Written by\" \/>\n\t<meta name=\"twitter:data1\" content=\"ulqini\" \/>\n\t<meta name=\"twitter:label2\" content=\"Est. reading time\" \/>\n\t<meta name=\"twitter:data2\" content=\"5 minutes\" \/>\n<script type=\"application\/ld+json\" class=\"yoast-schema-graph\">{\"@context\":\"https:\/\/schema.org\",\"@graph\":[{\"@type\":\"WebSite\",\"@id\":\"https:\/\/www.visit-ulcinj.com\/blog\/#website\",\"url\":\"https:\/\/www.visit-ulcinj.com\/blog\/\",\"name\":\"Lajme nga Ulqini\",\"description\":\"Lajme,Vijesti,Ulqini,Ulqin,Crna Gora,Mali i Zi\",\"potentialAction\":[{\"@type\":\"SearchAction\",\"target\":{\"@type\":\"EntryPoint\",\"urlTemplate\":\"https:\/\/www.visit-ulcinj.com\/blog\/?s={search_term_string}\"},\"query-input\":\"required name=search_term_string\"}],\"inLanguage\":\"en-US\"},{\"@type\":\"ImageObject\",\"inLanguage\":\"en-US\",\"@id\":\"https:\/\/www.visit-ulcinj.com\/blog\/2008\/03\/09\/mustafa-ceric-nece-prisustvovati-skupu-u-crnu-goru\/#primaryimage\",\"url\":\"http:\/\/www.visit-ulcinj.com\/blog\/wp-content\/uploads\/2008\/03\/mustafa-ceric.thumbnail.jpg\",\"contentUrl\":\"http:\/\/www.visit-ulcinj.com\/blog\/wp-content\/uploads\/2008\/03\/mustafa-ceric.thumbnail.jpg\"},{\"@type\":\"WebPage\",\"@id\":\"https:\/\/www.visit-ulcinj.com\/blog\/2008\/03\/09\/mustafa-ceric-nece-prisustvovati-skupu-u-crnu-goru\/#webpage\",\"url\":\"https:\/\/www.visit-ulcinj.com\/blog\/2008\/03\/09\/mustafa-ceric-nece-prisustvovati-skupu-u-crnu-goru\/\",\"name\":\"Mustafa Ceri? ne?e prisustvovati skupu u Crnu Goru - Lajme nga Ulqini\",\"isPartOf\":{\"@id\":\"https:\/\/www.visit-ulcinj.com\/blog\/#website\"},\"primaryImageOfPage\":{\"@id\":\"https:\/\/www.visit-ulcinj.com\/blog\/2008\/03\/09\/mustafa-ceric-nece-prisustvovati-skupu-u-crnu-goru\/#primaryimage\"},\"datePublished\":\"2008-03-09T11:29:15+00:00\",\"dateModified\":\"2008-03-09T11:31:02+00:00\",\"author\":{\"@id\":\"https:\/\/www.visit-ulcinj.com\/blog\/#\/schema\/person\/dcab619c614d3038751c63bc2aadc06d\"},\"breadcrumb\":{\"@id\":\"https:\/\/www.visit-ulcinj.com\/blog\/2008\/03\/09\/mustafa-ceric-nece-prisustvovati-skupu-u-crnu-goru\/#breadcrumb\"},\"inLanguage\":\"en-US\",\"potentialAction\":[{\"@type\":\"ReadAction\",\"target\":[\"https:\/\/www.visit-ulcinj.com\/blog\/2008\/03\/09\/mustafa-ceric-nece-prisustvovati-skupu-u-crnu-goru\/\"]}]},{\"@type\":\"BreadcrumbList\",\"@id\":\"https:\/\/www.visit-ulcinj.com\/blog\/2008\/03\/09\/mustafa-ceric-nece-prisustvovati-skupu-u-crnu-goru\/#breadcrumb\",\"itemListElement\":[{\"@type\":\"ListItem\",\"position\":1,\"name\":\"Mustafa Ceri? ne?e prisustvovati skupu u Crnu Goru\"}]},{\"@type\":\"Person\",\"@id\":\"https:\/\/www.visit-ulcinj.com\/blog\/#\/schema\/person\/dcab619c614d3038751c63bc2aadc06d\",\"name\":\"ulqini\",\"sameAs\":[\"http:\/\/www.visit-ulcinj.com\"],\"url\":\"https:\/\/www.visit-ulcinj.com\/blog\/author\/admin\/\"}]}<\/script>\n<!-- \/ Yoast SEO plugin. -->","yoast_head_json":{"title":"Mustafa Ceri? ne?e prisustvovati skupu u Crnu Goru - Lajme nga Ulqini","robots":{"index":"index","follow":"follow","max-snippet":"max-snippet:-1","max-image-preview":"max-image-preview:large","max-video-preview":"max-video-preview:-1"},"canonical":"https:\/\/www.visit-ulcinj.com\/blog\/2008\/03\/09\/mustafa-ceric-nece-prisustvovati-skupu-u-crnu-goru\/","og_locale":"en_US","og_type":"article","og_title":"Mustafa Ceri? ne?e prisustvovati skupu u Crnu Goru - Lajme nga Ulqini","og_url":"https:\/\/www.visit-ulcinj.com\/blog\/2008\/03\/09\/mustafa-ceric-nece-prisustvovati-skupu-u-crnu-goru\/","og_site_name":"Lajme nga Ulqini","article_published_time":"2008-03-09T11:29:15+00:00","article_modified_time":"2008-03-09T11:31:02+00:00","og_image":[{"url":"http:\/\/www.visit-ulcinj.com\/blog\/wp-content\/uploads\/2008\/03\/mustafa-ceric.thumbnail.jpg"}],"twitter_misc":{"Written by":"ulqini","Est. reading time":"5 minutes"},"schema":{"@context":"https:\/\/schema.org","@graph":[{"@type":"WebSite","@id":"https:\/\/www.visit-ulcinj.com\/blog\/#website","url":"https:\/\/www.visit-ulcinj.com\/blog\/","name":"Lajme nga Ulqini","description":"Lajme,Vijesti,Ulqini,Ulqin,Crna Gora,Mali i Zi","potentialAction":[{"@type":"SearchAction","target":{"@type":"EntryPoint","urlTemplate":"https:\/\/www.visit-ulcinj.com\/blog\/?s={search_term_string}"},"query-input":"required name=search_term_string"}],"inLanguage":"en-US"},{"@type":"ImageObject","inLanguage":"en-US","@id":"https:\/\/www.visit-ulcinj.com\/blog\/2008\/03\/09\/mustafa-ceric-nece-prisustvovati-skupu-u-crnu-goru\/#primaryimage","url":"http:\/\/www.visit-ulcinj.com\/blog\/wp-content\/uploads\/2008\/03\/mustafa-ceric.thumbnail.jpg","contentUrl":"http:\/\/www.visit-ulcinj.com\/blog\/wp-content\/uploads\/2008\/03\/mustafa-ceric.thumbnail.jpg"},{"@type":"WebPage","@id":"https:\/\/www.visit-ulcinj.com\/blog\/2008\/03\/09\/mustafa-ceric-nece-prisustvovati-skupu-u-crnu-goru\/#webpage","url":"https:\/\/www.visit-ulcinj.com\/blog\/2008\/03\/09\/mustafa-ceric-nece-prisustvovati-skupu-u-crnu-goru\/","name":"Mustafa Ceri? ne?e prisustvovati skupu u Crnu Goru - Lajme nga Ulqini","isPartOf":{"@id":"https:\/\/www.visit-ulcinj.com\/blog\/#website"},"primaryImageOfPage":{"@id":"https:\/\/www.visit-ulcinj.com\/blog\/2008\/03\/09\/mustafa-ceric-nece-prisustvovati-skupu-u-crnu-goru\/#primaryimage"},"datePublished":"2008-03-09T11:29:15+00:00","dateModified":"2008-03-09T11:31:02+00:00","author":{"@id":"https:\/\/www.visit-ulcinj.com\/blog\/#\/schema\/person\/dcab619c614d3038751c63bc2aadc06d"},"breadcrumb":{"@id":"https:\/\/www.visit-ulcinj.com\/blog\/2008\/03\/09\/mustafa-ceric-nece-prisustvovati-skupu-u-crnu-goru\/#breadcrumb"},"inLanguage":"en-US","potentialAction":[{"@type":"ReadAction","target":["https:\/\/www.visit-ulcinj.com\/blog\/2008\/03\/09\/mustafa-ceric-nece-prisustvovati-skupu-u-crnu-goru\/"]}]},{"@type":"BreadcrumbList","@id":"https:\/\/www.visit-ulcinj.com\/blog\/2008\/03\/09\/mustafa-ceric-nece-prisustvovati-skupu-u-crnu-goru\/#breadcrumb","itemListElement":[{"@type":"ListItem","position":1,"name":"Mustafa Ceri? ne?e prisustvovati skupu u Crnu Goru"}]},{"@type":"Person","@id":"https:\/\/www.visit-ulcinj.com\/blog\/#\/schema\/person\/dcab619c614d3038751c63bc2aadc06d","name":"ulqini","sameAs":["http:\/\/www.visit-ulcinj.com"],"url":"https:\/\/www.visit-ulcinj.com\/blog\/author\/admin\/"}]}},"jetpack_featured_media_url":"","jetpack_sharing_enabled":true,"jetpack_shortlink":"https:\/\/wp.me\/pe6lTn-cV","_links":{"self":[{"href":"https:\/\/www.visit-ulcinj.com\/blog\/wp-json\/wp\/v2\/posts\/801"}],"collection":[{"href":"https:\/\/www.visit-ulcinj.com\/blog\/wp-json\/wp\/v2\/posts"}],"about":[{"href":"https:\/\/www.visit-ulcinj.com\/blog\/wp-json\/wp\/v2\/types\/post"}],"author":[{"embeddable":true,"href":"https:\/\/www.visit-ulcinj.com\/blog\/wp-json\/wp\/v2\/users\/1"}],"replies":[{"embeddable":true,"href":"https:\/\/www.visit-ulcinj.com\/blog\/wp-json\/wp\/v2\/comments?post=801"}],"version-history":[{"count":0,"href":"https:\/\/www.visit-ulcinj.com\/blog\/wp-json\/wp\/v2\/posts\/801\/revisions"}],"wp:attachment":[{"href":"https:\/\/www.visit-ulcinj.com\/blog\/wp-json\/wp\/v2\/media?parent=801"}],"wp:term":[{"taxonomy":"category","embeddable":true,"href":"https:\/\/www.visit-ulcinj.com\/blog\/wp-json\/wp\/v2\/categories?post=801"},{"taxonomy":"post_tag","embeddable":true,"href":"https:\/\/www.visit-ulcinj.com\/blog\/wp-json\/wp\/v2\/tags?post=801"}],"curies":[{"name":"wp","href":"https:\/\/api.w.org\/{rel}","templated":true}]}}