{"id":80114,"date":"2014-02-26T17:46:44","date_gmt":"2014-02-26T16:46:44","guid":{"rendered":"http:\/\/www.visit-ulcinj.com\/blog\/?p=80114"},"modified":"2014-02-26T17:46:44","modified_gmt":"2014-02-26T16:46:44","slug":"bashkohen-partite-politike-shqiptare-forca-dhe-iniciativa-qytetare","status":"publish","type":"post","link":"https:\/\/www.visit-ulcinj.com\/blog\/2014\/02\/26\/bashkohen-partite-politike-shqiptare-forca-dhe-iniciativa-qytetare\/","title":{"rendered":"Bashkohen Partit\u00eb politike shqiptare: Forca dhe Iniciativa Qytetare ?"},"content":{"rendered":"<p><a href=\"http:\/\/www.visit-ulcinj.com\/blog\/wp-content\/uploads\/2014\/02\/Baskohet-Forca-Iniciativa-Qytetare.jpg\"><img loading=\"lazy\" class=\"alignleft  wp-image-80115\" alt=\"Baskohet-Forca-Iniciativa Qytetare\" src=\"http:\/\/www.visit-ulcinj.com\/blog\/wp-content\/uploads\/2014\/02\/Baskohet-Forca-Iniciativa-Qytetare.jpg\" width=\"508\" height=\"360\" \/><\/a>Partner\u00ebt e koalicioni t\u00eb zgjedhjeve t\u00eb kaluara parlamentare, Forca e re Demokratike dhe Iniciativa Qytetare \u2013 Tuz, prit\u00ebt q\u00eb s\u00eb shpejti t\u00eb bashkohen n\u00eb nj\u00eb subjekt, shkruan gazeta DN.<\/p>\n<p>Deputeti i Forc\u00ebs Genci Nimanbegu pranoi se bisedimet rreth bashkimit t\u00eb k\u00ebtyre dy subjekteve jan\u00eb n\u00eb zhvillim dhe shprehu gatishm\u00ebri q\u00eb t\u00eb vihet deri te unifikimi.<\/p>\n<p>P\u00ebrfaq\u00ebsuesi i IQ-s\u00eb Vasel Sinishtaj po ashtu v\u00ebrtetoi bisedimet n\u00eb k\u00ebt\u00eb drejtim mir\u00ebpo si\u00e7 thot\u00eb ai, gjith\u00e7ka do t\u00eb varet nga respektimi i marr\u00ebveshjes s\u00eb koalicionit.<\/p>\n<p>Me marr\u00ebveshje, p\u00ebrve\u00e7 tjerash, parashikohet q\u00eb Sinishtaj n\u00eb n\u00ebntor t\u00eb z\u00ebvend\u00ebsoi Nimanbegun n\u00eb Parlamentin e Malit t\u00eb Zi.<\/p>\n<p>Marr\u00ebveshja n\u00eb mes k\u00ebtyre dy subjekteve ishte n\u00ebnshkruar n\u00eb shtator t\u00eb vitit 2012. \/MALESIA.ORG\/<\/p>\n","protected":false},"excerpt":{"rendered":"<p>Partner\u00ebt e koalicioni t\u00eb zgjedhjeve t\u00eb kaluara parlamentare, Forca e re Demokratike dhe Iniciativa Qytetare \u2013 Tuz, prit\u00ebt q\u00eb s\u00eb shpejti t\u00eb bashkohen n\u00eb nj\u00eb subjekt, shkruan gazeta DN. Deputeti i Forc\u00ebs Genci Nimanbegu pranoi se bisedimet rreth bashkimit t\u00eb k\u00ebtyre dy subjekteve jan\u00eb n\u00eb zhvillim dhe shprehu gatishm\u00ebri q\u00eb t\u00eb vihet deri te unifikimi. [&hellip;]<\/p>\n","protected":false},"author":1,"featured_media":0,"comment_status":"closed","ping_status":"closed","sticky":false,"template":"","format":"standard","meta":{"spay_email":"","jetpack_publicize_message":"","jetpack_is_tweetstorm":false,"jetpack_publicize_feature_enabled":true},"categories":[6],"tags":[],"jetpack_publicize_connections":[],"yoast_head":"<!-- This site is optimized with the Yoast SEO plugin v19.1 - https:\/\/yoast.com\/wordpress\/plugins\/seo\/ -->\n<title>Bashkohen Partit\u00eb politike shqiptare: Forca dhe Iniciativa Qytetare ? - Lajme nga Ulqini<\/title>\n<meta name=\"description\" content=\"Partner\u00ebt e koalicioni t\u00eb zgjedhjeve t\u00eb kaluara parlamentare, Forca e re Demokratike dhe Iniciativa Qytetare \u2013 Tuz, prit\u00ebt q\u00eb s\u00eb shpejti t\u00eb bashkohen n\u00eb\" \/>\n<meta name=\"robots\" content=\"index, follow, max-snippet:-1, max-image-preview:large, max-video-preview:-1\" \/>\n<link rel=\"canonical\" href=\"https:\/\/www.visit-ulcinj.com\/blog\/2014\/02\/26\/bashkohen-partite-politike-shqiptare-forca-dhe-iniciativa-qytetare\/\" \/>\n<meta property=\"og:locale\" content=\"en_US\" \/>\n<meta property=\"og:type\" content=\"article\" \/>\n<meta property=\"og:title\" content=\"Bashkohen Partit\u00eb politike shqiptare: Forca dhe Iniciativa Qytetare ? - Lajme nga Ulqini\" \/>\n<meta property=\"og:description\" content=\"Partner\u00ebt e koalicioni t\u00eb zgjedhjeve t\u00eb kaluara parlamentare, Forca e re Demokratike dhe Iniciativa Qytetare \u2013 Tuz, prit\u00ebt q\u00eb s\u00eb shpejti t\u00eb bashkohen n\u00eb\" \/>\n<meta property=\"og:url\" content=\"https:\/\/www.visit-ulcinj.com\/blog\/2014\/02\/26\/bashkohen-partite-politike-shqiptare-forca-dhe-iniciativa-qytetare\/\" \/>\n<meta property=\"og:site_name\" content=\"Lajme nga Ulqini\" \/>\n<meta property=\"article:published_time\" content=\"2014-02-26T16:46:44+00:00\" \/>\n<meta property=\"og:image\" content=\"http:\/\/www.visit-ulcinj.com\/blog\/wp-content\/uploads\/2014\/02\/Baskohet-Forca-Iniciativa-Qytetare.jpg\" \/>\n<meta name=\"twitter:label1\" content=\"Written by\" \/>\n\t<meta name=\"twitter:data1\" content=\"ulqini\" \/>\n\t<meta name=\"twitter:label2\" content=\"Est. reading time\" \/>\n\t<meta name=\"twitter:data2\" content=\"1 minute\" \/>\n<script type=\"application\/ld+json\" class=\"yoast-schema-graph\">{\"@context\":\"https:\/\/schema.org\",\"@graph\":[{\"@type\":\"WebSite\",\"@id\":\"https:\/\/www.visit-ulcinj.com\/blog\/#website\",\"url\":\"https:\/\/www.visit-ulcinj.com\/blog\/\",\"name\":\"Lajme nga Ulqini\",\"description\":\"Lajme,Vijesti,Ulqini,Ulqin,Crna Gora,Mali i Zi\",\"potentialAction\":[{\"@type\":\"SearchAction\",\"target\":{\"@type\":\"EntryPoint\",\"urlTemplate\":\"https:\/\/www.visit-ulcinj.com\/blog\/?s={search_term_string}\"},\"query-input\":\"required name=search_term_string\"}],\"inLanguage\":\"en-US\"},{\"@type\":\"ImageObject\",\"inLanguage\":\"en-US\",\"@id\":\"https:\/\/www.visit-ulcinj.com\/blog\/2014\/02\/26\/bashkohen-partite-politike-shqiptare-forca-dhe-iniciativa-qytetare\/#primaryimage\",\"url\":\"https:\/\/www.visit-ulcinj.com\/blog\/wp-content\/uploads\/2014\/02\/Baskohet-Forca-Iniciativa-Qytetare.jpg\",\"contentUrl\":\"https:\/\/www.visit-ulcinj.com\/blog\/wp-content\/uploads\/2014\/02\/Baskohet-Forca-Iniciativa-Qytetare.jpg\",\"width\":1000,\"height\":667},{\"@type\":\"WebPage\",\"@id\":\"https:\/\/www.visit-ulcinj.com\/blog\/2014\/02\/26\/bashkohen-partite-politike-shqiptare-forca-dhe-iniciativa-qytetare\/#webpage\",\"url\":\"https:\/\/www.visit-ulcinj.com\/blog\/2014\/02\/26\/bashkohen-partite-politike-shqiptare-forca-dhe-iniciativa-qytetare\/\",\"name\":\"Bashkohen Partit\u00eb politike shqiptare: Forca dhe Iniciativa Qytetare ? - Lajme nga Ulqini\",\"isPartOf\":{\"@id\":\"https:\/\/www.visit-ulcinj.com\/blog\/#website\"},\"primaryImageOfPage\":{\"@id\":\"https:\/\/www.visit-ulcinj.com\/blog\/2014\/02\/26\/bashkohen-partite-politike-shqiptare-forca-dhe-iniciativa-qytetare\/#primaryimage\"},\"datePublished\":\"2014-02-26T16:46:44+00:00\",\"dateModified\":\"2014-02-26T16:46:44+00:00\",\"author\":{\"@id\":\"https:\/\/www.visit-ulcinj.com\/blog\/#\/schema\/person\/dcab619c614d3038751c63bc2aadc06d\"},\"description\":\"Partner\u00ebt e koalicioni t\u00eb zgjedhjeve t\u00eb kaluara parlamentare, Forca e re Demokratike dhe Iniciativa Qytetare \u2013 Tuz, prit\u00ebt q\u00eb s\u00eb shpejti t\u00eb bashkohen n\u00eb\",\"breadcrumb\":{\"@id\":\"https:\/\/www.visit-ulcinj.com\/blog\/2014\/02\/26\/bashkohen-partite-politike-shqiptare-forca-dhe-iniciativa-qytetare\/#breadcrumb\"},\"inLanguage\":\"en-US\",\"potentialAction\":[{\"@type\":\"ReadAction\",\"target\":[\"https:\/\/www.visit-ulcinj.com\/blog\/2014\/02\/26\/bashkohen-partite-politike-shqiptare-forca-dhe-iniciativa-qytetare\/\"]}]},{\"@type\":\"BreadcrumbList\",\"@id\":\"https:\/\/www.visit-ulcinj.com\/blog\/2014\/02\/26\/bashkohen-partite-politike-shqiptare-forca-dhe-iniciativa-qytetare\/#breadcrumb\",\"itemListElement\":[{\"@type\":\"ListItem\",\"position\":1,\"name\":\"Bashkohen Partit\u00eb politike shqiptare: Forca dhe Iniciativa Qytetare ?\"}]},{\"@type\":\"Person\",\"@id\":\"https:\/\/www.visit-ulcinj.com\/blog\/#\/schema\/person\/dcab619c614d3038751c63bc2aadc06d\",\"name\":\"ulqini\",\"sameAs\":[\"http:\/\/www.visit-ulcinj.com\"],\"url\":\"https:\/\/www.visit-ulcinj.com\/blog\/author\/admin\/\"}]}<\/script>\n<!-- \/ Yoast SEO plugin. -->","yoast_head_json":{"title":"Bashkohen Partit\u00eb politike shqiptare: Forca dhe Iniciativa Qytetare ? - Lajme nga Ulqini","description":"Partner\u00ebt e koalicioni t\u00eb zgjedhjeve t\u00eb kaluara parlamentare, Forca e re Demokratike dhe Iniciativa Qytetare \u2013 Tuz, prit\u00ebt q\u00eb s\u00eb shpejti t\u00eb bashkohen n\u00eb","robots":{"index":"index","follow":"follow","max-snippet":"max-snippet:-1","max-image-preview":"max-image-preview:large","max-video-preview":"max-video-preview:-1"},"canonical":"https:\/\/www.visit-ulcinj.com\/blog\/2014\/02\/26\/bashkohen-partite-politike-shqiptare-forca-dhe-iniciativa-qytetare\/","og_locale":"en_US","og_type":"article","og_title":"Bashkohen Partit\u00eb politike shqiptare: Forca dhe Iniciativa Qytetare ? - Lajme nga Ulqini","og_description":"Partner\u00ebt e koalicioni t\u00eb zgjedhjeve t\u00eb kaluara parlamentare, Forca e re Demokratike dhe Iniciativa Qytetare \u2013 Tuz, prit\u00ebt q\u00eb s\u00eb shpejti t\u00eb bashkohen n\u00eb","og_url":"https:\/\/www.visit-ulcinj.com\/blog\/2014\/02\/26\/bashkohen-partite-politike-shqiptare-forca-dhe-iniciativa-qytetare\/","og_site_name":"Lajme nga Ulqini","article_published_time":"2014-02-26T16:46:44+00:00","og_image":[{"url":"http:\/\/www.visit-ulcinj.com\/blog\/wp-content\/uploads\/2014\/02\/Baskohet-Forca-Iniciativa-Qytetare.jpg"}],"twitter_misc":{"Written by":"ulqini","Est. reading time":"1 minute"},"schema":{"@context":"https:\/\/schema.org","@graph":[{"@type":"WebSite","@id":"https:\/\/www.visit-ulcinj.com\/blog\/#website","url":"https:\/\/www.visit-ulcinj.com\/blog\/","name":"Lajme nga Ulqini","description":"Lajme,Vijesti,Ulqini,Ulqin,Crna Gora,Mali i Zi","potentialAction":[{"@type":"SearchAction","target":{"@type":"EntryPoint","urlTemplate":"https:\/\/www.visit-ulcinj.com\/blog\/?s={search_term_string}"},"query-input":"required name=search_term_string"}],"inLanguage":"en-US"},{"@type":"ImageObject","inLanguage":"en-US","@id":"https:\/\/www.visit-ulcinj.com\/blog\/2014\/02\/26\/bashkohen-partite-politike-shqiptare-forca-dhe-iniciativa-qytetare\/#primaryimage","url":"https:\/\/www.visit-ulcinj.com\/blog\/wp-content\/uploads\/2014\/02\/Baskohet-Forca-Iniciativa-Qytetare.jpg","contentUrl":"https:\/\/www.visit-ulcinj.com\/blog\/wp-content\/uploads\/2014\/02\/Baskohet-Forca-Iniciativa-Qytetare.jpg","width":1000,"height":667},{"@type":"WebPage","@id":"https:\/\/www.visit-ulcinj.com\/blog\/2014\/02\/26\/bashkohen-partite-politike-shqiptare-forca-dhe-iniciativa-qytetare\/#webpage","url":"https:\/\/www.visit-ulcinj.com\/blog\/2014\/02\/26\/bashkohen-partite-politike-shqiptare-forca-dhe-iniciativa-qytetare\/","name":"Bashkohen Partit\u00eb politike shqiptare: Forca dhe Iniciativa Qytetare ? - Lajme nga Ulqini","isPartOf":{"@id":"https:\/\/www.visit-ulcinj.com\/blog\/#website"},"primaryImageOfPage":{"@id":"https:\/\/www.visit-ulcinj.com\/blog\/2014\/02\/26\/bashkohen-partite-politike-shqiptare-forca-dhe-iniciativa-qytetare\/#primaryimage"},"datePublished":"2014-02-26T16:46:44+00:00","dateModified":"2014-02-26T16:46:44+00:00","author":{"@id":"https:\/\/www.visit-ulcinj.com\/blog\/#\/schema\/person\/dcab619c614d3038751c63bc2aadc06d"},"description":"Partner\u00ebt e koalicioni t\u00eb zgjedhjeve t\u00eb kaluara parlamentare, Forca e re Demokratike dhe Iniciativa Qytetare \u2013 Tuz, prit\u00ebt q\u00eb s\u00eb shpejti t\u00eb bashkohen n\u00eb","breadcrumb":{"@id":"https:\/\/www.visit-ulcinj.com\/blog\/2014\/02\/26\/bashkohen-partite-politike-shqiptare-forca-dhe-iniciativa-qytetare\/#breadcrumb"},"inLanguage":"en-US","potentialAction":[{"@type":"ReadAction","target":["https:\/\/www.visit-ulcinj.com\/blog\/2014\/02\/26\/bashkohen-partite-politike-shqiptare-forca-dhe-iniciativa-qytetare\/"]}]},{"@type":"BreadcrumbList","@id":"https:\/\/www.visit-ulcinj.com\/blog\/2014\/02\/26\/bashkohen-partite-politike-shqiptare-forca-dhe-iniciativa-qytetare\/#breadcrumb","itemListElement":[{"@type":"ListItem","position":1,"name":"Bashkohen Partit\u00eb politike shqiptare: Forca dhe Iniciativa Qytetare ?"}]},{"@type":"Person","@id":"https:\/\/www.visit-ulcinj.com\/blog\/#\/schema\/person\/dcab619c614d3038751c63bc2aadc06d","name":"ulqini","sameAs":["http:\/\/www.visit-ulcinj.com"],"url":"https:\/\/www.visit-ulcinj.com\/blog\/author\/admin\/"}]}},"jetpack_featured_media_url":"","jetpack_sharing_enabled":true,"jetpack_shortlink":"https:\/\/wp.me\/pe6lTn-kQa","_links":{"self":[{"href":"https:\/\/www.visit-ulcinj.com\/blog\/wp-json\/wp\/v2\/posts\/80114"}],"collection":[{"href":"https:\/\/www.visit-ulcinj.com\/blog\/wp-json\/wp\/v2\/posts"}],"about":[{"href":"https:\/\/www.visit-ulcinj.com\/blog\/wp-json\/wp\/v2\/types\/post"}],"author":[{"embeddable":true,"href":"https:\/\/www.visit-ulcinj.com\/blog\/wp-json\/wp\/v2\/users\/1"}],"replies":[{"embeddable":true,"href":"https:\/\/www.visit-ulcinj.com\/blog\/wp-json\/wp\/v2\/comments?post=80114"}],"version-history":[{"count":1,"href":"https:\/\/www.visit-ulcinj.com\/blog\/wp-json\/wp\/v2\/posts\/80114\/revisions"}],"predecessor-version":[{"id":80116,"href":"https:\/\/www.visit-ulcinj.com\/blog\/wp-json\/wp\/v2\/posts\/80114\/revisions\/80116"}],"wp:attachment":[{"href":"https:\/\/www.visit-ulcinj.com\/blog\/wp-json\/wp\/v2\/media?parent=80114"}],"wp:term":[{"taxonomy":"category","embeddable":true,"href":"https:\/\/www.visit-ulcinj.com\/blog\/wp-json\/wp\/v2\/categories?post=80114"},{"taxonomy":"post_tag","embeddable":true,"href":"https:\/\/www.visit-ulcinj.com\/blog\/wp-json\/wp\/v2\/tags?post=80114"}],"curies":[{"name":"wp","href":"https:\/\/api.w.org\/{rel}","templated":true}]}}