{"id":80117,"date":"2014-02-26T18:10:07","date_gmt":"2014-02-26T17:10:07","guid":{"rendered":"http:\/\/www.visit-ulcinj.com\/blog\/?p=80117"},"modified":"2014-02-26T18:10:07","modified_gmt":"2014-02-26T17:10:07","slug":"protiv-nail-drage-podnijeta-krivicna-prijava","status":"publish","type":"post","link":"https:\/\/www.visit-ulcinj.com\/blog\/2014\/02\/26\/protiv-nail-drage-podnijeta-krivicna-prijava\/","title":{"rendered":"Protiv Nail Drage podnijeta krivi\u010dna prijava"},"content":{"rendered":"<p><strong><a href=\"http:\/\/www.visit-ulcinj.com\/blog\/wp-content\/uploads\/2014\/02\/Disco-FAMA-Ulcinj-Ulqini.jpg\"><img loading=\"lazy\" class=\"alignleft  wp-image-80118\" alt=\"Disco-FAMA-Ulcinj-Ulqini\" src=\"http:\/\/www.visit-ulcinj.com\/blog\/wp-content\/uploads\/2014\/02\/Disco-FAMA-Ulcinj-Ulqini.jpg\" width=\"508\" height=\"360\" \/><\/a>Draga o\u0161tetio Centar za kulturu Ulcinj za najmanje 11.000 eura?<\/strong><\/p>\n<div id=\"article_text\">\n<p>Izvr\u0161ni direktor Centar za kulturu Ulcinj N.D. (56) osumnji\u010den je za dva krivi\u010dna djela zloupotreba slu\u017ebenog polo\u017eaja, zbog \u010dega su protiv njega dr\u017eavnom tu\u017eiocu u Ulcinju podnijete krivi\u010dne prijave, saop\u0161teno je iz Uprave policije.<\/p>\n<p>Na \u010delu tog preduze\u0107a nalazi se Nailj Draga.<\/p>\n<p>&#8220;Osnovano se sumnja da je N.D, tokom 2013. godine, zloupotrebljavaju\u0107i svoj slu\u017ebeni polo\u017eaj i ovla\u0161\u0107enja, u dijelu izdavanja Kino sale, koja se nalazi na Maloj pla\u017ei, u vlasni\u0161tvu JP Centar za kulturu \u2013 Ulcinj, protivpravno, mimo zakonskih propisa, u svojstvu ovla\u0161\u0107enog lica ovog Javnog preduze\u0107a, izdao ovaj prostor V.Lj, ne uva\u017eaja\u0107i zahtjev za zakup lica A.A, \u010dime je ovom javnom preduze\u0107u nanio \u0161tetu u iznosu od 11.000 eura&#8221;, navodi se u saop\u0161tenju.<\/p>\n<p><a href=\"http:\/\/www.visit-ulcinj.com\/blog\/wp-content\/uploads\/2014\/02\/Disco-FAMA-Ulcinj-Ulqini-1.jpg\"><img loading=\"lazy\" class=\"alignleft  wp-image-80119\" alt=\"Disco-FAMA-Ulcinj-Ulqini-1\" src=\"http:\/\/www.visit-ulcinj.com\/blog\/wp-content\/uploads\/2014\/02\/Disco-FAMA-Ulcinj-Ulqini-1.jpg\" width=\"508\" height=\"360\" \/><\/a><\/p>\n<p>Na sjedinici Upravnog odbora Centra za kulturu, kako se obja\u0161njava u saop\u0161tenju, odlu\u010deno je da se Kino sala da u zakup V.Lj. na period od 1. jula do 30. oktobra 2013. godine, iako V.Lj. nije bio podnio zahtjev za zakup ove sale u vrijeme odlu\u010divanja o ovom pitanju, ve\u0107 je to u\u010dinio nekoliko dana kasnije, dok je A.A, kako se sumnja, zahtjev podnio prije V.Lj.<\/p>\n<p>&#8220;Pritom, sumnja se, A.A. je, osim \u0161to je zahtjev predao prije drugog ponu\u0111a\u010da, ponudio i ve\u0107u cifru, u iznosu od 20.000 eura, iz \u010dega proiziliazi da je prihvatanjem druge ponude u iznosu od 9.000 eura ovo Javno preduze\u0107e o\u0161te\u0107eno za 11.000 eura&#8221;, precizirali su iz Uprave policije.<\/p>\n<p><a href=\"http:\/\/www.vijesti.me\/vijesti\/ulcinj-porodicno-okruzenje-centru-kulturu-clanak-152884\" target=\"_blank\"><strong>Ulcinj: Porodi\u010dno okru\u017eenje u Centru za kulturu &gt;&gt;&gt;<\/strong><\/a><\/p>\n<p>Sumnja se da je N.D. drugo krivi\u010dno djelo tako\u0111e po\u010dinio na opisani na\u010din \u2013 prihvatanjem ponude A.Z. za zakup Kino sale za odre\u0111eni period, umjesto ponude koju je dostavio M.S.<\/p>\n<p>&#8220;Tako\u0111e se i ovom slu\u010daju sumnja da je A.Z. ponudu dostavio nakon odlu\u010divanja o ovom pitanju, te da je M.S. dostavio zahtjev prije A.Z. \u0160teta koja je nastala po JP Centar za kulturu Ulcinju u ovom slu\u010daju se utvr\u0111uje&#8221;, zaklju\u010deno je u saop\u0161tenju Uprave policije.<\/p>\n<p><strong>Izvor: Vijesti Online<\/strong><\/p>\n<!--YouTube Error: bad URL entered-->\n<\/div>\n","protected":false},"excerpt":{"rendered":"<p>Draga o\u0161tetio Centar za kulturu Ulcinj za najmanje 11.000 eura? Izvr\u0161ni direktor Centar za kulturu Ulcinj N.D. (56) osumnji\u010den je za dva krivi\u010dna djela zloupotreba slu\u017ebenog polo\u017eaja, zbog \u010dega su protiv njega dr\u017eavnom tu\u017eiocu u Ulcinju podnijete krivi\u010dne prijave, saop\u0161teno je iz Uprave policije. Na \u010delu tog preduze\u0107a nalazi se Nailj Draga. &#8220;Osnovano se sumnja [&hellip;]<\/p>\n","protected":false},"author":1,"featured_media":0,"comment_status":"closed","ping_status":"closed","sticky":false,"template":"","format":"standard","meta":{"spay_email":"","jetpack_publicize_message":"","jetpack_is_tweetstorm":false,"jetpack_publicize_feature_enabled":true},"categories":[6950],"tags":[],"jetpack_publicize_connections":[],"yoast_head":"<!-- This site is optimized with the Yoast SEO plugin v19.1 - https:\/\/yoast.com\/wordpress\/plugins\/seo\/ -->\n<title>Protiv Nail Drage podnijeta krivi\u010dna prijava - Lajme nga Ulqini<\/title>\n<meta name=\"description\" content=\"Draga o\u0161tetio Centar za kulturu Ulcinj za najmanje 11.000 eura? Izvr\u0161ni direktor Centar za kulturu Ulcinj N.D. (56) osumnji\u010den je za dva krivi\u010dna djela\" \/>\n<meta name=\"robots\" content=\"index, follow, max-snippet:-1, max-image-preview:large, max-video-preview:-1\" \/>\n<link rel=\"canonical\" href=\"https:\/\/www.visit-ulcinj.com\/blog\/2014\/02\/26\/protiv-nail-drage-podnijeta-krivicna-prijava\/\" \/>\n<meta property=\"og:locale\" content=\"en_US\" \/>\n<meta property=\"og:type\" content=\"article\" \/>\n<meta property=\"og:title\" content=\"Protiv Nail Drage podnijeta krivi\u010dna prijava - Lajme nga Ulqini\" \/>\n<meta property=\"og:description\" content=\"Draga o\u0161tetio Centar za kulturu Ulcinj za najmanje 11.000 eura? Izvr\u0161ni direktor Centar za kulturu Ulcinj N.D. (56) osumnji\u010den je za dva krivi\u010dna djela\" \/>\n<meta property=\"og:url\" content=\"https:\/\/www.visit-ulcinj.com\/blog\/2014\/02\/26\/protiv-nail-drage-podnijeta-krivicna-prijava\/\" \/>\n<meta property=\"og:site_name\" content=\"Lajme nga Ulqini\" \/>\n<meta property=\"article:published_time\" content=\"2014-02-26T17:10:07+00:00\" \/>\n<meta property=\"og:image\" content=\"http:\/\/www.visit-ulcinj.com\/blog\/wp-content\/uploads\/2014\/02\/Disco-FAMA-Ulcinj-Ulqini.jpg\" \/>\n<meta name=\"twitter:label1\" content=\"Written by\" \/>\n\t<meta name=\"twitter:data1\" content=\"ulqini\" \/>\n\t<meta name=\"twitter:label2\" content=\"Est. reading time\" \/>\n\t<meta name=\"twitter:data2\" content=\"2 minutes\" \/>\n<script type=\"application\/ld+json\" class=\"yoast-schema-graph\">{\"@context\":\"https:\/\/schema.org\",\"@graph\":[{\"@type\":\"WebSite\",\"@id\":\"https:\/\/www.visit-ulcinj.com\/blog\/#website\",\"url\":\"https:\/\/www.visit-ulcinj.com\/blog\/\",\"name\":\"Lajme nga Ulqini\",\"description\":\"Lajme,Vijesti,Ulqini,Ulqin,Crna Gora,Mali i Zi\",\"potentialAction\":[{\"@type\":\"SearchAction\",\"target\":{\"@type\":\"EntryPoint\",\"urlTemplate\":\"https:\/\/www.visit-ulcinj.com\/blog\/?s={search_term_string}\"},\"query-input\":\"required name=search_term_string\"}],\"inLanguage\":\"en-US\"},{\"@type\":\"ImageObject\",\"inLanguage\":\"en-US\",\"@id\":\"https:\/\/www.visit-ulcinj.com\/blog\/2014\/02\/26\/protiv-nail-drage-podnijeta-krivicna-prijava\/#primaryimage\",\"url\":\"https:\/\/www.visit-ulcinj.com\/blog\/wp-content\/uploads\/2014\/02\/Disco-FAMA-Ulcinj-Ulqini.jpg\",\"contentUrl\":\"https:\/\/www.visit-ulcinj.com\/blog\/wp-content\/uploads\/2014\/02\/Disco-FAMA-Ulcinj-Ulqini.jpg\",\"width\":960,\"height\":640},{\"@type\":\"WebPage\",\"@id\":\"https:\/\/www.visit-ulcinj.com\/blog\/2014\/02\/26\/protiv-nail-drage-podnijeta-krivicna-prijava\/#webpage\",\"url\":\"https:\/\/www.visit-ulcinj.com\/blog\/2014\/02\/26\/protiv-nail-drage-podnijeta-krivicna-prijava\/\",\"name\":\"Protiv Nail Drage podnijeta krivi\u010dna prijava - Lajme nga Ulqini\",\"isPartOf\":{\"@id\":\"https:\/\/www.visit-ulcinj.com\/blog\/#website\"},\"primaryImageOfPage\":{\"@id\":\"https:\/\/www.visit-ulcinj.com\/blog\/2014\/02\/26\/protiv-nail-drage-podnijeta-krivicna-prijava\/#primaryimage\"},\"datePublished\":\"2014-02-26T17:10:07+00:00\",\"dateModified\":\"2014-02-26T17:10:07+00:00\",\"author\":{\"@id\":\"https:\/\/www.visit-ulcinj.com\/blog\/#\/schema\/person\/dcab619c614d3038751c63bc2aadc06d\"},\"description\":\"Draga o\u0161tetio Centar za kulturu Ulcinj za najmanje 11.000 eura? Izvr\u0161ni direktor Centar za kulturu Ulcinj N.D. (56) osumnji\u010den je za dva krivi\u010dna djela\",\"breadcrumb\":{\"@id\":\"https:\/\/www.visit-ulcinj.com\/blog\/2014\/02\/26\/protiv-nail-drage-podnijeta-krivicna-prijava\/#breadcrumb\"},\"inLanguage\":\"en-US\",\"potentialAction\":[{\"@type\":\"ReadAction\",\"target\":[\"https:\/\/www.visit-ulcinj.com\/blog\/2014\/02\/26\/protiv-nail-drage-podnijeta-krivicna-prijava\/\"]}]},{\"@type\":\"BreadcrumbList\",\"@id\":\"https:\/\/www.visit-ulcinj.com\/blog\/2014\/02\/26\/protiv-nail-drage-podnijeta-krivicna-prijava\/#breadcrumb\",\"itemListElement\":[{\"@type\":\"ListItem\",\"position\":1,\"name\":\"Protiv Nail Drage podnijeta krivi\u010dna prijava\"}]},{\"@type\":\"Person\",\"@id\":\"https:\/\/www.visit-ulcinj.com\/blog\/#\/schema\/person\/dcab619c614d3038751c63bc2aadc06d\",\"name\":\"ulqini\",\"sameAs\":[\"http:\/\/www.visit-ulcinj.com\"],\"url\":\"https:\/\/www.visit-ulcinj.com\/blog\/author\/admin\/\"}]}<\/script>\n<!-- \/ Yoast SEO plugin. -->","yoast_head_json":{"title":"Protiv Nail Drage podnijeta krivi\u010dna prijava - Lajme nga Ulqini","description":"Draga o\u0161tetio Centar za kulturu Ulcinj za najmanje 11.000 eura? Izvr\u0161ni direktor Centar za kulturu Ulcinj N.D. (56) osumnji\u010den je za dva krivi\u010dna djela","robots":{"index":"index","follow":"follow","max-snippet":"max-snippet:-1","max-image-preview":"max-image-preview:large","max-video-preview":"max-video-preview:-1"},"canonical":"https:\/\/www.visit-ulcinj.com\/blog\/2014\/02\/26\/protiv-nail-drage-podnijeta-krivicna-prijava\/","og_locale":"en_US","og_type":"article","og_title":"Protiv Nail Drage podnijeta krivi\u010dna prijava - Lajme nga Ulqini","og_description":"Draga o\u0161tetio Centar za kulturu Ulcinj za najmanje 11.000 eura? Izvr\u0161ni direktor Centar za kulturu Ulcinj N.D. (56) osumnji\u010den je za dva krivi\u010dna djela","og_url":"https:\/\/www.visit-ulcinj.com\/blog\/2014\/02\/26\/protiv-nail-drage-podnijeta-krivicna-prijava\/","og_site_name":"Lajme nga Ulqini","article_published_time":"2014-02-26T17:10:07+00:00","og_image":[{"url":"http:\/\/www.visit-ulcinj.com\/blog\/wp-content\/uploads\/2014\/02\/Disco-FAMA-Ulcinj-Ulqini.jpg"}],"twitter_misc":{"Written by":"ulqini","Est. reading time":"2 minutes"},"schema":{"@context":"https:\/\/schema.org","@graph":[{"@type":"WebSite","@id":"https:\/\/www.visit-ulcinj.com\/blog\/#website","url":"https:\/\/www.visit-ulcinj.com\/blog\/","name":"Lajme nga Ulqini","description":"Lajme,Vijesti,Ulqini,Ulqin,Crna Gora,Mali i Zi","potentialAction":[{"@type":"SearchAction","target":{"@type":"EntryPoint","urlTemplate":"https:\/\/www.visit-ulcinj.com\/blog\/?s={search_term_string}"},"query-input":"required name=search_term_string"}],"inLanguage":"en-US"},{"@type":"ImageObject","inLanguage":"en-US","@id":"https:\/\/www.visit-ulcinj.com\/blog\/2014\/02\/26\/protiv-nail-drage-podnijeta-krivicna-prijava\/#primaryimage","url":"https:\/\/www.visit-ulcinj.com\/blog\/wp-content\/uploads\/2014\/02\/Disco-FAMA-Ulcinj-Ulqini.jpg","contentUrl":"https:\/\/www.visit-ulcinj.com\/blog\/wp-content\/uploads\/2014\/02\/Disco-FAMA-Ulcinj-Ulqini.jpg","width":960,"height":640},{"@type":"WebPage","@id":"https:\/\/www.visit-ulcinj.com\/blog\/2014\/02\/26\/protiv-nail-drage-podnijeta-krivicna-prijava\/#webpage","url":"https:\/\/www.visit-ulcinj.com\/blog\/2014\/02\/26\/protiv-nail-drage-podnijeta-krivicna-prijava\/","name":"Protiv Nail Drage podnijeta krivi\u010dna prijava - Lajme nga Ulqini","isPartOf":{"@id":"https:\/\/www.visit-ulcinj.com\/blog\/#website"},"primaryImageOfPage":{"@id":"https:\/\/www.visit-ulcinj.com\/blog\/2014\/02\/26\/protiv-nail-drage-podnijeta-krivicna-prijava\/#primaryimage"},"datePublished":"2014-02-26T17:10:07+00:00","dateModified":"2014-02-26T17:10:07+00:00","author":{"@id":"https:\/\/www.visit-ulcinj.com\/blog\/#\/schema\/person\/dcab619c614d3038751c63bc2aadc06d"},"description":"Draga o\u0161tetio Centar za kulturu Ulcinj za najmanje 11.000 eura? Izvr\u0161ni direktor Centar za kulturu Ulcinj N.D. (56) osumnji\u010den je za dva krivi\u010dna djela","breadcrumb":{"@id":"https:\/\/www.visit-ulcinj.com\/blog\/2014\/02\/26\/protiv-nail-drage-podnijeta-krivicna-prijava\/#breadcrumb"},"inLanguage":"en-US","potentialAction":[{"@type":"ReadAction","target":["https:\/\/www.visit-ulcinj.com\/blog\/2014\/02\/26\/protiv-nail-drage-podnijeta-krivicna-prijava\/"]}]},{"@type":"BreadcrumbList","@id":"https:\/\/www.visit-ulcinj.com\/blog\/2014\/02\/26\/protiv-nail-drage-podnijeta-krivicna-prijava\/#breadcrumb","itemListElement":[{"@type":"ListItem","position":1,"name":"Protiv Nail Drage podnijeta krivi\u010dna prijava"}]},{"@type":"Person","@id":"https:\/\/www.visit-ulcinj.com\/blog\/#\/schema\/person\/dcab619c614d3038751c63bc2aadc06d","name":"ulqini","sameAs":["http:\/\/www.visit-ulcinj.com"],"url":"https:\/\/www.visit-ulcinj.com\/blog\/author\/admin\/"}]}},"jetpack_featured_media_url":"","jetpack_sharing_enabled":true,"jetpack_shortlink":"https:\/\/wp.me\/pe6lTn-kQd","_links":{"self":[{"href":"https:\/\/www.visit-ulcinj.com\/blog\/wp-json\/wp\/v2\/posts\/80117"}],"collection":[{"href":"https:\/\/www.visit-ulcinj.com\/blog\/wp-json\/wp\/v2\/posts"}],"about":[{"href":"https:\/\/www.visit-ulcinj.com\/blog\/wp-json\/wp\/v2\/types\/post"}],"author":[{"embeddable":true,"href":"https:\/\/www.visit-ulcinj.com\/blog\/wp-json\/wp\/v2\/users\/1"}],"replies":[{"embeddable":true,"href":"https:\/\/www.visit-ulcinj.com\/blog\/wp-json\/wp\/v2\/comments?post=80117"}],"version-history":[{"count":1,"href":"https:\/\/www.visit-ulcinj.com\/blog\/wp-json\/wp\/v2\/posts\/80117\/revisions"}],"predecessor-version":[{"id":80120,"href":"https:\/\/www.visit-ulcinj.com\/blog\/wp-json\/wp\/v2\/posts\/80117\/revisions\/80120"}],"wp:attachment":[{"href":"https:\/\/www.visit-ulcinj.com\/blog\/wp-json\/wp\/v2\/media?parent=80117"}],"wp:term":[{"taxonomy":"category","embeddable":true,"href":"https:\/\/www.visit-ulcinj.com\/blog\/wp-json\/wp\/v2\/categories?post=80117"},{"taxonomy":"post_tag","embeddable":true,"href":"https:\/\/www.visit-ulcinj.com\/blog\/wp-json\/wp\/v2\/tags?post=80117"}],"curies":[{"name":"wp","href":"https:\/\/api.w.org\/{rel}","templated":true}]}}