{"id":80121,"date":"2014-02-26T18:24:28","date_gmt":"2014-02-26T17:24:28","guid":{"rendered":"http:\/\/www.visit-ulcinj.com\/blog\/?p=80121"},"modified":"2014-02-26T18:24:28","modified_gmt":"2014-02-26T17:24:28","slug":"nenshkruhet-kontrata-per-ndertimin-e-autostrades-tivar-bolare-video","status":"publish","type":"post","link":"https:\/\/www.visit-ulcinj.com\/blog\/2014\/02\/26\/nenshkruhet-kontrata-per-ndertimin-e-autostrades-tivar-bolare-video\/","title":{"rendered":"N\u00ebnshkruhet kontrata p\u00ebr nd\u00ebrtimin e autostrad\u00ebs Tivar &#8211; Bolare &#8211; Video"},"content":{"rendered":"<p><a href=\"http:\/\/www.visit-ulcinj.com\/blog\/wp-content\/uploads\/2014\/02\/N\u00ebnshkruhet-kontrata-Tivar-Bolare.jpg\"><img loading=\"lazy\" class=\"alignleft  wp-image-80122\" alt=\"N\u00ebnshkruhet kontrata -Tivar-Bolare\" src=\"http:\/\/www.visit-ulcinj.com\/blog\/wp-content\/uploads\/2014\/02\/N\u00ebnshkruhet-kontrata-Tivar-Bolare.jpg\" width=\"508\" height=\"360\" \/><\/a>Marr\u00ebveshja baz\u00eb\u00a0 dhe Kontrata p\u00ebr nd\u00ebrtimin projektimin, blerjen dhe vendosjen e pajisjeve dhe t\u00eb materialit p\u00ebr Autostrad\u00ebn Tivar-Bolare , respektivisht p\u00ebr aksin prioritare nga Smokovci deri n\u00eb Matashev\u00eb ,\u00ebsht\u00eb n\u00ebnshkruar sot n\u00eb Podgoric\u00eb. Dokumentet n\u00eb em\u00ebr t\u00eb Qeveris\u00eb s\u00eb Malit t\u00eb Zi i ka n\u00ebnshkruar ministri p\u00ebr komunikacion dhe detari ,Ivan Brajeviq dhe p\u00ebrfaq\u00ebsuesit e kompanis\u00eb kineze \u00c7hina Road and Brigde Corporation \u2013 CRBC. Ministri Ivan Brajeviq, ka deklaruar se beson se e t\u00ebr\u00eb procedura do t\u00eb p\u00ebrfundoj\u00eb s\u00eb shpejti dhe ka p\u00ebrs\u00ebritur se pun\u00ebt duhet t\u00eb fillojn\u00eb n\u00eb pranver\u00eb .<\/p>\n<p>Duke komentuar deklarat\u00ebn e ambasadorit gjerman\u00eb Pius Fisher se autostrada nuk do t\u00eb paguhet , Brajoviq ka theksuar se nuk dyshon n\u00eb q\u00ebllimet e mira t\u00eb Fisherit ,por as nuk dyshon n\u00eb arsyetueshmerin\u00eb ekonomike t\u00eb projektit. Ambasadori kinez\u00eb n\u00eb Mal t\u00eb Zi Zhaolin ka p\u00ebrg\u00ebzuar n\u00ebnshkrimin e marr\u00ebveshjes p\u00ebr nd\u00ebrtimin e autostrad\u00ebs\u00a0 dhe ka shtuar se hapi i ardhsh\u00ebm \u00ebsht\u00eb n\u00ebnshkrimi i kontrat\u00ebs p\u00ebr financim. Kontratat e n\u00ebnshkruara do ti d\u00ebrgohen Kuvendit n\u00eb procedur\u00eb dhe deputet\u00ebt p\u00ebr to do t\u00eb deklarohen n\u00eb seanc\u00ebn e rregullt.<\/p>\n<p><strong>TVCG<\/strong><\/p>\n<!--YouTube Error: bad URL entered-->\n","protected":false},"excerpt":{"rendered":"<p>Marr\u00ebveshja baz\u00eb\u00a0 dhe Kontrata p\u00ebr nd\u00ebrtimin projektimin, blerjen dhe vendosjen e pajisjeve dhe t\u00eb materialit p\u00ebr Autostrad\u00ebn Tivar-Bolare , respektivisht p\u00ebr aksin prioritare nga Smokovci deri n\u00eb Matashev\u00eb ,\u00ebsht\u00eb n\u00ebnshkruar sot n\u00eb Podgoric\u00eb. Dokumentet n\u00eb em\u00ebr t\u00eb Qeveris\u00eb s\u00eb Malit t\u00eb Zi i ka n\u00ebnshkruar ministri p\u00ebr komunikacion dhe detari ,Ivan Brajeviq dhe p\u00ebrfaq\u00ebsuesit e [&hellip;]<\/p>\n","protected":false},"author":1,"featured_media":0,"comment_status":"closed","ping_status":"closed","sticky":false,"template":"","format":"standard","meta":{"spay_email":"","jetpack_publicize_message":"","jetpack_is_tweetstorm":false,"jetpack_publicize_feature_enabled":true},"categories":[14],"tags":[],"jetpack_publicize_connections":[],"yoast_head":"<!-- This site is optimized with the Yoast SEO plugin v19.1 - https:\/\/yoast.com\/wordpress\/plugins\/seo\/ -->\n<title>N\u00ebnshkruhet kontrata p\u00ebr nd\u00ebrtimin e autostrad\u00ebs Tivar - Bolare - Video - Lajme nga Ulqini<\/title>\n<meta name=\"description\" content=\"Marr\u00ebveshja baz\u00eb\u00a0 dhe Kontrata p\u00ebr nd\u00ebrtimin projektimin, blerjen dhe vendosjen e pajisjeve dhe t\u00eb materialit p\u00ebr Autostrad\u00ebn Tivar-Bolare , respektivisht\" \/>\n<meta name=\"robots\" content=\"index, follow, max-snippet:-1, max-image-preview:large, max-video-preview:-1\" \/>\n<link rel=\"canonical\" href=\"https:\/\/www.visit-ulcinj.com\/blog\/2014\/02\/26\/nenshkruhet-kontrata-per-ndertimin-e-autostrades-tivar-bolare-video\/\" \/>\n<meta property=\"og:locale\" content=\"en_US\" \/>\n<meta property=\"og:type\" content=\"article\" \/>\n<meta property=\"og:title\" content=\"N\u00ebnshkruhet kontrata p\u00ebr nd\u00ebrtimin e autostrad\u00ebs Tivar - Bolare - Video - Lajme nga Ulqini\" \/>\n<meta property=\"og:description\" content=\"Marr\u00ebveshja baz\u00eb\u00a0 dhe Kontrata p\u00ebr nd\u00ebrtimin projektimin, blerjen dhe vendosjen e pajisjeve dhe t\u00eb materialit p\u00ebr Autostrad\u00ebn Tivar-Bolare , respektivisht\" \/>\n<meta property=\"og:url\" content=\"https:\/\/www.visit-ulcinj.com\/blog\/2014\/02\/26\/nenshkruhet-kontrata-per-ndertimin-e-autostrades-tivar-bolare-video\/\" \/>\n<meta property=\"og:site_name\" content=\"Lajme nga Ulqini\" \/>\n<meta property=\"article:published_time\" content=\"2014-02-26T17:24:28+00:00\" \/>\n<meta name=\"twitter:label1\" content=\"Written by\" \/>\n\t<meta name=\"twitter:data1\" content=\"ulqini\" \/>\n\t<meta name=\"twitter:label2\" content=\"Est. reading time\" \/>\n\t<meta name=\"twitter:data2\" content=\"1 minute\" \/>\n<script type=\"application\/ld+json\" class=\"yoast-schema-graph\">{\"@context\":\"https:\/\/schema.org\",\"@graph\":[{\"@type\":\"WebSite\",\"@id\":\"https:\/\/www.visit-ulcinj.com\/blog\/#website\",\"url\":\"https:\/\/www.visit-ulcinj.com\/blog\/\",\"name\":\"Lajme nga Ulqini\",\"description\":\"Lajme,Vijesti,Ulqini,Ulqin,Crna Gora,Mali i Zi\",\"potentialAction\":[{\"@type\":\"SearchAction\",\"target\":{\"@type\":\"EntryPoint\",\"urlTemplate\":\"https:\/\/www.visit-ulcinj.com\/blog\/?s={search_term_string}\"},\"query-input\":\"required name=search_term_string\"}],\"inLanguage\":\"en-US\"},{\"@type\":\"WebPage\",\"@id\":\"https:\/\/www.visit-ulcinj.com\/blog\/2014\/02\/26\/nenshkruhet-kontrata-per-ndertimin-e-autostrades-tivar-bolare-video\/#webpage\",\"url\":\"https:\/\/www.visit-ulcinj.com\/blog\/2014\/02\/26\/nenshkruhet-kontrata-per-ndertimin-e-autostrades-tivar-bolare-video\/\",\"name\":\"N\u00ebnshkruhet kontrata p\u00ebr nd\u00ebrtimin e autostrad\u00ebs Tivar - Bolare - Video - Lajme nga Ulqini\",\"isPartOf\":{\"@id\":\"https:\/\/www.visit-ulcinj.com\/blog\/#website\"},\"datePublished\":\"2014-02-26T17:24:28+00:00\",\"dateModified\":\"2014-02-26T17:24:28+00:00\",\"author\":{\"@id\":\"https:\/\/www.visit-ulcinj.com\/blog\/#\/schema\/person\/dcab619c614d3038751c63bc2aadc06d\"},\"description\":\"Marr\u00ebveshja baz\u00eb\u00a0 dhe Kontrata p\u00ebr nd\u00ebrtimin projektimin, blerjen dhe vendosjen e pajisjeve dhe t\u00eb materialit p\u00ebr Autostrad\u00ebn Tivar-Bolare , respektivisht\",\"breadcrumb\":{\"@id\":\"https:\/\/www.visit-ulcinj.com\/blog\/2014\/02\/26\/nenshkruhet-kontrata-per-ndertimin-e-autostrades-tivar-bolare-video\/#breadcrumb\"},\"inLanguage\":\"en-US\",\"potentialAction\":[{\"@type\":\"ReadAction\",\"target\":[\"https:\/\/www.visit-ulcinj.com\/blog\/2014\/02\/26\/nenshkruhet-kontrata-per-ndertimin-e-autostrades-tivar-bolare-video\/\"]}]},{\"@type\":\"BreadcrumbList\",\"@id\":\"https:\/\/www.visit-ulcinj.com\/blog\/2014\/02\/26\/nenshkruhet-kontrata-per-ndertimin-e-autostrades-tivar-bolare-video\/#breadcrumb\",\"itemListElement\":[{\"@type\":\"ListItem\",\"position\":1,\"name\":\"N\u00ebnshkruhet kontrata p\u00ebr nd\u00ebrtimin e autostrad\u00ebs Tivar &#8211; Bolare &#8211; Video\"}]},{\"@type\":\"Person\",\"@id\":\"https:\/\/www.visit-ulcinj.com\/blog\/#\/schema\/person\/dcab619c614d3038751c63bc2aadc06d\",\"name\":\"ulqini\",\"sameAs\":[\"http:\/\/www.visit-ulcinj.com\"],\"url\":\"https:\/\/www.visit-ulcinj.com\/blog\/author\/admin\/\"}]}<\/script>\n<!-- \/ Yoast SEO plugin. -->","yoast_head_json":{"title":"N\u00ebnshkruhet kontrata p\u00ebr nd\u00ebrtimin e autostrad\u00ebs Tivar - Bolare - Video - Lajme nga Ulqini","description":"Marr\u00ebveshja baz\u00eb\u00a0 dhe Kontrata p\u00ebr nd\u00ebrtimin projektimin, blerjen dhe vendosjen e pajisjeve dhe t\u00eb materialit p\u00ebr Autostrad\u00ebn Tivar-Bolare , respektivisht","robots":{"index":"index","follow":"follow","max-snippet":"max-snippet:-1","max-image-preview":"max-image-preview:large","max-video-preview":"max-video-preview:-1"},"canonical":"https:\/\/www.visit-ulcinj.com\/blog\/2014\/02\/26\/nenshkruhet-kontrata-per-ndertimin-e-autostrades-tivar-bolare-video\/","og_locale":"en_US","og_type":"article","og_title":"N\u00ebnshkruhet kontrata p\u00ebr nd\u00ebrtimin e autostrad\u00ebs Tivar - Bolare - Video - Lajme nga Ulqini","og_description":"Marr\u00ebveshja baz\u00eb\u00a0 dhe Kontrata p\u00ebr nd\u00ebrtimin projektimin, blerjen dhe vendosjen e pajisjeve dhe t\u00eb materialit p\u00ebr Autostrad\u00ebn Tivar-Bolare , respektivisht","og_url":"https:\/\/www.visit-ulcinj.com\/blog\/2014\/02\/26\/nenshkruhet-kontrata-per-ndertimin-e-autostrades-tivar-bolare-video\/","og_site_name":"Lajme nga Ulqini","article_published_time":"2014-02-26T17:24:28+00:00","twitter_misc":{"Written by":"ulqini","Est. reading time":"1 minute"},"schema":{"@context":"https:\/\/schema.org","@graph":[{"@type":"WebSite","@id":"https:\/\/www.visit-ulcinj.com\/blog\/#website","url":"https:\/\/www.visit-ulcinj.com\/blog\/","name":"Lajme nga Ulqini","description":"Lajme,Vijesti,Ulqini,Ulqin,Crna Gora,Mali i Zi","potentialAction":[{"@type":"SearchAction","target":{"@type":"EntryPoint","urlTemplate":"https:\/\/www.visit-ulcinj.com\/blog\/?s={search_term_string}"},"query-input":"required name=search_term_string"}],"inLanguage":"en-US"},{"@type":"WebPage","@id":"https:\/\/www.visit-ulcinj.com\/blog\/2014\/02\/26\/nenshkruhet-kontrata-per-ndertimin-e-autostrades-tivar-bolare-video\/#webpage","url":"https:\/\/www.visit-ulcinj.com\/blog\/2014\/02\/26\/nenshkruhet-kontrata-per-ndertimin-e-autostrades-tivar-bolare-video\/","name":"N\u00ebnshkruhet kontrata p\u00ebr nd\u00ebrtimin e autostrad\u00ebs Tivar - Bolare - Video - Lajme nga Ulqini","isPartOf":{"@id":"https:\/\/www.visit-ulcinj.com\/blog\/#website"},"datePublished":"2014-02-26T17:24:28+00:00","dateModified":"2014-02-26T17:24:28+00:00","author":{"@id":"https:\/\/www.visit-ulcinj.com\/blog\/#\/schema\/person\/dcab619c614d3038751c63bc2aadc06d"},"description":"Marr\u00ebveshja baz\u00eb\u00a0 dhe Kontrata p\u00ebr nd\u00ebrtimin projektimin, blerjen dhe vendosjen e pajisjeve dhe t\u00eb materialit p\u00ebr Autostrad\u00ebn Tivar-Bolare , respektivisht","breadcrumb":{"@id":"https:\/\/www.visit-ulcinj.com\/blog\/2014\/02\/26\/nenshkruhet-kontrata-per-ndertimin-e-autostrades-tivar-bolare-video\/#breadcrumb"},"inLanguage":"en-US","potentialAction":[{"@type":"ReadAction","target":["https:\/\/www.visit-ulcinj.com\/blog\/2014\/02\/26\/nenshkruhet-kontrata-per-ndertimin-e-autostrades-tivar-bolare-video\/"]}]},{"@type":"BreadcrumbList","@id":"https:\/\/www.visit-ulcinj.com\/blog\/2014\/02\/26\/nenshkruhet-kontrata-per-ndertimin-e-autostrades-tivar-bolare-video\/#breadcrumb","itemListElement":[{"@type":"ListItem","position":1,"name":"N\u00ebnshkruhet kontrata p\u00ebr nd\u00ebrtimin e autostrad\u00ebs Tivar &#8211; Bolare &#8211; Video"}]},{"@type":"Person","@id":"https:\/\/www.visit-ulcinj.com\/blog\/#\/schema\/person\/dcab619c614d3038751c63bc2aadc06d","name":"ulqini","sameAs":["http:\/\/www.visit-ulcinj.com"],"url":"https:\/\/www.visit-ulcinj.com\/blog\/author\/admin\/"}]}},"jetpack_featured_media_url":"","jetpack_sharing_enabled":true,"jetpack_shortlink":"https:\/\/wp.me\/pe6lTn-kQh","_links":{"self":[{"href":"https:\/\/www.visit-ulcinj.com\/blog\/wp-json\/wp\/v2\/posts\/80121"}],"collection":[{"href":"https:\/\/www.visit-ulcinj.com\/blog\/wp-json\/wp\/v2\/posts"}],"about":[{"href":"https:\/\/www.visit-ulcinj.com\/blog\/wp-json\/wp\/v2\/types\/post"}],"author":[{"embeddable":true,"href":"https:\/\/www.visit-ulcinj.com\/blog\/wp-json\/wp\/v2\/users\/1"}],"replies":[{"embeddable":true,"href":"https:\/\/www.visit-ulcinj.com\/blog\/wp-json\/wp\/v2\/comments?post=80121"}],"version-history":[{"count":1,"href":"https:\/\/www.visit-ulcinj.com\/blog\/wp-json\/wp\/v2\/posts\/80121\/revisions"}],"predecessor-version":[{"id":80123,"href":"https:\/\/www.visit-ulcinj.com\/blog\/wp-json\/wp\/v2\/posts\/80121\/revisions\/80123"}],"wp:attachment":[{"href":"https:\/\/www.visit-ulcinj.com\/blog\/wp-json\/wp\/v2\/media?parent=80121"}],"wp:term":[{"taxonomy":"category","embeddable":true,"href":"https:\/\/www.visit-ulcinj.com\/blog\/wp-json\/wp\/v2\/categories?post=80121"},{"taxonomy":"post_tag","embeddable":true,"href":"https:\/\/www.visit-ulcinj.com\/blog\/wp-json\/wp\/v2\/tags?post=80121"}],"curies":[{"name":"wp","href":"https:\/\/api.w.org\/{rel}","templated":true}]}}