{"id":80127,"date":"2014-02-26T19:01:49","date_gmt":"2014-02-26T18:01:49","guid":{"rendered":"http:\/\/www.visit-ulcinj.com\/blog\/?p=80127"},"modified":"2014-02-26T19:01:49","modified_gmt":"2014-02-26T18:01:49","slug":"ujedinjuju-se-partija-force-gradanska-inicijativa","status":"publish","type":"post","link":"https:\/\/www.visit-ulcinj.com\/blog\/2014\/02\/26\/ujedinjuju-se-partija-force-gradanska-inicijativa\/","title":{"rendered":"Ujedinjuju se Partija Force i Gra\u0111anska inicijativa"},"content":{"rendered":"<p><a href=\"http:\/\/www.visit-ulcinj.com\/blog\/wp-content\/uploads\/2014\/02\/Ujedinjuju-se-Partija-Force-i-Gradjanska-inicijativa.jpg\"><img loading=\"lazy\" class=\"alignleft  wp-image-80128\" alt=\"Ujedinjuju se Partija Force i Gradjanska inicijativa\" src=\"http:\/\/www.visit-ulcinj.com\/blog\/wp-content\/uploads\/2014\/02\/Ujedinjuju-se-Partija-Force-i-Gradjanska-inicijativa.jpg\" width=\"508\" height=\"360\" \/><\/a>Koalicioni partneri na parlamentarnim izborima 2012. godine albanske partije Forca, \u010diji je predsjednik Nazif Cungu, i Gra\u0111anska inicijativa, koju predstavlja Vaselj Sini\u0161taj, uskoro \u0107e se ujediniti u jednu partiju. To je Dnevnim novinama potvr\u0111eno iz obje partije.<\/p>\n<p>Poslanik Force Genci Nimanbegu kazao je da su toku razgovori oko ujedinjenja.<\/p>\n<p>&#8220;Mi pri\u017eeljkujemo da do\u0111e do ujedinjenja&#8221;, kratko je kazao Nimanbegu.<\/p>\n<p>Sini\u0161taj je s druge strane tako\u0111e potvrdio da razgovaraju o ovoj temi.<\/p>\n<p>&#8220;Sve zavisi, me\u0111utim, od po\u0161tovanja koalicionog sporazuma&#8221; jasan je Sini\u0161taj.<\/p>\n<p>On je pozvao sve albanske politi\u010dke subjekte da se priklju\u010de tom savezu, da bi postigli dobar izborni rezultat kako bi albanskoj manjini bila omogu\u0107ena prava po najvi\u0161im medunarodnim standardima. On je kazao da albanska manjina \u010dini oko pet odsto od ukupnog stanovni\u0161tva u Cmoj Gori.<\/p>\n<p>&#8220;Pri\u017eeljkujemo da nam se pridru\u017ee svi koji imaju dobru namjeru da albanskoj manjini u Crnoj Gori stvore bolje uslove \u017eivota i prava po najvi\u0161im me\u0111unarodnim standardima&#8221;, rekao je Sini\u0161taj.<\/p>\n<p>Prema potpisanom sporazumu izme\u0111u ove dvije stranke, dogovoreno je da u prvoj polovini poslani\u010dkog mandata poslanik bude iz Force, da bi nakon toga dvije godine poslanik bio Sini\u0161taj.<\/p>\n<p>&#8220;To je dio dogovora, tako da bi trebalo da se vratim u poslani\u010dke klupe \u0161estog novembra&#8221;, potvrdio je Sini\u0161taj.<\/p>\n<p><strong>Izvor: Analitika &#8211; Informativni Portal<\/strong><\/p>\n","protected":false},"excerpt":{"rendered":"<p>Koalicioni partneri na parlamentarnim izborima 2012. godine albanske partije Forca, \u010diji je predsjednik Nazif Cungu, i Gra\u0111anska inicijativa, koju predstavlja Vaselj Sini\u0161taj, uskoro \u0107e se ujediniti u jednu partiju. To je Dnevnim novinama potvr\u0111eno iz obje partije. Poslanik Force Genci Nimanbegu kazao je da su toku razgovori oko ujedinjenja. &#8220;Mi pri\u017eeljkujemo da do\u0111e do ujedinjenja&#8221;, [&hellip;]<\/p>\n","protected":false},"author":1,"featured_media":0,"comment_status":"closed","ping_status":"closed","sticky":false,"template":"","format":"standard","meta":{"spay_email":"","jetpack_publicize_message":"","jetpack_is_tweetstorm":false,"jetpack_publicize_feature_enabled":true},"categories":[8337],"tags":[],"jetpack_publicize_connections":[],"yoast_head":"<!-- This site is optimized with the Yoast SEO plugin v19.1 - https:\/\/yoast.com\/wordpress\/plugins\/seo\/ -->\n<title>Ujedinjuju se Partija Force i Gra\u0111anska inicijativa - Lajme nga Ulqini<\/title>\n<meta name=\"description\" content=\"Koalicioni partneri na parlamentarnim izborima 2012. godine albanske partije Forca, \u010diji je predsjednik Nazif Cungu, i Gra\u0111anska inicijativa, koju\" \/>\n<meta name=\"robots\" content=\"index, follow, max-snippet:-1, max-image-preview:large, max-video-preview:-1\" \/>\n<link rel=\"canonical\" href=\"https:\/\/www.visit-ulcinj.com\/blog\/2014\/02\/26\/ujedinjuju-se-partija-force-gradanska-inicijativa\/\" \/>\n<meta property=\"og:locale\" content=\"en_US\" \/>\n<meta property=\"og:type\" content=\"article\" \/>\n<meta property=\"og:title\" content=\"Ujedinjuju se Partija Force i Gra\u0111anska inicijativa - Lajme nga Ulqini\" \/>\n<meta property=\"og:description\" content=\"Koalicioni partneri na parlamentarnim izborima 2012. godine albanske partije Forca, \u010diji je predsjednik Nazif Cungu, i Gra\u0111anska inicijativa, koju\" \/>\n<meta property=\"og:url\" content=\"https:\/\/www.visit-ulcinj.com\/blog\/2014\/02\/26\/ujedinjuju-se-partija-force-gradanska-inicijativa\/\" \/>\n<meta property=\"og:site_name\" content=\"Lajme nga Ulqini\" \/>\n<meta property=\"article:published_time\" content=\"2014-02-26T18:01:49+00:00\" \/>\n<meta property=\"og:image\" content=\"http:\/\/www.visit-ulcinj.com\/blog\/wp-content\/uploads\/2014\/02\/Ujedinjuju-se-Partija-Force-i-Gradjanska-inicijativa.jpg\" \/>\n<meta name=\"twitter:label1\" content=\"Written by\" \/>\n\t<meta name=\"twitter:data1\" content=\"ulqini\" \/>\n\t<meta name=\"twitter:label2\" content=\"Est. reading time\" \/>\n\t<meta name=\"twitter:data2\" content=\"1 minute\" \/>\n<script type=\"application\/ld+json\" class=\"yoast-schema-graph\">{\"@context\":\"https:\/\/schema.org\",\"@graph\":[{\"@type\":\"WebSite\",\"@id\":\"https:\/\/www.visit-ulcinj.com\/blog\/#website\",\"url\":\"https:\/\/www.visit-ulcinj.com\/blog\/\",\"name\":\"Lajme nga Ulqini\",\"description\":\"Lajme,Vijesti,Ulqini,Ulqin,Crna Gora,Mali i Zi\",\"potentialAction\":[{\"@type\":\"SearchAction\",\"target\":{\"@type\":\"EntryPoint\",\"urlTemplate\":\"https:\/\/www.visit-ulcinj.com\/blog\/?s={search_term_string}\"},\"query-input\":\"required name=search_term_string\"}],\"inLanguage\":\"en-US\"},{\"@type\":\"ImageObject\",\"inLanguage\":\"en-US\",\"@id\":\"https:\/\/www.visit-ulcinj.com\/blog\/2014\/02\/26\/ujedinjuju-se-partija-force-gradanska-inicijativa\/#primaryimage\",\"url\":\"https:\/\/www.visit-ulcinj.com\/blog\/wp-content\/uploads\/2014\/02\/Ujedinjuju-se-Partija-Force-i-Gradjanska-inicijativa.jpg\",\"contentUrl\":\"https:\/\/www.visit-ulcinj.com\/blog\/wp-content\/uploads\/2014\/02\/Ujedinjuju-se-Partija-Force-i-Gradjanska-inicijativa.jpg\",\"width\":1000,\"height\":667},{\"@type\":\"WebPage\",\"@id\":\"https:\/\/www.visit-ulcinj.com\/blog\/2014\/02\/26\/ujedinjuju-se-partija-force-gradanska-inicijativa\/#webpage\",\"url\":\"https:\/\/www.visit-ulcinj.com\/blog\/2014\/02\/26\/ujedinjuju-se-partija-force-gradanska-inicijativa\/\",\"name\":\"Ujedinjuju se Partija Force i Gra\u0111anska inicijativa - Lajme nga Ulqini\",\"isPartOf\":{\"@id\":\"https:\/\/www.visit-ulcinj.com\/blog\/#website\"},\"primaryImageOfPage\":{\"@id\":\"https:\/\/www.visit-ulcinj.com\/blog\/2014\/02\/26\/ujedinjuju-se-partija-force-gradanska-inicijativa\/#primaryimage\"},\"datePublished\":\"2014-02-26T18:01:49+00:00\",\"dateModified\":\"2014-02-26T18:01:49+00:00\",\"author\":{\"@id\":\"https:\/\/www.visit-ulcinj.com\/blog\/#\/schema\/person\/dcab619c614d3038751c63bc2aadc06d\"},\"description\":\"Koalicioni partneri na parlamentarnim izborima 2012. godine albanske partije Forca, \u010diji je predsjednik Nazif Cungu, i Gra\u0111anska inicijativa, koju\",\"breadcrumb\":{\"@id\":\"https:\/\/www.visit-ulcinj.com\/blog\/2014\/02\/26\/ujedinjuju-se-partija-force-gradanska-inicijativa\/#breadcrumb\"},\"inLanguage\":\"en-US\",\"potentialAction\":[{\"@type\":\"ReadAction\",\"target\":[\"https:\/\/www.visit-ulcinj.com\/blog\/2014\/02\/26\/ujedinjuju-se-partija-force-gradanska-inicijativa\/\"]}]},{\"@type\":\"BreadcrumbList\",\"@id\":\"https:\/\/www.visit-ulcinj.com\/blog\/2014\/02\/26\/ujedinjuju-se-partija-force-gradanska-inicijativa\/#breadcrumb\",\"itemListElement\":[{\"@type\":\"ListItem\",\"position\":1,\"name\":\"Ujedinjuju se Partija Force i Gra\u0111anska inicijativa\"}]},{\"@type\":\"Person\",\"@id\":\"https:\/\/www.visit-ulcinj.com\/blog\/#\/schema\/person\/dcab619c614d3038751c63bc2aadc06d\",\"name\":\"ulqini\",\"sameAs\":[\"http:\/\/www.visit-ulcinj.com\"],\"url\":\"https:\/\/www.visit-ulcinj.com\/blog\/author\/admin\/\"}]}<\/script>\n<!-- \/ Yoast SEO plugin. -->","yoast_head_json":{"title":"Ujedinjuju se Partija Force i Gra\u0111anska inicijativa - Lajme nga Ulqini","description":"Koalicioni partneri na parlamentarnim izborima 2012. godine albanske partije Forca, \u010diji je predsjednik Nazif Cungu, i Gra\u0111anska inicijativa, koju","robots":{"index":"index","follow":"follow","max-snippet":"max-snippet:-1","max-image-preview":"max-image-preview:large","max-video-preview":"max-video-preview:-1"},"canonical":"https:\/\/www.visit-ulcinj.com\/blog\/2014\/02\/26\/ujedinjuju-se-partija-force-gradanska-inicijativa\/","og_locale":"en_US","og_type":"article","og_title":"Ujedinjuju se Partija Force i Gra\u0111anska inicijativa - Lajme nga Ulqini","og_description":"Koalicioni partneri na parlamentarnim izborima 2012. godine albanske partije Forca, \u010diji je predsjednik Nazif Cungu, i Gra\u0111anska inicijativa, koju","og_url":"https:\/\/www.visit-ulcinj.com\/blog\/2014\/02\/26\/ujedinjuju-se-partija-force-gradanska-inicijativa\/","og_site_name":"Lajme nga Ulqini","article_published_time":"2014-02-26T18:01:49+00:00","og_image":[{"url":"http:\/\/www.visit-ulcinj.com\/blog\/wp-content\/uploads\/2014\/02\/Ujedinjuju-se-Partija-Force-i-Gradjanska-inicijativa.jpg"}],"twitter_misc":{"Written by":"ulqini","Est. reading time":"1 minute"},"schema":{"@context":"https:\/\/schema.org","@graph":[{"@type":"WebSite","@id":"https:\/\/www.visit-ulcinj.com\/blog\/#website","url":"https:\/\/www.visit-ulcinj.com\/blog\/","name":"Lajme nga Ulqini","description":"Lajme,Vijesti,Ulqini,Ulqin,Crna Gora,Mali i Zi","potentialAction":[{"@type":"SearchAction","target":{"@type":"EntryPoint","urlTemplate":"https:\/\/www.visit-ulcinj.com\/blog\/?s={search_term_string}"},"query-input":"required name=search_term_string"}],"inLanguage":"en-US"},{"@type":"ImageObject","inLanguage":"en-US","@id":"https:\/\/www.visit-ulcinj.com\/blog\/2014\/02\/26\/ujedinjuju-se-partija-force-gradanska-inicijativa\/#primaryimage","url":"https:\/\/www.visit-ulcinj.com\/blog\/wp-content\/uploads\/2014\/02\/Ujedinjuju-se-Partija-Force-i-Gradjanska-inicijativa.jpg","contentUrl":"https:\/\/www.visit-ulcinj.com\/blog\/wp-content\/uploads\/2014\/02\/Ujedinjuju-se-Partija-Force-i-Gradjanska-inicijativa.jpg","width":1000,"height":667},{"@type":"WebPage","@id":"https:\/\/www.visit-ulcinj.com\/blog\/2014\/02\/26\/ujedinjuju-se-partija-force-gradanska-inicijativa\/#webpage","url":"https:\/\/www.visit-ulcinj.com\/blog\/2014\/02\/26\/ujedinjuju-se-partija-force-gradanska-inicijativa\/","name":"Ujedinjuju se Partija Force i Gra\u0111anska inicijativa - Lajme nga Ulqini","isPartOf":{"@id":"https:\/\/www.visit-ulcinj.com\/blog\/#website"},"primaryImageOfPage":{"@id":"https:\/\/www.visit-ulcinj.com\/blog\/2014\/02\/26\/ujedinjuju-se-partija-force-gradanska-inicijativa\/#primaryimage"},"datePublished":"2014-02-26T18:01:49+00:00","dateModified":"2014-02-26T18:01:49+00:00","author":{"@id":"https:\/\/www.visit-ulcinj.com\/blog\/#\/schema\/person\/dcab619c614d3038751c63bc2aadc06d"},"description":"Koalicioni partneri na parlamentarnim izborima 2012. godine albanske partije Forca, \u010diji je predsjednik Nazif Cungu, i Gra\u0111anska inicijativa, koju","breadcrumb":{"@id":"https:\/\/www.visit-ulcinj.com\/blog\/2014\/02\/26\/ujedinjuju-se-partija-force-gradanska-inicijativa\/#breadcrumb"},"inLanguage":"en-US","potentialAction":[{"@type":"ReadAction","target":["https:\/\/www.visit-ulcinj.com\/blog\/2014\/02\/26\/ujedinjuju-se-partija-force-gradanska-inicijativa\/"]}]},{"@type":"BreadcrumbList","@id":"https:\/\/www.visit-ulcinj.com\/blog\/2014\/02\/26\/ujedinjuju-se-partija-force-gradanska-inicijativa\/#breadcrumb","itemListElement":[{"@type":"ListItem","position":1,"name":"Ujedinjuju se Partija Force i Gra\u0111anska inicijativa"}]},{"@type":"Person","@id":"https:\/\/www.visit-ulcinj.com\/blog\/#\/schema\/person\/dcab619c614d3038751c63bc2aadc06d","name":"ulqini","sameAs":["http:\/\/www.visit-ulcinj.com"],"url":"https:\/\/www.visit-ulcinj.com\/blog\/author\/admin\/"}]}},"jetpack_featured_media_url":"","jetpack_sharing_enabled":true,"jetpack_shortlink":"https:\/\/wp.me\/pe6lTn-kQn","_links":{"self":[{"href":"https:\/\/www.visit-ulcinj.com\/blog\/wp-json\/wp\/v2\/posts\/80127"}],"collection":[{"href":"https:\/\/www.visit-ulcinj.com\/blog\/wp-json\/wp\/v2\/posts"}],"about":[{"href":"https:\/\/www.visit-ulcinj.com\/blog\/wp-json\/wp\/v2\/types\/post"}],"author":[{"embeddable":true,"href":"https:\/\/www.visit-ulcinj.com\/blog\/wp-json\/wp\/v2\/users\/1"}],"replies":[{"embeddable":true,"href":"https:\/\/www.visit-ulcinj.com\/blog\/wp-json\/wp\/v2\/comments?post=80127"}],"version-history":[{"count":1,"href":"https:\/\/www.visit-ulcinj.com\/blog\/wp-json\/wp\/v2\/posts\/80127\/revisions"}],"predecessor-version":[{"id":80129,"href":"https:\/\/www.visit-ulcinj.com\/blog\/wp-json\/wp\/v2\/posts\/80127\/revisions\/80129"}],"wp:attachment":[{"href":"https:\/\/www.visit-ulcinj.com\/blog\/wp-json\/wp\/v2\/media?parent=80127"}],"wp:term":[{"taxonomy":"category","embeddable":true,"href":"https:\/\/www.visit-ulcinj.com\/blog\/wp-json\/wp\/v2\/categories?post=80127"},{"taxonomy":"post_tag","embeddable":true,"href":"https:\/\/www.visit-ulcinj.com\/blog\/wp-json\/wp\/v2\/tags?post=80127"}],"curies":[{"name":"wp","href":"https:\/\/api.w.org\/{rel}","templated":true}]}}