{"id":80130,"date":"2014-02-27T19:19:43","date_gmt":"2014-02-27T18:19:43","guid":{"rendered":"http:\/\/www.visit-ulcinj.com\/blog\/?p=80130"},"modified":"2014-02-27T19:20:03","modified_gmt":"2014-02-27T18:20:03","slug":"ulcinj-fatmir-deka-podnio-ostavku","status":"publish","type":"post","link":"https:\/\/www.visit-ulcinj.com\/blog\/2014\/02\/27\/ulcinj-fatmir-deka-podnio-ostavku\/","title":{"rendered":"Ulcinj: Fatmir \u0110eka podnio ostavku na funkciju poslanika"},"content":{"rendered":"<p><a href=\"http:\/\/www.visit-ulcinj.com\/blog\/wp-content\/uploads\/2014\/02\/Fatmir-Gjeka-Ulqin.jpg\"><img loading=\"lazy\" class=\"alignleft  wp-image-80131\" alt=\"Fatmir-Gjeka-Ulqin\" src=\"http:\/\/www.visit-ulcinj.com\/blog\/wp-content\/uploads\/2014\/02\/Fatmir-Gjeka-Ulqin.jpg\" width=\"508\" height=\"360\" \/><\/a>Poslanik Fatmir \u0110eka podnio je ostavku na tu funkciju zbog, kako je obrazlo\u017eio, nespojivosti sa drugom funkcijom na koju je izabran.<\/p>\n<p>\u0110eka je 24. februara izabran za predsjednika ulcinjske op\u0161tine.<\/p>\n<p>\u0110eka je predsjednik Demokratske partije, koja je zajedno sa Demokratskim savezom i Perspektivom, u\u010destvovala na izborima u Ulcinju i osvojila sedam mandata.<\/p>\n<p>Vlast u Ulcinju formirali su ta koalicija, Forca i Pozitivna Crna Gora, po\u0161to imaju ve\u0107inu od 17 odbornika u lokalnom parlamentu.<\/p>\n<p><strong>Izvor: RTCG<\/strong><\/p>\n","protected":false},"excerpt":{"rendered":"<p>Poslanik Fatmir \u0110eka podnio je ostavku na tu funkciju zbog, kako je obrazlo\u017eio, nespojivosti sa drugom funkcijom na koju je izabran. \u0110eka je 24. februara izabran za predsjednika ulcinjske op\u0161tine. \u0110eka je predsjednik Demokratske partije, koja je zajedno sa Demokratskim savezom i Perspektivom, u\u010destvovala na izborima u Ulcinju i osvojila sedam mandata. Vlast u Ulcinju [&hellip;]<\/p>\n","protected":false},"author":1,"featured_media":0,"comment_status":"closed","ping_status":"closed","sticky":false,"template":"","format":"standard","meta":{"spay_email":"","jetpack_publicize_message":"","jetpack_is_tweetstorm":false,"jetpack_publicize_feature_enabled":true},"categories":[8337],"tags":[],"jetpack_publicize_connections":[],"yoast_head":"<!-- This site is optimized with the Yoast SEO plugin v19.1 - https:\/\/yoast.com\/wordpress\/plugins\/seo\/ -->\n<title>Ulcinj: Fatmir \u0110eka podnio ostavku na funkciju poslanika - Lajme nga Ulqini<\/title>\n<meta name=\"description\" content=\"Poslanik Fatmir \u0110eka podnio je ostavku na tu funkciju zbog, kako je obrazlo\u017eio, nespojivosti sa drugom funkcijom na koju je izabran. \u0110eka je 24. februara\" \/>\n<meta name=\"robots\" content=\"index, follow, max-snippet:-1, max-image-preview:large, max-video-preview:-1\" \/>\n<link rel=\"canonical\" href=\"https:\/\/www.visit-ulcinj.com\/blog\/2014\/02\/27\/ulcinj-fatmir-deka-podnio-ostavku\/\" \/>\n<meta property=\"og:locale\" content=\"en_US\" \/>\n<meta property=\"og:type\" content=\"article\" \/>\n<meta property=\"og:title\" content=\"Ulcinj: Fatmir \u0110eka podnio ostavku na funkciju poslanika - Lajme nga Ulqini\" \/>\n<meta property=\"og:description\" content=\"Poslanik Fatmir \u0110eka podnio je ostavku na tu funkciju zbog, kako je obrazlo\u017eio, nespojivosti sa drugom funkcijom na koju je izabran. \u0110eka je 24. februara\" \/>\n<meta property=\"og:url\" content=\"https:\/\/www.visit-ulcinj.com\/blog\/2014\/02\/27\/ulcinj-fatmir-deka-podnio-ostavku\/\" \/>\n<meta property=\"og:site_name\" content=\"Lajme nga Ulqini\" \/>\n<meta property=\"article:published_time\" content=\"2014-02-27T18:19:43+00:00\" \/>\n<meta property=\"article:modified_time\" content=\"2014-02-27T18:20:03+00:00\" \/>\n<meta property=\"og:image\" content=\"http:\/\/www.visit-ulcinj.com\/blog\/wp-content\/uploads\/2014\/02\/Fatmir-Gjeka-Ulqin.jpg\" \/>\n<meta name=\"twitter:label1\" content=\"Written by\" \/>\n\t<meta name=\"twitter:data1\" content=\"ulqini\" \/>\n<script type=\"application\/ld+json\" class=\"yoast-schema-graph\">{\"@context\":\"https:\/\/schema.org\",\"@graph\":[{\"@type\":\"WebSite\",\"@id\":\"https:\/\/www.visit-ulcinj.com\/blog\/#website\",\"url\":\"https:\/\/www.visit-ulcinj.com\/blog\/\",\"name\":\"Lajme nga Ulqini\",\"description\":\"Lajme,Vijesti,Ulqini,Ulqin,Crna Gora,Mali i Zi\",\"potentialAction\":[{\"@type\":\"SearchAction\",\"target\":{\"@type\":\"EntryPoint\",\"urlTemplate\":\"https:\/\/www.visit-ulcinj.com\/blog\/?s={search_term_string}\"},\"query-input\":\"required name=search_term_string\"}],\"inLanguage\":\"en-US\"},{\"@type\":\"ImageObject\",\"inLanguage\":\"en-US\",\"@id\":\"https:\/\/www.visit-ulcinj.com\/blog\/2014\/02\/27\/ulcinj-fatmir-deka-podnio-ostavku\/#primaryimage\",\"url\":\"https:\/\/www.visit-ulcinj.com\/blog\/wp-content\/uploads\/2014\/02\/Fatmir-Gjeka-Ulqin.jpg\",\"contentUrl\":\"https:\/\/www.visit-ulcinj.com\/blog\/wp-content\/uploads\/2014\/02\/Fatmir-Gjeka-Ulqin.jpg\",\"width\":900,\"height\":598},{\"@type\":\"WebPage\",\"@id\":\"https:\/\/www.visit-ulcinj.com\/blog\/2014\/02\/27\/ulcinj-fatmir-deka-podnio-ostavku\/#webpage\",\"url\":\"https:\/\/www.visit-ulcinj.com\/blog\/2014\/02\/27\/ulcinj-fatmir-deka-podnio-ostavku\/\",\"name\":\"Ulcinj: Fatmir \u0110eka podnio ostavku na funkciju poslanika - Lajme nga Ulqini\",\"isPartOf\":{\"@id\":\"https:\/\/www.visit-ulcinj.com\/blog\/#website\"},\"primaryImageOfPage\":{\"@id\":\"https:\/\/www.visit-ulcinj.com\/blog\/2014\/02\/27\/ulcinj-fatmir-deka-podnio-ostavku\/#primaryimage\"},\"datePublished\":\"2014-02-27T18:19:43+00:00\",\"dateModified\":\"2014-02-27T18:20:03+00:00\",\"author\":{\"@id\":\"https:\/\/www.visit-ulcinj.com\/blog\/#\/schema\/person\/dcab619c614d3038751c63bc2aadc06d\"},\"description\":\"Poslanik Fatmir \u0110eka podnio je ostavku na tu funkciju zbog, kako je obrazlo\u017eio, nespojivosti sa drugom funkcijom na koju je izabran. \u0110eka je 24. februara\",\"breadcrumb\":{\"@id\":\"https:\/\/www.visit-ulcinj.com\/blog\/2014\/02\/27\/ulcinj-fatmir-deka-podnio-ostavku\/#breadcrumb\"},\"inLanguage\":\"en-US\",\"potentialAction\":[{\"@type\":\"ReadAction\",\"target\":[\"https:\/\/www.visit-ulcinj.com\/blog\/2014\/02\/27\/ulcinj-fatmir-deka-podnio-ostavku\/\"]}]},{\"@type\":\"BreadcrumbList\",\"@id\":\"https:\/\/www.visit-ulcinj.com\/blog\/2014\/02\/27\/ulcinj-fatmir-deka-podnio-ostavku\/#breadcrumb\",\"itemListElement\":[{\"@type\":\"ListItem\",\"position\":1,\"name\":\"Ulcinj: Fatmir \u0110eka podnio ostavku na funkciju poslanika\"}]},{\"@type\":\"Person\",\"@id\":\"https:\/\/www.visit-ulcinj.com\/blog\/#\/schema\/person\/dcab619c614d3038751c63bc2aadc06d\",\"name\":\"ulqini\",\"sameAs\":[\"http:\/\/www.visit-ulcinj.com\"],\"url\":\"https:\/\/www.visit-ulcinj.com\/blog\/author\/admin\/\"}]}<\/script>\n<!-- \/ Yoast SEO plugin. -->","yoast_head_json":{"title":"Ulcinj: Fatmir \u0110eka podnio ostavku na funkciju poslanika - Lajme nga Ulqini","description":"Poslanik Fatmir \u0110eka podnio je ostavku na tu funkciju zbog, kako je obrazlo\u017eio, nespojivosti sa drugom funkcijom na koju je izabran. \u0110eka je 24. februara","robots":{"index":"index","follow":"follow","max-snippet":"max-snippet:-1","max-image-preview":"max-image-preview:large","max-video-preview":"max-video-preview:-1"},"canonical":"https:\/\/www.visit-ulcinj.com\/blog\/2014\/02\/27\/ulcinj-fatmir-deka-podnio-ostavku\/","og_locale":"en_US","og_type":"article","og_title":"Ulcinj: Fatmir \u0110eka podnio ostavku na funkciju poslanika - Lajme nga Ulqini","og_description":"Poslanik Fatmir \u0110eka podnio je ostavku na tu funkciju zbog, kako je obrazlo\u017eio, nespojivosti sa drugom funkcijom na koju je izabran. \u0110eka je 24. februara","og_url":"https:\/\/www.visit-ulcinj.com\/blog\/2014\/02\/27\/ulcinj-fatmir-deka-podnio-ostavku\/","og_site_name":"Lajme nga Ulqini","article_published_time":"2014-02-27T18:19:43+00:00","article_modified_time":"2014-02-27T18:20:03+00:00","og_image":[{"url":"http:\/\/www.visit-ulcinj.com\/blog\/wp-content\/uploads\/2014\/02\/Fatmir-Gjeka-Ulqin.jpg"}],"twitter_misc":{"Written by":"ulqini"},"schema":{"@context":"https:\/\/schema.org","@graph":[{"@type":"WebSite","@id":"https:\/\/www.visit-ulcinj.com\/blog\/#website","url":"https:\/\/www.visit-ulcinj.com\/blog\/","name":"Lajme nga Ulqini","description":"Lajme,Vijesti,Ulqini,Ulqin,Crna Gora,Mali i Zi","potentialAction":[{"@type":"SearchAction","target":{"@type":"EntryPoint","urlTemplate":"https:\/\/www.visit-ulcinj.com\/blog\/?s={search_term_string}"},"query-input":"required name=search_term_string"}],"inLanguage":"en-US"},{"@type":"ImageObject","inLanguage":"en-US","@id":"https:\/\/www.visit-ulcinj.com\/blog\/2014\/02\/27\/ulcinj-fatmir-deka-podnio-ostavku\/#primaryimage","url":"https:\/\/www.visit-ulcinj.com\/blog\/wp-content\/uploads\/2014\/02\/Fatmir-Gjeka-Ulqin.jpg","contentUrl":"https:\/\/www.visit-ulcinj.com\/blog\/wp-content\/uploads\/2014\/02\/Fatmir-Gjeka-Ulqin.jpg","width":900,"height":598},{"@type":"WebPage","@id":"https:\/\/www.visit-ulcinj.com\/blog\/2014\/02\/27\/ulcinj-fatmir-deka-podnio-ostavku\/#webpage","url":"https:\/\/www.visit-ulcinj.com\/blog\/2014\/02\/27\/ulcinj-fatmir-deka-podnio-ostavku\/","name":"Ulcinj: Fatmir \u0110eka podnio ostavku na funkciju poslanika - Lajme nga Ulqini","isPartOf":{"@id":"https:\/\/www.visit-ulcinj.com\/blog\/#website"},"primaryImageOfPage":{"@id":"https:\/\/www.visit-ulcinj.com\/blog\/2014\/02\/27\/ulcinj-fatmir-deka-podnio-ostavku\/#primaryimage"},"datePublished":"2014-02-27T18:19:43+00:00","dateModified":"2014-02-27T18:20:03+00:00","author":{"@id":"https:\/\/www.visit-ulcinj.com\/blog\/#\/schema\/person\/dcab619c614d3038751c63bc2aadc06d"},"description":"Poslanik Fatmir \u0110eka podnio je ostavku na tu funkciju zbog, kako je obrazlo\u017eio, nespojivosti sa drugom funkcijom na koju je izabran. \u0110eka je 24. februara","breadcrumb":{"@id":"https:\/\/www.visit-ulcinj.com\/blog\/2014\/02\/27\/ulcinj-fatmir-deka-podnio-ostavku\/#breadcrumb"},"inLanguage":"en-US","potentialAction":[{"@type":"ReadAction","target":["https:\/\/www.visit-ulcinj.com\/blog\/2014\/02\/27\/ulcinj-fatmir-deka-podnio-ostavku\/"]}]},{"@type":"BreadcrumbList","@id":"https:\/\/www.visit-ulcinj.com\/blog\/2014\/02\/27\/ulcinj-fatmir-deka-podnio-ostavku\/#breadcrumb","itemListElement":[{"@type":"ListItem","position":1,"name":"Ulcinj: Fatmir \u0110eka podnio ostavku na funkciju poslanika"}]},{"@type":"Person","@id":"https:\/\/www.visit-ulcinj.com\/blog\/#\/schema\/person\/dcab619c614d3038751c63bc2aadc06d","name":"ulqini","sameAs":["http:\/\/www.visit-ulcinj.com"],"url":"https:\/\/www.visit-ulcinj.com\/blog\/author\/admin\/"}]}},"jetpack_featured_media_url":"","jetpack_sharing_enabled":true,"jetpack_shortlink":"https:\/\/wp.me\/pe6lTn-kQq","_links":{"self":[{"href":"https:\/\/www.visit-ulcinj.com\/blog\/wp-json\/wp\/v2\/posts\/80130"}],"collection":[{"href":"https:\/\/www.visit-ulcinj.com\/blog\/wp-json\/wp\/v2\/posts"}],"about":[{"href":"https:\/\/www.visit-ulcinj.com\/blog\/wp-json\/wp\/v2\/types\/post"}],"author":[{"embeddable":true,"href":"https:\/\/www.visit-ulcinj.com\/blog\/wp-json\/wp\/v2\/users\/1"}],"replies":[{"embeddable":true,"href":"https:\/\/www.visit-ulcinj.com\/blog\/wp-json\/wp\/v2\/comments?post=80130"}],"version-history":[{"count":2,"href":"https:\/\/www.visit-ulcinj.com\/blog\/wp-json\/wp\/v2\/posts\/80130\/revisions"}],"predecessor-version":[{"id":80133,"href":"https:\/\/www.visit-ulcinj.com\/blog\/wp-json\/wp\/v2\/posts\/80130\/revisions\/80133"}],"wp:attachment":[{"href":"https:\/\/www.visit-ulcinj.com\/blog\/wp-json\/wp\/v2\/media?parent=80130"}],"wp:term":[{"taxonomy":"category","embeddable":true,"href":"https:\/\/www.visit-ulcinj.com\/blog\/wp-json\/wp\/v2\/categories?post=80130"},{"taxonomy":"post_tag","embeddable":true,"href":"https:\/\/www.visit-ulcinj.com\/blog\/wp-json\/wp\/v2\/tags?post=80130"}],"curies":[{"name":"wp","href":"https:\/\/api.w.org\/{rel}","templated":true}]}}