{"id":80134,"date":"2014-02-27T17:08:38","date_gmt":"2014-02-27T16:08:38","guid":{"rendered":"http:\/\/www.visit-ulcinj.com\/blog\/?p=80134"},"modified":"2014-03-02T09:57:50","modified_gmt":"2014-03-02T08:57:50","slug":"170-kucica-na-adi-bojani-bez-ugovora","status":"publish","type":"post","link":"https:\/\/www.visit-ulcinj.com\/blog\/2014\/02\/27\/170-kucica-na-adi-bojani-bez-ugovora\/","title":{"rendered":"170 ku\u0107ica na Adi Bojani bez ugovora &#8211; TV Teuta"},"content":{"rendered":"<div id=\"article_text\">\n<p><a href=\"http:\/\/www.visit-ulcinj.com\/blog\/wp-content\/uploads\/2008\/09\/ada-bojana-ulcinj6.jpg\"><img loading=\"lazy\" class=\"alignleft  wp-image-2945\" alt=\"ada-bojana-ulcinj6\" src=\"http:\/\/www.visit-ulcinj.com\/blog\/wp-content\/uploads\/2008\/09\/ada-bojana-ulcinj6.jpg\" width=\"508\" height=\"360\" \/><\/a>Oko 170 vlasnika ku\u0107ica i vikendica na Adi Bojani, koji nijesu zaklju\u010dili ugovor sa JP \u201cMorsko dobro\u201d u ponedjeljak, 3. marta, na\u0107i \u0107e se na udaru inspektora za\u0161tite prostora.<\/p>\n<p>\u201c&#8217;Morsko dobro&#8217; je evidentiralo vlasnike koji nijesu zaklju\u010dili ugovor i o tome obavijestilo Upravu za inspekcijske poslove. Dobili smo informaciju da \u0107e inspektori na teren iza\u0107i u ponedjeljak\u201d, Saznaju \u201cVijesti\u201d u \u201cMorskom dobru\u201d.<\/p>\n<p>Na obalama Bojane postoji oko 430 ku\u0107ica i vikendica, ali je samo 260 vlasnika zaklju\u010dilo obavezuju\u0107i ugovor o kori\u0161\u0107enju dr\u017eavnog zemlji\u0161ta. Prema cjenovniku, vlasnici objekata do 30m2 pla\u0107aju 10 eura po kvadratu i to u JP ra\u010dunaju kao ustupak ribarima koji na obalama Bojane imaju ku\u0107ice za svoje potrebe. Za objekte od 30m2 do 60m2, treba izdvojiti 15 eura po kvadratu, od 60m2 do 100m2 25 a preko 100m2 35 eura. Za kvadrat terase vlasnici pla\u0107aju \u010detiri eura po kvadratu, a za kvadrat dvori\u0161ta, jedan euro.<\/p>\n<p>Svi objekti na obalama Bojane, ra\u010dunaju\u0107i i ekskluzivne restorane, privremenog su karaktera. Imperativni ugovori, koji datiraju od prije nekoliko godina, odgovor su dr\u017eave na ekspanziju divlje gradnje koje od tada u tom dijelu Ulcinja, uglavnom nema, osim sporadi\u010dnih slu\u010dajeva.<\/p>\n<p><strong>Samir Adrovi\u0107<\/strong><\/p>\n<p><strong>Izvor: Vijesti Online<\/strong><\/p>\n<!--YouTube Error: bad URL entered-->\n<p>&nbsp;<\/p>\n<\/div>\n","protected":false},"excerpt":{"rendered":"<p>Oko 170 vlasnika ku\u0107ica i vikendica na Adi Bojani, koji nijesu zaklju\u010dili ugovor sa JP \u201cMorsko dobro\u201d u ponedjeljak, 3. marta, na\u0107i \u0107e se na udaru inspektora za\u0161tite prostora. \u201c&#8217;Morsko dobro&#8217; je evidentiralo vlasnike koji nijesu zaklju\u010dili ugovor i o tome obavijestilo Upravu za inspekcijske poslove. Dobili smo informaciju da \u0107e inspektori na teren iza\u0107i [&hellip;]<\/p>\n","protected":false},"author":1,"featured_media":0,"comment_status":"closed","ping_status":"closed","sticky":false,"template":"","format":"standard","meta":{"spay_email":"","jetpack_publicize_message":"","jetpack_is_tweetstorm":false,"jetpack_publicize_feature_enabled":true},"categories":[6950],"tags":[],"jetpack_publicize_connections":[],"yoast_head":"<!-- This site is optimized with the Yoast SEO plugin v19.1 - https:\/\/yoast.com\/wordpress\/plugins\/seo\/ -->\n<title>170 ku\u0107ica na Adi Bojani bez ugovora - TV Teuta - Lajme nga Ulqini<\/title>\n<meta name=\"description\" content=\"Oko 170 vlasnika ku\u0107ica i vikendica na Adi Bojani, koji nijesu zaklju\u010dili ugovor sa JP \u201cMorsko dobro\u201d u ponedjeljak, 3. marta, na\u0107i \u0107e se na udaru\" \/>\n<meta name=\"robots\" content=\"index, follow, max-snippet:-1, max-image-preview:large, max-video-preview:-1\" \/>\n<link rel=\"canonical\" href=\"https:\/\/www.visit-ulcinj.com\/blog\/2014\/02\/27\/170-kucica-na-adi-bojani-bez-ugovora\/\" \/>\n<meta property=\"og:locale\" content=\"en_US\" \/>\n<meta property=\"og:type\" content=\"article\" \/>\n<meta property=\"og:title\" content=\"170 ku\u0107ica na Adi Bojani bez ugovora - TV Teuta - Lajme nga Ulqini\" \/>\n<meta property=\"og:description\" content=\"Oko 170 vlasnika ku\u0107ica i vikendica na Adi Bojani, koji nijesu zaklju\u010dili ugovor sa JP \u201cMorsko dobro\u201d u ponedjeljak, 3. marta, na\u0107i \u0107e se na udaru\" \/>\n<meta property=\"og:url\" content=\"https:\/\/www.visit-ulcinj.com\/blog\/2014\/02\/27\/170-kucica-na-adi-bojani-bez-ugovora\/\" \/>\n<meta property=\"og:site_name\" content=\"Lajme nga Ulqini\" \/>\n<meta property=\"article:published_time\" content=\"2014-02-27T16:08:38+00:00\" \/>\n<meta property=\"article:modified_time\" content=\"2014-03-02T08:57:50+00:00\" \/>\n<meta property=\"og:image\" content=\"http:\/\/www.visit-ulcinj.com\/blog\/wp-content\/uploads\/2008\/09\/ada-bojana-ulcinj6.jpg\" \/>\n<meta name=\"twitter:label1\" content=\"Written by\" \/>\n\t<meta name=\"twitter:data1\" content=\"ulqini\" \/>\n\t<meta name=\"twitter:label2\" content=\"Est. reading time\" \/>\n\t<meta name=\"twitter:data2\" content=\"1 minute\" \/>\n<script type=\"application\/ld+json\" class=\"yoast-schema-graph\">{\"@context\":\"https:\/\/schema.org\",\"@graph\":[{\"@type\":\"WebSite\",\"@id\":\"https:\/\/www.visit-ulcinj.com\/blog\/#website\",\"url\":\"https:\/\/www.visit-ulcinj.com\/blog\/\",\"name\":\"Lajme nga Ulqini\",\"description\":\"Lajme,Vijesti,Ulqini,Ulqin,Crna Gora,Mali i Zi\",\"potentialAction\":[{\"@type\":\"SearchAction\",\"target\":{\"@type\":\"EntryPoint\",\"urlTemplate\":\"https:\/\/www.visit-ulcinj.com\/blog\/?s={search_term_string}\"},\"query-input\":\"required name=search_term_string\"}],\"inLanguage\":\"en-US\"},{\"@type\":\"ImageObject\",\"inLanguage\":\"en-US\",\"@id\":\"https:\/\/www.visit-ulcinj.com\/blog\/2014\/02\/27\/170-kucica-na-adi-bojani-bez-ugovora\/#primaryimage\",\"url\":\"http:\/\/www.visit-ulcinj.com\/blog\/wp-content\/uploads\/2008\/09\/ada-bojana-ulcinj6.jpg\",\"contentUrl\":\"http:\/\/www.visit-ulcinj.com\/blog\/wp-content\/uploads\/2008\/09\/ada-bojana-ulcinj6.jpg\"},{\"@type\":\"WebPage\",\"@id\":\"https:\/\/www.visit-ulcinj.com\/blog\/2014\/02\/27\/170-kucica-na-adi-bojani-bez-ugovora\/#webpage\",\"url\":\"https:\/\/www.visit-ulcinj.com\/blog\/2014\/02\/27\/170-kucica-na-adi-bojani-bez-ugovora\/\",\"name\":\"170 ku\u0107ica na Adi Bojani bez ugovora - TV Teuta - Lajme nga Ulqini\",\"isPartOf\":{\"@id\":\"https:\/\/www.visit-ulcinj.com\/blog\/#website\"},\"primaryImageOfPage\":{\"@id\":\"https:\/\/www.visit-ulcinj.com\/blog\/2014\/02\/27\/170-kucica-na-adi-bojani-bez-ugovora\/#primaryimage\"},\"datePublished\":\"2014-02-27T16:08:38+00:00\",\"dateModified\":\"2014-03-02T08:57:50+00:00\",\"author\":{\"@id\":\"https:\/\/www.visit-ulcinj.com\/blog\/#\/schema\/person\/dcab619c614d3038751c63bc2aadc06d\"},\"description\":\"Oko 170 vlasnika ku\u0107ica i vikendica na Adi Bojani, koji nijesu zaklju\u010dili ugovor sa JP \u201cMorsko dobro\u201d u ponedjeljak, 3. marta, na\u0107i \u0107e se na udaru\",\"breadcrumb\":{\"@id\":\"https:\/\/www.visit-ulcinj.com\/blog\/2014\/02\/27\/170-kucica-na-adi-bojani-bez-ugovora\/#breadcrumb\"},\"inLanguage\":\"en-US\",\"potentialAction\":[{\"@type\":\"ReadAction\",\"target\":[\"https:\/\/www.visit-ulcinj.com\/blog\/2014\/02\/27\/170-kucica-na-adi-bojani-bez-ugovora\/\"]}]},{\"@type\":\"BreadcrumbList\",\"@id\":\"https:\/\/www.visit-ulcinj.com\/blog\/2014\/02\/27\/170-kucica-na-adi-bojani-bez-ugovora\/#breadcrumb\",\"itemListElement\":[{\"@type\":\"ListItem\",\"position\":1,\"name\":\"170 ku\u0107ica na Adi Bojani bez ugovora &#8211; TV Teuta\"}]},{\"@type\":\"Person\",\"@id\":\"https:\/\/www.visit-ulcinj.com\/blog\/#\/schema\/person\/dcab619c614d3038751c63bc2aadc06d\",\"name\":\"ulqini\",\"sameAs\":[\"http:\/\/www.visit-ulcinj.com\"],\"url\":\"https:\/\/www.visit-ulcinj.com\/blog\/author\/admin\/\"}]}<\/script>\n<!-- \/ Yoast SEO plugin. -->","yoast_head_json":{"title":"170 ku\u0107ica na Adi Bojani bez ugovora - TV Teuta - Lajme nga Ulqini","description":"Oko 170 vlasnika ku\u0107ica i vikendica na Adi Bojani, koji nijesu zaklju\u010dili ugovor sa JP \u201cMorsko dobro\u201d u ponedjeljak, 3. marta, na\u0107i \u0107e se na udaru","robots":{"index":"index","follow":"follow","max-snippet":"max-snippet:-1","max-image-preview":"max-image-preview:large","max-video-preview":"max-video-preview:-1"},"canonical":"https:\/\/www.visit-ulcinj.com\/blog\/2014\/02\/27\/170-kucica-na-adi-bojani-bez-ugovora\/","og_locale":"en_US","og_type":"article","og_title":"170 ku\u0107ica na Adi Bojani bez ugovora - TV Teuta - Lajme nga Ulqini","og_description":"Oko 170 vlasnika ku\u0107ica i vikendica na Adi Bojani, koji nijesu zaklju\u010dili ugovor sa JP \u201cMorsko dobro\u201d u ponedjeljak, 3. marta, na\u0107i \u0107e se na udaru","og_url":"https:\/\/www.visit-ulcinj.com\/blog\/2014\/02\/27\/170-kucica-na-adi-bojani-bez-ugovora\/","og_site_name":"Lajme nga Ulqini","article_published_time":"2014-02-27T16:08:38+00:00","article_modified_time":"2014-03-02T08:57:50+00:00","og_image":[{"url":"http:\/\/www.visit-ulcinj.com\/blog\/wp-content\/uploads\/2008\/09\/ada-bojana-ulcinj6.jpg"}],"twitter_misc":{"Written by":"ulqini","Est. reading time":"1 minute"},"schema":{"@context":"https:\/\/schema.org","@graph":[{"@type":"WebSite","@id":"https:\/\/www.visit-ulcinj.com\/blog\/#website","url":"https:\/\/www.visit-ulcinj.com\/blog\/","name":"Lajme nga Ulqini","description":"Lajme,Vijesti,Ulqini,Ulqin,Crna Gora,Mali i Zi","potentialAction":[{"@type":"SearchAction","target":{"@type":"EntryPoint","urlTemplate":"https:\/\/www.visit-ulcinj.com\/blog\/?s={search_term_string}"},"query-input":"required name=search_term_string"}],"inLanguage":"en-US"},{"@type":"ImageObject","inLanguage":"en-US","@id":"https:\/\/www.visit-ulcinj.com\/blog\/2014\/02\/27\/170-kucica-na-adi-bojani-bez-ugovora\/#primaryimage","url":"http:\/\/www.visit-ulcinj.com\/blog\/wp-content\/uploads\/2008\/09\/ada-bojana-ulcinj6.jpg","contentUrl":"http:\/\/www.visit-ulcinj.com\/blog\/wp-content\/uploads\/2008\/09\/ada-bojana-ulcinj6.jpg"},{"@type":"WebPage","@id":"https:\/\/www.visit-ulcinj.com\/blog\/2014\/02\/27\/170-kucica-na-adi-bojani-bez-ugovora\/#webpage","url":"https:\/\/www.visit-ulcinj.com\/blog\/2014\/02\/27\/170-kucica-na-adi-bojani-bez-ugovora\/","name":"170 ku\u0107ica na Adi Bojani bez ugovora - TV Teuta - Lajme nga Ulqini","isPartOf":{"@id":"https:\/\/www.visit-ulcinj.com\/blog\/#website"},"primaryImageOfPage":{"@id":"https:\/\/www.visit-ulcinj.com\/blog\/2014\/02\/27\/170-kucica-na-adi-bojani-bez-ugovora\/#primaryimage"},"datePublished":"2014-02-27T16:08:38+00:00","dateModified":"2014-03-02T08:57:50+00:00","author":{"@id":"https:\/\/www.visit-ulcinj.com\/blog\/#\/schema\/person\/dcab619c614d3038751c63bc2aadc06d"},"description":"Oko 170 vlasnika ku\u0107ica i vikendica na Adi Bojani, koji nijesu zaklju\u010dili ugovor sa JP \u201cMorsko dobro\u201d u ponedjeljak, 3. marta, na\u0107i \u0107e se na udaru","breadcrumb":{"@id":"https:\/\/www.visit-ulcinj.com\/blog\/2014\/02\/27\/170-kucica-na-adi-bojani-bez-ugovora\/#breadcrumb"},"inLanguage":"en-US","potentialAction":[{"@type":"ReadAction","target":["https:\/\/www.visit-ulcinj.com\/blog\/2014\/02\/27\/170-kucica-na-adi-bojani-bez-ugovora\/"]}]},{"@type":"BreadcrumbList","@id":"https:\/\/www.visit-ulcinj.com\/blog\/2014\/02\/27\/170-kucica-na-adi-bojani-bez-ugovora\/#breadcrumb","itemListElement":[{"@type":"ListItem","position":1,"name":"170 ku\u0107ica na Adi Bojani bez ugovora &#8211; TV Teuta"}]},{"@type":"Person","@id":"https:\/\/www.visit-ulcinj.com\/blog\/#\/schema\/person\/dcab619c614d3038751c63bc2aadc06d","name":"ulqini","sameAs":["http:\/\/www.visit-ulcinj.com"],"url":"https:\/\/www.visit-ulcinj.com\/blog\/author\/admin\/"}]}},"jetpack_featured_media_url":"","jetpack_sharing_enabled":true,"jetpack_shortlink":"https:\/\/wp.me\/pe6lTn-kQu","_links":{"self":[{"href":"https:\/\/www.visit-ulcinj.com\/blog\/wp-json\/wp\/v2\/posts\/80134"}],"collection":[{"href":"https:\/\/www.visit-ulcinj.com\/blog\/wp-json\/wp\/v2\/posts"}],"about":[{"href":"https:\/\/www.visit-ulcinj.com\/blog\/wp-json\/wp\/v2\/types\/post"}],"author":[{"embeddable":true,"href":"https:\/\/www.visit-ulcinj.com\/blog\/wp-json\/wp\/v2\/users\/1"}],"replies":[{"embeddable":true,"href":"https:\/\/www.visit-ulcinj.com\/blog\/wp-json\/wp\/v2\/comments?post=80134"}],"version-history":[{"count":4,"href":"https:\/\/www.visit-ulcinj.com\/blog\/wp-json\/wp\/v2\/posts\/80134\/revisions"}],"predecessor-version":[{"id":80208,"href":"https:\/\/www.visit-ulcinj.com\/blog\/wp-json\/wp\/v2\/posts\/80134\/revisions\/80208"}],"wp:attachment":[{"href":"https:\/\/www.visit-ulcinj.com\/blog\/wp-json\/wp\/v2\/media?parent=80134"}],"wp:term":[{"taxonomy":"category","embeddable":true,"href":"https:\/\/www.visit-ulcinj.com\/blog\/wp-json\/wp\/v2\/categories?post=80134"},{"taxonomy":"post_tag","embeddable":true,"href":"https:\/\/www.visit-ulcinj.com\/blog\/wp-json\/wp\/v2\/tags?post=80134"}],"curies":[{"name":"wp","href":"https:\/\/api.w.org\/{rel}","templated":true}]}}