{"id":8014,"date":"2009-01-02T15:19:36","date_gmt":"2009-01-02T14:19:36","guid":{"rendered":"http:\/\/www.visit-ulcinj.com\/blog\/?p=8014"},"modified":"2009-01-02T15:19:36","modified_gmt":"2009-01-02T14:19:36","slug":"protesa-palestineze-kunder-sulmeve","status":"publish","type":"post","link":"https:\/\/www.visit-ulcinj.com\/blog\/2009\/01\/02\/protesa-palestineze-kunder-sulmeve\/","title":{"rendered":"Protesa palestineze kund\u00ebr sulmeve"},"content":{"rendered":"<p><img loading=\"lazy\" class=\"alignleft size-full wp-image-8015\" title=\"protesa-palestineze-kunder-sulmeve\" src=\"http:\/\/www.visit-ulcinj.com\/blog\/wp-content\/uploads\/2009\/01\/protesa-palestineze-kunder-sulmeve.jpg\" alt=\"protesa-palestineze-kunder-sulmeve\" width=\"370\" height=\"277\" \/>Mij\u00ebra palestinez\u00eb kan\u00eb marr\u00eb pjes\u00eb n\u00eb demonstrata n\u00eb Bregun Per\u00ebndimor n\u00eb p\u00ebrgjigje t\u00eb thirrjes s\u00eb Hamasit ndaj sulmeve izraelite n\u00eb Gaza.<br \/>\nKorrespondenti i BBC-s\u00eb n\u00eb Ramallah thot\u00eb se protestuesit po e drejtojn\u00eb zem\u00ebrimin jo vet\u00ebm ndaj Izraelit por edhe qeverive arabe q\u00eb kan\u00eb d\u00ebshtuar t\u00eb ndalojn\u00eb sulmet n\u00eb Gaza.<br \/>\nDisa nga protestuesit gjithashtu akuzuan presidentin palestinez, Mahmud Abbas se nuk po ngrihej n\u00eb mbrojtje t\u00eb popullit t\u00eb Gaz\u00ebs.<br \/>\nN\u00eb Jeruzalemin lindor, t\u00eb rinj palestinez\u00eb q\u00eblluan ne gur\u00eb forcat izraelite t\u00eb siguris\u00eb q\u00eb u p\u00ebrgjigj\u00ebn me gaz lotsjell\u00ebs.<br \/>\nBurime mjek\u00ebsore thon\u00eb se numri i t\u00eb vrar\u00ebve n\u00eb Gaza \u00ebsht\u00eb mbi 400.<br \/>\nN\u00eb incidentet m\u00eb t\u00eb fundit, avion\u00ebt izraelit\u00eb shkat\u00ebrruan nj\u00eb xhami dhe disa sht\u00ebpi q\u00eb i p\u00ebrkasin krahut ushtarak t\u00eb Hamasit<br \/>\nNd\u00ebrkoh\u00eb rreth 100 vet\u00eb me pasaporta t\u00eb huaja, kryesisht gra t\u00eb martuara me palestinez\u00eb dhe f\u00ebmij\u00ebt e tyre jan\u00eb lejuar nga Izraeli q\u00eb t\u00eb largohen nga Gaza.<br \/>\nPas gjasht\u00eb net\u00ebve t\u00eb bombardimeve nga ajri, Izraeli thot\u00eb se fushata e tij ushtarake, e provokuar nga sulmet palestineze me raketa, po shkon sipas planit.<br \/>\nAutoritetet e kan\u00eb p\u00ebrjashtuar mund\u00ebsin\u00eb e arm\u00ebpushimit.<br \/>\nTrupat dhe tanket izraelite vazhdojn\u00eb t\u00eb jen\u00eb t\u00eb p\u00ebrqendruara n\u00eb kufi.<br \/>\nKorrespondentja e BBC-s\u00eb n\u00eb Jeruzalem, Katia Adler, thot\u00eb se Izraeli gjithmon\u00eb i forcon masat e siguris\u00eb t\u00eb premteve, dit\u00ebn e dit\u00ebn e lutjeve t\u00eb besimtar\u00ebve mysliman\u00eb, n\u00eb periudha t\u00eb tensionuara.<br \/>\n<strong>BBC<\/strong><\/p>\n<p>[flv]http:\/\/shqiphost3.top-channel.tv\/18754796\/flv\/kronika\/situatagaza.flv[\/flv]<\/p>\n<p><strong>Top Channel<\/strong><\/p>\n","protected":false},"excerpt":{"rendered":"<p>Mij\u00ebra palestinez\u00eb kan\u00eb marr\u00eb pjes\u00eb n\u00eb demonstrata n\u00eb Bregun Per\u00ebndimor n\u00eb p\u00ebrgjigje t\u00eb thirrjes s\u00eb Hamasit ndaj sulmeve izraelite n\u00eb Gaza. Korrespondenti i BBC-s\u00eb n\u00eb Ramallah thot\u00eb se protestuesit po e drejtojn\u00eb zem\u00ebrimin jo vet\u00ebm ndaj Izraelit por edhe qeverive arabe q\u00eb kan\u00eb d\u00ebshtuar t\u00eb ndalojn\u00eb sulmet n\u00eb Gaza. Disa nga protestuesit gjithashtu akuzuan presidentin [&hellip;]<\/p>\n","protected":false},"author":1,"featured_media":0,"comment_status":"open","ping_status":"closed","sticky":false,"template":"","format":"standard","meta":{"spay_email":"","jetpack_publicize_message":"","jetpack_is_tweetstorm":false,"jetpack_publicize_feature_enabled":true},"categories":[7],"tags":[5464,5469,5558,5559],"jetpack_publicize_connections":[],"yoast_head":"<!-- This site is optimized with the Yoast SEO plugin v19.1 - https:\/\/yoast.com\/wordpress\/plugins\/seo\/ -->\n<title>Protesa palestineze kund\u00ebr sulmeve - Lajme nga Ulqini<\/title>\n<meta name=\"description\" content=\"Mij\u00ebra palestinez\u00eb kan\u00eb marr\u00eb pjes\u00eb n\u00eb demonstrata n\u00eb Bregun Per\u00ebndimor n\u00eb p\u00ebrgjigje t\u00eb thirrjes s\u00eb Hamasit ndaj sulmeve izraelite n\u00eb Gaza. Korrespondenti\" \/>\n<meta name=\"robots\" content=\"index, follow, max-snippet:-1, max-image-preview:large, max-video-preview:-1\" \/>\n<link rel=\"canonical\" href=\"https:\/\/www.visit-ulcinj.com\/blog\/2009\/01\/02\/protesa-palestineze-kunder-sulmeve\/\" \/>\n<meta property=\"og:locale\" content=\"en_US\" \/>\n<meta property=\"og:type\" content=\"article\" \/>\n<meta property=\"og:title\" content=\"Protesa palestineze kund\u00ebr sulmeve - Lajme nga Ulqini\" \/>\n<meta property=\"og:description\" content=\"Mij\u00ebra palestinez\u00eb kan\u00eb marr\u00eb pjes\u00eb n\u00eb demonstrata n\u00eb Bregun Per\u00ebndimor n\u00eb p\u00ebrgjigje t\u00eb thirrjes s\u00eb Hamasit ndaj sulmeve izraelite n\u00eb Gaza. Korrespondenti\" \/>\n<meta property=\"og:url\" content=\"https:\/\/www.visit-ulcinj.com\/blog\/2009\/01\/02\/protesa-palestineze-kunder-sulmeve\/\" \/>\n<meta property=\"og:site_name\" content=\"Lajme nga Ulqini\" \/>\n<meta property=\"article:published_time\" content=\"2009-01-02T14:19:36+00:00\" \/>\n<meta property=\"og:image\" content=\"http:\/\/www.visit-ulcinj.com\/blog\/wp-content\/uploads\/2009\/01\/protesa-palestineze-kunder-sulmeve.jpg\" \/>\n<meta name=\"twitter:label1\" content=\"Written by\" \/>\n\t<meta name=\"twitter:data1\" content=\"ulqini\" \/>\n\t<meta name=\"twitter:label2\" content=\"Est. reading time\" \/>\n\t<meta name=\"twitter:data2\" content=\"1 minute\" \/>\n<script type=\"application\/ld+json\" class=\"yoast-schema-graph\">{\"@context\":\"https:\/\/schema.org\",\"@graph\":[{\"@type\":\"WebSite\",\"@id\":\"https:\/\/www.visit-ulcinj.com\/blog\/#website\",\"url\":\"https:\/\/www.visit-ulcinj.com\/blog\/\",\"name\":\"Lajme nga Ulqini\",\"description\":\"Lajme,Vijesti,Ulqini,Ulqin,Crna Gora,Mali i Zi\",\"potentialAction\":[{\"@type\":\"SearchAction\",\"target\":{\"@type\":\"EntryPoint\",\"urlTemplate\":\"https:\/\/www.visit-ulcinj.com\/blog\/?s={search_term_string}\"},\"query-input\":\"required name=search_term_string\"}],\"inLanguage\":\"en-US\"},{\"@type\":\"ImageObject\",\"inLanguage\":\"en-US\",\"@id\":\"https:\/\/www.visit-ulcinj.com\/blog\/2009\/01\/02\/protesa-palestineze-kunder-sulmeve\/#primaryimage\",\"url\":\"http:\/\/www.visit-ulcinj.com\/blog\/wp-content\/uploads\/2009\/01\/protesa-palestineze-kunder-sulmeve.jpg\",\"contentUrl\":\"http:\/\/www.visit-ulcinj.com\/blog\/wp-content\/uploads\/2009\/01\/protesa-palestineze-kunder-sulmeve.jpg\"},{\"@type\":\"WebPage\",\"@id\":\"https:\/\/www.visit-ulcinj.com\/blog\/2009\/01\/02\/protesa-palestineze-kunder-sulmeve\/#webpage\",\"url\":\"https:\/\/www.visit-ulcinj.com\/blog\/2009\/01\/02\/protesa-palestineze-kunder-sulmeve\/\",\"name\":\"Protesa palestineze kund\u00ebr sulmeve - Lajme nga Ulqini\",\"isPartOf\":{\"@id\":\"https:\/\/www.visit-ulcinj.com\/blog\/#website\"},\"primaryImageOfPage\":{\"@id\":\"https:\/\/www.visit-ulcinj.com\/blog\/2009\/01\/02\/protesa-palestineze-kunder-sulmeve\/#primaryimage\"},\"datePublished\":\"2009-01-02T14:19:36+00:00\",\"dateModified\":\"2009-01-02T14:19:36+00:00\",\"author\":{\"@id\":\"https:\/\/www.visit-ulcinj.com\/blog\/#\/schema\/person\/dcab619c614d3038751c63bc2aadc06d\"},\"description\":\"Mij\u00ebra palestinez\u00eb kan\u00eb marr\u00eb pjes\u00eb n\u00eb demonstrata n\u00eb Bregun Per\u00ebndimor n\u00eb p\u00ebrgjigje t\u00eb thirrjes s\u00eb Hamasit ndaj sulmeve izraelite n\u00eb Gaza. Korrespondenti\",\"breadcrumb\":{\"@id\":\"https:\/\/www.visit-ulcinj.com\/blog\/2009\/01\/02\/protesa-palestineze-kunder-sulmeve\/#breadcrumb\"},\"inLanguage\":\"en-US\",\"potentialAction\":[{\"@type\":\"ReadAction\",\"target\":[\"https:\/\/www.visit-ulcinj.com\/blog\/2009\/01\/02\/protesa-palestineze-kunder-sulmeve\/\"]}]},{\"@type\":\"BreadcrumbList\",\"@id\":\"https:\/\/www.visit-ulcinj.com\/blog\/2009\/01\/02\/protesa-palestineze-kunder-sulmeve\/#breadcrumb\",\"itemListElement\":[{\"@type\":\"ListItem\",\"position\":1,\"name\":\"Protesa palestineze kund\u00ebr sulmeve\"}]},{\"@type\":\"Person\",\"@id\":\"https:\/\/www.visit-ulcinj.com\/blog\/#\/schema\/person\/dcab619c614d3038751c63bc2aadc06d\",\"name\":\"ulqini\",\"sameAs\":[\"http:\/\/www.visit-ulcinj.com\"],\"url\":\"https:\/\/www.visit-ulcinj.com\/blog\/author\/admin\/\"}]}<\/script>\n<!-- \/ Yoast SEO plugin. -->","yoast_head_json":{"title":"Protesa palestineze kund\u00ebr sulmeve - Lajme nga Ulqini","description":"Mij\u00ebra palestinez\u00eb kan\u00eb marr\u00eb pjes\u00eb n\u00eb demonstrata n\u00eb Bregun Per\u00ebndimor n\u00eb p\u00ebrgjigje t\u00eb thirrjes s\u00eb Hamasit ndaj sulmeve izraelite n\u00eb Gaza. Korrespondenti","robots":{"index":"index","follow":"follow","max-snippet":"max-snippet:-1","max-image-preview":"max-image-preview:large","max-video-preview":"max-video-preview:-1"},"canonical":"https:\/\/www.visit-ulcinj.com\/blog\/2009\/01\/02\/protesa-palestineze-kunder-sulmeve\/","og_locale":"en_US","og_type":"article","og_title":"Protesa palestineze kund\u00ebr sulmeve - Lajme nga Ulqini","og_description":"Mij\u00ebra palestinez\u00eb kan\u00eb marr\u00eb pjes\u00eb n\u00eb demonstrata n\u00eb Bregun Per\u00ebndimor n\u00eb p\u00ebrgjigje t\u00eb thirrjes s\u00eb Hamasit ndaj sulmeve izraelite n\u00eb Gaza. Korrespondenti","og_url":"https:\/\/www.visit-ulcinj.com\/blog\/2009\/01\/02\/protesa-palestineze-kunder-sulmeve\/","og_site_name":"Lajme nga Ulqini","article_published_time":"2009-01-02T14:19:36+00:00","og_image":[{"url":"http:\/\/www.visit-ulcinj.com\/blog\/wp-content\/uploads\/2009\/01\/protesa-palestineze-kunder-sulmeve.jpg"}],"twitter_misc":{"Written by":"ulqini","Est. reading time":"1 minute"},"schema":{"@context":"https:\/\/schema.org","@graph":[{"@type":"WebSite","@id":"https:\/\/www.visit-ulcinj.com\/blog\/#website","url":"https:\/\/www.visit-ulcinj.com\/blog\/","name":"Lajme nga Ulqini","description":"Lajme,Vijesti,Ulqini,Ulqin,Crna Gora,Mali i Zi","potentialAction":[{"@type":"SearchAction","target":{"@type":"EntryPoint","urlTemplate":"https:\/\/www.visit-ulcinj.com\/blog\/?s={search_term_string}"},"query-input":"required name=search_term_string"}],"inLanguage":"en-US"},{"@type":"ImageObject","inLanguage":"en-US","@id":"https:\/\/www.visit-ulcinj.com\/blog\/2009\/01\/02\/protesa-palestineze-kunder-sulmeve\/#primaryimage","url":"http:\/\/www.visit-ulcinj.com\/blog\/wp-content\/uploads\/2009\/01\/protesa-palestineze-kunder-sulmeve.jpg","contentUrl":"http:\/\/www.visit-ulcinj.com\/blog\/wp-content\/uploads\/2009\/01\/protesa-palestineze-kunder-sulmeve.jpg"},{"@type":"WebPage","@id":"https:\/\/www.visit-ulcinj.com\/blog\/2009\/01\/02\/protesa-palestineze-kunder-sulmeve\/#webpage","url":"https:\/\/www.visit-ulcinj.com\/blog\/2009\/01\/02\/protesa-palestineze-kunder-sulmeve\/","name":"Protesa palestineze kund\u00ebr sulmeve - Lajme nga Ulqini","isPartOf":{"@id":"https:\/\/www.visit-ulcinj.com\/blog\/#website"},"primaryImageOfPage":{"@id":"https:\/\/www.visit-ulcinj.com\/blog\/2009\/01\/02\/protesa-palestineze-kunder-sulmeve\/#primaryimage"},"datePublished":"2009-01-02T14:19:36+00:00","dateModified":"2009-01-02T14:19:36+00:00","author":{"@id":"https:\/\/www.visit-ulcinj.com\/blog\/#\/schema\/person\/dcab619c614d3038751c63bc2aadc06d"},"description":"Mij\u00ebra palestinez\u00eb kan\u00eb marr\u00eb pjes\u00eb n\u00eb demonstrata n\u00eb Bregun Per\u00ebndimor n\u00eb p\u00ebrgjigje t\u00eb thirrjes s\u00eb Hamasit ndaj sulmeve izraelite n\u00eb Gaza. Korrespondenti","breadcrumb":{"@id":"https:\/\/www.visit-ulcinj.com\/blog\/2009\/01\/02\/protesa-palestineze-kunder-sulmeve\/#breadcrumb"},"inLanguage":"en-US","potentialAction":[{"@type":"ReadAction","target":["https:\/\/www.visit-ulcinj.com\/blog\/2009\/01\/02\/protesa-palestineze-kunder-sulmeve\/"]}]},{"@type":"BreadcrumbList","@id":"https:\/\/www.visit-ulcinj.com\/blog\/2009\/01\/02\/protesa-palestineze-kunder-sulmeve\/#breadcrumb","itemListElement":[{"@type":"ListItem","position":1,"name":"Protesa palestineze kund\u00ebr sulmeve"}]},{"@type":"Person","@id":"https:\/\/www.visit-ulcinj.com\/blog\/#\/schema\/person\/dcab619c614d3038751c63bc2aadc06d","name":"ulqini","sameAs":["http:\/\/www.visit-ulcinj.com"],"url":"https:\/\/www.visit-ulcinj.com\/blog\/author\/admin\/"}]}},"jetpack_featured_media_url":"","jetpack_sharing_enabled":true,"jetpack_shortlink":"https:\/\/wp.me\/pe6lTn-25g","_links":{"self":[{"href":"https:\/\/www.visit-ulcinj.com\/blog\/wp-json\/wp\/v2\/posts\/8014"}],"collection":[{"href":"https:\/\/www.visit-ulcinj.com\/blog\/wp-json\/wp\/v2\/posts"}],"about":[{"href":"https:\/\/www.visit-ulcinj.com\/blog\/wp-json\/wp\/v2\/types\/post"}],"author":[{"embeddable":true,"href":"https:\/\/www.visit-ulcinj.com\/blog\/wp-json\/wp\/v2\/users\/1"}],"replies":[{"embeddable":true,"href":"https:\/\/www.visit-ulcinj.com\/blog\/wp-json\/wp\/v2\/comments?post=8014"}],"version-history":[{"count":0,"href":"https:\/\/www.visit-ulcinj.com\/blog\/wp-json\/wp\/v2\/posts\/8014\/revisions"}],"wp:attachment":[{"href":"https:\/\/www.visit-ulcinj.com\/blog\/wp-json\/wp\/v2\/media?parent=8014"}],"wp:term":[{"taxonomy":"category","embeddable":true,"href":"https:\/\/www.visit-ulcinj.com\/blog\/wp-json\/wp\/v2\/categories?post=8014"},{"taxonomy":"post_tag","embeddable":true,"href":"https:\/\/www.visit-ulcinj.com\/blog\/wp-json\/wp\/v2\/tags?post=8014"}],"curies":[{"name":"wp","href":"https:\/\/api.w.org\/{rel}","templated":true}]}}