{"id":80140,"date":"2014-02-27T17:42:27","date_gmt":"2014-02-27T16:42:27","guid":{"rendered":"http:\/\/www.visit-ulcinj.com\/blog\/?p=80140"},"modified":"2014-02-27T17:43:01","modified_gmt":"2014-02-27T16:43:01","slug":"turisticka-ponuda-ulcinja-na-sajmu-turizma-u-beogradu","status":"publish","type":"post","link":"https:\/\/www.visit-ulcinj.com\/blog\/2014\/02\/27\/turisticka-ponuda-ulcinja-na-sajmu-turizma-u-beogradu\/","title":{"rendered":"Turisti\u010dka ponuda Ulcinja na sajmu turizma u Beogradu"},"content":{"rendered":"<p><strong>Predstavljena turisti\u010dka ponuda Crne Gore na sajmu turizma u Beogradu<\/strong><\/p>\n<p>Nacionalna turisti\u010dka organizacija, Ministarstvo odr\u017eivog razvoja i turizma, u saradnji sa predstavni\u0161tvom NTO CG u Beogradu, lokalnim turisti\u010dkim organizacijama, strate\u0161kim partnerima i turisti\u010dkom privredom, predstavljaju turisti\u010dku ponudu Crne Gore na 36. Me\u0111unarodnom sajmu turizma \u201cIFT\u201d, koji se odr\u017eava do 2. marta 2014. godine u Beogradu, saop\u0161teno je <em>Portalu Analitika<\/em> iz Nacionalne turisti\u010dke organizacije.<\/p>\n<p>&nbsp;<\/p>\n<p>Delegaciju predvode ministar odr\u017eivog razvoja i turizma Branimir Gvozdenovi\u0107 i direktor NTO Sa\u0161a Radovi\u0107. Delegaciji su se priklju\u010dili i predstavnici ambasade na\u0161e zemlje i Privredne komore.<\/p>\n<p>Pored bogate ponude crnogorskih turisti\u010dkih centara, na sajmu se promovi\u0161u i specifi\u010dnosti turisti\u010dke ponude, kao i atraktivni paket aran\u017emani koji su formirani za tr\u017ei\u0161te Srbije za period vansezone i predstoje\u0107e ljetnje turisti\u010dke sezone. Cijene \u0107e u 2014. godini biti na nivou pro\u0161logodi\u0161njih. Ve\u0107ina hotela je obezbijedila posebne sajamske popuste za rezervacije napravljene tokom trajanja sajma koji iznose i do 20 odsto.<\/p>\n<p>Tako\u0111e, promovi\u0161u se kulturna i zabavna de\u0161avanja koja su planirana za ovu sezonu u Crnoj Gori, izme\u0111u ostalog, program \u201cGrada teatra Budva\u201d, \u201cBudvanski karneval\u201d, diskoteka \u201cTop Hill\u201d, muzi\u010dki festivali \u201cExit\u201d, \u201cSouthern Soul\u201d, \u201cSpring break\u201d, modna revija Vivijen Vestvud i sl.<\/p>\n<p>Posjetioci crnogorskog \u0161tanda pored upoznavanja sa ponudom za ovu sezonu, imaju priliku da degustiraju specijalitete renomiranih crnogorskih restorana, crnogorska vina, uz zvuke primorske klape, kao i da osvoje vrijedne nagrade putem nagradnih igara koje su organizovali hotelijeri i nacionalni avio prevoznik Montenegro Airlines. U okviru sajamske prezentacije organizovano je i snimanje regionalno popularne serije \u201cBudva na pjenu od mora\u201d. U renomiranim beogradskim restoranima je organizovana degustacija autenti\u010dnih ribljih specijaliteta.<\/p>\n<p>Istovremeno, sajam je prilika da se privuku novi investitori, predstave aktuelne kapitalne investicije u crnogorski turizam i dolazak vode\u0107ih svjetskih hotelskih brendova, kao \u0161to je otvaranje prvog One &amp; Only ljetovali\u0161ta u Evropi u Kumboru, ili prvog novoizgra\u0111enog hotela u Evropi kompanije Regent Hotels &amp; Resorts u Tivtu, koje je najavljeno za ovu sezonu. Nagla\u0161eno je da je uz projekat Lu\u0161tice i Plavih horizonata, na\u0161a zemlja prva u Evropi po visini investicija u turizam po glavi stanovnika.<\/p>\n<p>Poseban program je predvi\u0111en za upoznavanje turisti\u010dkih agencija iz Srbije sa ponudom privatnog smje\u0161taja.<\/p>\n<p>U okviru intenzivnih sajamskih aktivnosti, ministar odr\u017eivog razvoja i turizma Branimir Gvozdenovi\u0107 ima\u0107e, danas, sastanak u \u201cKlubu privrednika Srbije\u201d gdje \u0107e, izme\u0111u ostalog, prezentirati investicione potencijale Crne Gore, povoljan ambijent za investicije u turizam kako za investitore iz zemalja regiona, tako i iz cijelog svijeta.<\/p>\n<p><a href=\"http:\/\/www.visit-ulcinj.com\/blog\/wp-content\/uploads\/2014\/02\/ponuda-turizma-Ulcinja-Beograd.jpg\"><img loading=\"lazy\" class=\"alignleft  wp-image-80141\" alt=\"ponuda-turizma-Ulcinja-Beograd\" src=\"http:\/\/www.visit-ulcinj.com\/blog\/wp-content\/uploads\/2014\/02\/ponuda-turizma-Ulcinja-Beograd.jpg\" width=\"508\" height=\"360\" \/><\/a>U cilju informisanja gra\u0111ana Srbije o aktuelnoj crnogorskoj turisti\u010dkoj ponudi, ministar odr\u017eivog razvoja i turizma Branimir Gvozdenovi\u0107 i direktor NTO Crne Gore, Sa\u0161a Radovi\u0107 imaju veliki broj intervjua sa medijima, me\u0111u kojima se izdvajaju: \u201cRTS\u201d, TV \u201cPink\u201d, \u201cStudio B\u201d, \u201cPrva TV\u201d, \u201cBlic\u201d, \u201cVe\u010dernje Novosti\u201d.<\/p>\n<p>Statisti\u010dki podaci ukazuju da je i 2013. godine Crna Gora potvrdila epitet jedne od omiljenih destinacija turistima iz Srbije, kojih je evidentirano 303 135, a ostvarili su ukupno 2.115 867 no\u0107enja. Turisti iz Srbije u ukupnoj strukturi stranih turista \u010dine 25%. Po istra\u017eivanjima sprovedenim u Srbiji gotovo polovina gra\u0111ana koji su pro\u0161le godine putovali na odmor, upravo su Crnu Goru izabrali kao svoju destinaciju, \u010dime je ostala ubjedljivo izbor broj jedan i omiljena destinacija za odmor.<\/p>\n<p>U hali 1 Beogradskog sajma na zajedni\u010dkom \u0161tandu Crne Gore, pored Nacionalne turisti\u010dke organizacije, prisutne su lokalne turisti\u010dke organizacije: Budve, Bara, Herceg Novog, Kotora, Tivta, Ulcinja, Podgorice, Cetinja, Berana, Kola\u0161ina, Nik\u0161i\u0107a, Mojkovca, Pljevalja, \u017dabljaka, Ro\u017eaja, Andrijevice, Plava, Bijelog Polja, Plu\u017eina, RTO Bjelasice i Komova, Montenegro Airlines, JDP \u201eMorsko dobro\u201c, turoperator \u201eR-Tours Montenegro\u201c. TO Budve je iskoristila priliku da promovi\u0161e svoj novi vizuelni identitet i brend \u201eFull. Feel. Budva\u201c.<\/p>\n<p>U pomenutoj sali posebne zapa\u017eene izlo\u017ebene prostore imaju, crnogorski hotelijeri \u201cMontenegro Stars Hotel Group\u201d i \u201cBudvanska Rivijera\u201d.<\/p>\n<p><strong>Izvor: Analitika &#8211; Informativni Portal<\/strong><\/p>\n","protected":false},"excerpt":{"rendered":"<p>Predstavljena turisti\u010dka ponuda Crne Gore na sajmu turizma u Beogradu Nacionalna turisti\u010dka organizacija, Ministarstvo odr\u017eivog razvoja i turizma, u saradnji sa predstavni\u0161tvom NTO CG u Beogradu, lokalnim turisti\u010dkim organizacijama, strate\u0161kim partnerima i turisti\u010dkom privredom, predstavljaju turisti\u010dku ponudu Crne Gore na 36. Me\u0111unarodnom sajmu turizma \u201cIFT\u201d, koji se odr\u017eava do 2. marta 2014. godine u Beogradu, [&hellip;]<\/p>\n","protected":false},"author":1,"featured_media":0,"comment_status":"closed","ping_status":"closed","sticky":false,"template":"","format":"standard","meta":{"spay_email":"","jetpack_publicize_message":"","jetpack_is_tweetstorm":false,"jetpack_publicize_feature_enabled":true},"categories":[6950],"tags":[],"jetpack_publicize_connections":[],"yoast_head":"<!-- This site is optimized with the Yoast SEO plugin v19.1 - https:\/\/yoast.com\/wordpress\/plugins\/seo\/ -->\n<title>Turisti\u010dka ponuda Ulcinja na sajmu turizma u Beogradu - Lajme nga Ulqini<\/title>\n<meta name=\"description\" content=\"Predstavljena turisti\u010dka ponuda Crne Gore na sajmu turizma u Beogradu Nacionalna turisti\u010dka organizacija, Ministarstvo odr\u017eivog razvoja i turizma, u\" \/>\n<meta name=\"robots\" content=\"index, follow, max-snippet:-1, max-image-preview:large, max-video-preview:-1\" \/>\n<link rel=\"canonical\" href=\"https:\/\/www.visit-ulcinj.com\/blog\/2014\/02\/27\/turisticka-ponuda-ulcinja-na-sajmu-turizma-u-beogradu\/\" \/>\n<meta property=\"og:locale\" content=\"en_US\" \/>\n<meta property=\"og:type\" content=\"article\" \/>\n<meta property=\"og:title\" content=\"Turisti\u010dka ponuda Ulcinja na sajmu turizma u Beogradu - Lajme nga Ulqini\" \/>\n<meta property=\"og:description\" content=\"Predstavljena turisti\u010dka ponuda Crne Gore na sajmu turizma u Beogradu Nacionalna turisti\u010dka organizacija, Ministarstvo odr\u017eivog razvoja i turizma, u\" \/>\n<meta property=\"og:url\" content=\"https:\/\/www.visit-ulcinj.com\/blog\/2014\/02\/27\/turisticka-ponuda-ulcinja-na-sajmu-turizma-u-beogradu\/\" \/>\n<meta property=\"og:site_name\" content=\"Lajme nga Ulqini\" \/>\n<meta property=\"article:published_time\" content=\"2014-02-27T16:42:27+00:00\" \/>\n<meta property=\"article:modified_time\" content=\"2014-02-27T16:43:01+00:00\" \/>\n<meta property=\"og:image\" content=\"http:\/\/www.visit-ulcinj.com\/blog\/wp-content\/uploads\/2014\/02\/ponuda-turizma-Ulcinja-Beograd.jpg\" \/>\n<meta name=\"twitter:label1\" content=\"Written by\" \/>\n\t<meta name=\"twitter:data1\" content=\"ulqini\" \/>\n\t<meta name=\"twitter:label2\" content=\"Est. reading time\" \/>\n\t<meta name=\"twitter:data2\" content=\"3 minutes\" \/>\n<script type=\"application\/ld+json\" class=\"yoast-schema-graph\">{\"@context\":\"https:\/\/schema.org\",\"@graph\":[{\"@type\":\"WebSite\",\"@id\":\"https:\/\/www.visit-ulcinj.com\/blog\/#website\",\"url\":\"https:\/\/www.visit-ulcinj.com\/blog\/\",\"name\":\"Lajme nga Ulqini\",\"description\":\"Lajme,Vijesti,Ulqini,Ulqin,Crna Gora,Mali i Zi\",\"potentialAction\":[{\"@type\":\"SearchAction\",\"target\":{\"@type\":\"EntryPoint\",\"urlTemplate\":\"https:\/\/www.visit-ulcinj.com\/blog\/?s={search_term_string}\"},\"query-input\":\"required name=search_term_string\"}],\"inLanguage\":\"en-US\"},{\"@type\":\"ImageObject\",\"inLanguage\":\"en-US\",\"@id\":\"https:\/\/www.visit-ulcinj.com\/blog\/2014\/02\/27\/turisticka-ponuda-ulcinja-na-sajmu-turizma-u-beogradu\/#primaryimage\",\"url\":\"https:\/\/www.visit-ulcinj.com\/blog\/wp-content\/uploads\/2014\/02\/ponuda-turizma-Ulcinja-Beograd.jpg\",\"contentUrl\":\"https:\/\/www.visit-ulcinj.com\/blog\/wp-content\/uploads\/2014\/02\/ponuda-turizma-Ulcinja-Beograd.jpg\",\"width\":1024,\"height\":577},{\"@type\":\"WebPage\",\"@id\":\"https:\/\/www.visit-ulcinj.com\/blog\/2014\/02\/27\/turisticka-ponuda-ulcinja-na-sajmu-turizma-u-beogradu\/#webpage\",\"url\":\"https:\/\/www.visit-ulcinj.com\/blog\/2014\/02\/27\/turisticka-ponuda-ulcinja-na-sajmu-turizma-u-beogradu\/\",\"name\":\"Turisti\u010dka ponuda Ulcinja na sajmu turizma u Beogradu - Lajme nga Ulqini\",\"isPartOf\":{\"@id\":\"https:\/\/www.visit-ulcinj.com\/blog\/#website\"},\"primaryImageOfPage\":{\"@id\":\"https:\/\/www.visit-ulcinj.com\/blog\/2014\/02\/27\/turisticka-ponuda-ulcinja-na-sajmu-turizma-u-beogradu\/#primaryimage\"},\"datePublished\":\"2014-02-27T16:42:27+00:00\",\"dateModified\":\"2014-02-27T16:43:01+00:00\",\"author\":{\"@id\":\"https:\/\/www.visit-ulcinj.com\/blog\/#\/schema\/person\/dcab619c614d3038751c63bc2aadc06d\"},\"description\":\"Predstavljena turisti\u010dka ponuda Crne Gore na sajmu turizma u Beogradu Nacionalna turisti\u010dka organizacija, Ministarstvo odr\u017eivog razvoja i turizma, u\",\"breadcrumb\":{\"@id\":\"https:\/\/www.visit-ulcinj.com\/blog\/2014\/02\/27\/turisticka-ponuda-ulcinja-na-sajmu-turizma-u-beogradu\/#breadcrumb\"},\"inLanguage\":\"en-US\",\"potentialAction\":[{\"@type\":\"ReadAction\",\"target\":[\"https:\/\/www.visit-ulcinj.com\/blog\/2014\/02\/27\/turisticka-ponuda-ulcinja-na-sajmu-turizma-u-beogradu\/\"]}]},{\"@type\":\"BreadcrumbList\",\"@id\":\"https:\/\/www.visit-ulcinj.com\/blog\/2014\/02\/27\/turisticka-ponuda-ulcinja-na-sajmu-turizma-u-beogradu\/#breadcrumb\",\"itemListElement\":[{\"@type\":\"ListItem\",\"position\":1,\"name\":\"Turisti\u010dka ponuda Ulcinja na sajmu turizma u Beogradu\"}]},{\"@type\":\"Person\",\"@id\":\"https:\/\/www.visit-ulcinj.com\/blog\/#\/schema\/person\/dcab619c614d3038751c63bc2aadc06d\",\"name\":\"ulqini\",\"sameAs\":[\"http:\/\/www.visit-ulcinj.com\"],\"url\":\"https:\/\/www.visit-ulcinj.com\/blog\/author\/admin\/\"}]}<\/script>\n<!-- \/ Yoast SEO plugin. -->","yoast_head_json":{"title":"Turisti\u010dka ponuda Ulcinja na sajmu turizma u Beogradu - Lajme nga Ulqini","description":"Predstavljena turisti\u010dka ponuda Crne Gore na sajmu turizma u Beogradu Nacionalna turisti\u010dka organizacija, Ministarstvo odr\u017eivog razvoja i turizma, u","robots":{"index":"index","follow":"follow","max-snippet":"max-snippet:-1","max-image-preview":"max-image-preview:large","max-video-preview":"max-video-preview:-1"},"canonical":"https:\/\/www.visit-ulcinj.com\/blog\/2014\/02\/27\/turisticka-ponuda-ulcinja-na-sajmu-turizma-u-beogradu\/","og_locale":"en_US","og_type":"article","og_title":"Turisti\u010dka ponuda Ulcinja na sajmu turizma u Beogradu - Lajme nga Ulqini","og_description":"Predstavljena turisti\u010dka ponuda Crne Gore na sajmu turizma u Beogradu Nacionalna turisti\u010dka organizacija, Ministarstvo odr\u017eivog razvoja i turizma, u","og_url":"https:\/\/www.visit-ulcinj.com\/blog\/2014\/02\/27\/turisticka-ponuda-ulcinja-na-sajmu-turizma-u-beogradu\/","og_site_name":"Lajme nga Ulqini","article_published_time":"2014-02-27T16:42:27+00:00","article_modified_time":"2014-02-27T16:43:01+00:00","og_image":[{"url":"http:\/\/www.visit-ulcinj.com\/blog\/wp-content\/uploads\/2014\/02\/ponuda-turizma-Ulcinja-Beograd.jpg"}],"twitter_misc":{"Written by":"ulqini","Est. reading time":"3 minutes"},"schema":{"@context":"https:\/\/schema.org","@graph":[{"@type":"WebSite","@id":"https:\/\/www.visit-ulcinj.com\/blog\/#website","url":"https:\/\/www.visit-ulcinj.com\/blog\/","name":"Lajme nga Ulqini","description":"Lajme,Vijesti,Ulqini,Ulqin,Crna Gora,Mali i Zi","potentialAction":[{"@type":"SearchAction","target":{"@type":"EntryPoint","urlTemplate":"https:\/\/www.visit-ulcinj.com\/blog\/?s={search_term_string}"},"query-input":"required name=search_term_string"}],"inLanguage":"en-US"},{"@type":"ImageObject","inLanguage":"en-US","@id":"https:\/\/www.visit-ulcinj.com\/blog\/2014\/02\/27\/turisticka-ponuda-ulcinja-na-sajmu-turizma-u-beogradu\/#primaryimage","url":"https:\/\/www.visit-ulcinj.com\/blog\/wp-content\/uploads\/2014\/02\/ponuda-turizma-Ulcinja-Beograd.jpg","contentUrl":"https:\/\/www.visit-ulcinj.com\/blog\/wp-content\/uploads\/2014\/02\/ponuda-turizma-Ulcinja-Beograd.jpg","width":1024,"height":577},{"@type":"WebPage","@id":"https:\/\/www.visit-ulcinj.com\/blog\/2014\/02\/27\/turisticka-ponuda-ulcinja-na-sajmu-turizma-u-beogradu\/#webpage","url":"https:\/\/www.visit-ulcinj.com\/blog\/2014\/02\/27\/turisticka-ponuda-ulcinja-na-sajmu-turizma-u-beogradu\/","name":"Turisti\u010dka ponuda Ulcinja na sajmu turizma u Beogradu - Lajme nga Ulqini","isPartOf":{"@id":"https:\/\/www.visit-ulcinj.com\/blog\/#website"},"primaryImageOfPage":{"@id":"https:\/\/www.visit-ulcinj.com\/blog\/2014\/02\/27\/turisticka-ponuda-ulcinja-na-sajmu-turizma-u-beogradu\/#primaryimage"},"datePublished":"2014-02-27T16:42:27+00:00","dateModified":"2014-02-27T16:43:01+00:00","author":{"@id":"https:\/\/www.visit-ulcinj.com\/blog\/#\/schema\/person\/dcab619c614d3038751c63bc2aadc06d"},"description":"Predstavljena turisti\u010dka ponuda Crne Gore na sajmu turizma u Beogradu Nacionalna turisti\u010dka organizacija, Ministarstvo odr\u017eivog razvoja i turizma, u","breadcrumb":{"@id":"https:\/\/www.visit-ulcinj.com\/blog\/2014\/02\/27\/turisticka-ponuda-ulcinja-na-sajmu-turizma-u-beogradu\/#breadcrumb"},"inLanguage":"en-US","potentialAction":[{"@type":"ReadAction","target":["https:\/\/www.visit-ulcinj.com\/blog\/2014\/02\/27\/turisticka-ponuda-ulcinja-na-sajmu-turizma-u-beogradu\/"]}]},{"@type":"BreadcrumbList","@id":"https:\/\/www.visit-ulcinj.com\/blog\/2014\/02\/27\/turisticka-ponuda-ulcinja-na-sajmu-turizma-u-beogradu\/#breadcrumb","itemListElement":[{"@type":"ListItem","position":1,"name":"Turisti\u010dka ponuda Ulcinja na sajmu turizma u Beogradu"}]},{"@type":"Person","@id":"https:\/\/www.visit-ulcinj.com\/blog\/#\/schema\/person\/dcab619c614d3038751c63bc2aadc06d","name":"ulqini","sameAs":["http:\/\/www.visit-ulcinj.com"],"url":"https:\/\/www.visit-ulcinj.com\/blog\/author\/admin\/"}]}},"jetpack_featured_media_url":"","jetpack_sharing_enabled":true,"jetpack_shortlink":"https:\/\/wp.me\/pe6lTn-kQA","_links":{"self":[{"href":"https:\/\/www.visit-ulcinj.com\/blog\/wp-json\/wp\/v2\/posts\/80140"}],"collection":[{"href":"https:\/\/www.visit-ulcinj.com\/blog\/wp-json\/wp\/v2\/posts"}],"about":[{"href":"https:\/\/www.visit-ulcinj.com\/blog\/wp-json\/wp\/v2\/types\/post"}],"author":[{"embeddable":true,"href":"https:\/\/www.visit-ulcinj.com\/blog\/wp-json\/wp\/v2\/users\/1"}],"replies":[{"embeddable":true,"href":"https:\/\/www.visit-ulcinj.com\/blog\/wp-json\/wp\/v2\/comments?post=80140"}],"version-history":[{"count":2,"href":"https:\/\/www.visit-ulcinj.com\/blog\/wp-json\/wp\/v2\/posts\/80140\/revisions"}],"predecessor-version":[{"id":80143,"href":"https:\/\/www.visit-ulcinj.com\/blog\/wp-json\/wp\/v2\/posts\/80140\/revisions\/80143"}],"wp:attachment":[{"href":"https:\/\/www.visit-ulcinj.com\/blog\/wp-json\/wp\/v2\/media?parent=80140"}],"wp:term":[{"taxonomy":"category","embeddable":true,"href":"https:\/\/www.visit-ulcinj.com\/blog\/wp-json\/wp\/v2\/categories?post=80140"},{"taxonomy":"post_tag","embeddable":true,"href":"https:\/\/www.visit-ulcinj.com\/blog\/wp-json\/wp\/v2\/tags?post=80140"}],"curies":[{"name":"wp","href":"https:\/\/api.w.org\/{rel}","templated":true}]}}