{"id":80144,"date":"2014-02-27T18:02:28","date_gmt":"2014-02-27T17:02:28","guid":{"rendered":"http:\/\/www.visit-ulcinj.com\/blog\/?p=80144"},"modified":"2014-02-27T18:02:28","modified_gmt":"2014-02-27T17:02:28","slug":"igor-lukshiq-ka-gatishmeri-per-realizimin-e-te-drejtave-per-shqiptaret-ne-mal-te-zi","status":"publish","type":"post","link":"https:\/\/www.visit-ulcinj.com\/blog\/2014\/02\/27\/igor-lukshiq-ka-gatishmeri-per-realizimin-e-te-drejtave-per-shqiptaret-ne-mal-te-zi\/","title":{"rendered":"Igor Lukshiq: Ka gatishm\u00ebri p\u00ebr realizimin e t\u00eb drejtave p\u00ebr shqiptar\u00ebt n\u00eb Mal t\u00eb Zi"},"content":{"rendered":"<p><strong><a href=\"http:\/\/www.visit-ulcinj.com\/blog\/wp-content\/uploads\/2014\/02\/Igor-Lukshiq-Krasniqi.jpg\"><img loading=\"lazy\" class=\"alignleft  wp-image-80145\" alt=\"Igor-Lukshiq-Krasniqi\" src=\"http:\/\/www.visit-ulcinj.com\/blog\/wp-content\/uploads\/2014\/02\/Igor-Lukshiq-Krasniqi.jpg\" width=\"508\" height=\"360\" \/><\/a>Marr\u00ebdh\u00ebniet nd\u00ebrmjet Kosov\u00ebs dhe Malit t\u00eb Zi jan\u00eb mjaft t\u00eb mira, por ekzistojn\u00eb mund\u00ebsi q\u00eb k\u00ebto marr\u00ebdh\u00ebnie t\u00eb thellohen edhe m\u00eb. Komunitetet pakic\u00eb asnj\u00ebher\u00eb nuk shikohen si penges\u00eb, por si nj\u00eb mund\u00ebsi p\u00ebr bashk\u00ebpunim.<\/strong><\/p>\n<p>K\u00ebshtu u tha n\u00eb takimin nd\u00ebrmjet kryeparlamentarit Jakup Krasniqi dhe nj\u00eb delegacioni nga Mali i Zi, kryesuar nga Igor Lluksic, z\u00ebvend\u00ebskryeminist\u00ebr, nj\u00ebher\u00ebsh minist\u00ebr i Pun\u00ebve t\u00eb Jashtme dhe Integrimeve Evropiane.<\/p>\n<p>Krasniqi duke folur p\u00ebr \u00e7\u00ebshtjen e njohjes me kushtetut\u00eb t\u00eb komunitetit malazias dhe t\u00eb drejt\u00ebs s\u00eb tij p\u00ebr t\u00eb pasur nj\u00eb vend n\u00eb Kuvendin e Kosov\u00ebs, t\u00eb ngritur nga Luksic, kryekuvendari Krasniqi tha se kjo \u00e7\u00ebshtje do t\u00eb zgjidhet me ndryshimet kushtetuese.<\/p>\n<p>N\u00eb k\u00ebt\u00eb kontekst, Luksic tha se shoq\u00ebria malaziase ka gatishm\u00ebri p\u00ebr realizimin e t\u00eb drejtave p\u00ebr bashk\u00ebsin\u00eb shqiptare n\u00eb Mal t\u00eb Zi.<\/p>\n<p>Ai theksoi se kjo vizit\u00eb \u00ebsht\u00eb nj\u00eb kontribut p\u00ebr marr\u00ebdh\u00ebnie edhe m\u00eb t\u00eb mira nd\u00ebrmjet Malit t\u00eb Zi dhe Kosov\u00ebs. \u201cP\u00ebr k\u00ebt\u00eb duhet t\u00eb kontribuojn\u00eb, posa\u00e7\u00ebrisht dy qeverit\u00eb, duke bashk\u00ebpunuar n\u00eb segmente t\u00eb nduarnduarta, q\u00eb do t\u00eb jene n\u00eb dobi t\u00eb qytetar\u00ebve t\u00eb t\u00eb dyja shteteve. Me Qeverin\u00eb e Kosov\u00ebs do t\u00eb bisedohet p\u00ebr projekte konkrete n\u00eb l\u00ebmin ekonomik, kulturor etj\u201d, theksoi Luksic. \/Telegrafi\/<\/p>\n","protected":false},"excerpt":{"rendered":"<p>Marr\u00ebdh\u00ebniet nd\u00ebrmjet Kosov\u00ebs dhe Malit t\u00eb Zi jan\u00eb mjaft t\u00eb mira, por ekzistojn\u00eb mund\u00ebsi q\u00eb k\u00ebto marr\u00ebdh\u00ebnie t\u00eb thellohen edhe m\u00eb. Komunitetet pakic\u00eb asnj\u00ebher\u00eb nuk shikohen si penges\u00eb, por si nj\u00eb mund\u00ebsi p\u00ebr bashk\u00ebpunim. K\u00ebshtu u tha n\u00eb takimin nd\u00ebrmjet kryeparlamentarit Jakup Krasniqi dhe nj\u00eb delegacioni nga Mali i Zi, kryesuar nga Igor Lluksic, z\u00ebvend\u00ebskryeminist\u00ebr, [&hellip;]<\/p>\n","protected":false},"author":1,"featured_media":0,"comment_status":"closed","ping_status":"closed","sticky":false,"template":"","format":"standard","meta":{"spay_email":"","jetpack_publicize_message":"","jetpack_is_tweetstorm":false,"jetpack_publicize_feature_enabled":true},"categories":[14],"tags":[],"jetpack_publicize_connections":[],"yoast_head":"<!-- This site is optimized with the Yoast SEO plugin v19.1 - https:\/\/yoast.com\/wordpress\/plugins\/seo\/ -->\n<title>Igor Lukshiq: Ka gatishm\u00ebri p\u00ebr realizimin e t\u00eb drejtave p\u00ebr shqiptar\u00ebt n\u00eb Mal t\u00eb Zi - Lajme nga Ulqini<\/title>\n<meta name=\"description\" content=\"Marr\u00ebdh\u00ebniet nd\u00ebrmjet Kosov\u00ebs dhe Malit t\u00eb Zi jan\u00eb mjaft t\u00eb mira, por ekzistojn\u00eb mund\u00ebsi q\u00eb k\u00ebto marr\u00ebdh\u00ebnie t\u00eb thellohen edhe m\u00eb. Komunitetet pakic\u00eb\" \/>\n<meta name=\"robots\" content=\"index, follow, max-snippet:-1, max-image-preview:large, max-video-preview:-1\" \/>\n<link rel=\"canonical\" href=\"https:\/\/www.visit-ulcinj.com\/blog\/2014\/02\/27\/igor-lukshiq-ka-gatishmeri-per-realizimin-e-te-drejtave-per-shqiptaret-ne-mal-te-zi\/\" \/>\n<meta property=\"og:locale\" content=\"en_US\" \/>\n<meta property=\"og:type\" content=\"article\" \/>\n<meta property=\"og:title\" content=\"Igor Lukshiq: Ka gatishm\u00ebri p\u00ebr realizimin e t\u00eb drejtave p\u00ebr shqiptar\u00ebt n\u00eb Mal t\u00eb Zi - Lajme nga Ulqini\" \/>\n<meta property=\"og:description\" content=\"Marr\u00ebdh\u00ebniet nd\u00ebrmjet Kosov\u00ebs dhe Malit t\u00eb Zi jan\u00eb mjaft t\u00eb mira, por ekzistojn\u00eb mund\u00ebsi q\u00eb k\u00ebto marr\u00ebdh\u00ebnie t\u00eb thellohen edhe m\u00eb. Komunitetet pakic\u00eb\" \/>\n<meta property=\"og:url\" content=\"https:\/\/www.visit-ulcinj.com\/blog\/2014\/02\/27\/igor-lukshiq-ka-gatishmeri-per-realizimin-e-te-drejtave-per-shqiptaret-ne-mal-te-zi\/\" \/>\n<meta property=\"og:site_name\" content=\"Lajme nga Ulqini\" \/>\n<meta property=\"article:published_time\" content=\"2014-02-27T17:02:28+00:00\" \/>\n<meta property=\"og:image\" content=\"http:\/\/www.visit-ulcinj.com\/blog\/wp-content\/uploads\/2014\/02\/Igor-Lukshiq-Krasniqi.jpg\" \/>\n<meta name=\"twitter:label1\" content=\"Written by\" \/>\n\t<meta name=\"twitter:data1\" content=\"ulqini\" \/>\n\t<meta name=\"twitter:label2\" content=\"Est. reading time\" \/>\n\t<meta name=\"twitter:data2\" content=\"1 minute\" \/>\n<script type=\"application\/ld+json\" class=\"yoast-schema-graph\">{\"@context\":\"https:\/\/schema.org\",\"@graph\":[{\"@type\":\"WebSite\",\"@id\":\"https:\/\/www.visit-ulcinj.com\/blog\/#website\",\"url\":\"https:\/\/www.visit-ulcinj.com\/blog\/\",\"name\":\"Lajme nga Ulqini\",\"description\":\"Lajme,Vijesti,Ulqini,Ulqin,Crna Gora,Mali i Zi\",\"potentialAction\":[{\"@type\":\"SearchAction\",\"target\":{\"@type\":\"EntryPoint\",\"urlTemplate\":\"https:\/\/www.visit-ulcinj.com\/blog\/?s={search_term_string}\"},\"query-input\":\"required name=search_term_string\"}],\"inLanguage\":\"en-US\"},{\"@type\":\"ImageObject\",\"inLanguage\":\"en-US\",\"@id\":\"https:\/\/www.visit-ulcinj.com\/blog\/2014\/02\/27\/igor-lukshiq-ka-gatishmeri-per-realizimin-e-te-drejtave-per-shqiptaret-ne-mal-te-zi\/#primaryimage\",\"url\":\"https:\/\/www.visit-ulcinj.com\/blog\/wp-content\/uploads\/2014\/02\/Igor-Lukshiq-Krasniqi.jpg\",\"contentUrl\":\"https:\/\/www.visit-ulcinj.com\/blog\/wp-content\/uploads\/2014\/02\/Igor-Lukshiq-Krasniqi.jpg\",\"width\":900,\"height\":600},{\"@type\":\"WebPage\",\"@id\":\"https:\/\/www.visit-ulcinj.com\/blog\/2014\/02\/27\/igor-lukshiq-ka-gatishmeri-per-realizimin-e-te-drejtave-per-shqiptaret-ne-mal-te-zi\/#webpage\",\"url\":\"https:\/\/www.visit-ulcinj.com\/blog\/2014\/02\/27\/igor-lukshiq-ka-gatishmeri-per-realizimin-e-te-drejtave-per-shqiptaret-ne-mal-te-zi\/\",\"name\":\"Igor Lukshiq: Ka gatishm\u00ebri p\u00ebr realizimin e t\u00eb drejtave p\u00ebr shqiptar\u00ebt n\u00eb Mal t\u00eb Zi - Lajme nga Ulqini\",\"isPartOf\":{\"@id\":\"https:\/\/www.visit-ulcinj.com\/blog\/#website\"},\"primaryImageOfPage\":{\"@id\":\"https:\/\/www.visit-ulcinj.com\/blog\/2014\/02\/27\/igor-lukshiq-ka-gatishmeri-per-realizimin-e-te-drejtave-per-shqiptaret-ne-mal-te-zi\/#primaryimage\"},\"datePublished\":\"2014-02-27T17:02:28+00:00\",\"dateModified\":\"2014-02-27T17:02:28+00:00\",\"author\":{\"@id\":\"https:\/\/www.visit-ulcinj.com\/blog\/#\/schema\/person\/dcab619c614d3038751c63bc2aadc06d\"},\"description\":\"Marr\u00ebdh\u00ebniet nd\u00ebrmjet Kosov\u00ebs dhe Malit t\u00eb Zi jan\u00eb mjaft t\u00eb mira, por ekzistojn\u00eb mund\u00ebsi q\u00eb k\u00ebto marr\u00ebdh\u00ebnie t\u00eb thellohen edhe m\u00eb. Komunitetet pakic\u00eb\",\"breadcrumb\":{\"@id\":\"https:\/\/www.visit-ulcinj.com\/blog\/2014\/02\/27\/igor-lukshiq-ka-gatishmeri-per-realizimin-e-te-drejtave-per-shqiptaret-ne-mal-te-zi\/#breadcrumb\"},\"inLanguage\":\"en-US\",\"potentialAction\":[{\"@type\":\"ReadAction\",\"target\":[\"https:\/\/www.visit-ulcinj.com\/blog\/2014\/02\/27\/igor-lukshiq-ka-gatishmeri-per-realizimin-e-te-drejtave-per-shqiptaret-ne-mal-te-zi\/\"]}]},{\"@type\":\"BreadcrumbList\",\"@id\":\"https:\/\/www.visit-ulcinj.com\/blog\/2014\/02\/27\/igor-lukshiq-ka-gatishmeri-per-realizimin-e-te-drejtave-per-shqiptaret-ne-mal-te-zi\/#breadcrumb\",\"itemListElement\":[{\"@type\":\"ListItem\",\"position\":1,\"name\":\"Igor Lukshiq: Ka gatishm\u00ebri p\u00ebr realizimin e t\u00eb drejtave p\u00ebr shqiptar\u00ebt n\u00eb Mal t\u00eb Zi\"}]},{\"@type\":\"Person\",\"@id\":\"https:\/\/www.visit-ulcinj.com\/blog\/#\/schema\/person\/dcab619c614d3038751c63bc2aadc06d\",\"name\":\"ulqini\",\"sameAs\":[\"http:\/\/www.visit-ulcinj.com\"],\"url\":\"https:\/\/www.visit-ulcinj.com\/blog\/author\/admin\/\"}]}<\/script>\n<!-- \/ Yoast SEO plugin. -->","yoast_head_json":{"title":"Igor Lukshiq: Ka gatishm\u00ebri p\u00ebr realizimin e t\u00eb drejtave p\u00ebr shqiptar\u00ebt n\u00eb Mal t\u00eb Zi - Lajme nga Ulqini","description":"Marr\u00ebdh\u00ebniet nd\u00ebrmjet Kosov\u00ebs dhe Malit t\u00eb Zi jan\u00eb mjaft t\u00eb mira, por ekzistojn\u00eb mund\u00ebsi q\u00eb k\u00ebto marr\u00ebdh\u00ebnie t\u00eb thellohen edhe m\u00eb. Komunitetet pakic\u00eb","robots":{"index":"index","follow":"follow","max-snippet":"max-snippet:-1","max-image-preview":"max-image-preview:large","max-video-preview":"max-video-preview:-1"},"canonical":"https:\/\/www.visit-ulcinj.com\/blog\/2014\/02\/27\/igor-lukshiq-ka-gatishmeri-per-realizimin-e-te-drejtave-per-shqiptaret-ne-mal-te-zi\/","og_locale":"en_US","og_type":"article","og_title":"Igor Lukshiq: Ka gatishm\u00ebri p\u00ebr realizimin e t\u00eb drejtave p\u00ebr shqiptar\u00ebt n\u00eb Mal t\u00eb Zi - Lajme nga Ulqini","og_description":"Marr\u00ebdh\u00ebniet nd\u00ebrmjet Kosov\u00ebs dhe Malit t\u00eb Zi jan\u00eb mjaft t\u00eb mira, por ekzistojn\u00eb mund\u00ebsi q\u00eb k\u00ebto marr\u00ebdh\u00ebnie t\u00eb thellohen edhe m\u00eb. Komunitetet pakic\u00eb","og_url":"https:\/\/www.visit-ulcinj.com\/blog\/2014\/02\/27\/igor-lukshiq-ka-gatishmeri-per-realizimin-e-te-drejtave-per-shqiptaret-ne-mal-te-zi\/","og_site_name":"Lajme nga Ulqini","article_published_time":"2014-02-27T17:02:28+00:00","og_image":[{"url":"http:\/\/www.visit-ulcinj.com\/blog\/wp-content\/uploads\/2014\/02\/Igor-Lukshiq-Krasniqi.jpg"}],"twitter_misc":{"Written by":"ulqini","Est. reading time":"1 minute"},"schema":{"@context":"https:\/\/schema.org","@graph":[{"@type":"WebSite","@id":"https:\/\/www.visit-ulcinj.com\/blog\/#website","url":"https:\/\/www.visit-ulcinj.com\/blog\/","name":"Lajme nga Ulqini","description":"Lajme,Vijesti,Ulqini,Ulqin,Crna Gora,Mali i Zi","potentialAction":[{"@type":"SearchAction","target":{"@type":"EntryPoint","urlTemplate":"https:\/\/www.visit-ulcinj.com\/blog\/?s={search_term_string}"},"query-input":"required name=search_term_string"}],"inLanguage":"en-US"},{"@type":"ImageObject","inLanguage":"en-US","@id":"https:\/\/www.visit-ulcinj.com\/blog\/2014\/02\/27\/igor-lukshiq-ka-gatishmeri-per-realizimin-e-te-drejtave-per-shqiptaret-ne-mal-te-zi\/#primaryimage","url":"https:\/\/www.visit-ulcinj.com\/blog\/wp-content\/uploads\/2014\/02\/Igor-Lukshiq-Krasniqi.jpg","contentUrl":"https:\/\/www.visit-ulcinj.com\/blog\/wp-content\/uploads\/2014\/02\/Igor-Lukshiq-Krasniqi.jpg","width":900,"height":600},{"@type":"WebPage","@id":"https:\/\/www.visit-ulcinj.com\/blog\/2014\/02\/27\/igor-lukshiq-ka-gatishmeri-per-realizimin-e-te-drejtave-per-shqiptaret-ne-mal-te-zi\/#webpage","url":"https:\/\/www.visit-ulcinj.com\/blog\/2014\/02\/27\/igor-lukshiq-ka-gatishmeri-per-realizimin-e-te-drejtave-per-shqiptaret-ne-mal-te-zi\/","name":"Igor Lukshiq: Ka gatishm\u00ebri p\u00ebr realizimin e t\u00eb drejtave p\u00ebr shqiptar\u00ebt n\u00eb Mal t\u00eb Zi - Lajme nga Ulqini","isPartOf":{"@id":"https:\/\/www.visit-ulcinj.com\/blog\/#website"},"primaryImageOfPage":{"@id":"https:\/\/www.visit-ulcinj.com\/blog\/2014\/02\/27\/igor-lukshiq-ka-gatishmeri-per-realizimin-e-te-drejtave-per-shqiptaret-ne-mal-te-zi\/#primaryimage"},"datePublished":"2014-02-27T17:02:28+00:00","dateModified":"2014-02-27T17:02:28+00:00","author":{"@id":"https:\/\/www.visit-ulcinj.com\/blog\/#\/schema\/person\/dcab619c614d3038751c63bc2aadc06d"},"description":"Marr\u00ebdh\u00ebniet nd\u00ebrmjet Kosov\u00ebs dhe Malit t\u00eb Zi jan\u00eb mjaft t\u00eb mira, por ekzistojn\u00eb mund\u00ebsi q\u00eb k\u00ebto marr\u00ebdh\u00ebnie t\u00eb thellohen edhe m\u00eb. Komunitetet pakic\u00eb","breadcrumb":{"@id":"https:\/\/www.visit-ulcinj.com\/blog\/2014\/02\/27\/igor-lukshiq-ka-gatishmeri-per-realizimin-e-te-drejtave-per-shqiptaret-ne-mal-te-zi\/#breadcrumb"},"inLanguage":"en-US","potentialAction":[{"@type":"ReadAction","target":["https:\/\/www.visit-ulcinj.com\/blog\/2014\/02\/27\/igor-lukshiq-ka-gatishmeri-per-realizimin-e-te-drejtave-per-shqiptaret-ne-mal-te-zi\/"]}]},{"@type":"BreadcrumbList","@id":"https:\/\/www.visit-ulcinj.com\/blog\/2014\/02\/27\/igor-lukshiq-ka-gatishmeri-per-realizimin-e-te-drejtave-per-shqiptaret-ne-mal-te-zi\/#breadcrumb","itemListElement":[{"@type":"ListItem","position":1,"name":"Igor Lukshiq: Ka gatishm\u00ebri p\u00ebr realizimin e t\u00eb drejtave p\u00ebr shqiptar\u00ebt n\u00eb Mal t\u00eb Zi"}]},{"@type":"Person","@id":"https:\/\/www.visit-ulcinj.com\/blog\/#\/schema\/person\/dcab619c614d3038751c63bc2aadc06d","name":"ulqini","sameAs":["http:\/\/www.visit-ulcinj.com"],"url":"https:\/\/www.visit-ulcinj.com\/blog\/author\/admin\/"}]}},"jetpack_featured_media_url":"","jetpack_sharing_enabled":true,"jetpack_shortlink":"https:\/\/wp.me\/pe6lTn-kQE","_links":{"self":[{"href":"https:\/\/www.visit-ulcinj.com\/blog\/wp-json\/wp\/v2\/posts\/80144"}],"collection":[{"href":"https:\/\/www.visit-ulcinj.com\/blog\/wp-json\/wp\/v2\/posts"}],"about":[{"href":"https:\/\/www.visit-ulcinj.com\/blog\/wp-json\/wp\/v2\/types\/post"}],"author":[{"embeddable":true,"href":"https:\/\/www.visit-ulcinj.com\/blog\/wp-json\/wp\/v2\/users\/1"}],"replies":[{"embeddable":true,"href":"https:\/\/www.visit-ulcinj.com\/blog\/wp-json\/wp\/v2\/comments?post=80144"}],"version-history":[{"count":1,"href":"https:\/\/www.visit-ulcinj.com\/blog\/wp-json\/wp\/v2\/posts\/80144\/revisions"}],"predecessor-version":[{"id":80146,"href":"https:\/\/www.visit-ulcinj.com\/blog\/wp-json\/wp\/v2\/posts\/80144\/revisions\/80146"}],"wp:attachment":[{"href":"https:\/\/www.visit-ulcinj.com\/blog\/wp-json\/wp\/v2\/media?parent=80144"}],"wp:term":[{"taxonomy":"category","embeddable":true,"href":"https:\/\/www.visit-ulcinj.com\/blog\/wp-json\/wp\/v2\/categories?post=80144"},{"taxonomy":"post_tag","embeddable":true,"href":"https:\/\/www.visit-ulcinj.com\/blog\/wp-json\/wp\/v2\/tags?post=80144"}],"curies":[{"name":"wp","href":"https:\/\/api.w.org\/{rel}","templated":true}]}}