{"id":80147,"date":"2014-02-27T18:15:43","date_gmt":"2014-02-27T17:15:43","guid":{"rendered":"http:\/\/www.visit-ulcinj.com\/blog\/?p=80147"},"modified":"2014-02-27T18:15:43","modified_gmt":"2014-02-27T17:15:43","slug":"vajza-e-heshtur-misterioze-midis-podgorices-video","status":"publish","type":"post","link":"https:\/\/www.visit-ulcinj.com\/blog\/2014\/02\/27\/vajza-e-heshtur-misterioze-midis-podgorices-video\/","title":{"rendered":"Vajza e heshtur misterioze midis Podgoric\u00ebs &#8211; Video"},"content":{"rendered":"<div id=\"stcpDiv\"><a href=\"http:\/\/www.visit-ulcinj.com\/blog\/wp-content\/uploads\/2014\/02\/Vajza-e-heshtur-podgorice.jpg\"><img loading=\"lazy\" class=\"alignleft  wp-image-80148\" alt=\"Vajza e heshtur-podgorice\" src=\"http:\/\/www.visit-ulcinj.com\/blog\/wp-content\/uploads\/2014\/02\/Vajza-e-heshtur-podgorice.jpg\" width=\"508\" height=\"360\" \/><\/a>Nj\u00eb vajz\u00eb misterioze tash dy dit\u00eb po q\u00ebndron nga disa or\u00eb n\u00eb mes t\u00eb sheshit kryesor t\u00eb Podgoric\u00ebs me mesazhet \u201cJo\u201d, dhe \u201cNuk guxojm\u00eb\u201d, duke t\u00ebrhequr k\u00ebshtu v\u00ebmendjen e kalimtar\u00ebve.<br \/>\nKjo grua e re, e veshur me t\u00eb bardha, me fustan t\u00eb gjat\u00eb nga sateni, me fytyr\u00eb t\u00eb mbuluar me ngjyr\u00eb t\u00eb bardh\u00eb dhe me sy t\u00eb grymosur theksuesh\u00ebm, tash dy dit\u00eb del nga disa or\u00eb n\u00eb shesh.<br \/>\nAjo rri e heshtur, pa asnj\u00eb l\u00ebvizje t\u00eb fytyr\u00ebs; sot mbante n\u00eb dor\u00eb nj\u00eb let\u00ebr mbi t\u00eb cil\u00ebn me ngjyr\u00eb t\u00eb kuqe shkruante \u201cNuk guxojm\u00eb\u201d, nd\u00ebrsa dje kishte mesazhin \u201cJo\u201d (n\u00eb gjuh\u00ebn malazeze).<br \/>\nN\u00eb shesh, si\u00e7 raportojn\u00eb mediet e atjeshme, ajo vjen rreth mesdit\u00ebs dhe aty q\u00ebndron disa or\u00eb. Kalimtar\u00ebt e rastit nuk e provokojn\u00eb, por vet\u00ebm e shikojn\u00eb me kureshtje. Shum\u00eb sish e fotografojn\u00eb.<br \/>\nDisa nga kalimtar\u00ebt supozojn\u00eb se ajo manifeston nj\u00eb revolt\u00eb ndaj situat\u00ebs s\u00eb p\u00ebrgjithshme. Disa nd\u00ebrkaq mendojn\u00eb se b\u00ebhet fjal\u00eb p\u00ebr nj\u00eb mesazh kund\u00ebr martes\u00ebs.<br \/>\nN\u00eb Podgoric\u00eb p\u00ebrmendin performans\u00ebn e vjetshme t\u00eb Jelena Topiqit (29) n\u00eb Prijedor, nj\u00eb studente e Fakultetit t\u00eb Arteve, e cila p\u00ebr 30 dit\u00eb kishte q\u00ebndruar nga disa or\u00eb n\u00eb shesh.<br \/>\nPavar\u00ebsisht nga komentet, ajo me heshtjen e saj duket ia ka dal\u00eb t\u00eb t\u00ebrheq v\u00ebmendjen e opinionit, jo vet\u00ebm malazias.<\/div>\n<div><\/div>\n<div><strong>Gazeta Shqip<\/strong><\/div>\n<div><!--YouTube Error: bad URL entered--><\/div>\n","protected":false},"excerpt":{"rendered":"<p>Nj\u00eb vajz\u00eb misterioze tash dy dit\u00eb po q\u00ebndron nga disa or\u00eb n\u00eb mes t\u00eb sheshit kryesor t\u00eb Podgoric\u00ebs me mesazhet \u201cJo\u201d, dhe \u201cNuk guxojm\u00eb\u201d, duke t\u00ebrhequr k\u00ebshtu v\u00ebmendjen e kalimtar\u00ebve. Kjo grua e re, e veshur me t\u00eb bardha, me fustan t\u00eb gjat\u00eb nga sateni, me fytyr\u00eb t\u00eb mbuluar me ngjyr\u00eb t\u00eb bardh\u00eb dhe me [&hellip;]<\/p>\n","protected":false},"author":1,"featured_media":0,"comment_status":"closed","ping_status":"closed","sticky":false,"template":"","format":"standard","meta":{"spay_email":"","jetpack_publicize_message":"","jetpack_is_tweetstorm":false,"jetpack_publicize_feature_enabled":true},"categories":[6950],"tags":[],"jetpack_publicize_connections":[],"yoast_head":"<!-- This site is optimized with the Yoast SEO plugin v19.1 - https:\/\/yoast.com\/wordpress\/plugins\/seo\/ -->\n<title>Vajza e heshtur misterioze midis Podgoric\u00ebs - Video - Lajme nga Ulqini<\/title>\n<meta name=\"description\" content=\"Nj\u00eb vajz\u00eb misterioze tash dy dit\u00eb po q\u00ebndron nga disa or\u00eb n\u00eb mes t\u00eb sheshit kryesor t\u00eb Podgoric\u00ebs me mesazhet \u201cJo\u201d, dhe \u201cNuk guxojm\u00eb\u201d, duke t\u00ebrhequr\" \/>\n<meta name=\"robots\" content=\"index, follow, max-snippet:-1, max-image-preview:large, max-video-preview:-1\" \/>\n<link rel=\"canonical\" href=\"https:\/\/www.visit-ulcinj.com\/blog\/2014\/02\/27\/vajza-e-heshtur-misterioze-midis-podgorices-video\/\" \/>\n<meta property=\"og:locale\" content=\"en_US\" \/>\n<meta property=\"og:type\" content=\"article\" \/>\n<meta property=\"og:title\" content=\"Vajza e heshtur misterioze midis Podgoric\u00ebs - Video - Lajme nga Ulqini\" \/>\n<meta property=\"og:description\" content=\"Nj\u00eb vajz\u00eb misterioze tash dy dit\u00eb po q\u00ebndron nga disa or\u00eb n\u00eb mes t\u00eb sheshit kryesor t\u00eb Podgoric\u00ebs me mesazhet \u201cJo\u201d, dhe \u201cNuk guxojm\u00eb\u201d, duke t\u00ebrhequr\" \/>\n<meta property=\"og:url\" content=\"https:\/\/www.visit-ulcinj.com\/blog\/2014\/02\/27\/vajza-e-heshtur-misterioze-midis-podgorices-video\/\" \/>\n<meta property=\"og:site_name\" content=\"Lajme nga Ulqini\" \/>\n<meta property=\"article:published_time\" content=\"2014-02-27T17:15:43+00:00\" \/>\n<meta property=\"og:image\" content=\"http:\/\/www.visit-ulcinj.com\/blog\/wp-content\/uploads\/2014\/02\/Vajza-e-heshtur-podgorice.jpg\" \/>\n<meta name=\"twitter:label1\" content=\"Written by\" \/>\n\t<meta name=\"twitter:data1\" content=\"ulqini\" \/>\n\t<meta name=\"twitter:label2\" content=\"Est. reading time\" \/>\n\t<meta name=\"twitter:data2\" content=\"1 minute\" \/>\n<script type=\"application\/ld+json\" class=\"yoast-schema-graph\">{\"@context\":\"https:\/\/schema.org\",\"@graph\":[{\"@type\":\"WebSite\",\"@id\":\"https:\/\/www.visit-ulcinj.com\/blog\/#website\",\"url\":\"https:\/\/www.visit-ulcinj.com\/blog\/\",\"name\":\"Lajme nga Ulqini\",\"description\":\"Lajme,Vijesti,Ulqini,Ulqin,Crna Gora,Mali i Zi\",\"potentialAction\":[{\"@type\":\"SearchAction\",\"target\":{\"@type\":\"EntryPoint\",\"urlTemplate\":\"https:\/\/www.visit-ulcinj.com\/blog\/?s={search_term_string}\"},\"query-input\":\"required name=search_term_string\"}],\"inLanguage\":\"en-US\"},{\"@type\":\"ImageObject\",\"inLanguage\":\"en-US\",\"@id\":\"https:\/\/www.visit-ulcinj.com\/blog\/2014\/02\/27\/vajza-e-heshtur-misterioze-midis-podgorices-video\/#primaryimage\",\"url\":\"http:\/\/www.visit-ulcinj.com\/blog\/wp-content\/uploads\/2014\/02\/Vajza-e-heshtur-podgorice.jpg\",\"contentUrl\":\"http:\/\/www.visit-ulcinj.com\/blog\/wp-content\/uploads\/2014\/02\/Vajza-e-heshtur-podgorice.jpg\"},{\"@type\":\"WebPage\",\"@id\":\"https:\/\/www.visit-ulcinj.com\/blog\/2014\/02\/27\/vajza-e-heshtur-misterioze-midis-podgorices-video\/#webpage\",\"url\":\"https:\/\/www.visit-ulcinj.com\/blog\/2014\/02\/27\/vajza-e-heshtur-misterioze-midis-podgorices-video\/\",\"name\":\"Vajza e heshtur misterioze midis Podgoric\u00ebs - Video - Lajme nga Ulqini\",\"isPartOf\":{\"@id\":\"https:\/\/www.visit-ulcinj.com\/blog\/#website\"},\"primaryImageOfPage\":{\"@id\":\"https:\/\/www.visit-ulcinj.com\/blog\/2014\/02\/27\/vajza-e-heshtur-misterioze-midis-podgorices-video\/#primaryimage\"},\"datePublished\":\"2014-02-27T17:15:43+00:00\",\"dateModified\":\"2014-02-27T17:15:43+00:00\",\"author\":{\"@id\":\"https:\/\/www.visit-ulcinj.com\/blog\/#\/schema\/person\/dcab619c614d3038751c63bc2aadc06d\"},\"description\":\"Nj\u00eb vajz\u00eb misterioze tash dy dit\u00eb po q\u00ebndron nga disa or\u00eb n\u00eb mes t\u00eb sheshit kryesor t\u00eb Podgoric\u00ebs me mesazhet \u201cJo\u201d, dhe \u201cNuk guxojm\u00eb\u201d, duke t\u00ebrhequr\",\"breadcrumb\":{\"@id\":\"https:\/\/www.visit-ulcinj.com\/blog\/2014\/02\/27\/vajza-e-heshtur-misterioze-midis-podgorices-video\/#breadcrumb\"},\"inLanguage\":\"en-US\",\"potentialAction\":[{\"@type\":\"ReadAction\",\"target\":[\"https:\/\/www.visit-ulcinj.com\/blog\/2014\/02\/27\/vajza-e-heshtur-misterioze-midis-podgorices-video\/\"]}]},{\"@type\":\"BreadcrumbList\",\"@id\":\"https:\/\/www.visit-ulcinj.com\/blog\/2014\/02\/27\/vajza-e-heshtur-misterioze-midis-podgorices-video\/#breadcrumb\",\"itemListElement\":[{\"@type\":\"ListItem\",\"position\":1,\"name\":\"Vajza e heshtur misterioze midis Podgoric\u00ebs &#8211; Video\"}]},{\"@type\":\"Person\",\"@id\":\"https:\/\/www.visit-ulcinj.com\/blog\/#\/schema\/person\/dcab619c614d3038751c63bc2aadc06d\",\"name\":\"ulqini\",\"sameAs\":[\"http:\/\/www.visit-ulcinj.com\"],\"url\":\"https:\/\/www.visit-ulcinj.com\/blog\/author\/admin\/\"}]}<\/script>\n<!-- \/ Yoast SEO plugin. -->","yoast_head_json":{"title":"Vajza e heshtur misterioze midis Podgoric\u00ebs - Video - Lajme nga Ulqini","description":"Nj\u00eb vajz\u00eb misterioze tash dy dit\u00eb po q\u00ebndron nga disa or\u00eb n\u00eb mes t\u00eb sheshit kryesor t\u00eb Podgoric\u00ebs me mesazhet \u201cJo\u201d, dhe \u201cNuk guxojm\u00eb\u201d, duke t\u00ebrhequr","robots":{"index":"index","follow":"follow","max-snippet":"max-snippet:-1","max-image-preview":"max-image-preview:large","max-video-preview":"max-video-preview:-1"},"canonical":"https:\/\/www.visit-ulcinj.com\/blog\/2014\/02\/27\/vajza-e-heshtur-misterioze-midis-podgorices-video\/","og_locale":"en_US","og_type":"article","og_title":"Vajza e heshtur misterioze midis Podgoric\u00ebs - Video - Lajme nga Ulqini","og_description":"Nj\u00eb vajz\u00eb misterioze tash dy dit\u00eb po q\u00ebndron nga disa or\u00eb n\u00eb mes t\u00eb sheshit kryesor t\u00eb Podgoric\u00ebs me mesazhet \u201cJo\u201d, dhe \u201cNuk guxojm\u00eb\u201d, duke t\u00ebrhequr","og_url":"https:\/\/www.visit-ulcinj.com\/blog\/2014\/02\/27\/vajza-e-heshtur-misterioze-midis-podgorices-video\/","og_site_name":"Lajme nga Ulqini","article_published_time":"2014-02-27T17:15:43+00:00","og_image":[{"url":"http:\/\/www.visit-ulcinj.com\/blog\/wp-content\/uploads\/2014\/02\/Vajza-e-heshtur-podgorice.jpg"}],"twitter_misc":{"Written by":"ulqini","Est. reading time":"1 minute"},"schema":{"@context":"https:\/\/schema.org","@graph":[{"@type":"WebSite","@id":"https:\/\/www.visit-ulcinj.com\/blog\/#website","url":"https:\/\/www.visit-ulcinj.com\/blog\/","name":"Lajme nga Ulqini","description":"Lajme,Vijesti,Ulqini,Ulqin,Crna Gora,Mali i Zi","potentialAction":[{"@type":"SearchAction","target":{"@type":"EntryPoint","urlTemplate":"https:\/\/www.visit-ulcinj.com\/blog\/?s={search_term_string}"},"query-input":"required name=search_term_string"}],"inLanguage":"en-US"},{"@type":"ImageObject","inLanguage":"en-US","@id":"https:\/\/www.visit-ulcinj.com\/blog\/2014\/02\/27\/vajza-e-heshtur-misterioze-midis-podgorices-video\/#primaryimage","url":"http:\/\/www.visit-ulcinj.com\/blog\/wp-content\/uploads\/2014\/02\/Vajza-e-heshtur-podgorice.jpg","contentUrl":"http:\/\/www.visit-ulcinj.com\/blog\/wp-content\/uploads\/2014\/02\/Vajza-e-heshtur-podgorice.jpg"},{"@type":"WebPage","@id":"https:\/\/www.visit-ulcinj.com\/blog\/2014\/02\/27\/vajza-e-heshtur-misterioze-midis-podgorices-video\/#webpage","url":"https:\/\/www.visit-ulcinj.com\/blog\/2014\/02\/27\/vajza-e-heshtur-misterioze-midis-podgorices-video\/","name":"Vajza e heshtur misterioze midis Podgoric\u00ebs - Video - Lajme nga Ulqini","isPartOf":{"@id":"https:\/\/www.visit-ulcinj.com\/blog\/#website"},"primaryImageOfPage":{"@id":"https:\/\/www.visit-ulcinj.com\/blog\/2014\/02\/27\/vajza-e-heshtur-misterioze-midis-podgorices-video\/#primaryimage"},"datePublished":"2014-02-27T17:15:43+00:00","dateModified":"2014-02-27T17:15:43+00:00","author":{"@id":"https:\/\/www.visit-ulcinj.com\/blog\/#\/schema\/person\/dcab619c614d3038751c63bc2aadc06d"},"description":"Nj\u00eb vajz\u00eb misterioze tash dy dit\u00eb po q\u00ebndron nga disa or\u00eb n\u00eb mes t\u00eb sheshit kryesor t\u00eb Podgoric\u00ebs me mesazhet \u201cJo\u201d, dhe \u201cNuk guxojm\u00eb\u201d, duke t\u00ebrhequr","breadcrumb":{"@id":"https:\/\/www.visit-ulcinj.com\/blog\/2014\/02\/27\/vajza-e-heshtur-misterioze-midis-podgorices-video\/#breadcrumb"},"inLanguage":"en-US","potentialAction":[{"@type":"ReadAction","target":["https:\/\/www.visit-ulcinj.com\/blog\/2014\/02\/27\/vajza-e-heshtur-misterioze-midis-podgorices-video\/"]}]},{"@type":"BreadcrumbList","@id":"https:\/\/www.visit-ulcinj.com\/blog\/2014\/02\/27\/vajza-e-heshtur-misterioze-midis-podgorices-video\/#breadcrumb","itemListElement":[{"@type":"ListItem","position":1,"name":"Vajza e heshtur misterioze midis Podgoric\u00ebs &#8211; Video"}]},{"@type":"Person","@id":"https:\/\/www.visit-ulcinj.com\/blog\/#\/schema\/person\/dcab619c614d3038751c63bc2aadc06d","name":"ulqini","sameAs":["http:\/\/www.visit-ulcinj.com"],"url":"https:\/\/www.visit-ulcinj.com\/blog\/author\/admin\/"}]}},"jetpack_featured_media_url":"","jetpack_sharing_enabled":true,"jetpack_shortlink":"https:\/\/wp.me\/pe6lTn-kQH","_links":{"self":[{"href":"https:\/\/www.visit-ulcinj.com\/blog\/wp-json\/wp\/v2\/posts\/80147"}],"collection":[{"href":"https:\/\/www.visit-ulcinj.com\/blog\/wp-json\/wp\/v2\/posts"}],"about":[{"href":"https:\/\/www.visit-ulcinj.com\/blog\/wp-json\/wp\/v2\/types\/post"}],"author":[{"embeddable":true,"href":"https:\/\/www.visit-ulcinj.com\/blog\/wp-json\/wp\/v2\/users\/1"}],"replies":[{"embeddable":true,"href":"https:\/\/www.visit-ulcinj.com\/blog\/wp-json\/wp\/v2\/comments?post=80147"}],"version-history":[{"count":1,"href":"https:\/\/www.visit-ulcinj.com\/blog\/wp-json\/wp\/v2\/posts\/80147\/revisions"}],"predecessor-version":[{"id":80149,"href":"https:\/\/www.visit-ulcinj.com\/blog\/wp-json\/wp\/v2\/posts\/80147\/revisions\/80149"}],"wp:attachment":[{"href":"https:\/\/www.visit-ulcinj.com\/blog\/wp-json\/wp\/v2\/media?parent=80147"}],"wp:term":[{"taxonomy":"category","embeddable":true,"href":"https:\/\/www.visit-ulcinj.com\/blog\/wp-json\/wp\/v2\/categories?post=80147"},{"taxonomy":"post_tag","embeddable":true,"href":"https:\/\/www.visit-ulcinj.com\/blog\/wp-json\/wp\/v2\/tags?post=80147"}],"curies":[{"name":"wp","href":"https:\/\/api.w.org\/{rel}","templated":true}]}}