{"id":80184,"date":"2014-02-28T19:11:33","date_gmt":"2014-02-28T18:11:33","guid":{"rendered":"http:\/\/www.visit-ulcinj.com\/blog\/?p=80184"},"modified":"2014-02-28T19:11:33","modified_gmt":"2014-02-28T18:11:33","slug":"aba-labaratori-biokimike-ulqin-video","status":"publish","type":"post","link":"https:\/\/www.visit-ulcinj.com\/blog\/2014\/02\/28\/aba-labaratori-biokimike-ulqin-video\/","title":{"rendered":"ABA &#8211; Labaratori biokimik\u00eb Ulqin &#8211; Video"},"content":{"rendered":"<p><a href=\"http:\/\/www.visit-ulcinj.com\/blog\/wp-content\/uploads\/2014\/02\/ABA-Labaratori-biokimik\u00eb-Ulqin.jpg\"><img loading=\"lazy\" class=\"alignleft  wp-image-80185\" alt=\"ABA - Labaratori biokimik\u00eb Ulqin\" src=\"http:\/\/www.visit-ulcinj.com\/blog\/wp-content\/uploads\/2014\/02\/ABA-Labaratori-biokimik\u00eb-Ulqin.jpg\" width=\"508\" height=\"360\" \/><\/a>N\u00eb rrug\u00ebn e cila t\u00eb \u00e7on p\u00ebr n\u00eb Valdanos, n\u00eb Mahall\u00ebn e Re, gjendet nj\u00eb nd\u00ebrtes\u00eb e cila dallohet nga sht\u00ebpit\u00eb tjera. \u00cbsht\u00eb e nd\u00ebrtuar n\u00eb nj\u00eb still\u00eb modern i cili nuk i p\u00ebrshtatet ambientit e Mahall\u00ebs s\u00eb Re, por, duke e ditur se t\u00eb gjitha sht\u00ebpit\u00eb n\u00eb k\u00ebt\u00eb rrug\u00eb dallohen nj\u00ebra nga tjetra, nuk \u00ebsht\u00eb p\u00ebr t\u00eb \u00e7uditur. Por, q\u00ebllimi im \u00ebsht\u00eb q\u00eb, pa dashur ti b\u00ebj ndonj\u00eb reklam\u00eb, pasi q\u00eb atyre nuk i nevojitet, i sugjeroj qytetar\u00ebve q\u00eb t\u00eb ndalen n\u00eb k\u00ebt\u00eb laboratori. Labaratoria bikimike ABA \u00ebsht\u00eb e paisur m\u00eb mjete moderne, kurse personeli qualitativ, ju pret\u00eb m\u00eb nj\u00eb buz\u00ebqeshje dhe m\u00eb nj\u00eb servis\u00eb t\u00eb mir\u00eb. Vizitoni laboratotin ABA dhe binduni se \u00ebsht\u00eb k\u00ebshtu.<\/p>\n<p><a href=\"http:\/\/www.visit-ulcinj.com\/blog\/wp-content\/uploads\/2014\/02\/ABA-Labaratori-biokimik\u00eb-Ulqin-2.jpg\"><img loading=\"lazy\" class=\"alignleft  wp-image-80186\" alt=\"ABA - Labaratori biokimik\u00eb Ulqin-2\" src=\"http:\/\/www.visit-ulcinj.com\/blog\/wp-content\/uploads\/2014\/02\/ABA-Labaratori-biokimik\u00eb-Ulqin-2.jpg\" width=\"508\" height=\"360\" \/><\/a><br \/>\nAko skre\u0107ete kod &#8220;Kru\u017enog toka&#8221;, na mjestu gdje su zasa\u0111ene tri masline, na putu koji vodi prema Valdanosu, morate pro\u0107i kroz jednu ulicu sa raznim stilovima u gra\u0111evinarstvu. Zaista je unikatna. Me\u0111utim, nas Ulcinjane to i ne \u010dudi, obzirom da je \u010ditav grad uglavnom devastiran, posebno stara &#8220;\u010dar\u0161ija&#8221;. Na toj ulici se ipak izdvaja jedna mala zgrada u ne\u0161to modernijem stilu, koja vjerovatno i ne odgovara postoje\u0107em ambijentu. Ali, ko zna, mo\u017eda \u0107e se jo\u0161 pone\u0161to promijeniti u dogledno vrijeme,&#8230; Nije mi bila namjera da kritikujem gra\u0111evinare i vlasnike objekata, to prepu\u0161tam onim kompetentnijim i naravno, vremenu. Htio sam samo da skrenem pa\u017enju na ovaj objekat, jer se tu nalazi jedna labaratorija kojoj zaista nije potrebna nikakva reklama. Ukoliko ho\u0107ete da kontroli\u0161ete va\u0161e zdravlje, a da pri tome morate dati krv na analizu, svratite tu. Do\u010deka\u0107e vas ljubazan personal i vrhunska usluga. Osmjeh i ljubazne rije\u010di jedne simpati\u010dne mlade dame, odagna\u0107e i ono malo boli koji prouzrokuje sam ubod igle&#8230;<\/p>\n<p><strong><a id=\"js_7\" href=\"https:\/\/www.facebook.com\/ismet.karamanaga\" data-hovercard=\"\/ajax\/hovercard\/user.php?id=1359492972\">Ismet Karamanaga Facebook<\/a><\/strong><\/p>\n<p><!--YouTube Error: bad URL entered--><br \/>\n\n\t\t<style type=\"text\/css\">\n\t\t\t#gallery-1 {\n\t\t\t\tmargin: auto;\n\t\t\t}\n\t\t\t#gallery-1 .gallery-item {\n\t\t\t\tfloat: left;\n\t\t\t\tmargin-top: 10px;\n\t\t\t\ttext-align: center;\n\t\t\t\twidth: 33%;\n\t\t\t}\n\t\t\t#gallery-1 img {\n\t\t\t\tborder: 2px solid #cfcfcf;\n\t\t\t}\n\t\t\t#gallery-1 .gallery-caption {\n\t\t\t\tmargin-left: 0;\n\t\t\t}\n\t\t\t\/* see gallery_shortcode() in wp-includes\/media.php *\/\n\t\t<\/style>\n\t\t<div id='gallery-1' class='gallery galleryid-80184 gallery-columns-3 gallery-size-thumbnail'><dl class='gallery-item'>\n\t\t\t<dt class='gallery-icon landscape'>\n\t\t\t\t<a href='https:\/\/www.visit-ulcinj.com\/blog\/2014\/02\/28\/aba-labaratori-biokimike-ulqin-video\/aba-labaratori-biokimike-ulqin-3\/'><img width=\"150\" height=\"150\" src=\"https:\/\/www.visit-ulcinj.com\/blog\/wp-content\/uploads\/2014\/02\/ABA-Labaratori-biokimik\u00eb-Ulqin-3-150x150.jpg\" class=\"attachment-thumbnail size-thumbnail\" alt=\"\" loading=\"lazy\" \/><\/a>\n\t\t\t<\/dt><\/dl><dl class='gallery-item'>\n\t\t\t<dt class='gallery-icon portrait'>\n\t\t\t\t<a href='https:\/\/www.visit-ulcinj.com\/blog\/2014\/02\/28\/aba-labaratori-biokimike-ulqin-video\/aba-labaratori-biokimike-ulqin-1\/'><img width=\"150\" height=\"150\" src=\"https:\/\/www.visit-ulcinj.com\/blog\/wp-content\/uploads\/2014\/02\/ABA-Labaratori-biokimik\u00eb-Ulqin-1-150x150.jpg\" class=\"attachment-thumbnail size-thumbnail\" alt=\"\" loading=\"lazy\" \/><\/a>\n\t\t\t<\/dt><\/dl><dl class='gallery-item'>\n\t\t\t<dt class='gallery-icon landscape'>\n\t\t\t\t<a href='https:\/\/www.visit-ulcinj.com\/blog\/2014\/02\/28\/aba-labaratori-biokimike-ulqin-video\/aba-labaratori-biokimike-ulqin-4\/'><img width=\"150\" height=\"150\" src=\"https:\/\/www.visit-ulcinj.com\/blog\/wp-content\/uploads\/2014\/02\/ABA-Labaratori-biokimik\u00eb-Ulqin-4-150x150.jpg\" class=\"attachment-thumbnail size-thumbnail\" alt=\"\" loading=\"lazy\" \/><\/a>\n\t\t\t<\/dt><\/dl><br style=\"clear: both\" \/>\n\t\t<\/div>\n<\/p>\n<p>&nbsp;<\/p>\n","protected":false},"excerpt":{"rendered":"<p>N\u00eb rrug\u00ebn e cila t\u00eb \u00e7on p\u00ebr n\u00eb Valdanos, n\u00eb Mahall\u00ebn e Re, gjendet nj\u00eb nd\u00ebrtes\u00eb e cila dallohet nga sht\u00ebpit\u00eb tjera. \u00cbsht\u00eb e nd\u00ebrtuar n\u00eb nj\u00eb still\u00eb modern i cili nuk i p\u00ebrshtatet ambientit e Mahall\u00ebs s\u00eb Re, por, duke e ditur se t\u00eb gjitha sht\u00ebpit\u00eb n\u00eb k\u00ebt\u00eb rrug\u00eb dallohen nj\u00ebra nga tjetra, nuk [&hellip;]<\/p>\n","protected":false},"author":1,"featured_media":0,"comment_status":"closed","ping_status":"closed","sticky":false,"template":"","format":"standard","meta":{"spay_email":"","jetpack_publicize_message":"","jetpack_is_tweetstorm":false,"jetpack_publicize_feature_enabled":true},"categories":[10],"tags":[],"jetpack_publicize_connections":[],"yoast_head":"<!-- This site is optimized with the Yoast SEO plugin v19.1 - https:\/\/yoast.com\/wordpress\/plugins\/seo\/ -->\n<title>ABA - Labaratori biokimik\u00eb Ulqin - Video - Lajme nga Ulqini<\/title>\n<meta name=\"description\" content=\"N\u00eb rrug\u00ebn e cila t\u00eb \u00e7on p\u00ebr n\u00eb Valdanos, n\u00eb Mahall\u00ebn e Re, gjendet nj\u00eb nd\u00ebrtes\u00eb e cila dallohet nga sht\u00ebpit\u00eb tjera. \u00cbsht\u00eb e nd\u00ebrtuar n\u00eb nj\u00eb still\u00eb modern\" \/>\n<meta name=\"robots\" content=\"index, follow, max-snippet:-1, max-image-preview:large, max-video-preview:-1\" \/>\n<link rel=\"canonical\" href=\"https:\/\/www.visit-ulcinj.com\/blog\/2014\/02\/28\/aba-labaratori-biokimike-ulqin-video\/\" \/>\n<meta property=\"og:locale\" content=\"en_US\" \/>\n<meta property=\"og:type\" content=\"article\" \/>\n<meta property=\"og:title\" content=\"ABA - Labaratori biokimik\u00eb Ulqin - Video - Lajme nga Ulqini\" \/>\n<meta property=\"og:description\" content=\"N\u00eb rrug\u00ebn e cila t\u00eb \u00e7on p\u00ebr n\u00eb Valdanos, n\u00eb Mahall\u00ebn e Re, gjendet nj\u00eb nd\u00ebrtes\u00eb e cila dallohet nga sht\u00ebpit\u00eb tjera. \u00cbsht\u00eb e nd\u00ebrtuar n\u00eb nj\u00eb still\u00eb modern\" \/>\n<meta property=\"og:url\" content=\"https:\/\/www.visit-ulcinj.com\/blog\/2014\/02\/28\/aba-labaratori-biokimike-ulqin-video\/\" \/>\n<meta property=\"og:site_name\" content=\"Lajme nga Ulqini\" \/>\n<meta property=\"article:published_time\" content=\"2014-02-28T18:11:33+00:00\" \/>\n<meta property=\"og:image\" content=\"https:\/\/www.visit-ulcinj.com\/blog\/wp-content\/uploads\/2014\/02\/ABA-Labaratori-biokimik\u00eb-Ulqin-3-150x150.jpg\" \/>\n<meta name=\"twitter:label1\" content=\"Written by\" \/>\n\t<meta name=\"twitter:data1\" content=\"ulqini\" \/>\n\t<meta name=\"twitter:label2\" content=\"Est. reading time\" \/>\n\t<meta name=\"twitter:data2\" content=\"2 minutes\" \/>\n<script type=\"application\/ld+json\" class=\"yoast-schema-graph\">{\"@context\":\"https:\/\/schema.org\",\"@graph\":[{\"@type\":\"WebSite\",\"@id\":\"https:\/\/www.visit-ulcinj.com\/blog\/#website\",\"url\":\"https:\/\/www.visit-ulcinj.com\/blog\/\",\"name\":\"Lajme nga Ulqini\",\"description\":\"Lajme,Vijesti,Ulqini,Ulqin,Crna Gora,Mali i Zi\",\"potentialAction\":[{\"@type\":\"SearchAction\",\"target\":{\"@type\":\"EntryPoint\",\"urlTemplate\":\"https:\/\/www.visit-ulcinj.com\/blog\/?s={search_term_string}\"},\"query-input\":\"required name=search_term_string\"}],\"inLanguage\":\"en-US\"},{\"@type\":\"WebPage\",\"@id\":\"https:\/\/www.visit-ulcinj.com\/blog\/2014\/02\/28\/aba-labaratori-biokimike-ulqin-video\/#webpage\",\"url\":\"https:\/\/www.visit-ulcinj.com\/blog\/2014\/02\/28\/aba-labaratori-biokimike-ulqin-video\/\",\"name\":\"ABA - Labaratori biokimik\u00eb Ulqin - Video - Lajme nga Ulqini\",\"isPartOf\":{\"@id\":\"https:\/\/www.visit-ulcinj.com\/blog\/#website\"},\"datePublished\":\"2014-02-28T18:11:33+00:00\",\"dateModified\":\"2014-02-28T18:11:33+00:00\",\"author\":{\"@id\":\"https:\/\/www.visit-ulcinj.com\/blog\/#\/schema\/person\/dcab619c614d3038751c63bc2aadc06d\"},\"description\":\"N\u00eb rrug\u00ebn e cila t\u00eb \u00e7on p\u00ebr n\u00eb Valdanos, n\u00eb Mahall\u00ebn e Re, gjendet nj\u00eb nd\u00ebrtes\u00eb e cila dallohet nga sht\u00ebpit\u00eb tjera. \u00cbsht\u00eb e nd\u00ebrtuar n\u00eb nj\u00eb still\u00eb modern\",\"breadcrumb\":{\"@id\":\"https:\/\/www.visit-ulcinj.com\/blog\/2014\/02\/28\/aba-labaratori-biokimike-ulqin-video\/#breadcrumb\"},\"inLanguage\":\"en-US\",\"potentialAction\":[{\"@type\":\"ReadAction\",\"target\":[\"https:\/\/www.visit-ulcinj.com\/blog\/2014\/02\/28\/aba-labaratori-biokimike-ulqin-video\/\"]}]},{\"@type\":\"BreadcrumbList\",\"@id\":\"https:\/\/www.visit-ulcinj.com\/blog\/2014\/02\/28\/aba-labaratori-biokimike-ulqin-video\/#breadcrumb\",\"itemListElement\":[{\"@type\":\"ListItem\",\"position\":1,\"name\":\"ABA &#8211; Labaratori biokimik\u00eb Ulqin &#8211; Video\"}]},{\"@type\":\"Person\",\"@id\":\"https:\/\/www.visit-ulcinj.com\/blog\/#\/schema\/person\/dcab619c614d3038751c63bc2aadc06d\",\"name\":\"ulqini\",\"sameAs\":[\"http:\/\/www.visit-ulcinj.com\"],\"url\":\"https:\/\/www.visit-ulcinj.com\/blog\/author\/admin\/\"}]}<\/script>\n<!-- \/ Yoast SEO plugin. -->","yoast_head_json":{"title":"ABA - Labaratori biokimik\u00eb Ulqin - Video - Lajme nga Ulqini","description":"N\u00eb rrug\u00ebn e cila t\u00eb \u00e7on p\u00ebr n\u00eb Valdanos, n\u00eb Mahall\u00ebn e Re, gjendet nj\u00eb nd\u00ebrtes\u00eb e cila dallohet nga sht\u00ebpit\u00eb tjera. \u00cbsht\u00eb e nd\u00ebrtuar n\u00eb nj\u00eb still\u00eb modern","robots":{"index":"index","follow":"follow","max-snippet":"max-snippet:-1","max-image-preview":"max-image-preview:large","max-video-preview":"max-video-preview:-1"},"canonical":"https:\/\/www.visit-ulcinj.com\/blog\/2014\/02\/28\/aba-labaratori-biokimike-ulqin-video\/","og_locale":"en_US","og_type":"article","og_title":"ABA - Labaratori biokimik\u00eb Ulqin - Video - Lajme nga Ulqini","og_description":"N\u00eb rrug\u00ebn e cila t\u00eb \u00e7on p\u00ebr n\u00eb Valdanos, n\u00eb Mahall\u00ebn e Re, gjendet nj\u00eb nd\u00ebrtes\u00eb e cila dallohet nga sht\u00ebpit\u00eb tjera. \u00cbsht\u00eb e nd\u00ebrtuar n\u00eb nj\u00eb still\u00eb modern","og_url":"https:\/\/www.visit-ulcinj.com\/blog\/2014\/02\/28\/aba-labaratori-biokimike-ulqin-video\/","og_site_name":"Lajme nga Ulqini","article_published_time":"2014-02-28T18:11:33+00:00","og_image":[{"url":"https:\/\/www.visit-ulcinj.com\/blog\/wp-content\/uploads\/2014\/02\/ABA-Labaratori-biokimik\u00eb-Ulqin-3-150x150.jpg"}],"twitter_misc":{"Written by":"ulqini","Est. reading time":"2 minutes"},"schema":{"@context":"https:\/\/schema.org","@graph":[{"@type":"WebSite","@id":"https:\/\/www.visit-ulcinj.com\/blog\/#website","url":"https:\/\/www.visit-ulcinj.com\/blog\/","name":"Lajme nga Ulqini","description":"Lajme,Vijesti,Ulqini,Ulqin,Crna Gora,Mali i Zi","potentialAction":[{"@type":"SearchAction","target":{"@type":"EntryPoint","urlTemplate":"https:\/\/www.visit-ulcinj.com\/blog\/?s={search_term_string}"},"query-input":"required name=search_term_string"}],"inLanguage":"en-US"},{"@type":"WebPage","@id":"https:\/\/www.visit-ulcinj.com\/blog\/2014\/02\/28\/aba-labaratori-biokimike-ulqin-video\/#webpage","url":"https:\/\/www.visit-ulcinj.com\/blog\/2014\/02\/28\/aba-labaratori-biokimike-ulqin-video\/","name":"ABA - Labaratori biokimik\u00eb Ulqin - Video - Lajme nga Ulqini","isPartOf":{"@id":"https:\/\/www.visit-ulcinj.com\/blog\/#website"},"datePublished":"2014-02-28T18:11:33+00:00","dateModified":"2014-02-28T18:11:33+00:00","author":{"@id":"https:\/\/www.visit-ulcinj.com\/blog\/#\/schema\/person\/dcab619c614d3038751c63bc2aadc06d"},"description":"N\u00eb rrug\u00ebn e cila t\u00eb \u00e7on p\u00ebr n\u00eb Valdanos, n\u00eb Mahall\u00ebn e Re, gjendet nj\u00eb nd\u00ebrtes\u00eb e cila dallohet nga sht\u00ebpit\u00eb tjera. \u00cbsht\u00eb e nd\u00ebrtuar n\u00eb nj\u00eb still\u00eb modern","breadcrumb":{"@id":"https:\/\/www.visit-ulcinj.com\/blog\/2014\/02\/28\/aba-labaratori-biokimike-ulqin-video\/#breadcrumb"},"inLanguage":"en-US","potentialAction":[{"@type":"ReadAction","target":["https:\/\/www.visit-ulcinj.com\/blog\/2014\/02\/28\/aba-labaratori-biokimike-ulqin-video\/"]}]},{"@type":"BreadcrumbList","@id":"https:\/\/www.visit-ulcinj.com\/blog\/2014\/02\/28\/aba-labaratori-biokimike-ulqin-video\/#breadcrumb","itemListElement":[{"@type":"ListItem","position":1,"name":"ABA &#8211; Labaratori biokimik\u00eb Ulqin &#8211; Video"}]},{"@type":"Person","@id":"https:\/\/www.visit-ulcinj.com\/blog\/#\/schema\/person\/dcab619c614d3038751c63bc2aadc06d","name":"ulqini","sameAs":["http:\/\/www.visit-ulcinj.com"],"url":"https:\/\/www.visit-ulcinj.com\/blog\/author\/admin\/"}]}},"jetpack_featured_media_url":"","jetpack_sharing_enabled":true,"jetpack_shortlink":"https:\/\/wp.me\/pe6lTn-kRi","_links":{"self":[{"href":"https:\/\/www.visit-ulcinj.com\/blog\/wp-json\/wp\/v2\/posts\/80184"}],"collection":[{"href":"https:\/\/www.visit-ulcinj.com\/blog\/wp-json\/wp\/v2\/posts"}],"about":[{"href":"https:\/\/www.visit-ulcinj.com\/blog\/wp-json\/wp\/v2\/types\/post"}],"author":[{"embeddable":true,"href":"https:\/\/www.visit-ulcinj.com\/blog\/wp-json\/wp\/v2\/users\/1"}],"replies":[{"embeddable":true,"href":"https:\/\/www.visit-ulcinj.com\/blog\/wp-json\/wp\/v2\/comments?post=80184"}],"version-history":[{"count":1,"href":"https:\/\/www.visit-ulcinj.com\/blog\/wp-json\/wp\/v2\/posts\/80184\/revisions"}],"predecessor-version":[{"id":80190,"href":"https:\/\/www.visit-ulcinj.com\/blog\/wp-json\/wp\/v2\/posts\/80184\/revisions\/80190"}],"wp:attachment":[{"href":"https:\/\/www.visit-ulcinj.com\/blog\/wp-json\/wp\/v2\/media?parent=80184"}],"wp:term":[{"taxonomy":"category","embeddable":true,"href":"https:\/\/www.visit-ulcinj.com\/blog\/wp-json\/wp\/v2\/categories?post=80184"},{"taxonomy":"post_tag","embeddable":true,"href":"https:\/\/www.visit-ulcinj.com\/blog\/wp-json\/wp\/v2\/tags?post=80184"}],"curies":[{"name":"wp","href":"https:\/\/api.w.org\/{rel}","templated":true}]}}