{"id":80196,"date":"2014-03-01T08:29:55","date_gmt":"2014-03-01T07:29:55","guid":{"rendered":"http:\/\/www.visit-ulcinj.com\/blog\/?p=80196"},"modified":"2014-03-02T09:56:55","modified_gmt":"2014-03-02T08:56:55","slug":"ministri-kosoves-flet-per-shembelltyrat-e-malit-te-zi","status":"publish","type":"post","link":"https:\/\/www.visit-ulcinj.com\/blog\/2014\/03\/01\/ministri-kosoves-flet-per-shembelltyrat-e-malit-te-zi\/","title":{"rendered":"Ministri i Kosov\u00ebs flet p\u00ebr \u201cSh\u00ebmb\u00eblltyrat\u201d e Malit t\u00eb Zi &#8211; TV &#8211; Teuta"},"content":{"rendered":"<div><strong><a href=\"http:\/\/www.visit-ulcinj.com\/blog\/wp-content\/uploads\/2014\/03\/Hoxhaj-Lukshiq.jpg\"><img loading=\"lazy\" class=\"alignleft  wp-image-80197\" alt=\"Hoxhaj-Lukshiq\" src=\"http:\/\/www.visit-ulcinj.com\/blog\/wp-content\/uploads\/2014\/03\/Hoxhaj-Lukshiq.jpg\" width=\"508\" height=\"360\" \/><\/a>Shkruan: Fidan Mustafa<\/strong><\/div>\n<p>Ministri i Kosov\u00ebs deri sa l\u00ebvdon veten para Ministrit malazez Igor Luksic p\u00ebr trajtim t\u00eb minoriteteve me theks t\u00eb ve\u00e7ant\u00eb t\u00eb pakic\u00ebs malazeze n\u00eb Kosov\u00eb, Ministrit Enver Hoxha asnj\u00ebher\u00eb nuk i p\u00ebrmend shqiptaret q\u00eb jetojn\u00eb n\u00eb Mal t\u00eb Zi, por mburret me arritjet e tij p\u00ebr futjen e pakic\u00ebs malazeze si pakic\u00eb komb\u00ebtar\u00eb n\u00eb kushtetut\u00eb.<br \/>\nDeri sa Ministri i Jasht\u00ebm i Kosov\u00ebs Enver Hoxha dhe homologu i tij nga Mali i Zi deklaron se: Marr\u00ebdh\u00ebniet midis Kosov\u00ebs dhe Malit t\u00eb Zi n\u00eb gjasht\u00eb vitet e fundit mund t\u00eb merren si \u201cshembull\u201d i bashk\u00ebpunimit nd\u00ebrkomb\u00ebtare.<br \/>\n\u00cbsht\u00eb aq konfuze mbi baz\u00ebn e cilit bashk\u00ebpunim referohet ministri i Kosov\u00ebs me termin \u201cShembull\u201d. Nuk \u00ebsht\u00eb e qart\u00eb se Ministri i referohet takimeve t\u00eb cilat ka zhvilluar disa here radhazi n\u00eb Malin e Zi t\u00eb cilat asnj\u00ebher\u00eb nuk \u00ebsht\u00eb par\u00eb flamuri i Republik\u00ebs s\u00eb Kosov\u00ebs gjat\u00eb takimeve p\u00ebrve\u00e7 ati malazez, apo ndoshta i referohet takimit tjet\u00ebr q\u00eb zhvilloj me gazetaret malazez gjat\u00eb nj\u00eb takimi n\u00eb Podgoric\u00eb q\u00eb nuk u lejua t\u00eb flas shqip apo&#8230;<br \/>\nDerisa me nj\u00eb prononcim Ministrit i Kosov\u00ebs thekson: \u201cKosova dhe Mali Zi jan\u00eb fqinje Konstruktiv\u00eb\u201d, mendoj se duhet t\u00eb jet\u00eb se Kosova \u00ebsht\u00eb shum\u00eb Konstruktive, nd\u00ebrsa shteti malazez \u00ebsht\u00eb shum\u00eb destruktiv kur kihet parasysh form\u00ebn e nd\u00ebrtimit t\u00eb raporteve nd\u00ebrmjet Kosov\u00ebs dhe Malit te Zi, mbi baz\u00ebn kushtetuese t\u00eb nj\u00ebanshme dhe t\u00eb pa balancuara nga qeveria malazeze.<br \/>\nNuk munde t\u00eb quajm\u00eb shtetin malazez konstruktiv dhe \u201cSh\u00ebmb\u00eblltyr\u00eb e raporteve t\u00eb mira\u201d derisa gjerat nuk nd\u00ebrtohen mbi baz\u00ebn e reciprocitetit t\u00eb nd\u00ebrsjell\u00eb. Ne po harrojm\u00eb se k\u00ebta homolog \u201cShembull\u201d jan\u00eb ata t\u00eb cil\u00ebt kan\u00eb b\u00ebr\u00eb ndarje n\u00eb forma etnike ndaj Shqiptar\u00ebve q\u00eb nuk g\u00ebzojn\u00eb asnj\u00eb status t\u00eb definuar mbi t\u00eb drejtat e tyre m\u00eb elementare si ne fush\u00ebn e arsimit po ashtu edhe ne vendimmarrje.<br \/>\nNd\u00ebrsa, me theks t\u00eb ve\u00e7anet gjat\u00eb vitit 2013 shqiptar\u00ebve n\u00eb Mal t\u00eb Zi u \u00ebsht\u00eb b\u00ebr\u00eb presion i jasht\u00ebzakonsh\u00ebm n\u00eb em\u00ebr t\u00eb kriz\u00ebs \u201cekonomike\u201d, Podgorica ka shkurtuar minutat e pakt t\u00eb emisioneve shqip n\u00eb TV e po ashtu vazhdon t\u00eb ushtrohet presion mbi fjal\u00ebn e shkruar shqip dhe ushtrohet nj\u00eb presion i fuqish\u00ebm mbi portalet shqiptare n\u00ebp\u00ebrmjet formave kibernetike, nd\u00ebrsa pala kosovare asnj\u00ebher\u00eb nuk e ka ofruar si qeshje p\u00ebr diskutim me qeverin\u00eb malazeze.<br \/>\nN\u00eb an\u00ebn tjet\u00ebr statusi i shqiptar\u00ebve n\u00eb Mal t\u00eb Zi \u00ebsht\u00eb i pa definuar duke u cenuar \u00e7do dite e m\u00eb shum\u00eb, ket\u00eb e v\u00ebrteton fakti q\u00eb n\u00eb muajin shkurt t\u00eb vitit 2014 n\u00eb parlamentin malazez, Gucia me 2.000 banor shpallet komun\u00eb nd\u00ebrsa, Mal\u00ebsia e cila i ka 13.000 banor q\u00eb p\u00ebrb\u00ebhet me shumic\u00eb shqiptar\u00eb nuk shpallet komun\u00eb, q\u00eb me nj\u00eb fat t\u00eb till\u00eb ballafaqohet edhe Plava.<br \/>\nPavar\u00ebsisht prej situatave, qeveria e Kosov\u00ebs apo Ministri i Pun\u00ebve t\u00eb Jashtme nuk b\u00ebn asnj\u00eb reagim rreth zhvillimeve t\u00eb fundit n\u00eb Malin e zi mbi k\u00ebrc\u00ebnimet q\u00eb i b\u00ebri Gjukanoviq shqiptar\u00ebve duke th\u00ebn\u00eb: \u201cTashme do t\u00eb flas ndryshe me shqiptaret\u201d, vet\u00ebm p\u00ebr faktin se shqiptar\u00ebt ishin bashkuar p\u00ebr t\u00eb fituar komun\u00ebn e Ulqinit. Nd\u00ebrsa, n\u00eb an\u00ebn tjet\u00ebr Ministri i Kosov\u00ebs deklaron se ne kemi raporte p\u00ebr t\u00eb marr \u201dshembull\u201d.<br \/>\nVendimi i bashkimit t\u00eb shqiptar\u00ebve n\u00eb Ulqin ishte dashur t\u00eb mb\u00ebshtetej fuqishme nga Tirana dhe Prishtina, duke ju dhen nj\u00eb inkurajim t\u00eb m\u00ebtejm\u00eb t\u00eb spektrit politik, nj\u00eb mb\u00ebshtetje me t\u00eb gjitha format n\u00eb dispozicion si n\u00eb Mal t\u00eb Zi ashtu edhe n\u00eb Lugin\u00eb t\u00eb Preshev\u00ebs.<br \/>\nDiplomacia Kosovare dhe ajo e Shqip\u00ebris\u00eb, duhet t\u00eb jet\u00eb nj\u00eb organ i koordinuar me faktorin shqiptar\u00eb rajonal e at\u00eb politik n\u00eb marrjen e vendimeve si nj\u00eb trup i vet\u00ebm i fuqis\u00eb politike dhe diplomatike.<br \/>\nSuksesi i Ministris\u00eb s\u00eb Pun\u00ebve t\u00eb Jashtme t\u00eb Kosov\u00ebs dhe Shqip\u00ebris\u00eb, nuk do t\u00eb jet\u00eb asnj\u00ebher\u00eb i plot dhe i fuqish\u00ebm p\u00ebrball fqinj\u00ebve q\u00eb na rrethojn\u00eb n\u00eb rrafshin diplomatik dhe komb\u00ebtar\u00eb pa themelimin e nj\u00eb Ministrie t\u00eb p\u00ebrbashk\u00ebt p\u00ebr \u00e7\u00ebshtjen Shqiptare jasht\u00eb trojeve etnike. Vet\u00ebm at\u00ebher\u00eb kur t\u00eb dim\u00eb t\u00eb \u00e7mojm\u00eb \u00e7do fije floku t\u00eb bashk\u00ebkomb\u00ebsve tan\u00eb, at\u00ebher\u00eb do t\u00eb jemi Komb i kompletuar.<\/p>\n<p><strong>Portali Indeksonline<\/strong><\/p>\n<!--YouTube Error: bad URL entered-->\n","protected":false},"excerpt":{"rendered":"<p>Shkruan: Fidan Mustafa Ministri i Kosov\u00ebs deri sa l\u00ebvdon veten para Ministrit malazez Igor Luksic p\u00ebr trajtim t\u00eb minoriteteve me theks t\u00eb ve\u00e7ant\u00eb t\u00eb pakic\u00ebs malazeze n\u00eb Kosov\u00eb, Ministrit Enver Hoxha asnj\u00ebher\u00eb nuk i p\u00ebrmend shqiptaret q\u00eb jetojn\u00eb n\u00eb Mal t\u00eb Zi, por mburret me arritjet e tij p\u00ebr futjen e pakic\u00ebs malazeze si pakic\u00eb [&hellip;]<\/p>\n","protected":false},"author":1,"featured_media":0,"comment_status":"closed","ping_status":"closed","sticky":false,"template":"","format":"standard","meta":{"spay_email":"","jetpack_publicize_message":"","jetpack_is_tweetstorm":false,"jetpack_publicize_feature_enabled":true},"categories":[14],"tags":[],"jetpack_publicize_connections":[],"yoast_head":"<!-- This site is optimized with the Yoast SEO plugin v19.1 - https:\/\/yoast.com\/wordpress\/plugins\/seo\/ -->\n<title>Ministri i Kosov\u00ebs flet p\u00ebr \u201cSh\u00ebmb\u00eblltyrat\u201d e Malit t\u00eb Zi - TV - Teuta - Lajme nga Ulqini<\/title>\n<meta name=\"description\" content=\"Shkruan: Fidan Mustafa Ministri i Kosov\u00ebs deri sa l\u00ebvdon veten para Ministrit malazez Igor Luksic p\u00ebr trajtim t\u00eb minoriteteve me theks t\u00eb ve\u00e7ant\u00eb t\u00eb\" \/>\n<meta name=\"robots\" content=\"index, follow, max-snippet:-1, max-image-preview:large, max-video-preview:-1\" \/>\n<link rel=\"canonical\" href=\"https:\/\/www.visit-ulcinj.com\/blog\/2014\/03\/01\/ministri-kosoves-flet-per-shembelltyrat-e-malit-te-zi\/\" \/>\n<meta property=\"og:locale\" content=\"en_US\" \/>\n<meta property=\"og:type\" content=\"article\" \/>\n<meta property=\"og:title\" content=\"Ministri i Kosov\u00ebs flet p\u00ebr \u201cSh\u00ebmb\u00eblltyrat\u201d e Malit t\u00eb Zi - TV - Teuta - Lajme nga Ulqini\" \/>\n<meta property=\"og:description\" content=\"Shkruan: Fidan Mustafa Ministri i Kosov\u00ebs deri sa l\u00ebvdon veten para Ministrit malazez Igor Luksic p\u00ebr trajtim t\u00eb minoriteteve me theks t\u00eb ve\u00e7ant\u00eb t\u00eb\" \/>\n<meta property=\"og:url\" content=\"https:\/\/www.visit-ulcinj.com\/blog\/2014\/03\/01\/ministri-kosoves-flet-per-shembelltyrat-e-malit-te-zi\/\" \/>\n<meta property=\"og:site_name\" content=\"Lajme nga Ulqini\" \/>\n<meta property=\"article:published_time\" content=\"2014-03-01T07:29:55+00:00\" \/>\n<meta property=\"article:modified_time\" content=\"2014-03-02T08:56:55+00:00\" \/>\n<meta property=\"og:image\" content=\"http:\/\/www.visit-ulcinj.com\/blog\/wp-content\/uploads\/2014\/03\/Hoxhaj-Lukshiq.jpg\" \/>\n<meta name=\"twitter:label1\" content=\"Written by\" \/>\n\t<meta name=\"twitter:data1\" content=\"ulqini\" \/>\n\t<meta name=\"twitter:label2\" content=\"Est. reading time\" \/>\n\t<meta name=\"twitter:data2\" content=\"4 minutes\" \/>\n<script type=\"application\/ld+json\" class=\"yoast-schema-graph\">{\"@context\":\"https:\/\/schema.org\",\"@graph\":[{\"@type\":\"WebSite\",\"@id\":\"https:\/\/www.visit-ulcinj.com\/blog\/#website\",\"url\":\"https:\/\/www.visit-ulcinj.com\/blog\/\",\"name\":\"Lajme nga Ulqini\",\"description\":\"Lajme,Vijesti,Ulqini,Ulqin,Crna Gora,Mali i Zi\",\"potentialAction\":[{\"@type\":\"SearchAction\",\"target\":{\"@type\":\"EntryPoint\",\"urlTemplate\":\"https:\/\/www.visit-ulcinj.com\/blog\/?s={search_term_string}\"},\"query-input\":\"required name=search_term_string\"}],\"inLanguage\":\"en-US\"},{\"@type\":\"ImageObject\",\"inLanguage\":\"en-US\",\"@id\":\"https:\/\/www.visit-ulcinj.com\/blog\/2014\/03\/01\/ministri-kosoves-flet-per-shembelltyrat-e-malit-te-zi\/#primaryimage\",\"url\":\"https:\/\/www.visit-ulcinj.com\/blog\/wp-content\/uploads\/2014\/03\/Hoxhaj-Lukshiq.jpg\",\"contentUrl\":\"https:\/\/www.visit-ulcinj.com\/blog\/wp-content\/uploads\/2014\/03\/Hoxhaj-Lukshiq.jpg\",\"width\":640,\"height\":360},{\"@type\":\"WebPage\",\"@id\":\"https:\/\/www.visit-ulcinj.com\/blog\/2014\/03\/01\/ministri-kosoves-flet-per-shembelltyrat-e-malit-te-zi\/#webpage\",\"url\":\"https:\/\/www.visit-ulcinj.com\/blog\/2014\/03\/01\/ministri-kosoves-flet-per-shembelltyrat-e-malit-te-zi\/\",\"name\":\"Ministri i Kosov\u00ebs flet p\u00ebr \u201cSh\u00ebmb\u00eblltyrat\u201d e Malit t\u00eb Zi - TV - Teuta - Lajme nga Ulqini\",\"isPartOf\":{\"@id\":\"https:\/\/www.visit-ulcinj.com\/blog\/#website\"},\"primaryImageOfPage\":{\"@id\":\"https:\/\/www.visit-ulcinj.com\/blog\/2014\/03\/01\/ministri-kosoves-flet-per-shembelltyrat-e-malit-te-zi\/#primaryimage\"},\"datePublished\":\"2014-03-01T07:29:55+00:00\",\"dateModified\":\"2014-03-02T08:56:55+00:00\",\"author\":{\"@id\":\"https:\/\/www.visit-ulcinj.com\/blog\/#\/schema\/person\/dcab619c614d3038751c63bc2aadc06d\"},\"description\":\"Shkruan: Fidan Mustafa Ministri i Kosov\u00ebs deri sa l\u00ebvdon veten para Ministrit malazez Igor Luksic p\u00ebr trajtim t\u00eb minoriteteve me theks t\u00eb ve\u00e7ant\u00eb t\u00eb\",\"breadcrumb\":{\"@id\":\"https:\/\/www.visit-ulcinj.com\/blog\/2014\/03\/01\/ministri-kosoves-flet-per-shembelltyrat-e-malit-te-zi\/#breadcrumb\"},\"inLanguage\":\"en-US\",\"potentialAction\":[{\"@type\":\"ReadAction\",\"target\":[\"https:\/\/www.visit-ulcinj.com\/blog\/2014\/03\/01\/ministri-kosoves-flet-per-shembelltyrat-e-malit-te-zi\/\"]}]},{\"@type\":\"BreadcrumbList\",\"@id\":\"https:\/\/www.visit-ulcinj.com\/blog\/2014\/03\/01\/ministri-kosoves-flet-per-shembelltyrat-e-malit-te-zi\/#breadcrumb\",\"itemListElement\":[{\"@type\":\"ListItem\",\"position\":1,\"name\":\"Ministri i Kosov\u00ebs flet p\u00ebr \u201cSh\u00ebmb\u00eblltyrat\u201d e Malit t\u00eb Zi &#8211; TV &#8211; Teuta\"}]},{\"@type\":\"Person\",\"@id\":\"https:\/\/www.visit-ulcinj.com\/blog\/#\/schema\/person\/dcab619c614d3038751c63bc2aadc06d\",\"name\":\"ulqini\",\"sameAs\":[\"http:\/\/www.visit-ulcinj.com\"],\"url\":\"https:\/\/www.visit-ulcinj.com\/blog\/author\/admin\/\"}]}<\/script>\n<!-- \/ Yoast SEO plugin. -->","yoast_head_json":{"title":"Ministri i Kosov\u00ebs flet p\u00ebr \u201cSh\u00ebmb\u00eblltyrat\u201d e Malit t\u00eb Zi - TV - Teuta - Lajme nga Ulqini","description":"Shkruan: Fidan Mustafa Ministri i Kosov\u00ebs deri sa l\u00ebvdon veten para Ministrit malazez Igor Luksic p\u00ebr trajtim t\u00eb minoriteteve me theks t\u00eb ve\u00e7ant\u00eb t\u00eb","robots":{"index":"index","follow":"follow","max-snippet":"max-snippet:-1","max-image-preview":"max-image-preview:large","max-video-preview":"max-video-preview:-1"},"canonical":"https:\/\/www.visit-ulcinj.com\/blog\/2014\/03\/01\/ministri-kosoves-flet-per-shembelltyrat-e-malit-te-zi\/","og_locale":"en_US","og_type":"article","og_title":"Ministri i Kosov\u00ebs flet p\u00ebr \u201cSh\u00ebmb\u00eblltyrat\u201d e Malit t\u00eb Zi - TV - Teuta - Lajme nga Ulqini","og_description":"Shkruan: Fidan Mustafa Ministri i Kosov\u00ebs deri sa l\u00ebvdon veten para Ministrit malazez Igor Luksic p\u00ebr trajtim t\u00eb minoriteteve me theks t\u00eb ve\u00e7ant\u00eb t\u00eb","og_url":"https:\/\/www.visit-ulcinj.com\/blog\/2014\/03\/01\/ministri-kosoves-flet-per-shembelltyrat-e-malit-te-zi\/","og_site_name":"Lajme nga Ulqini","article_published_time":"2014-03-01T07:29:55+00:00","article_modified_time":"2014-03-02T08:56:55+00:00","og_image":[{"url":"http:\/\/www.visit-ulcinj.com\/blog\/wp-content\/uploads\/2014\/03\/Hoxhaj-Lukshiq.jpg"}],"twitter_misc":{"Written by":"ulqini","Est. reading time":"4 minutes"},"schema":{"@context":"https:\/\/schema.org","@graph":[{"@type":"WebSite","@id":"https:\/\/www.visit-ulcinj.com\/blog\/#website","url":"https:\/\/www.visit-ulcinj.com\/blog\/","name":"Lajme nga Ulqini","description":"Lajme,Vijesti,Ulqini,Ulqin,Crna Gora,Mali i Zi","potentialAction":[{"@type":"SearchAction","target":{"@type":"EntryPoint","urlTemplate":"https:\/\/www.visit-ulcinj.com\/blog\/?s={search_term_string}"},"query-input":"required name=search_term_string"}],"inLanguage":"en-US"},{"@type":"ImageObject","inLanguage":"en-US","@id":"https:\/\/www.visit-ulcinj.com\/blog\/2014\/03\/01\/ministri-kosoves-flet-per-shembelltyrat-e-malit-te-zi\/#primaryimage","url":"https:\/\/www.visit-ulcinj.com\/blog\/wp-content\/uploads\/2014\/03\/Hoxhaj-Lukshiq.jpg","contentUrl":"https:\/\/www.visit-ulcinj.com\/blog\/wp-content\/uploads\/2014\/03\/Hoxhaj-Lukshiq.jpg","width":640,"height":360},{"@type":"WebPage","@id":"https:\/\/www.visit-ulcinj.com\/blog\/2014\/03\/01\/ministri-kosoves-flet-per-shembelltyrat-e-malit-te-zi\/#webpage","url":"https:\/\/www.visit-ulcinj.com\/blog\/2014\/03\/01\/ministri-kosoves-flet-per-shembelltyrat-e-malit-te-zi\/","name":"Ministri i Kosov\u00ebs flet p\u00ebr \u201cSh\u00ebmb\u00eblltyrat\u201d e Malit t\u00eb Zi - TV - Teuta - Lajme nga Ulqini","isPartOf":{"@id":"https:\/\/www.visit-ulcinj.com\/blog\/#website"},"primaryImageOfPage":{"@id":"https:\/\/www.visit-ulcinj.com\/blog\/2014\/03\/01\/ministri-kosoves-flet-per-shembelltyrat-e-malit-te-zi\/#primaryimage"},"datePublished":"2014-03-01T07:29:55+00:00","dateModified":"2014-03-02T08:56:55+00:00","author":{"@id":"https:\/\/www.visit-ulcinj.com\/blog\/#\/schema\/person\/dcab619c614d3038751c63bc2aadc06d"},"description":"Shkruan: Fidan Mustafa Ministri i Kosov\u00ebs deri sa l\u00ebvdon veten para Ministrit malazez Igor Luksic p\u00ebr trajtim t\u00eb minoriteteve me theks t\u00eb ve\u00e7ant\u00eb t\u00eb","breadcrumb":{"@id":"https:\/\/www.visit-ulcinj.com\/blog\/2014\/03\/01\/ministri-kosoves-flet-per-shembelltyrat-e-malit-te-zi\/#breadcrumb"},"inLanguage":"en-US","potentialAction":[{"@type":"ReadAction","target":["https:\/\/www.visit-ulcinj.com\/blog\/2014\/03\/01\/ministri-kosoves-flet-per-shembelltyrat-e-malit-te-zi\/"]}]},{"@type":"BreadcrumbList","@id":"https:\/\/www.visit-ulcinj.com\/blog\/2014\/03\/01\/ministri-kosoves-flet-per-shembelltyrat-e-malit-te-zi\/#breadcrumb","itemListElement":[{"@type":"ListItem","position":1,"name":"Ministri i Kosov\u00ebs flet p\u00ebr \u201cSh\u00ebmb\u00eblltyrat\u201d e Malit t\u00eb Zi &#8211; TV &#8211; Teuta"}]},{"@type":"Person","@id":"https:\/\/www.visit-ulcinj.com\/blog\/#\/schema\/person\/dcab619c614d3038751c63bc2aadc06d","name":"ulqini","sameAs":["http:\/\/www.visit-ulcinj.com"],"url":"https:\/\/www.visit-ulcinj.com\/blog\/author\/admin\/"}]}},"jetpack_featured_media_url":"","jetpack_sharing_enabled":true,"jetpack_shortlink":"https:\/\/wp.me\/pe6lTn-kRu","_links":{"self":[{"href":"https:\/\/www.visit-ulcinj.com\/blog\/wp-json\/wp\/v2\/posts\/80196"}],"collection":[{"href":"https:\/\/www.visit-ulcinj.com\/blog\/wp-json\/wp\/v2\/posts"}],"about":[{"href":"https:\/\/www.visit-ulcinj.com\/blog\/wp-json\/wp\/v2\/types\/post"}],"author":[{"embeddable":true,"href":"https:\/\/www.visit-ulcinj.com\/blog\/wp-json\/wp\/v2\/users\/1"}],"replies":[{"embeddable":true,"href":"https:\/\/www.visit-ulcinj.com\/blog\/wp-json\/wp\/v2\/comments?post=80196"}],"version-history":[{"count":2,"href":"https:\/\/www.visit-ulcinj.com\/blog\/wp-json\/wp\/v2\/posts\/80196\/revisions"}],"predecessor-version":[{"id":80207,"href":"https:\/\/www.visit-ulcinj.com\/blog\/wp-json\/wp\/v2\/posts\/80196\/revisions\/80207"}],"wp:attachment":[{"href":"https:\/\/www.visit-ulcinj.com\/blog\/wp-json\/wp\/v2\/media?parent=80196"}],"wp:term":[{"taxonomy":"category","embeddable":true,"href":"https:\/\/www.visit-ulcinj.com\/blog\/wp-json\/wp\/v2\/categories?post=80196"},{"taxonomy":"post_tag","embeddable":true,"href":"https:\/\/www.visit-ulcinj.com\/blog\/wp-json\/wp\/v2\/tags?post=80196"}],"curies":[{"name":"wp","href":"https:\/\/api.w.org\/{rel}","templated":true}]}}