{"id":80209,"date":"2014-03-02T16:20:42","date_gmt":"2014-03-02T15:20:42","guid":{"rendered":"http:\/\/www.visit-ulcinj.com\/blog\/?p=80209"},"modified":"2014-03-02T16:20:42","modified_gmt":"2014-03-02T15:20:42","slug":"asgje-konkrete-nga-intervista-e-pare-e-lidereve-te-ulqinit-silver-korda","status":"publish","type":"post","link":"https:\/\/www.visit-ulcinj.com\/blog\/2014\/03\/02\/asgje-konkrete-nga-intervista-e-pare-e-lidereve-te-ulqinit-silver-korda\/","title":{"rendered":"Asgj\u00eb konkrete nga \u201cIntervista e par\u00eb\u201d e lider\u00ebve t\u00eb Ulqinit &#8211; Silver Korda"},"content":{"rendered":"<p><strong><a href=\"http:\/\/www.visit-ulcinj.com\/blog\/wp-content\/uploads\/2013\/03\/silver-korda.jpg\"><img loading=\"lazy\" class=\"alignleft  wp-image-69712\" alt=\"silver korda\" src=\"http:\/\/www.visit-ulcinj.com\/blog\/wp-content\/uploads\/2013\/03\/silver-korda.jpg\" width=\"508\" height=\"360\" \/><\/a>\u00a0Shkruan <a id=\"js_10\" href=\"https:\/\/www.facebook.com\/profile.php?id=100002258040793\" data-hovercard=\"\/ajax\/hovercard\/hovercard.php?id=100002258040793&amp;extragetparams=%7B%22hc_location%22%3A%22ufi%22%7D\" data-ft=\"{&quot;tn&quot;:&quot;;&quot;}\" data-reactid=\".8.1:3:1:$comment732902936729768_7398490:0.0.$right.0.$left.0.0.0:$author\">Silver Korda Kordic<\/a><\/strong><\/p>\n<p>E p\u00ebrcjella k\u00ebt\u00eb intervist\u00eb t\u00eb TV-Teuta, kurioz se \u00e7ka po ndigjoj dhe m\u00ebsoj t\u00eb re, pas vendimeve t\u00eb fundit politike n\u00eb Ulqin&#8230; Duke p\u00ebrcjell edhe vite me rall\u00eb intervista t\u00eb shumta t\u00eb politikanve lokal t\u00eb Ulqinit, n\u00eb Radio, TV dhe media tjera, pas cilave kam qen\u00eb gjith\u00ebmon i deshprumun nga p\u00ebrmbajtja, stili, m\u00ebnyra dhe niveli i k\u00ebsi intervistash,shpresova se po ndigjoj di\u00e7ka konkret, n\u00eb frym\u00ebn e re, far stilit t\u00eb ri.. Fat\u00ebkeq\u00ebsisht ishte edhe kjo intervist\u00eb si repeticion i atyre para 10,15,20 vitesh. Asgj\u00eb konkrete, frazeologji e that\u00eb, p\u00ebrs\u00ebritje e fjal\u00ebve: posti, posti, subjektet, klubi k\u00ebshiltarve, kryetari, posti zavendsit t\u00eb kryetarit, funkcionet, fotelat, karrikat, pozita-opozita, partit\u00eb, buxheti, financat.. un\u00eb, un\u00eb dhe un\u00eb si dhe un\u00eb me mua dhe une&#8230; &#8220;Asetet&#8221;, subjektet, postet&#8230;N\u00eb fund ishte m\u00eb e r\u00ebnd\u00ebsishmja q\u00eb t\u00eb ceket r\u00ebnd\u00ebsi e transmetimeve &#8220;live&#8221; drejt-p\u00ebr s\u00eb drejti t\u00eb TV-Teuta nga seancat t\u00eb K\u00ebshillit komunal, mledhjeve, diskutimeve, q\u00eb t\u00eb na shof populli dhe ne t\u00eb shikojm n\u00eb kamera&#8230;<\/p>\n<p>Se n\u00eb k\u00ebt\u00eb menyr\u00eb edukohet&#8221; populli politikisht&#8230;?????? Asgja KONKRET, asnji spjegim t\u00eb veprimeve KONKTRETE me arrit\u00eb hapje t\u00eb vendeve pune, pun\u00ebsim, zhvillim, p\u00ebkrahje dhe finansim t\u00eb projekteve, koncepteve KONKRETE p\u00ebr pun\u00eb dhe veprime KONKRETE: shp\u00ebrvjelja e mang\u00ebve, angazhimi i rinis\u00eb n\u00eb pastrimin e Ulqinit; ma mir\u00eb me punu kot se me nejt nep\u00ebr kafiqa kot e me sjell mobilat, mi siguru p\u00ebr k\u00ebsi aksionesh parat p\u00ebr ndonji ekskurzion pas realizimit t\u00eb aksioneve, me i organizu rinis\u00eb Seminare pa lek mbi 100-1000 tema jet\u00ebsore, edukuese, ekonomike, me i drejtu n\u00eb nj\u00eb rrug\u00eb t\u00eb mbar\u00eb, me i integru-ky\u00e7 n\u00eb pun\u00eb konkrete, projekte punuese konkrete&#8230;<\/p>\n<p>Nuk isht\u00eb vendi p\u00ebr detaje, se ka XY sisteme, metoda dhe mund\u00ebsi me e larguar rinin nga rruga, kafiqat dhe letargjia depresive me angazhim konkret n\u00eb akcione t\u00eb vogla konkrete, natyrisht me nj\u00eb pages\u00eb t\u00eb p\u00ebrshtatshme nga fondi i Komun\u00ebs&#8230; E di, Komuna s `ka pare, tesh 23 vite ndigjohet kjo &#8220;kukam\u00eb&#8221;, par pse jan\u00eb kryetar\u00ebt, funksioner\u00ebt, partit\u00eb, fotelat dhe karrikat politike t\u00eb parapame, ve\u00e7 p\u00ebr veprimtari, pun\u00eb, angazhim e jo blla-blla-blla retorik\u00eb, frazeologji, fjalime t\u00eb gjata pa dometh\u00ebnie, pa p\u00ebrmbajtje dhe pa hap\u00eb k o n k r e t!!!!<\/p>\n<p><strong><a id=\"js_10\" href=\"https:\/\/www.facebook.com\/profile.php?id=100002258040793\" data-hovercard=\"\/ajax\/hovercard\/hovercard.php?id=100002258040793&amp;extragetparams=%7B%22hc_location%22%3A%22ufi%22%7D\" data-ft=\"{&quot;tn&quot;:&quot;;&quot;}\" data-reactid=\".8.1:3:1:$comment732902936729768_7398490:0.0.$right.0.$left.0.0.0:$author\">Silver Korda Kordic Facebook<\/a><\/strong><\/p>\n","protected":false},"excerpt":{"rendered":"<p>\u00a0Shkruan Silver Korda Kordic E p\u00ebrcjella k\u00ebt\u00eb intervist\u00eb t\u00eb TV-Teuta, kurioz se \u00e7ka po ndigjoj dhe m\u00ebsoj t\u00eb re, pas vendimeve t\u00eb fundit politike n\u00eb Ulqin&#8230; Duke p\u00ebrcjell edhe vite me rall\u00eb intervista t\u00eb shumta t\u00eb politikanve lokal t\u00eb Ulqinit, n\u00eb Radio, TV dhe media tjera, pas cilave kam qen\u00eb gjith\u00ebmon i deshprumun nga p\u00ebrmbajtja, [&hellip;]<\/p>\n","protected":false},"author":1,"featured_media":0,"comment_status":"closed","ping_status":"closed","sticky":false,"template":"","format":"standard","meta":{"spay_email":"","jetpack_publicize_message":"","jetpack_is_tweetstorm":false,"jetpack_publicize_feature_enabled":true},"categories":[14249],"tags":[],"jetpack_publicize_connections":[],"yoast_head":"<!-- This site is optimized with the Yoast SEO plugin v19.1 - https:\/\/yoast.com\/wordpress\/plugins\/seo\/ -->\n<title>Asgj\u00eb konkrete nga \u201cIntervista e par\u00eb\u201d e lider\u00ebve t\u00eb Ulqinit - Silver Korda - Lajme nga Ulqini<\/title>\n<meta name=\"description\" content=\"\u00a0Shkruan Silver Korda Kordic E p\u00ebrcjella k\u00ebt\u00eb intervist\u00eb t\u00eb TV-Teuta, kurioz se \u00e7ka po ndigjoj dhe m\u00ebsoj t\u00eb re, pas vendimeve t\u00eb fundit politike n\u00eb\" \/>\n<meta name=\"robots\" content=\"index, follow, max-snippet:-1, max-image-preview:large, max-video-preview:-1\" \/>\n<link rel=\"canonical\" href=\"https:\/\/www.visit-ulcinj.com\/blog\/2014\/03\/02\/asgje-konkrete-nga-intervista-e-pare-e-lidereve-te-ulqinit-silver-korda\/\" \/>\n<meta property=\"og:locale\" content=\"en_US\" \/>\n<meta property=\"og:type\" content=\"article\" \/>\n<meta property=\"og:title\" content=\"Asgj\u00eb konkrete nga \u201cIntervista e par\u00eb\u201d e lider\u00ebve t\u00eb Ulqinit - Silver Korda - Lajme nga Ulqini\" \/>\n<meta property=\"og:description\" content=\"\u00a0Shkruan Silver Korda Kordic E p\u00ebrcjella k\u00ebt\u00eb intervist\u00eb t\u00eb TV-Teuta, kurioz se \u00e7ka po ndigjoj dhe m\u00ebsoj t\u00eb re, pas vendimeve t\u00eb fundit politike n\u00eb\" \/>\n<meta property=\"og:url\" content=\"https:\/\/www.visit-ulcinj.com\/blog\/2014\/03\/02\/asgje-konkrete-nga-intervista-e-pare-e-lidereve-te-ulqinit-silver-korda\/\" \/>\n<meta property=\"og:site_name\" content=\"Lajme nga Ulqini\" \/>\n<meta property=\"article:published_time\" content=\"2014-03-02T15:20:42+00:00\" \/>\n<meta property=\"og:image\" content=\"http:\/\/www.visit-ulcinj.com\/blog\/wp-content\/uploads\/2013\/03\/silver-korda.jpg\" \/>\n<meta name=\"twitter:label1\" content=\"Written by\" \/>\n\t<meta name=\"twitter:data1\" content=\"ulqini\" \/>\n\t<meta name=\"twitter:label2\" content=\"Est. reading time\" \/>\n\t<meta name=\"twitter:data2\" content=\"2 minutes\" \/>\n<script type=\"application\/ld+json\" class=\"yoast-schema-graph\">{\"@context\":\"https:\/\/schema.org\",\"@graph\":[{\"@type\":\"WebSite\",\"@id\":\"https:\/\/www.visit-ulcinj.com\/blog\/#website\",\"url\":\"https:\/\/www.visit-ulcinj.com\/blog\/\",\"name\":\"Lajme nga Ulqini\",\"description\":\"Lajme,Vijesti,Ulqini,Ulqin,Crna Gora,Mali i Zi\",\"potentialAction\":[{\"@type\":\"SearchAction\",\"target\":{\"@type\":\"EntryPoint\",\"urlTemplate\":\"https:\/\/www.visit-ulcinj.com\/blog\/?s={search_term_string}\"},\"query-input\":\"required name=search_term_string\"}],\"inLanguage\":\"en-US\"},{\"@type\":\"ImageObject\",\"inLanguage\":\"en-US\",\"@id\":\"https:\/\/www.visit-ulcinj.com\/blog\/2014\/03\/02\/asgje-konkrete-nga-intervista-e-pare-e-lidereve-te-ulqinit-silver-korda\/#primaryimage\",\"url\":\"https:\/\/www.visit-ulcinj.com\/blog\/wp-content\/uploads\/2013\/03\/silver-korda.jpg\",\"contentUrl\":\"https:\/\/www.visit-ulcinj.com\/blog\/wp-content\/uploads\/2013\/03\/silver-korda.jpg\",\"width\":960,\"height\":640},{\"@type\":\"WebPage\",\"@id\":\"https:\/\/www.visit-ulcinj.com\/blog\/2014\/03\/02\/asgje-konkrete-nga-intervista-e-pare-e-lidereve-te-ulqinit-silver-korda\/#webpage\",\"url\":\"https:\/\/www.visit-ulcinj.com\/blog\/2014\/03\/02\/asgje-konkrete-nga-intervista-e-pare-e-lidereve-te-ulqinit-silver-korda\/\",\"name\":\"Asgj\u00eb konkrete nga \u201cIntervista e par\u00eb\u201d e lider\u00ebve t\u00eb Ulqinit - Silver Korda - Lajme nga Ulqini\",\"isPartOf\":{\"@id\":\"https:\/\/www.visit-ulcinj.com\/blog\/#website\"},\"primaryImageOfPage\":{\"@id\":\"https:\/\/www.visit-ulcinj.com\/blog\/2014\/03\/02\/asgje-konkrete-nga-intervista-e-pare-e-lidereve-te-ulqinit-silver-korda\/#primaryimage\"},\"datePublished\":\"2014-03-02T15:20:42+00:00\",\"dateModified\":\"2014-03-02T15:20:42+00:00\",\"author\":{\"@id\":\"https:\/\/www.visit-ulcinj.com\/blog\/#\/schema\/person\/dcab619c614d3038751c63bc2aadc06d\"},\"description\":\"\u00a0Shkruan Silver Korda Kordic E p\u00ebrcjella k\u00ebt\u00eb intervist\u00eb t\u00eb TV-Teuta, kurioz se \u00e7ka po ndigjoj dhe m\u00ebsoj t\u00eb re, pas vendimeve t\u00eb fundit politike n\u00eb\",\"breadcrumb\":{\"@id\":\"https:\/\/www.visit-ulcinj.com\/blog\/2014\/03\/02\/asgje-konkrete-nga-intervista-e-pare-e-lidereve-te-ulqinit-silver-korda\/#breadcrumb\"},\"inLanguage\":\"en-US\",\"potentialAction\":[{\"@type\":\"ReadAction\",\"target\":[\"https:\/\/www.visit-ulcinj.com\/blog\/2014\/03\/02\/asgje-konkrete-nga-intervista-e-pare-e-lidereve-te-ulqinit-silver-korda\/\"]}]},{\"@type\":\"BreadcrumbList\",\"@id\":\"https:\/\/www.visit-ulcinj.com\/blog\/2014\/03\/02\/asgje-konkrete-nga-intervista-e-pare-e-lidereve-te-ulqinit-silver-korda\/#breadcrumb\",\"itemListElement\":[{\"@type\":\"ListItem\",\"position\":1,\"name\":\"Asgj\u00eb konkrete nga \u201cIntervista e par\u00eb\u201d e lider\u00ebve t\u00eb Ulqinit &#8211; Silver Korda\"}]},{\"@type\":\"Person\",\"@id\":\"https:\/\/www.visit-ulcinj.com\/blog\/#\/schema\/person\/dcab619c614d3038751c63bc2aadc06d\",\"name\":\"ulqini\",\"sameAs\":[\"http:\/\/www.visit-ulcinj.com\"],\"url\":\"https:\/\/www.visit-ulcinj.com\/blog\/author\/admin\/\"}]}<\/script>\n<!-- \/ Yoast SEO plugin. -->","yoast_head_json":{"title":"Asgj\u00eb konkrete nga \u201cIntervista e par\u00eb\u201d e lider\u00ebve t\u00eb Ulqinit - Silver Korda - Lajme nga Ulqini","description":"\u00a0Shkruan Silver Korda Kordic E p\u00ebrcjella k\u00ebt\u00eb intervist\u00eb t\u00eb TV-Teuta, kurioz se \u00e7ka po ndigjoj dhe m\u00ebsoj t\u00eb re, pas vendimeve t\u00eb fundit politike n\u00eb","robots":{"index":"index","follow":"follow","max-snippet":"max-snippet:-1","max-image-preview":"max-image-preview:large","max-video-preview":"max-video-preview:-1"},"canonical":"https:\/\/www.visit-ulcinj.com\/blog\/2014\/03\/02\/asgje-konkrete-nga-intervista-e-pare-e-lidereve-te-ulqinit-silver-korda\/","og_locale":"en_US","og_type":"article","og_title":"Asgj\u00eb konkrete nga \u201cIntervista e par\u00eb\u201d e lider\u00ebve t\u00eb Ulqinit - Silver Korda - Lajme nga Ulqini","og_description":"\u00a0Shkruan Silver Korda Kordic E p\u00ebrcjella k\u00ebt\u00eb intervist\u00eb t\u00eb TV-Teuta, kurioz se \u00e7ka po ndigjoj dhe m\u00ebsoj t\u00eb re, pas vendimeve t\u00eb fundit politike n\u00eb","og_url":"https:\/\/www.visit-ulcinj.com\/blog\/2014\/03\/02\/asgje-konkrete-nga-intervista-e-pare-e-lidereve-te-ulqinit-silver-korda\/","og_site_name":"Lajme nga Ulqini","article_published_time":"2014-03-02T15:20:42+00:00","og_image":[{"url":"http:\/\/www.visit-ulcinj.com\/blog\/wp-content\/uploads\/2013\/03\/silver-korda.jpg"}],"twitter_misc":{"Written by":"ulqini","Est. reading time":"2 minutes"},"schema":{"@context":"https:\/\/schema.org","@graph":[{"@type":"WebSite","@id":"https:\/\/www.visit-ulcinj.com\/blog\/#website","url":"https:\/\/www.visit-ulcinj.com\/blog\/","name":"Lajme nga Ulqini","description":"Lajme,Vijesti,Ulqini,Ulqin,Crna Gora,Mali i Zi","potentialAction":[{"@type":"SearchAction","target":{"@type":"EntryPoint","urlTemplate":"https:\/\/www.visit-ulcinj.com\/blog\/?s={search_term_string}"},"query-input":"required name=search_term_string"}],"inLanguage":"en-US"},{"@type":"ImageObject","inLanguage":"en-US","@id":"https:\/\/www.visit-ulcinj.com\/blog\/2014\/03\/02\/asgje-konkrete-nga-intervista-e-pare-e-lidereve-te-ulqinit-silver-korda\/#primaryimage","url":"https:\/\/www.visit-ulcinj.com\/blog\/wp-content\/uploads\/2013\/03\/silver-korda.jpg","contentUrl":"https:\/\/www.visit-ulcinj.com\/blog\/wp-content\/uploads\/2013\/03\/silver-korda.jpg","width":960,"height":640},{"@type":"WebPage","@id":"https:\/\/www.visit-ulcinj.com\/blog\/2014\/03\/02\/asgje-konkrete-nga-intervista-e-pare-e-lidereve-te-ulqinit-silver-korda\/#webpage","url":"https:\/\/www.visit-ulcinj.com\/blog\/2014\/03\/02\/asgje-konkrete-nga-intervista-e-pare-e-lidereve-te-ulqinit-silver-korda\/","name":"Asgj\u00eb konkrete nga \u201cIntervista e par\u00eb\u201d e lider\u00ebve t\u00eb Ulqinit - Silver Korda - Lajme nga Ulqini","isPartOf":{"@id":"https:\/\/www.visit-ulcinj.com\/blog\/#website"},"primaryImageOfPage":{"@id":"https:\/\/www.visit-ulcinj.com\/blog\/2014\/03\/02\/asgje-konkrete-nga-intervista-e-pare-e-lidereve-te-ulqinit-silver-korda\/#primaryimage"},"datePublished":"2014-03-02T15:20:42+00:00","dateModified":"2014-03-02T15:20:42+00:00","author":{"@id":"https:\/\/www.visit-ulcinj.com\/blog\/#\/schema\/person\/dcab619c614d3038751c63bc2aadc06d"},"description":"\u00a0Shkruan Silver Korda Kordic E p\u00ebrcjella k\u00ebt\u00eb intervist\u00eb t\u00eb TV-Teuta, kurioz se \u00e7ka po ndigjoj dhe m\u00ebsoj t\u00eb re, pas vendimeve t\u00eb fundit politike n\u00eb","breadcrumb":{"@id":"https:\/\/www.visit-ulcinj.com\/blog\/2014\/03\/02\/asgje-konkrete-nga-intervista-e-pare-e-lidereve-te-ulqinit-silver-korda\/#breadcrumb"},"inLanguage":"en-US","potentialAction":[{"@type":"ReadAction","target":["https:\/\/www.visit-ulcinj.com\/blog\/2014\/03\/02\/asgje-konkrete-nga-intervista-e-pare-e-lidereve-te-ulqinit-silver-korda\/"]}]},{"@type":"BreadcrumbList","@id":"https:\/\/www.visit-ulcinj.com\/blog\/2014\/03\/02\/asgje-konkrete-nga-intervista-e-pare-e-lidereve-te-ulqinit-silver-korda\/#breadcrumb","itemListElement":[{"@type":"ListItem","position":1,"name":"Asgj\u00eb konkrete nga \u201cIntervista e par\u00eb\u201d e lider\u00ebve t\u00eb Ulqinit &#8211; Silver Korda"}]},{"@type":"Person","@id":"https:\/\/www.visit-ulcinj.com\/blog\/#\/schema\/person\/dcab619c614d3038751c63bc2aadc06d","name":"ulqini","sameAs":["http:\/\/www.visit-ulcinj.com"],"url":"https:\/\/www.visit-ulcinj.com\/blog\/author\/admin\/"}]}},"jetpack_featured_media_url":"","jetpack_sharing_enabled":true,"jetpack_shortlink":"https:\/\/wp.me\/pe6lTn-kRH","_links":{"self":[{"href":"https:\/\/www.visit-ulcinj.com\/blog\/wp-json\/wp\/v2\/posts\/80209"}],"collection":[{"href":"https:\/\/www.visit-ulcinj.com\/blog\/wp-json\/wp\/v2\/posts"}],"about":[{"href":"https:\/\/www.visit-ulcinj.com\/blog\/wp-json\/wp\/v2\/types\/post"}],"author":[{"embeddable":true,"href":"https:\/\/www.visit-ulcinj.com\/blog\/wp-json\/wp\/v2\/users\/1"}],"replies":[{"embeddable":true,"href":"https:\/\/www.visit-ulcinj.com\/blog\/wp-json\/wp\/v2\/comments?post=80209"}],"version-history":[{"count":1,"href":"https:\/\/www.visit-ulcinj.com\/blog\/wp-json\/wp\/v2\/posts\/80209\/revisions"}],"predecessor-version":[{"id":80210,"href":"https:\/\/www.visit-ulcinj.com\/blog\/wp-json\/wp\/v2\/posts\/80209\/revisions\/80210"}],"wp:attachment":[{"href":"https:\/\/www.visit-ulcinj.com\/blog\/wp-json\/wp\/v2\/media?parent=80209"}],"wp:term":[{"taxonomy":"category","embeddable":true,"href":"https:\/\/www.visit-ulcinj.com\/blog\/wp-json\/wp\/v2\/categories?post=80209"},{"taxonomy":"post_tag","embeddable":true,"href":"https:\/\/www.visit-ulcinj.com\/blog\/wp-json\/wp\/v2\/tags?post=80209"}],"curies":[{"name":"wp","href":"https:\/\/api.w.org\/{rel}","templated":true}]}}