{"id":80214,"date":"2014-03-02T18:28:41","date_gmt":"2014-03-02T17:28:41","guid":{"rendered":"http:\/\/www.visit-ulcinj.com\/blog\/?p=80214"},"modified":"2014-03-02T18:28:41","modified_gmt":"2014-03-02T17:28:41","slug":"gucia-po-ndahet","status":"publish","type":"post","link":"https:\/\/www.visit-ulcinj.com\/blog\/2014\/03\/02\/gucia-po-ndahet\/","title":{"rendered":"Gucia po ndahet!"},"content":{"rendered":"<div>\n<p><a href=\"http:\/\/www.visit-ulcinj.com\/blog\/wp-content\/uploads\/2014\/03\/Gucia-po-ndahet.jpg\"><img loading=\"lazy\" class=\"alignleft  wp-image-80215\" alt=\"Gucia po ndahet!\" src=\"http:\/\/www.visit-ulcinj.com\/blog\/wp-content\/uploads\/2014\/03\/Gucia-po-ndahet.jpg\" width=\"508\" height=\"360\" \/><\/a>Gucia, qyteza q\u00eb t\u00eb befason jo vet\u00ebm me bukurit\u00eb q\u00eb e rrethojn\u00eb\u00a0 por edhe me shum\u00eb\u00e7ka tjet\u00ebr t\u00eb kujton ato qytetet e vogla zvicerane. Me aq rregull e past\u00ebrti, me infrastruktur\u00eb, me arkitektur\u00eb t\u00eb ruajtur e rrug\u00eb t\u00eb rregullta q\u00eb, besoni apo jo, jan\u00eb po ato ishin tash e kat\u00ebr shekuj, me G\u00ebrn\u00e7arin, lumin q\u00eb gurgullon p\u00ebrmes qytetit, dikur qend\u00ebr e madhe, nd\u00ebr m\u00eb t\u00eb m\u00ebdhat\u00eb e m\u00eb t\u00eb zhvilluarat n\u00eb k\u00ebto an\u00eb, po ndahet. Po shk\u00ebputet nga Plava dhe po b\u00ebhet komun\u00eb n\u00eb vete.<\/p>\n<p>N\u00eb fakt po i rikthehet komuna q\u00eb ia mor\u00ebn \u201ctin\u00ebzisht\u201d decenie m\u00eb par\u00eb. Me vullnetin e shumic\u00ebs s\u00eb banor\u00ebve boshnjak\u00eb e mysliman\u00ebve q\u00eb b\u00ebjn\u00eb shumic\u00ebn dhe p\u00ebrkund\u00ebr subjekteve politike shqiptare t\u00eb Plav\u00ebs e Gucis\u00eb q\u00eb jan\u00eb shprehur kund\u00ebr me arsyetimin se shqiptar\u00ebt, edhe ashtu t\u00eb pakt\u00eb n\u00eb komun\u00ebn e p\u00ebrbashk\u00ebt me Plav\u00ebn, nuk duan t\u00eb cop\u00ebzohen s\u00ebrish dhe t\u00eb defaktorizohen plot\u00ebsisht.<\/p>\n<p>Kund\u00ebr shk\u00ebputjes ishte edhe komuna e p\u00ebrbashk\u00ebt, Plava menj\u00ebher\u00eb pas nism\u00ebs, m\u00eb\u00a0 2003 dhe arsyeshm\u00ebris\u00eb po at\u00eb vit.<\/p>\n<p>Fadil Ulaj, kryetar i deg\u00ebs s\u00eb UDSH s\u00eb n\u00eb Plav\u00eb- Guci thot\u00eb se q\u00eb n\u00eb fillim kan\u00eb qen\u00eb kund\u00ebr dhe subjektet shqiptare kishin t\u00eb nj\u00ebjtin q\u00ebndrim.<\/p>\n<p>\u201cTash n\u00eb komun\u00ebn p\u00ebrbashk\u00ebt t\u00eb Plav\u00ebs, nga 32 k\u00ebshilltar\u00eb vet\u00ebm tre jan\u00eb nga partit\u00eb shqiptare. N\u00ebse Gucia b\u00ebhet komun\u00eb shqiptar\u00ebt mund t\u00eb arrijn\u00eb deri n\u00eb 40 p\u00ebr qind por prap\u00eb jo faktor vendos\u00ebs.<\/p>\n<p>Edhe pse skemi qene te pajtimit p\u00ebr percarjen e Plave\/Gucis\u00eb, edhe pse u b\u00eb pa d\u00ebshir\u00ebn ton\u00eb,tani mbetet qe te marrim hapa konkret n\u00eb t\u00eb mir\u00ebn\u00a0 e popullit shqiptar t\u00eb asaj komune. K\u00ebt\u00eb platform\u00eb s\u00eb shpejti do ta kemi dhe do ta zbatojm\u00eb n\u00eb praktik\u00eb,\u00a0 thot\u00eb Vera Hakaj nga partia \u201cForca\u201d.<\/p>\n<p><strong>Platforma shqiptare q\u00eb nuk u b\u00eb<\/strong><\/p>\n<p>Nd\u00ebrkoh\u00eb gj\u00ebrat kan\u00eb ecur. Me gjith\u00eb arsyeshm\u00ebrin\u00eb historike. ekonomike q\u00eb ku p\u00ebrfshihen resurset bujq\u00ebsore e turistike, tet\u00eb mij\u00eb hektar\u00eb tok\u00eb t\u00eb punueshme, rreth shtat\u00eb mij\u00eb hektar\u00eb pyje dhe male, potenciale t\u00eb jasht\u00ebzakonshme ujore, q\u00eb nga burimet e Ali Pash\u00eb Gucis\u00eb, Bijoshes etj.. Mali i Zi , me gjith\u00eb mendimin pozitiv, p\u00ebr dhjet\u00eb vjet e ka prolonguar vendimin , thot\u00eb dr. Rusmin Lali\u00e7iqi, kryetari i K\u00ebshillit t\u00eb BL t\u00eb Gucis\u00eb, stomatologu i njohur i k\u00ebsaj ane q\u00eb po b\u00ebn \u00e7mos q\u00eb Gucis\u00eb t\u2019i kthehet komuna.<\/p>\n<p>M\u00eb n\u00eb fund, me tet\u00eb janar t\u00eb vitit t\u00eb shkuar u mbajt referendumi n\u00eb t\u00eb cilin dol\u00ebn\u00a0 65 p\u00ebr qind nga t\u00eb cil\u00ebt 98 p\u00ebr qind ishin p\u00ebr komun\u00eb. Pas k\u00ebsaj me 25 dhjetor t\u00eb vitit q\u00eb shkoi Qeveria \u00ebsht\u00eb obliguar q\u00eb deri m\u00eb 25 janar2014 vendimin p\u00ebr Komun\u00ebn e Gucis\u00eb ta procedoj\u00eb p\u00ebr miratim n\u00eb Kuvend, thot\u00eb dr. Rusmini.<\/p>\n<p>Sa i p\u00ebrket q\u00ebndrimit t\u00eb shqiptar\u00ebve, ai thot\u00eb se\u00a0 \u00ebsht\u00eb takuar sa her\u00eb dhe ka fol me partit\u00eb shqiptare. \u201cNa kan\u00eb th\u00ebn\u00eb se do t\u00eb vijn\u00eb me nj\u00eb platform\u00eb t\u00eb cil\u00ebn ne duhet ta pranojm\u00eb por qe, ende nuk ka di\u00e7ka. Vera Hakaj dhe Tahir Gjonbalaj than\u00eb se komuna e Gucis\u00eb \u00ebsht\u00eb n\u00eb d\u00ebm t\u00eb shqiptar\u00ebve. Kreu i UDSH q\u00eb n\u00eb fillim ka qen\u00eb kund\u00ebr.\u00a0 Shqiptar\u00ebt jan\u00eb p\u00ebr komun\u00eb por kreu politik, partit\u00eb, nuk jan\u00eb\u201d, thot\u00eb ai p\u00ebr ta arsyetuar k\u00ebt\u00eb me statistikat e atyre q\u00eb n\u00eb fshatrat shqiptare ishin pro n\u00eb referendum.<\/p>\n<p>\u201cP\u00ebr shembull, n\u00eb Martinaj, n\u00eb zgjedhje dalin rreth 150 e n\u00eb referendum kan\u00eb dal\u00eb 96 dhe kan\u00eb votuar pro. N\u00eb Vuthaj\u00a0 kemi pas nj\u00eb sabotim pak m\u00eb t\u00eb madh nga k\u00ebta krer\u00ebt\u00a0 dhe nga 180 kan\u00eb dal\u00eb 46 dhe t\u00eb gjith\u00eb ishin pro. N\u00eb Krushev\u00eb t\u00eb gjith\u00eb shqiptar\u00ebt ishin pro, p\u00ebrve\u00e7 nj\u00eb sht\u00ebpie, n\u00eb Vishenjv\u00eb t\u00eb gjith\u00eb ishin pro, p\u00ebrve\u00e7 dy sht\u00ebpive q\u00eb nuk kan\u00eb dal\u00eb\u201d thot\u00eb kryetari i ardhsh\u00ebm i Gucis\u00eb.<\/p>\n<p>\u00cbsht\u00eb pun\u00eb e kryer, s\u2019ka m\u00eb pengesa. Pritet vet\u00ebm vendimi formal i Kuvendit t\u00eb Malit t\u00eb Zi.<\/p>\n<p>Mali i Zi nuk kishte vullnet q\u00eb Gucis\u00eb t\u2019ia jap\u00eb statusin e komun\u00ebs. P\u00ebr arsye t\u00eb ndryshme, ashtu si\u00e7 nuk po ia jep as Tuzit. E n\u00eb an\u00ebn tjet\u00ebr komuna i b\u00ebn Andrijevic\u00ebn, Petnic\u00ebn etj. sepsa ata kan\u00eb mb\u00ebshtetjen, kan\u00eb kush ti p\u00ebrkrah\u00eb.<\/p>\n<p>\u201cNe nuk kemi pas asnj\u00eb funksionar politik. Nga Gucia deri n\u00eb Podgoric\u00eb n\u00eb Qeveri apo kudo tjet\u00ebr i vetmi funksionar \u00ebsht\u00eb kryetari i Kuvendit dr. Sait \u00c7ekiq\u201d thot\u00eb ai me bindjen se tash kjo varet nga kalkulimi i tyre politik.<\/p>\n<p>\u201cN\u00ebse kan\u00eb apo nuk kan\u00eb nevoj\u00eb q\u00eb Gucia n\u00eb zgjedhjet lokale q\u00eb mbahen tash n\u00eb maj t\u00eb dal\u00eb si komun\u00eb e pavarur. Ose mund t\u00eb ken\u00eb nevoj\u00eb q\u00eb edhe nj\u00eb her\u00eb t\u00eb votojm\u00eb bashk\u00eb me Plav\u00ebn e pastaj Gucis\u00eb t\u2019i kthehet statusi i komun\u00ebs , nga kjo varet\u201c thot\u00eb ai me shpres\u00eb q\u00eb Gucia n\u00eb maj t\u00eb mbaj zgjedhjet e para.<\/p>\n<p><strong>Gucis\u00eb iu dogj historia!<\/strong><\/p>\n<p>Si nj\u00eb studiues i mir\u00ebfillt\u00eb,\u00a0 ai t\u00eb flet me sakt\u00ebsi t\u00eb habitshme, me\u00a0 data e holl\u00ebsi tjera p\u00ebr ndodhit\u00eb e bujshme, shpeshher\u00eb tragjike,\u00a0 n\u00eb k\u00ebto an\u00eb q\u00eb nga koha e Kriz\u00ebs Lindore dhe t\u00ebrheqja e asqerit t\u00eb Perandoris\u00eb Osmane e cila n\u00eb Guci kishte nj\u00eb nga qendrat dhe kazermat m\u00eb t\u00eb m\u00ebdha n\u00eb rajoni.<\/p>\n<p>Q\u00eb n\u00eb vitin 1612\u00a0 Gucia \u00ebsht\u00eb me k\u00ebt\u00eb plan arkitektonik, n\u00eb form\u00eb t\u00eb shkronj\u00ebs U, me rrug\u00ebt\u00a0 q\u00eb shkojn\u00eb radialisht nga lindja n\u00eb per\u00ebndim p\u00ebrmes \u00e7arshis\u00eb dhe t\u00eb gjitha rrug\u00ebt i lidh M\u00ebhalla e T\u00ebrshan\u00ebs, pastaj rruga e Vruj\u00ebs . Jan\u00eb po ato 15 udh\u00eb, dikur me kalldr\u00ebm.\u00a0 Vet\u00ebm se tash\u00a0 jan\u00eb asfaltuar dhe jan\u00eb pak m\u00eb t\u00eb ngushta\u201d, thot\u00eb si\u00a0 me t\u00eb qeshur.<\/p>\n<p>N\u00eb nj\u00eb historiat t\u00eb shkurt\u00ebr ai\u00a0 thot\u00eb se Gucia ka qen\u00eb komun\u00eb deri n\u00eb vitin 1953 kur ndodhi zjarri i par\u00eb i madh q\u00eb n\u00eb m\u00ebnyr\u00eb misterioze dogji nd\u00ebrtes\u00ebn\u00a0 e komun\u00ebs. Pas zjarrit komuna bashk\u00eb me arkivin u bart n\u00eb nj\u00eb objekt k\u00ebtu af\u00ebr, n\u00eb sht\u00ebpin\u00eb e Omerajat por me 1954 edhe ajo nd\u00ebrtes\u00eb u dogj e bashk\u00eb me t\u00eb t\u00ebr\u00eb arkiva e komun\u00ebs. Kishte nj\u00eb sabotim i hapur.<\/p>\n<p>Gucia kishte brigad\u00ebn e zjarrfik\u00ebsve t\u00eb cil\u00ebn nga lumi G\u00ebrn\u00e7ar i shtrin\u00eb zorr\u00ebt e ujit por dikush i preu me sakic\u00eb n\u00eb disa vende ashtu q\u00eb\u00a0 u la t\u00eb digjet t\u00ebr\u00ebsisht sht\u00ebpia bashk\u00eb me gjith\u00eb dokumentacionin.<\/p>\n<p>\u00cbsht\u00eb ndoshta koincidenc\u00eb por mu n\u00eb at\u00eb koh\u00eb n\u00eb Guci ishte n\u00eb vizit\u00eb vet\u00eb revizori shtet\u00ebror. Ai kishte ndej deri von\u00eb n\u00eb objekt dhe\u00a0 paska \u201charruar\u201d shporetin\u00a0 ndez dhe qe, Gucia mbeti pa arkivin e pasur q\u00eb kishte.<\/p>\n<p>\u201c\u00cbsht\u00eb dashur t\u00eb digjet n\u00eb flak\u00eb e gjith\u00eb historia e Gucis\u00eb. Numri i banor\u00ebve etje kjo edhe sot po kushton shum\u00eb\u201d thot\u00eb ai.<\/p>\n<p>Shteti mori vendim q\u00eb p\u00ebrkoh\u00ebsisht t\u00eb suprimohet komuna e Gucis\u00eb dhe t\u2019i bashkohet Plav\u00ebs deri sa t\u00eb nd\u00ebrtohet objekti. Por prej at\u00ebher\u00eb,\u00a0 kurr\u00eb nuk na e kthyen , thot\u00eb ai.<\/p>\n<p>N\u00eb fund t\u00eb shekullit t\u00eb kaluar kur Gucia kishte 20 mij\u00eb banor\u00eb Plava kishte vet\u00ebm 1500.<\/p>\n<p>Me kthimin e komun\u00ebs vet\u00ebm\u00a0 korrigjohet nj\u00eb padrejt\u00ebsi e madhe q\u00eb i \u00ebsht\u00eb b\u00ebr\u00eb Gucis\u00eb q\u00eb synon ta rikthej\u00eb sado pak historin\u00eb, me arkiva, q\u00eb nga Stambolli, Shkodra&#8230;<\/p>\n<p><strong>P\u00ebrvjetori i masakrave<\/strong><\/p>\n<p>N\u00eb 100 vjetorin e masakrave\u00a0 malaziase n\u00eb vitet 1912 e 1913 n\u00eb Guci, nj tem\u00eb e mbajtur tabu , u organizua tribun\u00eb shkencore.\u00a0 Q\u00eb historian\u00ebt, nga t\u00eb gjitha vendet, nga Podgorica, Shkodra , Novi Pazari, Zagrebi, Beogradi, Prishtina, Stambolli. t\u00eb thot\u00eb \u00e7ka ka ndodhur sepse populli e di \u00e7ka ka ndodhur .<\/p>\n<p><strong>P\u00ebrmendorja e Ali Pash\u00eb Gucis\u00eb<\/strong><\/p>\n<p>N\u00eb qytetin me emrin e t\u00eb cilit ai identifikohet, nuk ka p\u00ebrmendore t\u00eb Ali Pash\u00eb Gucis\u00eb. ASrsyeja, se duhet t\u00eb d\u00ebshmojm\u00eb\u00a0 se Ali Pasha ka qen\u00eb luft\u00ebtar n\u00eb mbrojtje t\u00eb k\u00ebsaj popullate.<\/p>\n<p>P\u00ebr ne po, por p\u00ebr t\u00eb tjer\u00ebt, nuk \u00ebsht\u00eb e d\u00ebshmuar, N\u00eb Mal t\u00eb Zi \u00ebsht\u00eb opsioni tjet\u00ebr. Ne e konsiderojm\u00eb mbrojt\u00ebs e serb\u00ebt e malazez\u00ebt e konsiderojn\u00eb pushtues.<\/p>\n<p>Megjithat\u00eb, i kemi dh\u00ebn\u00eb nj\u00eb p\u00ebrmendore tjet\u00ebr. Burime t e njohura mbajn\u00eb emrin e Ali Pash Gucis\u00eb, thot\u00eb Rusmini<\/p>\n<p><strong>Gucia me 150 mij\u00eb banor\u00eb!<\/strong><\/p>\n<p>Jemi shp\u00ebrngulur shum\u00eb, gjithandej bot\u00ebs. Po t\u00eb kishim nj\u00eb rrjedh\u00eb normale zhvillimore, sot Gucia do t\u00eb kishte 100 deri 150 mij\u00eb banor\u00eb. E fatkeq\u00ebsisht, ka nja kat\u00ebr mij\u00eb e pes\u00ebqind ose pes\u00eb mij\u00eb banor\u00eb. Ver\u00ebs ky num\u00ebr rritet p\u00ebr nja dhjet\u00eb mij\u00eb. \/Z\u00ebri\/<\/p>\n<\/div>\n","protected":false},"excerpt":{"rendered":"<p>Gucia, qyteza q\u00eb t\u00eb befason jo vet\u00ebm me bukurit\u00eb q\u00eb e rrethojn\u00eb\u00a0 por edhe me shum\u00eb\u00e7ka tjet\u00ebr t\u00eb kujton ato qytetet e vogla zvicerane. Me aq rregull e past\u00ebrti, me infrastruktur\u00eb, me arkitektur\u00eb t\u00eb ruajtur e rrug\u00eb t\u00eb rregullta q\u00eb, besoni apo jo, jan\u00eb po ato ishin tash e kat\u00ebr shekuj, me G\u00ebrn\u00e7arin, lumin q\u00eb [&hellip;]<\/p>\n","protected":false},"author":1,"featured_media":0,"comment_status":"closed","ping_status":"closed","sticky":false,"template":"","format":"standard","meta":{"spay_email":"","jetpack_publicize_message":"","jetpack_is_tweetstorm":false,"jetpack_publicize_feature_enabled":true},"categories":[7],"tags":[],"jetpack_publicize_connections":[],"yoast_head":"<!-- This site is optimized with the Yoast SEO plugin v19.1 - https:\/\/yoast.com\/wordpress\/plugins\/seo\/ -->\n<title>Gucia po ndahet! - Lajme nga Ulqini<\/title>\n<meta name=\"description\" content=\"Gucia, qyteza q\u00eb t\u00eb befason jo vet\u00ebm me bukurit\u00eb q\u00eb e rrethojn\u00eb\u00a0 por edhe me shum\u00eb\u00e7ka tjet\u00ebr t\u00eb kujton ato qytetet e vogla zvicerane. Me aq rregull e\" \/>\n<meta name=\"robots\" content=\"index, follow, max-snippet:-1, max-image-preview:large, max-video-preview:-1\" \/>\n<link rel=\"canonical\" href=\"https:\/\/www.visit-ulcinj.com\/blog\/2014\/03\/02\/gucia-po-ndahet\/\" \/>\n<meta property=\"og:locale\" content=\"en_US\" \/>\n<meta property=\"og:type\" content=\"article\" \/>\n<meta property=\"og:title\" content=\"Gucia po ndahet! - Lajme nga Ulqini\" \/>\n<meta property=\"og:description\" content=\"Gucia, qyteza q\u00eb t\u00eb befason jo vet\u00ebm me bukurit\u00eb q\u00eb e rrethojn\u00eb\u00a0 por edhe me shum\u00eb\u00e7ka tjet\u00ebr t\u00eb kujton ato qytetet e vogla zvicerane. Me aq rregull e\" \/>\n<meta property=\"og:url\" content=\"https:\/\/www.visit-ulcinj.com\/blog\/2014\/03\/02\/gucia-po-ndahet\/\" \/>\n<meta property=\"og:site_name\" content=\"Lajme nga Ulqini\" \/>\n<meta property=\"article:published_time\" content=\"2014-03-02T17:28:41+00:00\" \/>\n<meta property=\"og:image\" content=\"http:\/\/www.visit-ulcinj.com\/blog\/wp-content\/uploads\/2014\/03\/Gucia-po-ndahet.jpg\" \/>\n<meta name=\"twitter:label1\" content=\"Written by\" \/>\n\t<meta name=\"twitter:data1\" content=\"ulqini\" \/>\n\t<meta name=\"twitter:label2\" content=\"Est. reading time\" \/>\n\t<meta name=\"twitter:data2\" content=\"7 minutes\" \/>\n<script type=\"application\/ld+json\" class=\"yoast-schema-graph\">{\"@context\":\"https:\/\/schema.org\",\"@graph\":[{\"@type\":\"WebSite\",\"@id\":\"https:\/\/www.visit-ulcinj.com\/blog\/#website\",\"url\":\"https:\/\/www.visit-ulcinj.com\/blog\/\",\"name\":\"Lajme nga Ulqini\",\"description\":\"Lajme,Vijesti,Ulqini,Ulqin,Crna Gora,Mali i Zi\",\"potentialAction\":[{\"@type\":\"SearchAction\",\"target\":{\"@type\":\"EntryPoint\",\"urlTemplate\":\"https:\/\/www.visit-ulcinj.com\/blog\/?s={search_term_string}\"},\"query-input\":\"required name=search_term_string\"}],\"inLanguage\":\"en-US\"},{\"@type\":\"ImageObject\",\"inLanguage\":\"en-US\",\"@id\":\"https:\/\/www.visit-ulcinj.com\/blog\/2014\/03\/02\/gucia-po-ndahet\/#primaryimage\",\"url\":\"https:\/\/www.visit-ulcinj.com\/blog\/wp-content\/uploads\/2014\/03\/Gucia-po-ndahet.jpg\",\"contentUrl\":\"https:\/\/www.visit-ulcinj.com\/blog\/wp-content\/uploads\/2014\/03\/Gucia-po-ndahet.jpg\",\"width\":596,\"height\":395},{\"@type\":\"WebPage\",\"@id\":\"https:\/\/www.visit-ulcinj.com\/blog\/2014\/03\/02\/gucia-po-ndahet\/#webpage\",\"url\":\"https:\/\/www.visit-ulcinj.com\/blog\/2014\/03\/02\/gucia-po-ndahet\/\",\"name\":\"Gucia po ndahet! - Lajme nga Ulqini\",\"isPartOf\":{\"@id\":\"https:\/\/www.visit-ulcinj.com\/blog\/#website\"},\"primaryImageOfPage\":{\"@id\":\"https:\/\/www.visit-ulcinj.com\/blog\/2014\/03\/02\/gucia-po-ndahet\/#primaryimage\"},\"datePublished\":\"2014-03-02T17:28:41+00:00\",\"dateModified\":\"2014-03-02T17:28:41+00:00\",\"author\":{\"@id\":\"https:\/\/www.visit-ulcinj.com\/blog\/#\/schema\/person\/dcab619c614d3038751c63bc2aadc06d\"},\"description\":\"Gucia, qyteza q\u00eb t\u00eb befason jo vet\u00ebm me bukurit\u00eb q\u00eb e rrethojn\u00eb\u00a0 por edhe me shum\u00eb\u00e7ka tjet\u00ebr t\u00eb kujton ato qytetet e vogla zvicerane. Me aq rregull e\",\"breadcrumb\":{\"@id\":\"https:\/\/www.visit-ulcinj.com\/blog\/2014\/03\/02\/gucia-po-ndahet\/#breadcrumb\"},\"inLanguage\":\"en-US\",\"potentialAction\":[{\"@type\":\"ReadAction\",\"target\":[\"https:\/\/www.visit-ulcinj.com\/blog\/2014\/03\/02\/gucia-po-ndahet\/\"]}]},{\"@type\":\"BreadcrumbList\",\"@id\":\"https:\/\/www.visit-ulcinj.com\/blog\/2014\/03\/02\/gucia-po-ndahet\/#breadcrumb\",\"itemListElement\":[{\"@type\":\"ListItem\",\"position\":1,\"name\":\"Gucia po ndahet!\"}]},{\"@type\":\"Person\",\"@id\":\"https:\/\/www.visit-ulcinj.com\/blog\/#\/schema\/person\/dcab619c614d3038751c63bc2aadc06d\",\"name\":\"ulqini\",\"sameAs\":[\"http:\/\/www.visit-ulcinj.com\"],\"url\":\"https:\/\/www.visit-ulcinj.com\/blog\/author\/admin\/\"}]}<\/script>\n<!-- \/ Yoast SEO plugin. -->","yoast_head_json":{"title":"Gucia po ndahet! - Lajme nga Ulqini","description":"Gucia, qyteza q\u00eb t\u00eb befason jo vet\u00ebm me bukurit\u00eb q\u00eb e rrethojn\u00eb\u00a0 por edhe me shum\u00eb\u00e7ka tjet\u00ebr t\u00eb kujton ato qytetet e vogla zvicerane. Me aq rregull e","robots":{"index":"index","follow":"follow","max-snippet":"max-snippet:-1","max-image-preview":"max-image-preview:large","max-video-preview":"max-video-preview:-1"},"canonical":"https:\/\/www.visit-ulcinj.com\/blog\/2014\/03\/02\/gucia-po-ndahet\/","og_locale":"en_US","og_type":"article","og_title":"Gucia po ndahet! - Lajme nga Ulqini","og_description":"Gucia, qyteza q\u00eb t\u00eb befason jo vet\u00ebm me bukurit\u00eb q\u00eb e rrethojn\u00eb\u00a0 por edhe me shum\u00eb\u00e7ka tjet\u00ebr t\u00eb kujton ato qytetet e vogla zvicerane. Me aq rregull e","og_url":"https:\/\/www.visit-ulcinj.com\/blog\/2014\/03\/02\/gucia-po-ndahet\/","og_site_name":"Lajme nga Ulqini","article_published_time":"2014-03-02T17:28:41+00:00","og_image":[{"url":"http:\/\/www.visit-ulcinj.com\/blog\/wp-content\/uploads\/2014\/03\/Gucia-po-ndahet.jpg"}],"twitter_misc":{"Written by":"ulqini","Est. reading time":"7 minutes"},"schema":{"@context":"https:\/\/schema.org","@graph":[{"@type":"WebSite","@id":"https:\/\/www.visit-ulcinj.com\/blog\/#website","url":"https:\/\/www.visit-ulcinj.com\/blog\/","name":"Lajme nga Ulqini","description":"Lajme,Vijesti,Ulqini,Ulqin,Crna Gora,Mali i Zi","potentialAction":[{"@type":"SearchAction","target":{"@type":"EntryPoint","urlTemplate":"https:\/\/www.visit-ulcinj.com\/blog\/?s={search_term_string}"},"query-input":"required name=search_term_string"}],"inLanguage":"en-US"},{"@type":"ImageObject","inLanguage":"en-US","@id":"https:\/\/www.visit-ulcinj.com\/blog\/2014\/03\/02\/gucia-po-ndahet\/#primaryimage","url":"https:\/\/www.visit-ulcinj.com\/blog\/wp-content\/uploads\/2014\/03\/Gucia-po-ndahet.jpg","contentUrl":"https:\/\/www.visit-ulcinj.com\/blog\/wp-content\/uploads\/2014\/03\/Gucia-po-ndahet.jpg","width":596,"height":395},{"@type":"WebPage","@id":"https:\/\/www.visit-ulcinj.com\/blog\/2014\/03\/02\/gucia-po-ndahet\/#webpage","url":"https:\/\/www.visit-ulcinj.com\/blog\/2014\/03\/02\/gucia-po-ndahet\/","name":"Gucia po ndahet! - Lajme nga Ulqini","isPartOf":{"@id":"https:\/\/www.visit-ulcinj.com\/blog\/#website"},"primaryImageOfPage":{"@id":"https:\/\/www.visit-ulcinj.com\/blog\/2014\/03\/02\/gucia-po-ndahet\/#primaryimage"},"datePublished":"2014-03-02T17:28:41+00:00","dateModified":"2014-03-02T17:28:41+00:00","author":{"@id":"https:\/\/www.visit-ulcinj.com\/blog\/#\/schema\/person\/dcab619c614d3038751c63bc2aadc06d"},"description":"Gucia, qyteza q\u00eb t\u00eb befason jo vet\u00ebm me bukurit\u00eb q\u00eb e rrethojn\u00eb\u00a0 por edhe me shum\u00eb\u00e7ka tjet\u00ebr t\u00eb kujton ato qytetet e vogla zvicerane. Me aq rregull e","breadcrumb":{"@id":"https:\/\/www.visit-ulcinj.com\/blog\/2014\/03\/02\/gucia-po-ndahet\/#breadcrumb"},"inLanguage":"en-US","potentialAction":[{"@type":"ReadAction","target":["https:\/\/www.visit-ulcinj.com\/blog\/2014\/03\/02\/gucia-po-ndahet\/"]}]},{"@type":"BreadcrumbList","@id":"https:\/\/www.visit-ulcinj.com\/blog\/2014\/03\/02\/gucia-po-ndahet\/#breadcrumb","itemListElement":[{"@type":"ListItem","position":1,"name":"Gucia po ndahet!"}]},{"@type":"Person","@id":"https:\/\/www.visit-ulcinj.com\/blog\/#\/schema\/person\/dcab619c614d3038751c63bc2aadc06d","name":"ulqini","sameAs":["http:\/\/www.visit-ulcinj.com"],"url":"https:\/\/www.visit-ulcinj.com\/blog\/author\/admin\/"}]}},"jetpack_featured_media_url":"","jetpack_sharing_enabled":true,"jetpack_shortlink":"https:\/\/wp.me\/pe6lTn-kRM","_links":{"self":[{"href":"https:\/\/www.visit-ulcinj.com\/blog\/wp-json\/wp\/v2\/posts\/80214"}],"collection":[{"href":"https:\/\/www.visit-ulcinj.com\/blog\/wp-json\/wp\/v2\/posts"}],"about":[{"href":"https:\/\/www.visit-ulcinj.com\/blog\/wp-json\/wp\/v2\/types\/post"}],"author":[{"embeddable":true,"href":"https:\/\/www.visit-ulcinj.com\/blog\/wp-json\/wp\/v2\/users\/1"}],"replies":[{"embeddable":true,"href":"https:\/\/www.visit-ulcinj.com\/blog\/wp-json\/wp\/v2\/comments?post=80214"}],"version-history":[{"count":1,"href":"https:\/\/www.visit-ulcinj.com\/blog\/wp-json\/wp\/v2\/posts\/80214\/revisions"}],"predecessor-version":[{"id":80216,"href":"https:\/\/www.visit-ulcinj.com\/blog\/wp-json\/wp\/v2\/posts\/80214\/revisions\/80216"}],"wp:attachment":[{"href":"https:\/\/www.visit-ulcinj.com\/blog\/wp-json\/wp\/v2\/media?parent=80214"}],"wp:term":[{"taxonomy":"category","embeddable":true,"href":"https:\/\/www.visit-ulcinj.com\/blog\/wp-json\/wp\/v2\/categories?post=80214"},{"taxonomy":"post_tag","embeddable":true,"href":"https:\/\/www.visit-ulcinj.com\/blog\/wp-json\/wp\/v2\/tags?post=80214"}],"curies":[{"name":"wp","href":"https:\/\/api.w.org\/{rel}","templated":true}]}}