{"id":80237,"date":"2014-03-02T21:46:18","date_gmt":"2014-03-02T20:46:18","guid":{"rendered":"http:\/\/www.visit-ulcinj.com\/blog\/?p=80237"},"modified":"2014-03-02T22:39:40","modified_gmt":"2014-03-02T21:39:40","slug":"bregdeti-ulqinit-drejt-katastrofes-mjedisore-video","status":"publish","type":"post","link":"https:\/\/www.visit-ulcinj.com\/blog\/2014\/03\/02\/bregdeti-ulqinit-drejt-katastrofes-mjedisore-video\/","title":{"rendered":"Bregdeti i Ulqinit, drejt katastrof\u00ebs mjedisore &#8211; Video"},"content":{"rendered":"<p><a href=\"http:\/\/www.visit-ulcinj.com\/blog\/wp-content\/uploads\/2014\/03\/Otpad-hotel-jadran-ulcinj.jpg\"><img loading=\"lazy\" class=\"alignleft  wp-image-80234\" alt=\"Otpad-hotel-jadran-ulcinj\" src=\"http:\/\/www.visit-ulcinj.com\/blog\/wp-content\/uploads\/2014\/03\/Otpad-hotel-jadran-ulcinj.jpg\" width=\"508\" height=\"360\" \/><\/a>Duhet cekur se Ulqini esht\u00eb \u00a0nj\u00eb prej perlave t\u00eb Adriatikut t\u00eb Malit te Zi, plazhi i Suk\u00ebs, ose m\u00eb mir\u00eb t\u00eb themi ish\u00eb vendi i ish\u00eb Hotel Jadranit, q\u00eb po p\u00ebrballet edhe k\u00ebt\u00eb prag sezoni veror me nj\u00eb katastrof\u00eb ambientale. Me qindra ton mbetje urbane t\u00eb qytetit, t\u00eb Ulqinit dhe fshatrave p\u00ebrqark po shkarkohen n\u00eb\u00a0 ish\u00eb vendin e Hotel Jadranit mu pran plazhit t\u00eb vog\u00ebl.<\/p>\n<p><strong>Shqet\u00ebsim n\u00eb instancat p\u00ebrkat\u00ebse?<\/strong><br \/>\nSi\u00e7 jeni duke shikuar imazhet e videos ktu n\u00eb vendin e ishe Hotel Jadranit shkarkohen tonelata t\u00eb t\u00ebra mbeturinash, t\u00eb cilat transportohen i drejt detit, duke shkaktuar nj\u00eb katastrof\u00eb mjedisore p\u00ebr t\u00eb cil\u00ebn askush nuk po e v\u00eb ujin n\u00eb zjarr.<\/p>\n<p><strong>Video &#8211; Tv Teuta -Suzana Ganiq<\/strong><\/p>\n<!--YouTube Error: bad URL entered-->\n","protected":false},"excerpt":{"rendered":"<p>Duhet cekur se Ulqini esht\u00eb \u00a0nj\u00eb prej perlave t\u00eb Adriatikut t\u00eb Malit te Zi, plazhi i Suk\u00ebs, ose m\u00eb mir\u00eb t\u00eb themi ish\u00eb vendi i ish\u00eb Hotel Jadranit, q\u00eb po p\u00ebrballet edhe k\u00ebt\u00eb prag sezoni veror me nj\u00eb katastrof\u00eb ambientale. Me qindra ton mbetje urbane t\u00eb qytetit, t\u00eb Ulqinit dhe fshatrave p\u00ebrqark po shkarkohen n\u00eb\u00a0 [&hellip;]<\/p>\n","protected":false},"author":1,"featured_media":0,"comment_status":"closed","ping_status":"closed","sticky":false,"template":"","format":"standard","meta":{"spay_email":"","jetpack_publicize_message":"","jetpack_is_tweetstorm":false,"jetpack_publicize_feature_enabled":true},"categories":[10],"tags":[],"jetpack_publicize_connections":[],"yoast_head":"<!-- This site is optimized with the Yoast SEO plugin v19.1 - https:\/\/yoast.com\/wordpress\/plugins\/seo\/ -->\n<title>Bregdeti i Ulqinit, drejt katastrof\u00ebs mjedisore - Video - Lajme nga Ulqini<\/title>\n<meta name=\"description\" content=\"Duhet cekur se Ulqini esht\u00eb \u00a0nj\u00eb prej perlave t\u00eb Adriatikut t\u00eb Malit te Zi, plazhi i Suk\u00ebs, ose m\u00eb mir\u00eb t\u00eb themi ish\u00eb vendi i ish\u00eb Hotel Jadranit, q\u00eb po\" \/>\n<meta name=\"robots\" content=\"index, follow, max-snippet:-1, max-image-preview:large, max-video-preview:-1\" \/>\n<link rel=\"canonical\" href=\"https:\/\/www.visit-ulcinj.com\/blog\/2014\/03\/02\/bregdeti-ulqinit-drejt-katastrofes-mjedisore-video\/\" \/>\n<meta property=\"og:locale\" content=\"en_US\" \/>\n<meta property=\"og:type\" content=\"article\" \/>\n<meta property=\"og:title\" content=\"Bregdeti i Ulqinit, drejt katastrof\u00ebs mjedisore - Video - Lajme nga Ulqini\" \/>\n<meta property=\"og:description\" content=\"Duhet cekur se Ulqini esht\u00eb \u00a0nj\u00eb prej perlave t\u00eb Adriatikut t\u00eb Malit te Zi, plazhi i Suk\u00ebs, ose m\u00eb mir\u00eb t\u00eb themi ish\u00eb vendi i ish\u00eb Hotel Jadranit, q\u00eb po\" \/>\n<meta property=\"og:url\" content=\"https:\/\/www.visit-ulcinj.com\/blog\/2014\/03\/02\/bregdeti-ulqinit-drejt-katastrofes-mjedisore-video\/\" \/>\n<meta property=\"og:site_name\" content=\"Lajme nga Ulqini\" \/>\n<meta property=\"article:published_time\" content=\"2014-03-02T20:46:18+00:00\" \/>\n<meta property=\"article:modified_time\" content=\"2014-03-02T21:39:40+00:00\" \/>\n<meta property=\"og:image\" content=\"http:\/\/www.visit-ulcinj.com\/blog\/wp-content\/uploads\/2014\/03\/Otpad-hotel-jadran-ulcinj.jpg\" \/>\n<meta name=\"twitter:label1\" content=\"Written by\" \/>\n\t<meta name=\"twitter:data1\" content=\"ulqini\" \/>\n\t<meta name=\"twitter:label2\" content=\"Est. reading time\" \/>\n\t<meta name=\"twitter:data2\" content=\"1 minute\" \/>\n<script type=\"application\/ld+json\" class=\"yoast-schema-graph\">{\"@context\":\"https:\/\/schema.org\",\"@graph\":[{\"@type\":\"WebSite\",\"@id\":\"https:\/\/www.visit-ulcinj.com\/blog\/#website\",\"url\":\"https:\/\/www.visit-ulcinj.com\/blog\/\",\"name\":\"Lajme nga Ulqini\",\"description\":\"Lajme,Vijesti,Ulqini,Ulqin,Crna Gora,Mali i Zi\",\"potentialAction\":[{\"@type\":\"SearchAction\",\"target\":{\"@type\":\"EntryPoint\",\"urlTemplate\":\"https:\/\/www.visit-ulcinj.com\/blog\/?s={search_term_string}\"},\"query-input\":\"required name=search_term_string\"}],\"inLanguage\":\"en-US\"},{\"@type\":\"ImageObject\",\"inLanguage\":\"en-US\",\"@id\":\"https:\/\/www.visit-ulcinj.com\/blog\/2014\/03\/02\/bregdeti-ulqinit-drejt-katastrofes-mjedisore-video\/#primaryimage\",\"url\":\"https:\/\/www.visit-ulcinj.com\/blog\/wp-content\/uploads\/2014\/03\/Otpad-hotel-jadran-ulcinj.jpg\",\"contentUrl\":\"https:\/\/www.visit-ulcinj.com\/blog\/wp-content\/uploads\/2014\/03\/Otpad-hotel-jadran-ulcinj.jpg\",\"width\":521,\"height\":389},{\"@type\":\"WebPage\",\"@id\":\"https:\/\/www.visit-ulcinj.com\/blog\/2014\/03\/02\/bregdeti-ulqinit-drejt-katastrofes-mjedisore-video\/#webpage\",\"url\":\"https:\/\/www.visit-ulcinj.com\/blog\/2014\/03\/02\/bregdeti-ulqinit-drejt-katastrofes-mjedisore-video\/\",\"name\":\"Bregdeti i Ulqinit, drejt katastrof\u00ebs mjedisore - Video - Lajme nga Ulqini\",\"isPartOf\":{\"@id\":\"https:\/\/www.visit-ulcinj.com\/blog\/#website\"},\"primaryImageOfPage\":{\"@id\":\"https:\/\/www.visit-ulcinj.com\/blog\/2014\/03\/02\/bregdeti-ulqinit-drejt-katastrofes-mjedisore-video\/#primaryimage\"},\"datePublished\":\"2014-03-02T20:46:18+00:00\",\"dateModified\":\"2014-03-02T21:39:40+00:00\",\"author\":{\"@id\":\"https:\/\/www.visit-ulcinj.com\/blog\/#\/schema\/person\/dcab619c614d3038751c63bc2aadc06d\"},\"description\":\"Duhet cekur se Ulqini esht\u00eb \u00a0nj\u00eb prej perlave t\u00eb Adriatikut t\u00eb Malit te Zi, plazhi i Suk\u00ebs, ose m\u00eb mir\u00eb t\u00eb themi ish\u00eb vendi i ish\u00eb Hotel Jadranit, q\u00eb po\",\"breadcrumb\":{\"@id\":\"https:\/\/www.visit-ulcinj.com\/blog\/2014\/03\/02\/bregdeti-ulqinit-drejt-katastrofes-mjedisore-video\/#breadcrumb\"},\"inLanguage\":\"en-US\",\"potentialAction\":[{\"@type\":\"ReadAction\",\"target\":[\"https:\/\/www.visit-ulcinj.com\/blog\/2014\/03\/02\/bregdeti-ulqinit-drejt-katastrofes-mjedisore-video\/\"]}]},{\"@type\":\"BreadcrumbList\",\"@id\":\"https:\/\/www.visit-ulcinj.com\/blog\/2014\/03\/02\/bregdeti-ulqinit-drejt-katastrofes-mjedisore-video\/#breadcrumb\",\"itemListElement\":[{\"@type\":\"ListItem\",\"position\":1,\"name\":\"Bregdeti i Ulqinit, drejt katastrof\u00ebs mjedisore &#8211; Video\"}]},{\"@type\":\"Person\",\"@id\":\"https:\/\/www.visit-ulcinj.com\/blog\/#\/schema\/person\/dcab619c614d3038751c63bc2aadc06d\",\"name\":\"ulqini\",\"sameAs\":[\"http:\/\/www.visit-ulcinj.com\"],\"url\":\"https:\/\/www.visit-ulcinj.com\/blog\/author\/admin\/\"}]}<\/script>\n<!-- \/ Yoast SEO plugin. -->","yoast_head_json":{"title":"Bregdeti i Ulqinit, drejt katastrof\u00ebs mjedisore - Video - Lajme nga Ulqini","description":"Duhet cekur se Ulqini esht\u00eb \u00a0nj\u00eb prej perlave t\u00eb Adriatikut t\u00eb Malit te Zi, plazhi i Suk\u00ebs, ose m\u00eb mir\u00eb t\u00eb themi ish\u00eb vendi i ish\u00eb Hotel Jadranit, q\u00eb po","robots":{"index":"index","follow":"follow","max-snippet":"max-snippet:-1","max-image-preview":"max-image-preview:large","max-video-preview":"max-video-preview:-1"},"canonical":"https:\/\/www.visit-ulcinj.com\/blog\/2014\/03\/02\/bregdeti-ulqinit-drejt-katastrofes-mjedisore-video\/","og_locale":"en_US","og_type":"article","og_title":"Bregdeti i Ulqinit, drejt katastrof\u00ebs mjedisore - Video - Lajme nga Ulqini","og_description":"Duhet cekur se Ulqini esht\u00eb \u00a0nj\u00eb prej perlave t\u00eb Adriatikut t\u00eb Malit te Zi, plazhi i Suk\u00ebs, ose m\u00eb mir\u00eb t\u00eb themi ish\u00eb vendi i ish\u00eb Hotel Jadranit, q\u00eb po","og_url":"https:\/\/www.visit-ulcinj.com\/blog\/2014\/03\/02\/bregdeti-ulqinit-drejt-katastrofes-mjedisore-video\/","og_site_name":"Lajme nga Ulqini","article_published_time":"2014-03-02T20:46:18+00:00","article_modified_time":"2014-03-02T21:39:40+00:00","og_image":[{"url":"http:\/\/www.visit-ulcinj.com\/blog\/wp-content\/uploads\/2014\/03\/Otpad-hotel-jadran-ulcinj.jpg"}],"twitter_misc":{"Written by":"ulqini","Est. reading time":"1 minute"},"schema":{"@context":"https:\/\/schema.org","@graph":[{"@type":"WebSite","@id":"https:\/\/www.visit-ulcinj.com\/blog\/#website","url":"https:\/\/www.visit-ulcinj.com\/blog\/","name":"Lajme nga Ulqini","description":"Lajme,Vijesti,Ulqini,Ulqin,Crna Gora,Mali i Zi","potentialAction":[{"@type":"SearchAction","target":{"@type":"EntryPoint","urlTemplate":"https:\/\/www.visit-ulcinj.com\/blog\/?s={search_term_string}"},"query-input":"required name=search_term_string"}],"inLanguage":"en-US"},{"@type":"ImageObject","inLanguage":"en-US","@id":"https:\/\/www.visit-ulcinj.com\/blog\/2014\/03\/02\/bregdeti-ulqinit-drejt-katastrofes-mjedisore-video\/#primaryimage","url":"https:\/\/www.visit-ulcinj.com\/blog\/wp-content\/uploads\/2014\/03\/Otpad-hotel-jadran-ulcinj.jpg","contentUrl":"https:\/\/www.visit-ulcinj.com\/blog\/wp-content\/uploads\/2014\/03\/Otpad-hotel-jadran-ulcinj.jpg","width":521,"height":389},{"@type":"WebPage","@id":"https:\/\/www.visit-ulcinj.com\/blog\/2014\/03\/02\/bregdeti-ulqinit-drejt-katastrofes-mjedisore-video\/#webpage","url":"https:\/\/www.visit-ulcinj.com\/blog\/2014\/03\/02\/bregdeti-ulqinit-drejt-katastrofes-mjedisore-video\/","name":"Bregdeti i Ulqinit, drejt katastrof\u00ebs mjedisore - Video - Lajme nga Ulqini","isPartOf":{"@id":"https:\/\/www.visit-ulcinj.com\/blog\/#website"},"primaryImageOfPage":{"@id":"https:\/\/www.visit-ulcinj.com\/blog\/2014\/03\/02\/bregdeti-ulqinit-drejt-katastrofes-mjedisore-video\/#primaryimage"},"datePublished":"2014-03-02T20:46:18+00:00","dateModified":"2014-03-02T21:39:40+00:00","author":{"@id":"https:\/\/www.visit-ulcinj.com\/blog\/#\/schema\/person\/dcab619c614d3038751c63bc2aadc06d"},"description":"Duhet cekur se Ulqini esht\u00eb \u00a0nj\u00eb prej perlave t\u00eb Adriatikut t\u00eb Malit te Zi, plazhi i Suk\u00ebs, ose m\u00eb mir\u00eb t\u00eb themi ish\u00eb vendi i ish\u00eb Hotel Jadranit, q\u00eb po","breadcrumb":{"@id":"https:\/\/www.visit-ulcinj.com\/blog\/2014\/03\/02\/bregdeti-ulqinit-drejt-katastrofes-mjedisore-video\/#breadcrumb"},"inLanguage":"en-US","potentialAction":[{"@type":"ReadAction","target":["https:\/\/www.visit-ulcinj.com\/blog\/2014\/03\/02\/bregdeti-ulqinit-drejt-katastrofes-mjedisore-video\/"]}]},{"@type":"BreadcrumbList","@id":"https:\/\/www.visit-ulcinj.com\/blog\/2014\/03\/02\/bregdeti-ulqinit-drejt-katastrofes-mjedisore-video\/#breadcrumb","itemListElement":[{"@type":"ListItem","position":1,"name":"Bregdeti i Ulqinit, drejt katastrof\u00ebs mjedisore &#8211; Video"}]},{"@type":"Person","@id":"https:\/\/www.visit-ulcinj.com\/blog\/#\/schema\/person\/dcab619c614d3038751c63bc2aadc06d","name":"ulqini","sameAs":["http:\/\/www.visit-ulcinj.com"],"url":"https:\/\/www.visit-ulcinj.com\/blog\/author\/admin\/"}]}},"jetpack_featured_media_url":"","jetpack_sharing_enabled":true,"jetpack_shortlink":"https:\/\/wp.me\/pe6lTn-kS9","_links":{"self":[{"href":"https:\/\/www.visit-ulcinj.com\/blog\/wp-json\/wp\/v2\/posts\/80237"}],"collection":[{"href":"https:\/\/www.visit-ulcinj.com\/blog\/wp-json\/wp\/v2\/posts"}],"about":[{"href":"https:\/\/www.visit-ulcinj.com\/blog\/wp-json\/wp\/v2\/types\/post"}],"author":[{"embeddable":true,"href":"https:\/\/www.visit-ulcinj.com\/blog\/wp-json\/wp\/v2\/users\/1"}],"replies":[{"embeddable":true,"href":"https:\/\/www.visit-ulcinj.com\/blog\/wp-json\/wp\/v2\/comments?post=80237"}],"version-history":[{"count":4,"href":"https:\/\/www.visit-ulcinj.com\/blog\/wp-json\/wp\/v2\/posts\/80237\/revisions"}],"predecessor-version":[{"id":80242,"href":"https:\/\/www.visit-ulcinj.com\/blog\/wp-json\/wp\/v2\/posts\/80237\/revisions\/80242"}],"wp:attachment":[{"href":"https:\/\/www.visit-ulcinj.com\/blog\/wp-json\/wp\/v2\/media?parent=80237"}],"wp:term":[{"taxonomy":"category","embeddable":true,"href":"https:\/\/www.visit-ulcinj.com\/blog\/wp-json\/wp\/v2\/categories?post=80237"},{"taxonomy":"post_tag","embeddable":true,"href":"https:\/\/www.visit-ulcinj.com\/blog\/wp-json\/wp\/v2\/tags?post=80237"}],"curies":[{"name":"wp","href":"https:\/\/api.w.org\/{rel}","templated":true}]}}