{"id":80243,"date":"2014-03-02T22:13:11","date_gmt":"2014-03-02T21:13:11","guid":{"rendered":"http:\/\/www.visit-ulcinj.com\/blog\/?p=80243"},"modified":"2014-03-02T22:14:20","modified_gmt":"2014-03-02T21:14:20","slug":"tuzna-slika-borova-suma-ulcinj","status":"publish","type":"post","link":"https:\/\/www.visit-ulcinj.com\/blog\/2014\/03\/02\/tuzna-slika-borova-suma-ulcinj\/","title":{"rendered":"Tu\u017ena slika: Borova \u0161uma Ulcinj &#8211; Video"},"content":{"rendered":"<p>Od Male pla\u017ee prema istoku, u du\u017eini od dva kilometra pru\u017ea se Borova \u0161uma, prekrasno \u0161etali\u0161te u urbanim njedrima grada.<\/p>\n<p>Osim \u0161to je oplemenila \u010ditav ovaj prostor, Borova \u0161uma ima izvanrednu zdrastveno-rekreativnu i estetsko-dekorativnu funkciju.<a href=\"http:\/\/www.visit-ulcinj.com\/blog\/wp-content\/uploads\/2014\/02\/ostavljena-mesta-Ulcinja-Borova-suma.jpg\"><img loading=\"lazy\" class=\"alignleft  wp-image-79836\" alt=\"ostavljena mesta Ulcinja - Borova suma\" src=\"http:\/\/www.visit-ulcinj.com\/blog\/wp-content\/uploads\/2014\/02\/ostavljena-mesta-Ulcinja-Borova-suma.jpg\" width=\"508\" height=\"360\" \/><\/a>Ovako danas izgleda &#8220;Borova \u0161uma&#8221; kod nas. Oronula, tu\u017ena, zapu\u0161tena, napu\u0161tena,<br \/>\nskoro zaboravljena, u nekim dijelovima ogra\u0111ena, dok pravi izraz bi mo\u017eda bio ovaj &#8220;uglavnom na izdisaju&#8221;. Nekad je ovaj dio na\u0161e obale, u ovom prelijepom \u010darobnom ambijentu, zasa\u0111en po\u010detkom pro\u0161log vijeka divnom borovom \u0161umom, va\u017eio kao pravi sanatorijum, lje\u010dili\u0161te plu\u0107nih boljesti, bogat izvorima sumporne vode. Miris borova i mora, mamilo je svojim \u010darima uvijek sve one koji su \u017eeleli ti\u0161inu i mir, romantiku i inspiraciju. \u010cak je i u komunisti\u010dko vrijeme ovoj &#8220;bo\u017eanskoj &#8221; ljepoti davan poseban zna\u010daj, organizovane su proslave 1. maja, razni uranci, \u0161kole su organizovale \u0161etnje sa u\u010denicima&#8230;Bilo je to jedno druga\u010dije vrijeme, vrijeme o kojemu ja, ali, i jo\u0161 poneko govori sa velikom nostalgijom.. No, to je pro\u0161lo. U &#8220;Borovoj \u0161umi&#8221; danas ima puno betona, raznih ograda i sli\u010dno, dodu\u0161e narod jo\u0161 uvijek \u0161eta, neko zbog rekreacije, dok neko zbog nostalgije za onim starim dobrim vremenima.<\/p>\n<p><a href=\"http:\/\/www.visit-ulcinj.com\/blog\/wp-content\/uploads\/2014\/02\/ostavljena-mesta-Ulcinja-Borova-suma-3.jpg\"><img loading=\"lazy\" class=\"alignleft  wp-image-79837\" alt=\"ostavljena mesta Ulcinja - Borova suma-3\" src=\"http:\/\/www.visit-ulcinj.com\/blog\/wp-content\/uploads\/2014\/02\/ostavljena-mesta-Ulcinja-Borova-suma-3.jpg\" width=\"508\" height=\"360\" \/><\/a><br \/>\nMe\u0111utim, svima njima je vjerujem samo jedan zajedni\u010dki imenitelj, sa\u010duvanje i revitalizacija ovog blaga, koji \u0107e se ukoliko se ne\u0161to ne preduzme, ostati samo u sje\u0107anjima. &#8220;Borova \u0161uma&#8221; se mora revitalizovati, moraju se saditi nove sadnice, ali ne onako kako je to radilo &#8220;Morsko dobro&#8221; u jednom njihovom projektu prije par godina. Nijihove su sadnice samo bile dio Projekata tro\u0161enja novca, koji se zara\u0111uje tu kod nas, zavaravanje o\u010diju naroda. Sadnice su sve propale i to se vidi na svakom koraku.<br \/>\nNa\u017ealost, &#8220;Borova \u0161uma&#8221; je pod ingerencijom &#8220;Morskog dobra&#8221; iz Budve, ali je ona gospodo na teritorije na\u0161e Op\u0161tine. Ja se iskreno nadam da \u0107e nove vlasti, kona\u010dno preuzeti dio ingerencija ali, i odgovornosti za revitalizaciju ovog dragulja na\u0161e obale. Moraju raditi na tome da se promijeni &#8220;Zakon o Morskom dobru&#8221;, ali, ne samo deklarativno, ve\u0107 i na djelu. Za ovako ne\u0161to, imaju podr\u0161ku \u010ditave populacije Ulcinja, osim naravno, onih koji sa tom institucijom dijele zajedni\u010dki interes. Ali, njih nije mnogo, sumnjam da ih i oni vole, jer umjesto &#8220;Morskom dobru&#8221;, poreze mogu platiti na\u0161oj Op\u0161tini, tako da ne bi ni\u0161ta izgubili, samo bi dobili.<\/p>\n<p><strong><a id=\"js_60\" href=\"https:\/\/www.facebook.com\/ismet.karamanaga\" data-hovercard=\"\/ajax\/hovercard\/user.php?id=1359492972\">Ismet Karamanaga Facebook<\/a><\/strong><\/p>\n<p><strong>VIDEO TV TEUTA &#8211; SUZANA GANIC<\/strong><\/p>\n<!--YouTube Error: bad URL entered-->\n","protected":false},"excerpt":{"rendered":"<p>Od Male pla\u017ee prema istoku, u du\u017eini od dva kilometra pru\u017ea se Borova \u0161uma, prekrasno \u0161etali\u0161te u urbanim njedrima grada. Osim \u0161to je oplemenila \u010ditav ovaj prostor, Borova \u0161uma ima izvanrednu zdrastveno-rekreativnu i estetsko-dekorativnu funkciju.Ovako danas izgleda &#8220;Borova \u0161uma&#8221; kod nas. Oronula, tu\u017ena, zapu\u0161tena, napu\u0161tena, skoro zaboravljena, u nekim dijelovima ogra\u0111ena, dok pravi izraz bi [&hellip;]<\/p>\n","protected":false},"author":1,"featured_media":0,"comment_status":"closed","ping_status":"closed","sticky":false,"template":"","format":"standard","meta":{"spay_email":"","jetpack_publicize_message":"","jetpack_is_tweetstorm":false,"jetpack_publicize_feature_enabled":true},"categories":[6950],"tags":[],"jetpack_publicize_connections":[],"yoast_head":"<!-- This site is optimized with the Yoast SEO plugin v19.1 - https:\/\/yoast.com\/wordpress\/plugins\/seo\/ -->\n<title>Tu\u017ena slika: Borova \u0161uma Ulcinj - Video - Lajme nga Ulqini<\/title>\n<meta name=\"description\" content=\"Od Male pla\u017ee prema istoku, u du\u017eini od dva kilometra pru\u017ea se Borova \u0161uma, prekrasno \u0161etali\u0161te u urbanim njedrima grada. Osim \u0161to je oplemenila \u010ditav\" \/>\n<meta name=\"robots\" content=\"index, follow, max-snippet:-1, max-image-preview:large, max-video-preview:-1\" \/>\n<link rel=\"canonical\" href=\"https:\/\/www.visit-ulcinj.com\/blog\/2014\/03\/02\/tuzna-slika-borova-suma-ulcinj\/\" \/>\n<meta property=\"og:locale\" content=\"en_US\" \/>\n<meta property=\"og:type\" content=\"article\" \/>\n<meta property=\"og:title\" content=\"Tu\u017ena slika: Borova \u0161uma Ulcinj - Video - Lajme nga Ulqini\" \/>\n<meta property=\"og:description\" content=\"Od Male pla\u017ee prema istoku, u du\u017eini od dva kilometra pru\u017ea se Borova \u0161uma, prekrasno \u0161etali\u0161te u urbanim njedrima grada. Osim \u0161to je oplemenila \u010ditav\" \/>\n<meta property=\"og:url\" content=\"https:\/\/www.visit-ulcinj.com\/blog\/2014\/03\/02\/tuzna-slika-borova-suma-ulcinj\/\" \/>\n<meta property=\"og:site_name\" content=\"Lajme nga Ulqini\" \/>\n<meta property=\"article:published_time\" content=\"2014-03-02T21:13:11+00:00\" \/>\n<meta property=\"article:modified_time\" content=\"2014-03-02T21:14:20+00:00\" \/>\n<meta property=\"og:image\" content=\"http:\/\/www.visit-ulcinj.com\/blog\/wp-content\/uploads\/2014\/02\/ostavljena-mesta-Ulcinja-Borova-suma.jpg\" \/>\n<meta name=\"twitter:label1\" content=\"Written by\" \/>\n\t<meta name=\"twitter:data1\" content=\"ulqini\" \/>\n\t<meta name=\"twitter:label2\" content=\"Est. reading time\" \/>\n\t<meta name=\"twitter:data2\" content=\"2 minutes\" \/>\n<script type=\"application\/ld+json\" class=\"yoast-schema-graph\">{\"@context\":\"https:\/\/schema.org\",\"@graph\":[{\"@type\":\"WebSite\",\"@id\":\"https:\/\/www.visit-ulcinj.com\/blog\/#website\",\"url\":\"https:\/\/www.visit-ulcinj.com\/blog\/\",\"name\":\"Lajme nga Ulqini\",\"description\":\"Lajme,Vijesti,Ulqini,Ulqin,Crna Gora,Mali i Zi\",\"potentialAction\":[{\"@type\":\"SearchAction\",\"target\":{\"@type\":\"EntryPoint\",\"urlTemplate\":\"https:\/\/www.visit-ulcinj.com\/blog\/?s={search_term_string}\"},\"query-input\":\"required name=search_term_string\"}],\"inLanguage\":\"en-US\"},{\"@type\":\"ImageObject\",\"inLanguage\":\"en-US\",\"@id\":\"https:\/\/www.visit-ulcinj.com\/blog\/2014\/03\/02\/tuzna-slika-borova-suma-ulcinj\/#primaryimage\",\"url\":\"https:\/\/www.visit-ulcinj.com\/blog\/wp-content\/uploads\/2014\/02\/ostavljena-mesta-Ulcinja-Borova-suma.jpg\",\"contentUrl\":\"https:\/\/www.visit-ulcinj.com\/blog\/wp-content\/uploads\/2014\/02\/ostavljena-mesta-Ulcinja-Borova-suma.jpg\",\"width\":960,\"height\":720},{\"@type\":\"WebPage\",\"@id\":\"https:\/\/www.visit-ulcinj.com\/blog\/2014\/03\/02\/tuzna-slika-borova-suma-ulcinj\/#webpage\",\"url\":\"https:\/\/www.visit-ulcinj.com\/blog\/2014\/03\/02\/tuzna-slika-borova-suma-ulcinj\/\",\"name\":\"Tu\u017ena slika: Borova \u0161uma Ulcinj - Video - Lajme nga Ulqini\",\"isPartOf\":{\"@id\":\"https:\/\/www.visit-ulcinj.com\/blog\/#website\"},\"primaryImageOfPage\":{\"@id\":\"https:\/\/www.visit-ulcinj.com\/blog\/2014\/03\/02\/tuzna-slika-borova-suma-ulcinj\/#primaryimage\"},\"datePublished\":\"2014-03-02T21:13:11+00:00\",\"dateModified\":\"2014-03-02T21:14:20+00:00\",\"author\":{\"@id\":\"https:\/\/www.visit-ulcinj.com\/blog\/#\/schema\/person\/dcab619c614d3038751c63bc2aadc06d\"},\"description\":\"Od Male pla\u017ee prema istoku, u du\u017eini od dva kilometra pru\u017ea se Borova \u0161uma, prekrasno \u0161etali\u0161te u urbanim njedrima grada. Osim \u0161to je oplemenila \u010ditav\",\"breadcrumb\":{\"@id\":\"https:\/\/www.visit-ulcinj.com\/blog\/2014\/03\/02\/tuzna-slika-borova-suma-ulcinj\/#breadcrumb\"},\"inLanguage\":\"en-US\",\"potentialAction\":[{\"@type\":\"ReadAction\",\"target\":[\"https:\/\/www.visit-ulcinj.com\/blog\/2014\/03\/02\/tuzna-slika-borova-suma-ulcinj\/\"]}]},{\"@type\":\"BreadcrumbList\",\"@id\":\"https:\/\/www.visit-ulcinj.com\/blog\/2014\/03\/02\/tuzna-slika-borova-suma-ulcinj\/#breadcrumb\",\"itemListElement\":[{\"@type\":\"ListItem\",\"position\":1,\"name\":\"Tu\u017ena slika: Borova \u0161uma Ulcinj &#8211; Video\"}]},{\"@type\":\"Person\",\"@id\":\"https:\/\/www.visit-ulcinj.com\/blog\/#\/schema\/person\/dcab619c614d3038751c63bc2aadc06d\",\"name\":\"ulqini\",\"sameAs\":[\"http:\/\/www.visit-ulcinj.com\"],\"url\":\"https:\/\/www.visit-ulcinj.com\/blog\/author\/admin\/\"}]}<\/script>\n<!-- \/ Yoast SEO plugin. -->","yoast_head_json":{"title":"Tu\u017ena slika: Borova \u0161uma Ulcinj - Video - Lajme nga Ulqini","description":"Od Male pla\u017ee prema istoku, u du\u017eini od dva kilometra pru\u017ea se Borova \u0161uma, prekrasno \u0161etali\u0161te u urbanim njedrima grada. Osim \u0161to je oplemenila \u010ditav","robots":{"index":"index","follow":"follow","max-snippet":"max-snippet:-1","max-image-preview":"max-image-preview:large","max-video-preview":"max-video-preview:-1"},"canonical":"https:\/\/www.visit-ulcinj.com\/blog\/2014\/03\/02\/tuzna-slika-borova-suma-ulcinj\/","og_locale":"en_US","og_type":"article","og_title":"Tu\u017ena slika: Borova \u0161uma Ulcinj - Video - Lajme nga Ulqini","og_description":"Od Male pla\u017ee prema istoku, u du\u017eini od dva kilometra pru\u017ea se Borova \u0161uma, prekrasno \u0161etali\u0161te u urbanim njedrima grada. Osim \u0161to je oplemenila \u010ditav","og_url":"https:\/\/www.visit-ulcinj.com\/blog\/2014\/03\/02\/tuzna-slika-borova-suma-ulcinj\/","og_site_name":"Lajme nga Ulqini","article_published_time":"2014-03-02T21:13:11+00:00","article_modified_time":"2014-03-02T21:14:20+00:00","og_image":[{"url":"http:\/\/www.visit-ulcinj.com\/blog\/wp-content\/uploads\/2014\/02\/ostavljena-mesta-Ulcinja-Borova-suma.jpg"}],"twitter_misc":{"Written by":"ulqini","Est. reading time":"2 minutes"},"schema":{"@context":"https:\/\/schema.org","@graph":[{"@type":"WebSite","@id":"https:\/\/www.visit-ulcinj.com\/blog\/#website","url":"https:\/\/www.visit-ulcinj.com\/blog\/","name":"Lajme nga Ulqini","description":"Lajme,Vijesti,Ulqini,Ulqin,Crna Gora,Mali i Zi","potentialAction":[{"@type":"SearchAction","target":{"@type":"EntryPoint","urlTemplate":"https:\/\/www.visit-ulcinj.com\/blog\/?s={search_term_string}"},"query-input":"required name=search_term_string"}],"inLanguage":"en-US"},{"@type":"ImageObject","inLanguage":"en-US","@id":"https:\/\/www.visit-ulcinj.com\/blog\/2014\/03\/02\/tuzna-slika-borova-suma-ulcinj\/#primaryimage","url":"https:\/\/www.visit-ulcinj.com\/blog\/wp-content\/uploads\/2014\/02\/ostavljena-mesta-Ulcinja-Borova-suma.jpg","contentUrl":"https:\/\/www.visit-ulcinj.com\/blog\/wp-content\/uploads\/2014\/02\/ostavljena-mesta-Ulcinja-Borova-suma.jpg","width":960,"height":720},{"@type":"WebPage","@id":"https:\/\/www.visit-ulcinj.com\/blog\/2014\/03\/02\/tuzna-slika-borova-suma-ulcinj\/#webpage","url":"https:\/\/www.visit-ulcinj.com\/blog\/2014\/03\/02\/tuzna-slika-borova-suma-ulcinj\/","name":"Tu\u017ena slika: Borova \u0161uma Ulcinj - Video - Lajme nga Ulqini","isPartOf":{"@id":"https:\/\/www.visit-ulcinj.com\/blog\/#website"},"primaryImageOfPage":{"@id":"https:\/\/www.visit-ulcinj.com\/blog\/2014\/03\/02\/tuzna-slika-borova-suma-ulcinj\/#primaryimage"},"datePublished":"2014-03-02T21:13:11+00:00","dateModified":"2014-03-02T21:14:20+00:00","author":{"@id":"https:\/\/www.visit-ulcinj.com\/blog\/#\/schema\/person\/dcab619c614d3038751c63bc2aadc06d"},"description":"Od Male pla\u017ee prema istoku, u du\u017eini od dva kilometra pru\u017ea se Borova \u0161uma, prekrasno \u0161etali\u0161te u urbanim njedrima grada. Osim \u0161to je oplemenila \u010ditav","breadcrumb":{"@id":"https:\/\/www.visit-ulcinj.com\/blog\/2014\/03\/02\/tuzna-slika-borova-suma-ulcinj\/#breadcrumb"},"inLanguage":"en-US","potentialAction":[{"@type":"ReadAction","target":["https:\/\/www.visit-ulcinj.com\/blog\/2014\/03\/02\/tuzna-slika-borova-suma-ulcinj\/"]}]},{"@type":"BreadcrumbList","@id":"https:\/\/www.visit-ulcinj.com\/blog\/2014\/03\/02\/tuzna-slika-borova-suma-ulcinj\/#breadcrumb","itemListElement":[{"@type":"ListItem","position":1,"name":"Tu\u017ena slika: Borova \u0161uma Ulcinj &#8211; Video"}]},{"@type":"Person","@id":"https:\/\/www.visit-ulcinj.com\/blog\/#\/schema\/person\/dcab619c614d3038751c63bc2aadc06d","name":"ulqini","sameAs":["http:\/\/www.visit-ulcinj.com"],"url":"https:\/\/www.visit-ulcinj.com\/blog\/author\/admin\/"}]}},"jetpack_featured_media_url":"","jetpack_sharing_enabled":true,"jetpack_shortlink":"https:\/\/wp.me\/pe6lTn-kSf","_links":{"self":[{"href":"https:\/\/www.visit-ulcinj.com\/blog\/wp-json\/wp\/v2\/posts\/80243"}],"collection":[{"href":"https:\/\/www.visit-ulcinj.com\/blog\/wp-json\/wp\/v2\/posts"}],"about":[{"href":"https:\/\/www.visit-ulcinj.com\/blog\/wp-json\/wp\/v2\/types\/post"}],"author":[{"embeddable":true,"href":"https:\/\/www.visit-ulcinj.com\/blog\/wp-json\/wp\/v2\/users\/1"}],"replies":[{"embeddable":true,"href":"https:\/\/www.visit-ulcinj.com\/blog\/wp-json\/wp\/v2\/comments?post=80243"}],"version-history":[{"count":2,"href":"https:\/\/www.visit-ulcinj.com\/blog\/wp-json\/wp\/v2\/posts\/80243\/revisions"}],"predecessor-version":[{"id":80245,"href":"https:\/\/www.visit-ulcinj.com\/blog\/wp-json\/wp\/v2\/posts\/80243\/revisions\/80245"}],"wp:attachment":[{"href":"https:\/\/www.visit-ulcinj.com\/blog\/wp-json\/wp\/v2\/media?parent=80243"}],"wp:term":[{"taxonomy":"category","embeddable":true,"href":"https:\/\/www.visit-ulcinj.com\/blog\/wp-json\/wp\/v2\/categories?post=80243"},{"taxonomy":"post_tag","embeddable":true,"href":"https:\/\/www.visit-ulcinj.com\/blog\/wp-json\/wp\/v2\/tags?post=80243"}],"curies":[{"name":"wp","href":"https:\/\/api.w.org\/{rel}","templated":true}]}}