{"id":80257,"date":"2014-03-03T11:47:53","date_gmt":"2014-03-03T10:47:53","guid":{"rendered":"http:\/\/www.visit-ulcinj.com\/blog\/?p=80257"},"modified":"2014-03-03T11:47:53","modified_gmt":"2014-03-03T10:47:53","slug":"danaj-u-martu-dolazi-u-plav","status":"publish","type":"post","link":"https:\/\/www.visit-ulcinj.com\/blog\/2014\/03\/03\/danaj-u-martu-dolazi-u-plav\/","title":{"rendered":"Danaj u martu dolazi u Plav"},"content":{"rendered":"<p><a href=\"http:\/\/www.visit-ulcinj.com\/blog\/wp-content\/uploads\/2014\/02\/Koco-Danaj.jpg\"><img loading=\"lazy\" class=\"alignleft  wp-image-79926\" alt=\"Koco-Danaj\" src=\"http:\/\/www.visit-ulcinj.com\/blog\/wp-content\/uploads\/2014\/02\/Koco-Danaj.jpg\" width=\"508\" height=\"360\" \/><\/a>Lider Liste za prirodnu Albaniju Ko\u010do Danaj \u0107e u martu posjetiti Plav i Gusinje, kako bi promovisao projekat zajedni\u010dke dr\u017eave Albanaca.<\/p>\n<div>\n<p>Albanski istori\u010dar je na Facebook strani organizacije na \u010dijem je \u010delu najavio prvu zvani\u010dnu posjetu Crnoj Gori na kojoj \u0107e promovisati ujedinjenje Albanaca u regionu, pi\u0161u Vijesti.<\/p>\n<p>\u201cTokom marta 2014. posjeti\u0107emo albanske teritorije u Plavu i Gusinju. Naravno, glavna tema bi\u0107e nu\u017enost formiranja prirodne Albanije\u201d, navodi Danaj, ne preciziraju\u0107i sa kim \u0107e se sastati tokom posjete Plavu.<\/p>\n<p>Danajeva organizacija zala\u017ee se za formiranje albanske dr\u017eave u \u010dijem \u0107e sastavu biti Kosovo, kao i djelovi Srbije, Crne Gore, Makedonije i Gr\u010dke u kojima \u017eive Albanci.<\/p>\n<p>Projekat \u201cprirodne Albanije\u201d, Danaj je pokrenuo prije \u010detiri godine, najavljuju\u0107i da \u0107e Me\u0111unarodnom sudu pravde u Hagu podnijeti \u017ealbu u kojoj \u0107e tra\u017eiti da se poni\u0161te rje\u0161enja donijeta na Londonskoj konferenciji.<\/p>\n<p>On je tada kazao da bi pripajanje djelova susjednih dr\u017eava bilo organizovano nakon odr\u017eavanja referenduma me\u0111u albanskim stanovni\u0161tvom. Iako je pro\u0161le godine pokrenuo peticiju za formiranje prirodne Albanije, zahtijevaju\u0107i da iza nje stanu Albanci i u zemljama zapadne Evrope, niko od albanskih politi\u010dara u Crnoj Gori nije zvani\u010dno stao uz njega. Jedina parlamentarna partija u regionu koja sara\u0111uje sa Danajem je kosovski pokret \u201cSamoopredjeljenje\u201d Albina Kurtija.<\/p>\n<p><strong>Izvor: CDM<\/strong><\/p>\n<\/div>\n","protected":false},"excerpt":{"rendered":"<p>Lider Liste za prirodnu Albaniju Ko\u010do Danaj \u0107e u martu posjetiti Plav i Gusinje, kako bi promovisao projekat zajedni\u010dke dr\u017eave Albanaca. Albanski istori\u010dar je na Facebook strani organizacije na \u010dijem je \u010delu najavio prvu zvani\u010dnu posjetu Crnoj Gori na kojoj \u0107e promovisati ujedinjenje Albanaca u regionu, pi\u0161u Vijesti. \u201cTokom marta 2014. posjeti\u0107emo albanske teritorije u [&hellip;]<\/p>\n","protected":false},"author":1,"featured_media":0,"comment_status":"closed","ping_status":"closed","sticky":false,"template":"","format":"standard","meta":{"spay_email":"","jetpack_publicize_message":"","jetpack_is_tweetstorm":false,"jetpack_publicize_feature_enabled":true},"categories":[6950],"tags":[],"jetpack_publicize_connections":[],"yoast_head":"<!-- This site is optimized with the Yoast SEO plugin v19.1 - https:\/\/yoast.com\/wordpress\/plugins\/seo\/ -->\n<title>Danaj u martu dolazi u Plav - Lajme nga Ulqini<\/title>\n<meta name=\"description\" content=\"Lider Liste za prirodnu Albaniju Ko\u010do Danaj \u0107e u martu posjetiti Plav i Gusinje, kako bi promovisao projekat zajedni\u010dke dr\u017eave Albanaca. Albanski\" \/>\n<meta name=\"robots\" content=\"index, follow, max-snippet:-1, max-image-preview:large, max-video-preview:-1\" \/>\n<link rel=\"canonical\" href=\"https:\/\/www.visit-ulcinj.com\/blog\/2014\/03\/03\/danaj-u-martu-dolazi-u-plav\/\" \/>\n<meta property=\"og:locale\" content=\"en_US\" \/>\n<meta property=\"og:type\" content=\"article\" \/>\n<meta property=\"og:title\" content=\"Danaj u martu dolazi u Plav - Lajme nga Ulqini\" \/>\n<meta property=\"og:description\" content=\"Lider Liste za prirodnu Albaniju Ko\u010do Danaj \u0107e u martu posjetiti Plav i Gusinje, kako bi promovisao projekat zajedni\u010dke dr\u017eave Albanaca. Albanski\" \/>\n<meta property=\"og:url\" content=\"https:\/\/www.visit-ulcinj.com\/blog\/2014\/03\/03\/danaj-u-martu-dolazi-u-plav\/\" \/>\n<meta property=\"og:site_name\" content=\"Lajme nga Ulqini\" \/>\n<meta property=\"article:published_time\" content=\"2014-03-03T10:47:53+00:00\" \/>\n<meta property=\"og:image\" content=\"http:\/\/www.visit-ulcinj.com\/blog\/wp-content\/uploads\/2014\/02\/Koco-Danaj.jpg\" \/>\n<meta name=\"twitter:label1\" content=\"Written by\" \/>\n\t<meta name=\"twitter:data1\" content=\"ulqini\" \/>\n\t<meta name=\"twitter:label2\" content=\"Est. reading time\" \/>\n\t<meta name=\"twitter:data2\" content=\"1 minute\" \/>\n<script type=\"application\/ld+json\" class=\"yoast-schema-graph\">{\"@context\":\"https:\/\/schema.org\",\"@graph\":[{\"@type\":\"WebSite\",\"@id\":\"https:\/\/www.visit-ulcinj.com\/blog\/#website\",\"url\":\"https:\/\/www.visit-ulcinj.com\/blog\/\",\"name\":\"Lajme nga Ulqini\",\"description\":\"Lajme,Vijesti,Ulqini,Ulqin,Crna Gora,Mali i Zi\",\"potentialAction\":[{\"@type\":\"SearchAction\",\"target\":{\"@type\":\"EntryPoint\",\"urlTemplate\":\"https:\/\/www.visit-ulcinj.com\/blog\/?s={search_term_string}\"},\"query-input\":\"required name=search_term_string\"}],\"inLanguage\":\"en-US\"},{\"@type\":\"ImageObject\",\"inLanguage\":\"en-US\",\"@id\":\"https:\/\/www.visit-ulcinj.com\/blog\/2014\/03\/03\/danaj-u-martu-dolazi-u-plav\/#primaryimage\",\"url\":\"https:\/\/www.visit-ulcinj.com\/blog\/wp-content\/uploads\/2014\/02\/Koco-Danaj.jpg\",\"contentUrl\":\"https:\/\/www.visit-ulcinj.com\/blog\/wp-content\/uploads\/2014\/02\/Koco-Danaj.jpg\",\"width\":800,\"height\":495},{\"@type\":\"WebPage\",\"@id\":\"https:\/\/www.visit-ulcinj.com\/blog\/2014\/03\/03\/danaj-u-martu-dolazi-u-plav\/#webpage\",\"url\":\"https:\/\/www.visit-ulcinj.com\/blog\/2014\/03\/03\/danaj-u-martu-dolazi-u-plav\/\",\"name\":\"Danaj u martu dolazi u Plav - Lajme nga Ulqini\",\"isPartOf\":{\"@id\":\"https:\/\/www.visit-ulcinj.com\/blog\/#website\"},\"primaryImageOfPage\":{\"@id\":\"https:\/\/www.visit-ulcinj.com\/blog\/2014\/03\/03\/danaj-u-martu-dolazi-u-plav\/#primaryimage\"},\"datePublished\":\"2014-03-03T10:47:53+00:00\",\"dateModified\":\"2014-03-03T10:47:53+00:00\",\"author\":{\"@id\":\"https:\/\/www.visit-ulcinj.com\/blog\/#\/schema\/person\/dcab619c614d3038751c63bc2aadc06d\"},\"description\":\"Lider Liste za prirodnu Albaniju Ko\u010do Danaj \u0107e u martu posjetiti Plav i Gusinje, kako bi promovisao projekat zajedni\u010dke dr\u017eave Albanaca. Albanski\",\"breadcrumb\":{\"@id\":\"https:\/\/www.visit-ulcinj.com\/blog\/2014\/03\/03\/danaj-u-martu-dolazi-u-plav\/#breadcrumb\"},\"inLanguage\":\"en-US\",\"potentialAction\":[{\"@type\":\"ReadAction\",\"target\":[\"https:\/\/www.visit-ulcinj.com\/blog\/2014\/03\/03\/danaj-u-martu-dolazi-u-plav\/\"]}]},{\"@type\":\"BreadcrumbList\",\"@id\":\"https:\/\/www.visit-ulcinj.com\/blog\/2014\/03\/03\/danaj-u-martu-dolazi-u-plav\/#breadcrumb\",\"itemListElement\":[{\"@type\":\"ListItem\",\"position\":1,\"name\":\"Danaj u martu dolazi u Plav\"}]},{\"@type\":\"Person\",\"@id\":\"https:\/\/www.visit-ulcinj.com\/blog\/#\/schema\/person\/dcab619c614d3038751c63bc2aadc06d\",\"name\":\"ulqini\",\"sameAs\":[\"http:\/\/www.visit-ulcinj.com\"],\"url\":\"https:\/\/www.visit-ulcinj.com\/blog\/author\/admin\/\"}]}<\/script>\n<!-- \/ Yoast SEO plugin. -->","yoast_head_json":{"title":"Danaj u martu dolazi u Plav - Lajme nga Ulqini","description":"Lider Liste za prirodnu Albaniju Ko\u010do Danaj \u0107e u martu posjetiti Plav i Gusinje, kako bi promovisao projekat zajedni\u010dke dr\u017eave Albanaca. Albanski","robots":{"index":"index","follow":"follow","max-snippet":"max-snippet:-1","max-image-preview":"max-image-preview:large","max-video-preview":"max-video-preview:-1"},"canonical":"https:\/\/www.visit-ulcinj.com\/blog\/2014\/03\/03\/danaj-u-martu-dolazi-u-plav\/","og_locale":"en_US","og_type":"article","og_title":"Danaj u martu dolazi u Plav - Lajme nga Ulqini","og_description":"Lider Liste za prirodnu Albaniju Ko\u010do Danaj \u0107e u martu posjetiti Plav i Gusinje, kako bi promovisao projekat zajedni\u010dke dr\u017eave Albanaca. Albanski","og_url":"https:\/\/www.visit-ulcinj.com\/blog\/2014\/03\/03\/danaj-u-martu-dolazi-u-plav\/","og_site_name":"Lajme nga Ulqini","article_published_time":"2014-03-03T10:47:53+00:00","og_image":[{"url":"http:\/\/www.visit-ulcinj.com\/blog\/wp-content\/uploads\/2014\/02\/Koco-Danaj.jpg"}],"twitter_misc":{"Written by":"ulqini","Est. reading time":"1 minute"},"schema":{"@context":"https:\/\/schema.org","@graph":[{"@type":"WebSite","@id":"https:\/\/www.visit-ulcinj.com\/blog\/#website","url":"https:\/\/www.visit-ulcinj.com\/blog\/","name":"Lajme nga Ulqini","description":"Lajme,Vijesti,Ulqini,Ulqin,Crna Gora,Mali i Zi","potentialAction":[{"@type":"SearchAction","target":{"@type":"EntryPoint","urlTemplate":"https:\/\/www.visit-ulcinj.com\/blog\/?s={search_term_string}"},"query-input":"required name=search_term_string"}],"inLanguage":"en-US"},{"@type":"ImageObject","inLanguage":"en-US","@id":"https:\/\/www.visit-ulcinj.com\/blog\/2014\/03\/03\/danaj-u-martu-dolazi-u-plav\/#primaryimage","url":"https:\/\/www.visit-ulcinj.com\/blog\/wp-content\/uploads\/2014\/02\/Koco-Danaj.jpg","contentUrl":"https:\/\/www.visit-ulcinj.com\/blog\/wp-content\/uploads\/2014\/02\/Koco-Danaj.jpg","width":800,"height":495},{"@type":"WebPage","@id":"https:\/\/www.visit-ulcinj.com\/blog\/2014\/03\/03\/danaj-u-martu-dolazi-u-plav\/#webpage","url":"https:\/\/www.visit-ulcinj.com\/blog\/2014\/03\/03\/danaj-u-martu-dolazi-u-plav\/","name":"Danaj u martu dolazi u Plav - Lajme nga Ulqini","isPartOf":{"@id":"https:\/\/www.visit-ulcinj.com\/blog\/#website"},"primaryImageOfPage":{"@id":"https:\/\/www.visit-ulcinj.com\/blog\/2014\/03\/03\/danaj-u-martu-dolazi-u-plav\/#primaryimage"},"datePublished":"2014-03-03T10:47:53+00:00","dateModified":"2014-03-03T10:47:53+00:00","author":{"@id":"https:\/\/www.visit-ulcinj.com\/blog\/#\/schema\/person\/dcab619c614d3038751c63bc2aadc06d"},"description":"Lider Liste za prirodnu Albaniju Ko\u010do Danaj \u0107e u martu posjetiti Plav i Gusinje, kako bi promovisao projekat zajedni\u010dke dr\u017eave Albanaca. Albanski","breadcrumb":{"@id":"https:\/\/www.visit-ulcinj.com\/blog\/2014\/03\/03\/danaj-u-martu-dolazi-u-plav\/#breadcrumb"},"inLanguage":"en-US","potentialAction":[{"@type":"ReadAction","target":["https:\/\/www.visit-ulcinj.com\/blog\/2014\/03\/03\/danaj-u-martu-dolazi-u-plav\/"]}]},{"@type":"BreadcrumbList","@id":"https:\/\/www.visit-ulcinj.com\/blog\/2014\/03\/03\/danaj-u-martu-dolazi-u-plav\/#breadcrumb","itemListElement":[{"@type":"ListItem","position":1,"name":"Danaj u martu dolazi u Plav"}]},{"@type":"Person","@id":"https:\/\/www.visit-ulcinj.com\/blog\/#\/schema\/person\/dcab619c614d3038751c63bc2aadc06d","name":"ulqini","sameAs":["http:\/\/www.visit-ulcinj.com"],"url":"https:\/\/www.visit-ulcinj.com\/blog\/author\/admin\/"}]}},"jetpack_featured_media_url":"","jetpack_sharing_enabled":true,"jetpack_shortlink":"https:\/\/wp.me\/pe6lTn-kSt","_links":{"self":[{"href":"https:\/\/www.visit-ulcinj.com\/blog\/wp-json\/wp\/v2\/posts\/80257"}],"collection":[{"href":"https:\/\/www.visit-ulcinj.com\/blog\/wp-json\/wp\/v2\/posts"}],"about":[{"href":"https:\/\/www.visit-ulcinj.com\/blog\/wp-json\/wp\/v2\/types\/post"}],"author":[{"embeddable":true,"href":"https:\/\/www.visit-ulcinj.com\/blog\/wp-json\/wp\/v2\/users\/1"}],"replies":[{"embeddable":true,"href":"https:\/\/www.visit-ulcinj.com\/blog\/wp-json\/wp\/v2\/comments?post=80257"}],"version-history":[{"count":1,"href":"https:\/\/www.visit-ulcinj.com\/blog\/wp-json\/wp\/v2\/posts\/80257\/revisions"}],"predecessor-version":[{"id":80258,"href":"https:\/\/www.visit-ulcinj.com\/blog\/wp-json\/wp\/v2\/posts\/80257\/revisions\/80258"}],"wp:attachment":[{"href":"https:\/\/www.visit-ulcinj.com\/blog\/wp-json\/wp\/v2\/media?parent=80257"}],"wp:term":[{"taxonomy":"category","embeddable":true,"href":"https:\/\/www.visit-ulcinj.com\/blog\/wp-json\/wp\/v2\/categories?post=80257"},{"taxonomy":"post_tag","embeddable":true,"href":"https:\/\/www.visit-ulcinj.com\/blog\/wp-json\/wp\/v2\/tags?post=80257"}],"curies":[{"name":"wp","href":"https:\/\/api.w.org\/{rel}","templated":true}]}}