{"id":80268,"date":"2014-03-04T05:44:55","date_gmt":"2014-03-04T04:44:55","guid":{"rendered":"http:\/\/www.visit-ulcinj.com\/blog\/?p=80268"},"modified":"2014-03-04T05:46:20","modified_gmt":"2014-03-04T04:46:20","slug":"fatmir-deka-nije-lose-da-dps-bude-u-opoziciji-video","status":"publish","type":"post","link":"https:\/\/www.visit-ulcinj.com\/blog\/2014\/03\/04\/fatmir-deka-nije-lose-da-dps-bude-u-opoziciji-video\/","title":{"rendered":"Fatmir \u0110eka: Nije lo\u0161e da DPS bude u opoziciji &#8211; Video"},"content":{"rendered":"<p><a href=\"http:\/\/www.visit-ulcinj.com\/blog\/wp-content\/uploads\/2014\/03\/Fatmir-Gjeka-kryetar-i-Ulqinit.jpg\"><img loading=\"lazy\" class=\"alignleft  wp-image-80270\" alt=\"Fatmir-Gjeka-kryetar-i-Ulqinit\" src=\"http:\/\/www.visit-ulcinj.com\/blog\/wp-content\/uploads\/2014\/03\/Fatmir-Gjeka-kryetar-i-Ulqinit.jpg\" width=\"508\" height=\"360\" \/><\/a>\u010cekaju nas razgovori sa investitorima kako bi po\u010deli gradnju hotela. Ako ne, treba na\u0107i nove strate\u0161ke partnere<\/p>\n<p>Novoizabrani predsjednik Op\u0161tine Ulcinj Fatmir \u0110eka ka\u017ee da su stabilizacija fiskalne politike i kvalitetna priprema sezone prioritetni zadaci nove vlasti u narednom periodu.<\/p>\n<p>Lider Demokratske partije najavio je da \u0107e vlast nastaviti i rad na konkretizaciji investicija na poljima turizma i poljoprivrede i pobolj\u0161anju gradske infrastrukture. U intervjuu \u201cVijestima\u201d, \u0110eka je upozorio da novoformirani vladaju\u0107i savez koalicije \u201eZajedno za budu\u0107nost Ulcinja, Force i Pozitivne \u010deka dosta posla \u201eali da \u0107e nova vlast u svakom slu\u010daju biti okrenuta budu\u0107nosti a ne pro\u0161losti\u201c.<\/p>\n<p><strong>Kako komentari\u0161ete izostanak gradnje planiranih hotela u Ulcinju i \u0161ta \u0107ete ili \u0161ta mo\u017eete preduzeti povodom toga? <\/strong><\/p>\n<p>Op\u0161tina mora krenuti sa konkretnim potezima u cilju rje\u0161avanja tog problema. \u010cekaju nas ozbiljni razgovori sa investitorima kako bi stvorili uslove i mogu\u0107nosti da u \u0161to kra\u0107em roku po\u010dnu gradnju. Ako ne, treba na\u0107i nove strate\u0161ke partnere.<\/p>\n<p><strong>Kako planirate da suzbijete divlju gradnju? <\/strong><\/p>\n<p>Divlja gradnja nije problem samo na\u0161e op\u0161tine, nego je to, mo\u017ee se re\u0107i, bolest na\u0161eg dru\u0161tva. Prethodne vlasti radile su dosta\u00a0 na dono\u0161enju planskih dokumenata, ali tu nas \u010deka jo\u0161 puno posla. Najbitniji dokumenat koji bi trebalo da usvojimo je prostorni urbanisti\u010dki plan op\u0161tine i mi \u0107emo se najozbiljnije pozabaviti time. Trebalo bi da napokon shvatimo da nemamo prava da uni\u0161timo grad divljom gradnjom. Moramo razmi\u0161ljati o odr\u017eivom razvoju na\u0161eg grada, da bismo i budu\u0107im pokoljenjima ostavili prostora za dalji razvoj.<\/p>\n<p><strong>Koji je to krovni projekat koji nova vlast planira da realizuje u svom mandatu? <\/strong><\/p>\n<p>O krovnim projektima je rano pri\u010dati. Na\u0161 cilj je da grad po\u010dne da se razvija u pravom smjeru. Ulcinj, po prirodnim ljepotama i potencijalnim razvojnim resursima treba da bude srce turizma, ne samo Crne Gore nego i Evrope. Da bi se do toga do\u0161lo, treba da po\u010dnemo temeljito da radimo. Da bismo stigli do velikih stvari, moramo prvo da rje\u0161avamo male probleme.<\/p>\n<p><strong>Imate li vi\u0161ka \u010dinovnika?<\/strong><\/p>\n<p>U granicama normale smo po tom pitanju ali i da imamo za 10 do 15 odsto vi\u0161e, ne bi bilo ni\u0161ta stra\u0161no. Treba imati u vidu da smo mi jedina dvojezi\u010dna Op\u0161tina i da ne znaju svi oba jezika.<\/p>\n<p><strong>Da li ste zadovoljni sa \u010detiri mandata, koliko je va\u0161em DP pripalo u predizbornoj koaliciji sa Perspektivom i Demokratskim savezom, i da li je to pravi odraz snaga na terenu<\/strong>?<\/p>\n<p>Nau\u010dio sam da u politici moram biti konstruktivan sa ciljem da oko sebe okupim prijatelje. Da bih u tome uspio, moram ponekad i da \u017ertvujem ne\u0161to svoje. Svaki put se to pokazalo ispravnim jer je nakon toga na\u0161a snaga uvijek bivala ve\u0107a.<\/p>\n<p><strong>Opet ste u koaliciji sa predsjednikom Force Nazifom Cunguom iako se pro\u0161la koalicija raspala upravo zbog va\u0161eg neslaganja sa njim. Kakvi su sada odnosi?<\/strong><\/p>\n<p>Prethodna koalicija stvorena je u vanrednoj situaciji nakon \u0161to sam ja sa grupom odbornika napustio DUA i osnovao DP. Na brzinu je formirana nova ve\u0107ina, ali bez temelja, \u0161to je rezultiralo lo\u0161im efektima i kasnijim raspadom. Ne bih o tome ko je bio odgovoran tada, jer smo sada u nekoj drugi fazi i u novoj koaliciji na potpuno novim osnovama. U\u010dimo se na tu\u0111im ali i na svojim gre\u0161kama.<\/p>\n<p><strong>Da li je nova koalicija na du\u017ee staze?<\/strong><\/p>\n<p>To je relativno i u politici ne treba prejudicirati. Nekada se savezi prave na osam godina pa se raspadnu za \u010detiri, a nekada je to obratno. Ostavimo to vremenu pred nama, ono \u0107e pokazati.<\/p>\n<p><strong>Da li je bilo pritisaka sa strane da napravite koaliciju sa albanskim partijama i da ne date mjesto gradona\u010delnika DPS-u, odnosno partiji gra\u0111anske profilacije?<\/strong><\/p>\n<p>Albanske partije su poslije ovih izbora osvojile 18 mandata ukupno, pa je logi\u010dno da nama pripada funkcija predsjednika Op\u0161tine bez obzira \u0161to je DPS osvojio najvi\u0161e mandata pojedina\u010dno.<\/p>\n<p><strong>Da li je bilo pritisaka?<\/strong><\/p>\n<p>Pa bilo je, ovdje unutar koalicije, partije i bira\u010dkog tijela ali i iz nekih krugova iz Tirane i Pri\u0161tine. Ali nijesu oni odlu\u010divali nego mi.<\/p>\n<p><strong>Jeste li zbog toga tra\u017eili prijem kod ministra inostranih poslova Albanije, dan nakon \u0161to ste dogovorili koaliciju?<\/strong><\/p>\n<p>Ne, to je bio ranije ugovoreni sastanak. Ulcinj nije bio na dnevnom redu.<\/p>\n<p><strong>Da li vam je ministar dao neke sugestije?<\/strong><\/p>\n<p>Rekao je da moramo imati saglasan stav oko op\u0161tine Tuzi budu\u0107i da imamo razli\u010dita vi\u0111enja. Naravno, podr\u017eao je na\u0161u saradnju sa Vladom i klju\u010dnim politi\u010dkim subjektima u zemlji.<\/p>\n<p><strong>Koliko na va\u0161e odluke uti\u010du prozivke iz Tirane, Pri\u0161tine i dijaspore?<\/strong><\/p>\n<p>U DP do sada nijesmo imali slu\u010daj da nam bilo ko sa strane govori da uradimo ne\u0161to protiv svoje volje. To odgovorno tvrdim. Sugestije da, ali se ipak na kraju mi pitamo.<\/p>\n<p><strong>DPS je u opoziciji iako je o\u010dekivao vlast. Kako to komentari\u0161ete, budu\u0107i da su u opozicionim klupama najvi\u0161e zahvaljuju\u0107i vama?.<\/strong><\/p>\n<p>Vlast se dobija kada neko uspostavi ve\u0107inu. To je demokratija. Mi smo to uradili, a DPS je ostao u opoziciji. Nije to mo\u017eda dobro, ali nije ni lo\u0161e.<\/p>\n<p><strong>Pri\u010dalo se o tome da vam je mo\u017eda dra\u017ei savez sa DPS nego sa Forcom. Da li je to istina?<\/strong><\/p>\n<p>Shodno sporazumu koji imamo sa DPS-om, mi smo do\u0161li kod njih na razgovore ali za 20 dana oni nam ni\u0161ta konkretno nijesu ponudili. Uprkos tome, treba da budemo korektni jer Ulcinj je na\u0161 koliko i njihov. Saradnju sa DPS-om nastavi\u0107emo i ja\u010dati i na dr\u017eavnom nivou.<\/p>\n<p><strong>Premijer ne misli tako?<\/strong><\/p>\n<p>Ne bih komentarisao tu izjavu. Nacionalni savjet je dao saop\u0161tenje u ime svih nas, a DP \u0107e se truditi da osna\u017ei sradnju sa DPS-om na dr\u017eavnom nivou. Ne treba zaboraviti da su Albanci dali i daju veliki doprinos ovoj dr\u017eavi.<\/p>\n<p><strong>Da li ste tra\u017eili prijem kod \u0110ukanovi\u0107a kada ste uvidjeli da propadaju pregovori sa lokalnim DPS-om?<\/strong><\/p>\n<p>Ne.<\/p>\n<p>A da li ste se vidjeli sa njim nakon \u0161to ste DPS poslali u opoziciju?<\/p>\n<p>Ne.<\/p>\n<p><strong>Da li vas je zvao neko iz DPS da kritikuje va\u0161 potez?<\/strong><\/p>\n<p>Samo \u010destitke.<\/p>\n<p><a href=\"http:\/\/www.vijesti.me\/vijesti\/deka-nije-lose-da-dps-bude-opoziciji-clanak-183491\" target=\"_blank\"><strong>Samir Adrovi\u0107<\/strong><\/a><br \/>\n<a href=\"http:\/\/www.vijesti.me\/vijesti\/deka-nije-lose-da-dps-bude-opoziciji-clanak-183491\" target=\"_blank\"><strong>Izvor: Vijesti Online<\/strong><\/a><\/p>\n<!--YouTube Error: bad URL entered-->\n","protected":false},"excerpt":{"rendered":"<p>\u010cekaju nas razgovori sa investitorima kako bi po\u010deli gradnju hotela. Ako ne, treba na\u0107i nove strate\u0161ke partnere Novoizabrani predsjednik Op\u0161tine Ulcinj Fatmir \u0110eka ka\u017ee da su stabilizacija fiskalne politike i kvalitetna priprema sezone prioritetni zadaci nove vlasti u narednom periodu. Lider Demokratske partije najavio je da \u0107e vlast nastaviti i rad na konkretizaciji investicija na [&hellip;]<\/p>\n","protected":false},"author":1,"featured_media":0,"comment_status":"closed","ping_status":"closed","sticky":false,"template":"","format":"standard","meta":{"spay_email":"","jetpack_publicize_message":"","jetpack_is_tweetstorm":false,"jetpack_publicize_feature_enabled":true},"categories":[8337],"tags":[],"jetpack_publicize_connections":[],"yoast_head":"<!-- This site is optimized with the Yoast SEO plugin v19.1 - https:\/\/yoast.com\/wordpress\/plugins\/seo\/ -->\n<title>Fatmir \u0110eka: Nije lo\u0161e da DPS bude u opoziciji - Video - Lajme nga Ulqini<\/title>\n<meta name=\"description\" content=\"\u010cekaju nas razgovori sa investitorima kako bi po\u010deli gradnju hotela. Ako ne, treba na\u0107i nove strate\u0161ke partnere Novoizabrani predsjednik Op\u0161tine Ulcinj\" \/>\n<meta name=\"robots\" content=\"index, follow, max-snippet:-1, max-image-preview:large, max-video-preview:-1\" \/>\n<link rel=\"canonical\" href=\"https:\/\/www.visit-ulcinj.com\/blog\/2014\/03\/04\/fatmir-deka-nije-lose-da-dps-bude-u-opoziciji-video\/\" \/>\n<meta property=\"og:locale\" content=\"en_US\" \/>\n<meta property=\"og:type\" content=\"article\" \/>\n<meta property=\"og:title\" content=\"Fatmir \u0110eka: Nije lo\u0161e da DPS bude u opoziciji - Video - Lajme nga Ulqini\" \/>\n<meta property=\"og:description\" content=\"\u010cekaju nas razgovori sa investitorima kako bi po\u010deli gradnju hotela. Ako ne, treba na\u0107i nove strate\u0161ke partnere Novoizabrani predsjednik Op\u0161tine Ulcinj\" \/>\n<meta property=\"og:url\" content=\"https:\/\/www.visit-ulcinj.com\/blog\/2014\/03\/04\/fatmir-deka-nije-lose-da-dps-bude-u-opoziciji-video\/\" \/>\n<meta property=\"og:site_name\" content=\"Lajme nga Ulqini\" \/>\n<meta property=\"article:published_time\" content=\"2014-03-04T04:44:55+00:00\" \/>\n<meta property=\"article:modified_time\" content=\"2014-03-04T04:46:20+00:00\" \/>\n<meta property=\"og:image\" content=\"http:\/\/www.visit-ulcinj.com\/blog\/wp-content\/uploads\/2014\/03\/Fatmir-Gjeka-kryetar-i-Ulqinit.jpg\" \/>\n<meta name=\"twitter:label1\" content=\"Written by\" \/>\n\t<meta name=\"twitter:data1\" content=\"ulqini\" \/>\n\t<meta name=\"twitter:label2\" content=\"Est. reading time\" \/>\n\t<meta name=\"twitter:data2\" content=\"5 minutes\" \/>\n<script type=\"application\/ld+json\" class=\"yoast-schema-graph\">{\"@context\":\"https:\/\/schema.org\",\"@graph\":[{\"@type\":\"WebSite\",\"@id\":\"https:\/\/www.visit-ulcinj.com\/blog\/#website\",\"url\":\"https:\/\/www.visit-ulcinj.com\/blog\/\",\"name\":\"Lajme nga Ulqini\",\"description\":\"Lajme,Vijesti,Ulqini,Ulqin,Crna Gora,Mali i Zi\",\"potentialAction\":[{\"@type\":\"SearchAction\",\"target\":{\"@type\":\"EntryPoint\",\"urlTemplate\":\"https:\/\/www.visit-ulcinj.com\/blog\/?s={search_term_string}\"},\"query-input\":\"required name=search_term_string\"}],\"inLanguage\":\"en-US\"},{\"@type\":\"ImageObject\",\"inLanguage\":\"en-US\",\"@id\":\"https:\/\/www.visit-ulcinj.com\/blog\/2014\/03\/04\/fatmir-deka-nije-lose-da-dps-bude-u-opoziciji-video\/#primaryimage\",\"url\":\"https:\/\/www.visit-ulcinj.com\/blog\/wp-content\/uploads\/2014\/03\/Fatmir-Gjeka-kryetar-i-Ulqinit.jpg\",\"contentUrl\":\"https:\/\/www.visit-ulcinj.com\/blog\/wp-content\/uploads\/2014\/03\/Fatmir-Gjeka-kryetar-i-Ulqinit.jpg\",\"width\":960,\"height\":720},{\"@type\":\"WebPage\",\"@id\":\"https:\/\/www.visit-ulcinj.com\/blog\/2014\/03\/04\/fatmir-deka-nije-lose-da-dps-bude-u-opoziciji-video\/#webpage\",\"url\":\"https:\/\/www.visit-ulcinj.com\/blog\/2014\/03\/04\/fatmir-deka-nije-lose-da-dps-bude-u-opoziciji-video\/\",\"name\":\"Fatmir \u0110eka: Nije lo\u0161e da DPS bude u opoziciji - Video - Lajme nga Ulqini\",\"isPartOf\":{\"@id\":\"https:\/\/www.visit-ulcinj.com\/blog\/#website\"},\"primaryImageOfPage\":{\"@id\":\"https:\/\/www.visit-ulcinj.com\/blog\/2014\/03\/04\/fatmir-deka-nije-lose-da-dps-bude-u-opoziciji-video\/#primaryimage\"},\"datePublished\":\"2014-03-04T04:44:55+00:00\",\"dateModified\":\"2014-03-04T04:46:20+00:00\",\"author\":{\"@id\":\"https:\/\/www.visit-ulcinj.com\/blog\/#\/schema\/person\/dcab619c614d3038751c63bc2aadc06d\"},\"description\":\"\u010cekaju nas razgovori sa investitorima kako bi po\u010deli gradnju hotela. Ako ne, treba na\u0107i nove strate\u0161ke partnere Novoizabrani predsjednik Op\u0161tine Ulcinj\",\"breadcrumb\":{\"@id\":\"https:\/\/www.visit-ulcinj.com\/blog\/2014\/03\/04\/fatmir-deka-nije-lose-da-dps-bude-u-opoziciji-video\/#breadcrumb\"},\"inLanguage\":\"en-US\",\"potentialAction\":[{\"@type\":\"ReadAction\",\"target\":[\"https:\/\/www.visit-ulcinj.com\/blog\/2014\/03\/04\/fatmir-deka-nije-lose-da-dps-bude-u-opoziciji-video\/\"]}]},{\"@type\":\"BreadcrumbList\",\"@id\":\"https:\/\/www.visit-ulcinj.com\/blog\/2014\/03\/04\/fatmir-deka-nije-lose-da-dps-bude-u-opoziciji-video\/#breadcrumb\",\"itemListElement\":[{\"@type\":\"ListItem\",\"position\":1,\"name\":\"Fatmir \u0110eka: Nije lo\u0161e da DPS bude u opoziciji &#8211; Video\"}]},{\"@type\":\"Person\",\"@id\":\"https:\/\/www.visit-ulcinj.com\/blog\/#\/schema\/person\/dcab619c614d3038751c63bc2aadc06d\",\"name\":\"ulqini\",\"sameAs\":[\"http:\/\/www.visit-ulcinj.com\"],\"url\":\"https:\/\/www.visit-ulcinj.com\/blog\/author\/admin\/\"}]}<\/script>\n<!-- \/ Yoast SEO plugin. -->","yoast_head_json":{"title":"Fatmir \u0110eka: Nije lo\u0161e da DPS bude u opoziciji - Video - Lajme nga Ulqini","description":"\u010cekaju nas razgovori sa investitorima kako bi po\u010deli gradnju hotela. Ako ne, treba na\u0107i nove strate\u0161ke partnere Novoizabrani predsjednik Op\u0161tine Ulcinj","robots":{"index":"index","follow":"follow","max-snippet":"max-snippet:-1","max-image-preview":"max-image-preview:large","max-video-preview":"max-video-preview:-1"},"canonical":"https:\/\/www.visit-ulcinj.com\/blog\/2014\/03\/04\/fatmir-deka-nije-lose-da-dps-bude-u-opoziciji-video\/","og_locale":"en_US","og_type":"article","og_title":"Fatmir \u0110eka: Nije lo\u0161e da DPS bude u opoziciji - Video - Lajme nga Ulqini","og_description":"\u010cekaju nas razgovori sa investitorima kako bi po\u010deli gradnju hotela. Ako ne, treba na\u0107i nove strate\u0161ke partnere Novoizabrani predsjednik Op\u0161tine Ulcinj","og_url":"https:\/\/www.visit-ulcinj.com\/blog\/2014\/03\/04\/fatmir-deka-nije-lose-da-dps-bude-u-opoziciji-video\/","og_site_name":"Lajme nga Ulqini","article_published_time":"2014-03-04T04:44:55+00:00","article_modified_time":"2014-03-04T04:46:20+00:00","og_image":[{"url":"http:\/\/www.visit-ulcinj.com\/blog\/wp-content\/uploads\/2014\/03\/Fatmir-Gjeka-kryetar-i-Ulqinit.jpg"}],"twitter_misc":{"Written by":"ulqini","Est. reading time":"5 minutes"},"schema":{"@context":"https:\/\/schema.org","@graph":[{"@type":"WebSite","@id":"https:\/\/www.visit-ulcinj.com\/blog\/#website","url":"https:\/\/www.visit-ulcinj.com\/blog\/","name":"Lajme nga Ulqini","description":"Lajme,Vijesti,Ulqini,Ulqin,Crna Gora,Mali i Zi","potentialAction":[{"@type":"SearchAction","target":{"@type":"EntryPoint","urlTemplate":"https:\/\/www.visit-ulcinj.com\/blog\/?s={search_term_string}"},"query-input":"required name=search_term_string"}],"inLanguage":"en-US"},{"@type":"ImageObject","inLanguage":"en-US","@id":"https:\/\/www.visit-ulcinj.com\/blog\/2014\/03\/04\/fatmir-deka-nije-lose-da-dps-bude-u-opoziciji-video\/#primaryimage","url":"https:\/\/www.visit-ulcinj.com\/blog\/wp-content\/uploads\/2014\/03\/Fatmir-Gjeka-kryetar-i-Ulqinit.jpg","contentUrl":"https:\/\/www.visit-ulcinj.com\/blog\/wp-content\/uploads\/2014\/03\/Fatmir-Gjeka-kryetar-i-Ulqinit.jpg","width":960,"height":720},{"@type":"WebPage","@id":"https:\/\/www.visit-ulcinj.com\/blog\/2014\/03\/04\/fatmir-deka-nije-lose-da-dps-bude-u-opoziciji-video\/#webpage","url":"https:\/\/www.visit-ulcinj.com\/blog\/2014\/03\/04\/fatmir-deka-nije-lose-da-dps-bude-u-opoziciji-video\/","name":"Fatmir \u0110eka: Nije lo\u0161e da DPS bude u opoziciji - Video - Lajme nga Ulqini","isPartOf":{"@id":"https:\/\/www.visit-ulcinj.com\/blog\/#website"},"primaryImageOfPage":{"@id":"https:\/\/www.visit-ulcinj.com\/blog\/2014\/03\/04\/fatmir-deka-nije-lose-da-dps-bude-u-opoziciji-video\/#primaryimage"},"datePublished":"2014-03-04T04:44:55+00:00","dateModified":"2014-03-04T04:46:20+00:00","author":{"@id":"https:\/\/www.visit-ulcinj.com\/blog\/#\/schema\/person\/dcab619c614d3038751c63bc2aadc06d"},"description":"\u010cekaju nas razgovori sa investitorima kako bi po\u010deli gradnju hotela. Ako ne, treba na\u0107i nove strate\u0161ke partnere Novoizabrani predsjednik Op\u0161tine Ulcinj","breadcrumb":{"@id":"https:\/\/www.visit-ulcinj.com\/blog\/2014\/03\/04\/fatmir-deka-nije-lose-da-dps-bude-u-opoziciji-video\/#breadcrumb"},"inLanguage":"en-US","potentialAction":[{"@type":"ReadAction","target":["https:\/\/www.visit-ulcinj.com\/blog\/2014\/03\/04\/fatmir-deka-nije-lose-da-dps-bude-u-opoziciji-video\/"]}]},{"@type":"BreadcrumbList","@id":"https:\/\/www.visit-ulcinj.com\/blog\/2014\/03\/04\/fatmir-deka-nije-lose-da-dps-bude-u-opoziciji-video\/#breadcrumb","itemListElement":[{"@type":"ListItem","position":1,"name":"Fatmir \u0110eka: Nije lo\u0161e da DPS bude u opoziciji &#8211; Video"}]},{"@type":"Person","@id":"https:\/\/www.visit-ulcinj.com\/blog\/#\/schema\/person\/dcab619c614d3038751c63bc2aadc06d","name":"ulqini","sameAs":["http:\/\/www.visit-ulcinj.com"],"url":"https:\/\/www.visit-ulcinj.com\/blog\/author\/admin\/"}]}},"jetpack_featured_media_url":"","jetpack_sharing_enabled":true,"jetpack_shortlink":"https:\/\/wp.me\/pe6lTn-kSE","_links":{"self":[{"href":"https:\/\/www.visit-ulcinj.com\/blog\/wp-json\/wp\/v2\/posts\/80268"}],"collection":[{"href":"https:\/\/www.visit-ulcinj.com\/blog\/wp-json\/wp\/v2\/posts"}],"about":[{"href":"https:\/\/www.visit-ulcinj.com\/blog\/wp-json\/wp\/v2\/types\/post"}],"author":[{"embeddable":true,"href":"https:\/\/www.visit-ulcinj.com\/blog\/wp-json\/wp\/v2\/users\/1"}],"replies":[{"embeddable":true,"href":"https:\/\/www.visit-ulcinj.com\/blog\/wp-json\/wp\/v2\/comments?post=80268"}],"version-history":[{"count":2,"href":"https:\/\/www.visit-ulcinj.com\/blog\/wp-json\/wp\/v2\/posts\/80268\/revisions"}],"predecessor-version":[{"id":80272,"href":"https:\/\/www.visit-ulcinj.com\/blog\/wp-json\/wp\/v2\/posts\/80268\/revisions\/80272"}],"wp:attachment":[{"href":"https:\/\/www.visit-ulcinj.com\/blog\/wp-json\/wp\/v2\/media?parent=80268"}],"wp:term":[{"taxonomy":"category","embeddable":true,"href":"https:\/\/www.visit-ulcinj.com\/blog\/wp-json\/wp\/v2\/categories?post=80268"},{"taxonomy":"post_tag","embeddable":true,"href":"https:\/\/www.visit-ulcinj.com\/blog\/wp-json\/wp\/v2\/tags?post=80268"}],"curies":[{"name":"wp","href":"https:\/\/api.w.org\/{rel}","templated":true}]}}