{"id":80273,"date":"2014-03-04T05:54:05","date_gmt":"2014-03-04T04:54:05","guid":{"rendered":"http:\/\/www.visit-ulcinj.com\/blog\/?p=80273"},"modified":"2014-03-04T05:54:05","modified_gmt":"2014-03-04T04:54:05","slug":"koco-danaj-ne-mars-te-vizitoi-plaven-dhe-gucine","status":"publish","type":"post","link":"https:\/\/www.visit-ulcinj.com\/blog\/2014\/03\/04\/koco-danaj-ne-mars-te-vizitoi-plaven-dhe-gucine\/","title":{"rendered":"Ko\u00e7o Danaj n\u00eb Mars do t\u00eb vizitoi Plav\u00ebn dhe Gucin\u00eb"},"content":{"rendered":"<p><a href=\"http:\/\/www.visit-ulcinj.com\/blog\/wp-content\/uploads\/2014\/03\/KOCO-DANAJ.jpg\"><img loading=\"lazy\" class=\"alignleft  wp-image-80274\" alt=\"KOCO-DANAJ\" src=\"http:\/\/www.visit-ulcinj.com\/blog\/wp-content\/uploads\/2014\/03\/KOCO-DANAJ.jpg\" width=\"508\" height=\"360\" \/><\/a>Si\u00e7 njofton gazeta e p\u00ebrditshme \u201cVijesti\u201d Kryetari i List\u00ebs p\u00ebr Shqip\u00ebrin\u00eb Nytyrale Ko\u00e7o Danaj do t\u00eb vizitoi Plav\u00eb-Gucin\u00eb p\u00ebr t\u00eb promovuar projektin e nj\u00eb shteti t\u00eb p\u00ebrbashk\u00ebt t\u00eb shqiptar\u00ebve. Historiani shqiptar n\u00eb faqen e Facebook t\u00eb organizat\u00ebs q\u00eb ai kryeson njoftoi vizit\u00ebn e par\u00eb zyrtare n\u00eb Mal t\u00eb Zi, e cila do t\u00eb promovoj\u00eb bashkimin e shqiptar\u00ebve n\u00eb rajon.<\/p>\n<p>\u201cGjat\u00eb muajit mars t\u00eb vitit 2014. Ne do t\u00eb vizitojm\u00eb territoret shqiptare n\u00eb Plav\u00eb dhe Guci. Sigurisht, tema kryesore do t\u00eb jet\u00eb nevoja e formimit t\u00eb Shqip\u00ebris\u00eb Natyrale\u201d , thekson Danaj, pa specifikuar se me k\u00ebnd ai do t\u00eb takohet gjat\u00eb vizit\u00ebs s\u00eb tij n\u00eb Plav\u00eb.<\/p>\n<p>Organizata e Danaj angazhohet p\u00ebr krijimin e shtetit shqiptar i cili do t\u00eb p\u00ebrb\u00ebhet nga Kosova, si dhe pjes\u00ebt e Serbis\u00eb, Malit t\u00eb Zi, Maqedonis\u00eb dhe Greqis\u00eb ku jetojn\u00eb shqiptar\u00ebt. Projektin e Shqip\u00ebris\u00eb natyrale, Danaj e ka filluar para kat\u00ebr viteve m\u00eb par\u00eb, duke njoftuar se Gjykat\u00ebs Nd\u00ebrkomb\u00ebtare t\u00eb Drejt\u00ebsis\u00eb do ti paraqes\u00eb ankes\u00ebn n\u00eb t\u00eb cil\u00ebn do t\u00eb k\u00ebrkoj\u00eb q\u00eb t\u00eb anulohen vendimet e marra n\u00eb Konferenc\u00ebn e Londr\u00ebs.<\/p>\n<p>Ai at\u00ebher\u00eb ka th\u00ebne se aneksimi i pjes\u00ebve t\u00eb shteteve fqinje do t\u00eb organizohej pas organizmit t\u00eb mbajtjes s\u00eb referendumit n\u00eb mesin e popullat\u00ebs shqiptare. Edhe pse vitin e kaluar ka filluar ky peticion p\u00ebr formimin e Shqip\u00ebris\u00eb natyrore, duke k\u00ebrkuar q\u00eb pas saj t\u00eb rrin\u00eb edhe shqiptar\u00eb n\u00eb Evrop\u00ebn Per\u00ebndimore, asnj\u00eb nga politikan\u00ebt shqiptar\u00eb etnik\u00eb n\u00eb Malin e Zi zyrtarisht nuk \u00ebsht\u00eb deklaruar.<\/p>\n<p>E vetmja parti parlamentare n\u00eb rajon q\u00eb bashk\u00ebpunon me l\u00ebvizjen e Danaj \u00ebsht\u00eb L\u00ebvizja Vet\u00ebvendosje, n\u00eb krye t\u00eb cil\u00ebs \u00ebsht\u00eb Albin Kurti.<\/p>\n<p>Danaj vitin e kaluar vizitoi Shtetet e Bashkuara t\u00eb Amerik\u00ebs, ku ai ka formuar Deg\u00ebn e organizat\u00ebs, ku n\u00eb krye t\u00eb Deg\u00ebs s\u00eb Michiganit \u00ebsht\u00eb caktuar ish funksionari i Lidhjes Demokratike n\u00eb Mal t\u00eb Zi si dhe deputi i par\u00eb Shqiptar n\u00eb parlamentin malazez Lek\u00eb Lulgjuraj. Funksionari i lart\u00eb i dikursh\u00ebm i partis\u00eb m\u00eb t\u00eb vjet\u00ebr shqiptare etnike n\u00eb Mal t\u00eb Zi \u00ebsht\u00eb p\u00ebrgjegj\u00ebs p\u00ebr formimin e Deg\u00ebve dhe organizatave n\u00eb qytete t\u00eb tjera n\u00eb Shtetet e Bashkuara. N\u00ebnkryetar\u00ebt e Deg\u00ebs amerikane t\u00eb Danaj u zgjodh\u00ebn Ruzhdi Gjokaj dhe Rrok Dedvukaj. N\u00eb Organizat\u00eb jan\u00eb edhe\u00a0 Gjon P. Lucaj, Lorenc Aleksi, Simon Sinishtaj, Agron Martini, Fran Lleshi Ivezaj, Dod Nicaj, Nikoll\u00eb Gjonaj, Nik Gjonaj, Gani Vila dhe Evarist Vatenikaj.<\/p>\n<p><strong>Albert Camaj<\/strong><br \/>\n<strong>Malesia.org<\/strong><\/p>\n","protected":false},"excerpt":{"rendered":"<p>Si\u00e7 njofton gazeta e p\u00ebrditshme \u201cVijesti\u201d Kryetari i List\u00ebs p\u00ebr Shqip\u00ebrin\u00eb Nytyrale Ko\u00e7o Danaj do t\u00eb vizitoi Plav\u00eb-Gucin\u00eb p\u00ebr t\u00eb promovuar projektin e nj\u00eb shteti t\u00eb p\u00ebrbashk\u00ebt t\u00eb shqiptar\u00ebve. Historiani shqiptar n\u00eb faqen e Facebook t\u00eb organizat\u00ebs q\u00eb ai kryeson njoftoi vizit\u00ebn e par\u00eb zyrtare n\u00eb Mal t\u00eb Zi, e cila do t\u00eb promovoj\u00eb bashkimin [&hellip;]<\/p>\n","protected":false},"author":1,"featured_media":0,"comment_status":"closed","ping_status":"closed","sticky":false,"template":"","format":"standard","meta":{"spay_email":"","jetpack_publicize_message":"","jetpack_is_tweetstorm":false,"jetpack_publicize_feature_enabled":true},"categories":[14],"tags":[],"jetpack_publicize_connections":[],"yoast_head":"<!-- This site is optimized with the Yoast SEO plugin v19.1 - https:\/\/yoast.com\/wordpress\/plugins\/seo\/ -->\n<title>Ko\u00e7o Danaj n\u00eb Mars do t\u00eb vizitoi Plav\u00ebn dhe Gucin\u00eb - Lajme nga Ulqini<\/title>\n<meta name=\"description\" content=\"Si\u00e7 njofton gazeta e p\u00ebrditshme \u201cVijesti\u201d Kryetari i List\u00ebs p\u00ebr Shqip\u00ebrin\u00eb Nytyrale Ko\u00e7o Danaj do t\u00eb vizitoi Plav\u00eb-Gucin\u00eb p\u00ebr t\u00eb promovuar projektin e nj\u00eb\" \/>\n<meta name=\"robots\" content=\"index, follow, max-snippet:-1, max-image-preview:large, max-video-preview:-1\" \/>\n<link rel=\"canonical\" href=\"https:\/\/www.visit-ulcinj.com\/blog\/2014\/03\/04\/koco-danaj-ne-mars-te-vizitoi-plaven-dhe-gucine\/\" \/>\n<meta property=\"og:locale\" content=\"en_US\" \/>\n<meta property=\"og:type\" content=\"article\" \/>\n<meta property=\"og:title\" content=\"Ko\u00e7o Danaj n\u00eb Mars do t\u00eb vizitoi Plav\u00ebn dhe Gucin\u00eb - Lajme nga Ulqini\" \/>\n<meta property=\"og:description\" content=\"Si\u00e7 njofton gazeta e p\u00ebrditshme \u201cVijesti\u201d Kryetari i List\u00ebs p\u00ebr Shqip\u00ebrin\u00eb Nytyrale Ko\u00e7o Danaj do t\u00eb vizitoi Plav\u00eb-Gucin\u00eb p\u00ebr t\u00eb promovuar projektin e nj\u00eb\" \/>\n<meta property=\"og:url\" content=\"https:\/\/www.visit-ulcinj.com\/blog\/2014\/03\/04\/koco-danaj-ne-mars-te-vizitoi-plaven-dhe-gucine\/\" \/>\n<meta property=\"og:site_name\" content=\"Lajme nga Ulqini\" \/>\n<meta property=\"article:published_time\" content=\"2014-03-04T04:54:05+00:00\" \/>\n<meta property=\"og:image\" content=\"http:\/\/www.visit-ulcinj.com\/blog\/wp-content\/uploads\/2014\/03\/KOCO-DANAJ.jpg\" \/>\n<meta name=\"twitter:label1\" content=\"Written by\" \/>\n\t<meta name=\"twitter:data1\" content=\"ulqini\" \/>\n\t<meta name=\"twitter:label2\" content=\"Est. reading time\" \/>\n\t<meta name=\"twitter:data2\" content=\"2 minutes\" \/>\n<script type=\"application\/ld+json\" class=\"yoast-schema-graph\">{\"@context\":\"https:\/\/schema.org\",\"@graph\":[{\"@type\":\"WebSite\",\"@id\":\"https:\/\/www.visit-ulcinj.com\/blog\/#website\",\"url\":\"https:\/\/www.visit-ulcinj.com\/blog\/\",\"name\":\"Lajme nga Ulqini\",\"description\":\"Lajme,Vijesti,Ulqini,Ulqin,Crna Gora,Mali i Zi\",\"potentialAction\":[{\"@type\":\"SearchAction\",\"target\":{\"@type\":\"EntryPoint\",\"urlTemplate\":\"https:\/\/www.visit-ulcinj.com\/blog\/?s={search_term_string}\"},\"query-input\":\"required name=search_term_string\"}],\"inLanguage\":\"en-US\"},{\"@type\":\"ImageObject\",\"inLanguage\":\"en-US\",\"@id\":\"https:\/\/www.visit-ulcinj.com\/blog\/2014\/03\/04\/koco-danaj-ne-mars-te-vizitoi-plaven-dhe-gucine\/#primaryimage\",\"url\":\"https:\/\/www.visit-ulcinj.com\/blog\/wp-content\/uploads\/2014\/03\/KOCO-DANAJ.jpg\",\"contentUrl\":\"https:\/\/www.visit-ulcinj.com\/blog\/wp-content\/uploads\/2014\/03\/KOCO-DANAJ.jpg\",\"width\":954,\"height\":498},{\"@type\":\"WebPage\",\"@id\":\"https:\/\/www.visit-ulcinj.com\/blog\/2014\/03\/04\/koco-danaj-ne-mars-te-vizitoi-plaven-dhe-gucine\/#webpage\",\"url\":\"https:\/\/www.visit-ulcinj.com\/blog\/2014\/03\/04\/koco-danaj-ne-mars-te-vizitoi-plaven-dhe-gucine\/\",\"name\":\"Ko\u00e7o Danaj n\u00eb Mars do t\u00eb vizitoi Plav\u00ebn dhe Gucin\u00eb - Lajme nga Ulqini\",\"isPartOf\":{\"@id\":\"https:\/\/www.visit-ulcinj.com\/blog\/#website\"},\"primaryImageOfPage\":{\"@id\":\"https:\/\/www.visit-ulcinj.com\/blog\/2014\/03\/04\/koco-danaj-ne-mars-te-vizitoi-plaven-dhe-gucine\/#primaryimage\"},\"datePublished\":\"2014-03-04T04:54:05+00:00\",\"dateModified\":\"2014-03-04T04:54:05+00:00\",\"author\":{\"@id\":\"https:\/\/www.visit-ulcinj.com\/blog\/#\/schema\/person\/dcab619c614d3038751c63bc2aadc06d\"},\"description\":\"Si\u00e7 njofton gazeta e p\u00ebrditshme \u201cVijesti\u201d Kryetari i List\u00ebs p\u00ebr Shqip\u00ebrin\u00eb Nytyrale Ko\u00e7o Danaj do t\u00eb vizitoi Plav\u00eb-Gucin\u00eb p\u00ebr t\u00eb promovuar projektin e nj\u00eb\",\"breadcrumb\":{\"@id\":\"https:\/\/www.visit-ulcinj.com\/blog\/2014\/03\/04\/koco-danaj-ne-mars-te-vizitoi-plaven-dhe-gucine\/#breadcrumb\"},\"inLanguage\":\"en-US\",\"potentialAction\":[{\"@type\":\"ReadAction\",\"target\":[\"https:\/\/www.visit-ulcinj.com\/blog\/2014\/03\/04\/koco-danaj-ne-mars-te-vizitoi-plaven-dhe-gucine\/\"]}]},{\"@type\":\"BreadcrumbList\",\"@id\":\"https:\/\/www.visit-ulcinj.com\/blog\/2014\/03\/04\/koco-danaj-ne-mars-te-vizitoi-plaven-dhe-gucine\/#breadcrumb\",\"itemListElement\":[{\"@type\":\"ListItem\",\"position\":1,\"name\":\"Ko\u00e7o Danaj n\u00eb Mars do t\u00eb vizitoi Plav\u00ebn dhe Gucin\u00eb\"}]},{\"@type\":\"Person\",\"@id\":\"https:\/\/www.visit-ulcinj.com\/blog\/#\/schema\/person\/dcab619c614d3038751c63bc2aadc06d\",\"name\":\"ulqini\",\"sameAs\":[\"http:\/\/www.visit-ulcinj.com\"],\"url\":\"https:\/\/www.visit-ulcinj.com\/blog\/author\/admin\/\"}]}<\/script>\n<!-- \/ Yoast SEO plugin. -->","yoast_head_json":{"title":"Ko\u00e7o Danaj n\u00eb Mars do t\u00eb vizitoi Plav\u00ebn dhe Gucin\u00eb - Lajme nga Ulqini","description":"Si\u00e7 njofton gazeta e p\u00ebrditshme \u201cVijesti\u201d Kryetari i List\u00ebs p\u00ebr Shqip\u00ebrin\u00eb Nytyrale Ko\u00e7o Danaj do t\u00eb vizitoi Plav\u00eb-Gucin\u00eb p\u00ebr t\u00eb promovuar projektin e nj\u00eb","robots":{"index":"index","follow":"follow","max-snippet":"max-snippet:-1","max-image-preview":"max-image-preview:large","max-video-preview":"max-video-preview:-1"},"canonical":"https:\/\/www.visit-ulcinj.com\/blog\/2014\/03\/04\/koco-danaj-ne-mars-te-vizitoi-plaven-dhe-gucine\/","og_locale":"en_US","og_type":"article","og_title":"Ko\u00e7o Danaj n\u00eb Mars do t\u00eb vizitoi Plav\u00ebn dhe Gucin\u00eb - Lajme nga Ulqini","og_description":"Si\u00e7 njofton gazeta e p\u00ebrditshme \u201cVijesti\u201d Kryetari i List\u00ebs p\u00ebr Shqip\u00ebrin\u00eb Nytyrale Ko\u00e7o Danaj do t\u00eb vizitoi Plav\u00eb-Gucin\u00eb p\u00ebr t\u00eb promovuar projektin e nj\u00eb","og_url":"https:\/\/www.visit-ulcinj.com\/blog\/2014\/03\/04\/koco-danaj-ne-mars-te-vizitoi-plaven-dhe-gucine\/","og_site_name":"Lajme nga Ulqini","article_published_time":"2014-03-04T04:54:05+00:00","og_image":[{"url":"http:\/\/www.visit-ulcinj.com\/blog\/wp-content\/uploads\/2014\/03\/KOCO-DANAJ.jpg"}],"twitter_misc":{"Written by":"ulqini","Est. reading time":"2 minutes"},"schema":{"@context":"https:\/\/schema.org","@graph":[{"@type":"WebSite","@id":"https:\/\/www.visit-ulcinj.com\/blog\/#website","url":"https:\/\/www.visit-ulcinj.com\/blog\/","name":"Lajme nga Ulqini","description":"Lajme,Vijesti,Ulqini,Ulqin,Crna Gora,Mali i Zi","potentialAction":[{"@type":"SearchAction","target":{"@type":"EntryPoint","urlTemplate":"https:\/\/www.visit-ulcinj.com\/blog\/?s={search_term_string}"},"query-input":"required name=search_term_string"}],"inLanguage":"en-US"},{"@type":"ImageObject","inLanguage":"en-US","@id":"https:\/\/www.visit-ulcinj.com\/blog\/2014\/03\/04\/koco-danaj-ne-mars-te-vizitoi-plaven-dhe-gucine\/#primaryimage","url":"https:\/\/www.visit-ulcinj.com\/blog\/wp-content\/uploads\/2014\/03\/KOCO-DANAJ.jpg","contentUrl":"https:\/\/www.visit-ulcinj.com\/blog\/wp-content\/uploads\/2014\/03\/KOCO-DANAJ.jpg","width":954,"height":498},{"@type":"WebPage","@id":"https:\/\/www.visit-ulcinj.com\/blog\/2014\/03\/04\/koco-danaj-ne-mars-te-vizitoi-plaven-dhe-gucine\/#webpage","url":"https:\/\/www.visit-ulcinj.com\/blog\/2014\/03\/04\/koco-danaj-ne-mars-te-vizitoi-plaven-dhe-gucine\/","name":"Ko\u00e7o Danaj n\u00eb Mars do t\u00eb vizitoi Plav\u00ebn dhe Gucin\u00eb - Lajme nga Ulqini","isPartOf":{"@id":"https:\/\/www.visit-ulcinj.com\/blog\/#website"},"primaryImageOfPage":{"@id":"https:\/\/www.visit-ulcinj.com\/blog\/2014\/03\/04\/koco-danaj-ne-mars-te-vizitoi-plaven-dhe-gucine\/#primaryimage"},"datePublished":"2014-03-04T04:54:05+00:00","dateModified":"2014-03-04T04:54:05+00:00","author":{"@id":"https:\/\/www.visit-ulcinj.com\/blog\/#\/schema\/person\/dcab619c614d3038751c63bc2aadc06d"},"description":"Si\u00e7 njofton gazeta e p\u00ebrditshme \u201cVijesti\u201d Kryetari i List\u00ebs p\u00ebr Shqip\u00ebrin\u00eb Nytyrale Ko\u00e7o Danaj do t\u00eb vizitoi Plav\u00eb-Gucin\u00eb p\u00ebr t\u00eb promovuar projektin e nj\u00eb","breadcrumb":{"@id":"https:\/\/www.visit-ulcinj.com\/blog\/2014\/03\/04\/koco-danaj-ne-mars-te-vizitoi-plaven-dhe-gucine\/#breadcrumb"},"inLanguage":"en-US","potentialAction":[{"@type":"ReadAction","target":["https:\/\/www.visit-ulcinj.com\/blog\/2014\/03\/04\/koco-danaj-ne-mars-te-vizitoi-plaven-dhe-gucine\/"]}]},{"@type":"BreadcrumbList","@id":"https:\/\/www.visit-ulcinj.com\/blog\/2014\/03\/04\/koco-danaj-ne-mars-te-vizitoi-plaven-dhe-gucine\/#breadcrumb","itemListElement":[{"@type":"ListItem","position":1,"name":"Ko\u00e7o Danaj n\u00eb Mars do t\u00eb vizitoi Plav\u00ebn dhe Gucin\u00eb"}]},{"@type":"Person","@id":"https:\/\/www.visit-ulcinj.com\/blog\/#\/schema\/person\/dcab619c614d3038751c63bc2aadc06d","name":"ulqini","sameAs":["http:\/\/www.visit-ulcinj.com"],"url":"https:\/\/www.visit-ulcinj.com\/blog\/author\/admin\/"}]}},"jetpack_featured_media_url":"","jetpack_sharing_enabled":true,"jetpack_shortlink":"https:\/\/wp.me\/pe6lTn-kSJ","_links":{"self":[{"href":"https:\/\/www.visit-ulcinj.com\/blog\/wp-json\/wp\/v2\/posts\/80273"}],"collection":[{"href":"https:\/\/www.visit-ulcinj.com\/blog\/wp-json\/wp\/v2\/posts"}],"about":[{"href":"https:\/\/www.visit-ulcinj.com\/blog\/wp-json\/wp\/v2\/types\/post"}],"author":[{"embeddable":true,"href":"https:\/\/www.visit-ulcinj.com\/blog\/wp-json\/wp\/v2\/users\/1"}],"replies":[{"embeddable":true,"href":"https:\/\/www.visit-ulcinj.com\/blog\/wp-json\/wp\/v2\/comments?post=80273"}],"version-history":[{"count":1,"href":"https:\/\/www.visit-ulcinj.com\/blog\/wp-json\/wp\/v2\/posts\/80273\/revisions"}],"predecessor-version":[{"id":80275,"href":"https:\/\/www.visit-ulcinj.com\/blog\/wp-json\/wp\/v2\/posts\/80273\/revisions\/80275"}],"wp:attachment":[{"href":"https:\/\/www.visit-ulcinj.com\/blog\/wp-json\/wp\/v2\/media?parent=80273"}],"wp:term":[{"taxonomy":"category","embeddable":true,"href":"https:\/\/www.visit-ulcinj.com\/blog\/wp-json\/wp\/v2\/categories?post=80273"},{"taxonomy":"post_tag","embeddable":true,"href":"https:\/\/www.visit-ulcinj.com\/blog\/wp-json\/wp\/v2\/tags?post=80273"}],"curies":[{"name":"wp","href":"https:\/\/api.w.org\/{rel}","templated":true}]}}