{"id":80285,"date":"2014-03-04T06:45:09","date_gmt":"2014-03-04T05:45:09","guid":{"rendered":"http:\/\/www.visit-ulcinj.com\/blog\/?p=80285"},"modified":"2014-03-04T06:46:31","modified_gmt":"2014-03-04T05:46:31","slug":"shqiptaret-per-dhjete-vjet-ishin-zoter-te-jerusalemit","status":"publish","type":"post","link":"https:\/\/www.visit-ulcinj.com\/blog\/2014\/03\/04\/shqiptaret-per-dhjete-vjet-ishin-zoter-te-jerusalemit\/","title":{"rendered":"Shqiptar\u00ebt, p\u00ebr dhjet\u00eb vjet ishin zot\u00ebr t\u00eb Jerusalemit"},"content":{"rendered":"<p><a href=\"http:\/\/www.visit-ulcinj.com\/blog\/wp-content\/uploads\/2014\/03\/Shqiptar\u00ebt-zot\u00ebr-t\u00eb-Jerusalemit.jpg\"><img loading=\"lazy\" class=\"alignleft  wp-image-80286\" alt=\"Shqiptar\u00ebt- zot\u00ebr t\u00eb Jerusalemit\" src=\"http:\/\/www.visit-ulcinj.com\/blog\/wp-content\/uploads\/2014\/03\/Shqiptar\u00ebt-zot\u00ebr-t\u00eb-Jerusalemit.jpg\" width=\"508\" height=\"360\" \/><\/a>Jerusalemi dhe shqiptar\u00ebt, \u00e7\u2019lidhje mund t\u00eb ken\u00eb mes tyre? Asnj\u00eb! Jan\u00eb jo pak, por 1736 kilometra larg nj\u00ebri-tjetrit. Por\u2026mos u nxitoni! Prisni aq sa t\u00eb keni koh\u00eb t\u00eb shfletoni historin\u00eb mij\u00ebravje\u00e7are t\u00eb qytetit t\u00eb Davidit dhe Solomonit, t\u00eb Jezu Krishtit dhe profetit Muhamed dhe do t\u00eb shihni se Qyteti i Shenjt\u00eb ka qen\u00eb zot\u00ebrim i shqiptar\u00ebve nga viti 1831 deri n\u00eb vitin 1840.<\/p>\n<p>Sulltani i perandoris\u00eb q\u00eb shtrihej n\u00eb tre kontinente, asaj Otomane, Mahmudi II, ndon\u00ebse me masakr\u00ebn e 10 qershorit t\u00eb vitit 1826 mendoi se do t\u2019i jepte fund pushtetit t\u00eb jeni\u00e7er\u00ebve, ku shqiptar\u00ebt kishin pozitat sunduese, nuk mund ta parashikonte dot se nj\u00eb dit\u00eb, tet\u00eb vjet m\u00eb pas, shqiptar\u00ebt do t\u00eb ishin p\u00ebrs\u00ebri k\u00ebrc\u00ebnimi m\u00eb serioz i fronit dhe po t\u00eb mos i kish ndalur Europa, ushtria e Mehmet Aliut, k\u00ebtij ushtari shqiptar, do t\u00eb ishte futur triumfuese n\u00eb Stamboll.<\/p>\n<p>Kur vjen puna te Jerusalemi dhe tokat e tjera \u201ct\u00eb shenjta\u201d, nuk ngelet p\u00ebr ne shqiptar\u00ebt q\u00eb t\u00eb p\u00ebrmendemi si protagonist\u00eb. M\u00ebtimet p\u00ebr sundimin e k\u00ebtij qyteti kan\u00eb p\u00ebrfshir\u00eb gjith\u00eb perandorit\u00eb euro-aziatike, gjith\u00eb kombet m\u00eb t\u00eb m\u00ebdha, ata t\u00eb cil\u00ebt m\u00eb pas edhe do ta shkruanin historin\u00eb. Interesat politike dhe fetare kan\u00eb b\u00ebr\u00eb q\u00eb p\u00ebr k\u00ebt\u00eb qytet, kryeqytet i dy popujve, epiqend\u00ebr e tre besimeve, t\u00eb flitet e t\u00eb shkruhet m\u00eb tep\u00ebr se p\u00ebr \u00e7do qytet tjet\u00ebr. P\u00ebr pranin\u00eb e shqiptar\u00ebve n\u00eb k\u00ebto territore, ka qen\u00eb i njohur vet\u00ebm nj\u00eb episod i r\u00ebnd\u00ebsis\u00eb historike, t\u00eb cil\u00ebn ia vlen ta p\u00ebrmendim paraprakisht.<\/p>\n<p>Kush ka lexuar libra biografiko-historik\u00eb mbi Napoleon Bonapartin e ndesh at\u00eb pothuaj n\u00eb shumic\u00ebn e tyre, t\u00eb shpjeguar n\u00eb pak faqe dhe lidhet me ngjarjen n\u00eb k\u00ebshtjell\u00ebn e Xhafas (Jaffa), shum\u00eb af\u00ebr Jerusalemit. Ishte periudha e fushat\u00ebs n\u00eb Egjipt, koh\u00eb kur, ngadh\u00ebnjyese, ushtria prej 35 mij\u00eb luft\u00ebtar\u00ebsh e Napoleonit, doli nga Kajro e Aleksandria dhe mori rrug\u00ebn p\u00ebr pushtimin e \u201cTokave t\u00eb shenjta\u201d. Kap\u00ebrceu leht\u00ebsisht e theu rezistencat e dob\u00ebta q\u00eb hasi rrug\u00ebs n\u00eb Gaza, deri sa ngeci para murit t\u00eb nj\u00eb k\u00ebshtjelle, Xhafas, q\u00eb as thyhej dhe as dor\u00ebzohej. Ishin nizam\u00eb shqiptar\u00eb ata q\u00eb e mbronin. U premtoi jet\u00ebn, por ata pas kat\u00ebr dit\u00eb luftimesh t\u00eb p\u00ebrgjakshme n\u00eb rrethim, k\u00ebrkuan t\u00eb merrnin dhe arm\u00ebt.<\/p>\n<p>K\u00ebshtu u ra dakord, por, si\u00e7 thon\u00eb historian\u00ebt, pas nj\u00eb nate t\u00eb t\u00ebr\u00eb pa v\u00ebn\u00eb gjum\u00eb n\u00eb sy, Napoleon Bonaparti urdh\u00ebroi pushkatimin e t\u00eb dor\u00ebzuarve, pothuaj t\u00eb gjith\u00eb me origjin\u00eb shqiptare. Sipas autorit t\u00eb biografis\u00eb \u201cNapoleoni\u201d, shkrimtarit rus Evgeny Viktorovi\u00e7 Tarle, t\u00eb therur e vrar\u00eb mizorisht m\u00eb 6 dhe 7 mars 1799 ishin 10 mij\u00eb. Burime t\u00eb tjera p\u00ebrmendin her\u00eb 2440 ushtar\u00eb, si Simon S. Montefiore, dhe her\u00eb 4100 ushtar\u00eb. Vet\u00ebm \u201cEnciklopedia e Historis\u00eb Bot\u00ebrore\u201d e William L. Langar jep shifr\u00ebn m\u00eb t\u00eb ul\u00ebt, 1200 ushtar\u00eb shqiptar\u00eb t\u00eb vrar\u00eb. M\u00eb von\u00eb, n\u00eb ishullin e internimit Sh\u00ebn Helen\u00eb, Napoleoni shkroi: \u201c\u2026p\u00ebr t\u00eb mbajtur n\u00eb ruajtje nj\u00eb num\u00ebr t\u00eb konsideruesh\u00ebm t\u00eb burgosurish, do t\u00eb ishte e nevojshme q\u00eb t\u00eb shk\u00ebputeshin roje t\u00eb mjaftueshme p\u00ebr ta, t\u00eb cilat do t\u00eb zvog\u00eblonin r\u00ebnd\u00eb rreshtat e ushtris\u00eb s\u00eb tij dhe n\u00eb qoft\u00eb se ai do t\u2019i kishte lejuar ata q\u00eb t\u00eb largohen si njer\u00ebz t\u00eb lir\u00eb, ishte e arsyeshme q\u00eb t\u00eb besonte e t\u00eb kish frik\u00eb se ata mund t\u00eb rrisin radh\u00ebt e trupave t\u00eb Ahmed al- Jazzar\u201d.<\/p>\n<p>Po ja ku, 30 vjet m\u00eb von\u00eb, shqiptar\u00ebt shfaqen p\u00ebrs\u00ebri n\u00eb k\u00ebt\u00eb rajon si protagonist\u00eb. P\u00ebrs\u00ebri si ushtar\u00eb, por tashm\u00eb me pushtetin e sunduesit t\u00eb Egjiptit. Me k\u00ebta nizam\u00eb shqiptar\u00eb, jeni\u00e7er\u00eb t\u00eb tmerrsh\u00ebm, Perandoria Otomane ia kish mundur ta shtrinte pushtetin e saj n\u00eb tre kontinente. Nj\u00eb prej k\u00ebtyre ushtar\u00ebve \u201cotoman\u00eb\u201d, sipas burimeve enciklopedike, shqiptar nga Kavalla, por me shum\u00eb gjasa nga Z\u00ebmblaku i Maliqit t\u00eb Kor\u00e7\u00ebs, dy vjet pas ngjarjes s\u00eb Xhafas, duke shfryt\u00ebzuar me trupat e tij shqiptare boshll\u00ebkun ushtarak e politik q\u00eb ish krijuar me largimin e Napoleonit, kish filluar t\u00eb shtrinte autoritetin e tij ushtarak. N\u00eb nj\u00eb nat\u00eb t\u00eb 1 marsit 1811 ia kish mb\u00ebrritur t\u2019i shfaroste gjith\u00eb krer\u00ebt dhe elit\u00ebn e luft\u00ebtar\u00ebve Mamluk\u00eb t\u00eb ftuar n\u00eb k\u00ebshtjell\u00ebn e Kajros \u201cp\u00ebr kremtimin e dit\u00eblindjes s\u00eb djalit\u201d dhe kish vendosur regjimin ushtarak, t\u00eb cilin, pasi sulltani e caktoi si valiun e Egjiptit, ai e shnd\u00ebrroi n\u00eb sundim absolut t\u00eb tij. Sundimi q\u00eb zgjati m\u00eb se 150 vjet, n\u00eb historin\u00eb e Egjiptit njihet si periudha e \u201cpushtimit shqiptar\u201d.<\/p>\n<p>Mehmet Aliu kishte koh\u00eb q\u00eb u ishte larguar friksh\u00ebm ekspeditave ushtarake n\u00eb Arabi e Greqi dhe arritjes s\u00eb fitoreve p\u00ebr llogari t\u00eb sulltan Selimit e Mahmudit II. Ekspedit\u00ebn n\u00eb Palestin\u00eb e Siri e filloi p\u00ebr llogari t\u00eb tij. Kjo luft\u00eb n\u00eb tekstet e historis\u00eb e ka marr\u00eb emrin \u201cLufta turko-egjiptiane\u201d, por n\u00eb t\u00eb v\u00ebrtet\u00eb trupat ushtarake t\u00eb Mehmet Aliut p\u00ebrb\u00ebheshin nga shqiptar\u00eb. Pashai n\u00eb koh\u00ebrat e para t\u00eb sundimit pati 6000 trupa shqiptare, t\u00eb cilat me kalimin e viteve i disafishoi. Justifikim p\u00ebr ekspedit\u00ebn ishte nj\u00eb grindje me veliun Abdullah, pash\u00ebn e Akr\u00ebs, p\u00ebr strehimin e 6000 fshatar\u00ebve egjiptian\u00eb, t\u00eb larguar p\u00ebr t\u2019u shp\u00ebtuar taksave. Mehmeti e pushtoi Palestin\u00ebn dhe Sirin\u00eb me leht\u00ebsi. Rezistenca e vetme iu b\u00eb n\u00eb qytetin port t\u00eb Akr\u00ebs, q\u00eb p\u00ebrfundimisht u dor\u00ebzua m\u00eb 27 maj t\u00eb vitit 1832. Jerusalemi ishte pushtuar q\u00eb n\u00eb dhjetor t\u00eb vitit 1831.<\/p>\n<p>Pas r\u00ebnies s\u00eb Akr\u00ebs, ushtria e Mehmet Aliut marshoi drejt Anadollit. N\u00eb betej\u00ebn e Konya, m\u00eb 21 dhjetor 1832, i biri, Ibrahim pasha, shkat\u00ebrroi ushtrin\u00eb osmane dhe para tyre nuk kishte tani asnj\u00eb penges\u00eb ushtarake q\u00eb t\u00eb pengonin forcat e Ibrahimit p\u00ebr t\u00eb marshuar p\u00ebrpara. Kur Mehmet Aliu shpalli q\u00ebllimin p\u00ebr largimin nga froni t\u00eb sulltanit, Mahmud II, i alarmuar, pranoi ofert\u00ebn e Rusis\u00eb p\u00ebr ndihm\u00eb ushtarake, gj\u00eb q\u00eb nuk u pranua nga qeverit\u00eb britanike e franceze. Ata nd\u00ebrhyn\u00eb drejtp\u00ebrdrejt\u00eb me trupa dhe diplomaci. Nd\u00ebrmjet\u00ebsuan nj\u00eb zgjidhje n\u00eb maj 1833 e njohur si Konventa e Kutahia. Mehmet Aliu do t\u00eb t\u00ebrhiqte forcat e tij nga Anadolli n\u00eb k\u00ebmbim t\u00eb Kret\u00ebs, do t\u00eb merrte t\u00eb drejt\u00ebn e sundimit t\u00eb trash\u00ebguar n\u00eb Egjipt e Arabi dhe Ibrahim Pasha do t\u00eb em\u00ebrohej vali i Siris\u00eb. Nd\u00ebrkoh\u00eb, i biri i pashait prej koh\u00ebsh ishte sistemuar me trupat e tij dhe jetonte n\u00eb Jerusalem. Zot i ri i Jerusalemit ishte Ibrahim Kuqi.<\/p>\n<p>\u201cZaptimi shqiptar 1830 \u2013 \u201840\u201d quhet kreu 36 i pjes\u00ebs s\u00eb tet\u00eb, \u201cPerandoria\u201d, e jet\u00ebshkrimit \u201cJerusalemi\u201d, ku historiani Simon Sebag Montefiore p\u00ebrshkruan hyrjen e shqiptar\u00ebve n\u00eb qytetin e shenjt\u00eb. \u201c\u2026ushtria marshoi p\u00ebrmes qytetit si jerusalemas \u2018t\u00eb lumtur dhe t\u00eb k\u00ebnaqur\u2019, duke festuar plot drita, k\u00ebrcim dhe muzik\u00eb n\u00eb rrug\u00eb. P\u00ebr pes\u00eb dit\u00eb, mysliman\u00ebt, grek\u00ebt, fran\u00e7eskan\u00ebt, armen\u00ebt e, madje, edhe hebrenjt\u00eb qen\u00eb n\u00eb qejf\u201d. Po pse u g\u00ebzuan kaq shum\u00eb banor\u00ebt e qytetit nga ardhja e shqiptar\u00ebve? Kishte m\u00eb se 30 vjet q\u00eb Jerusalemi shtypej nga Abdullah pasha, nipi i \u201cKasapit\u201d me emrin Mustafa Krimineli dhe Haim Fahri.<\/p>\n<p>Me Ibrahimin si guvernator n\u00eb Siri dhe Izrael, zot\u00ebrimet q\u00eb u p\u00ebrkisnin shqiptar\u00ebve mor\u00ebn form\u00ebn e nj\u00eb perandorie. Ai i tronditi mysliman\u00ebt e Jerusalemit kur z\u00ebvend\u00ebsoi uljen n\u00eb shiltet\u00eb e jast\u00ebk\u00ebt me karrigen europiane, por sidomos me pirjen e ver\u00ebs hapur, nga ai vet\u00eb dhe kushdo tjet\u00ebr, q\u00eb tani ishte i lejuar. Biri i Mehmetit, q\u00eb kish fituar nofk\u00ebn \u201cKuqua\u201d p\u00ebr shkak t\u00eb mjekr\u00ebs s\u00eb tij t\u00eb kuq\u00ebrremt\u00eb, sa koh\u00eb ndenji n\u00eb Jerusalem, u kujdes t\u00eb vendoste barazi para ligjit p\u00ebr t\u00ebr\u00eb racat; leht\u00ebsoi shtypjen e hebrenjve e t\u00eb krishter\u00ebve; ata mund t\u00eb kal\u00ebronin rrug\u00ebve dhe t\u00eb vishnin tesha q\u00eb vishnin edhe mysliman\u00ebt si dhe nuk duhej ta paguanin m\u00eb taks\u00ebn jizaya.<\/p>\n<p>Jerusalemi kishte shekuj q\u00eb ndodhej n\u00ebn pushtimin turk dhe p\u00ebr her\u00eb t\u00eb par\u00eb, nga k\u00ebto reforma, po shijonin lirin\u00eb. Jerusalemi i zhytur thell\u00eb n\u00eb kultur\u00ebn lindore t\u00eb jetes\u00ebs, at\u00eb arabo-persiane, gjat\u00eb dhjet\u00eb vjet\u00ebve t\u00eb sundimit shqiptar, filloi t\u00eb shijoj\u00eb lirin\u00eb dhe m\u00ebnyr\u00ebn europiane t\u00eb jetes\u00ebs, at\u00eb m\u00ebnyr\u00eb q\u00eb kishte mbi 25 vjet q\u00eb po kultivohej n\u00eb Egjipt. Felahin\u00ebt mysliman\u00eb nuk i p\u00ebrtyp\u00ebn dot format e reja t\u00eb liris\u00eb dhe u \u00e7uan n\u00eb revolt\u00eb, e cila, nga vet\u00eb Mehmet Aliu dhe i biri, Ibrahimi, u shtyp, duke i d\u00ebrrmuar rebel\u00ebt dhe duke rimarr\u00eb Jerusalemin. Ibrahimi ftoi europian\u00ebt t\u00eb vendosnin konsullatat n\u00eb Jerusalem dhe p\u00ebr t\u00eb par\u00ebn her\u00eb q\u00eb nga kryq\u00ebzatat, lejoi t\u00eb binin kambanat e kish\u00ebs.<\/p>\n<p><a href=\"http:\/\/www.visit-ulcinj.com\/blog\/wp-content\/uploads\/2014\/03\/Shqiptar\u00ebt-zot\u00ebr-t\u00eb-Jerusalemit-1.jpg\"><img loading=\"lazy\" class=\"alignleft  wp-image-80288\" alt=\"Shqiptar\u00ebt- zot\u00ebr t\u00eb Jerusalemit-1\" src=\"http:\/\/www.visit-ulcinj.com\/blog\/wp-content\/uploads\/2014\/03\/Shqiptar\u00ebt-zot\u00ebr-t\u00eb-Jerusalemit-1.jpg\" width=\"508\" height=\"360\" \/><\/a><\/p>\n<p>\u201cShqiptar\u00ebt \u2013 shkruan Simon Sebag Montefiore, n\u00eb vepr\u00ebn \u2018Jerusalemi\u2019, qen\u00eb modernizues entuziast, q\u00eb u duhej mb\u00ebshtetja europiane, n\u00ebse donin t\u00eb zaptonin perandorin\u00eb osmane. Ibrahimi lejoi pakicat t\u00eb rindreqnin nd\u00ebrtesat e tyre t\u00eb shkat\u00ebrruara; fran\u00e7eskan\u00ebt rregulluan Sh\u00ebn Saviour; hebrenjt\u00eb sefard\u00eb nis\u00ebn rind\u00ebrtimin e sinagog\u00ebs ben Zakkai, nj\u00eb nd\u00ebr kat\u00ebr sinagogat n\u00eb lagjen hebreje; ashkenaz\u00ebt u rikthyen n\u00eb sinagog\u00ebn Hurva, t\u00eb shkat\u00ebrruar n\u00eb vitin 1720\u201d.<\/p>\n<p>N\u00eb 1838-n, Mehmet Aliu njoftoi Britanin\u00eb dhe Franc\u00ebn se ai do t\u00eb shpallte pavar\u00ebsin\u00eb e Egjiptit, Siris\u00eb dhe Palestin\u00ebs nga Perandoria Osmane. Franca e p\u00ebrkrahte, por ishte Britania ajo q\u00eb vendoste. Asaj i prishej status quo-ja e Perandoris\u00eb Osmane. Rusia kishte synimet e saj, n\u00eb kuad\u00ebr t\u00eb Perandoris\u00eb Ruse. N\u00eb Stamboll, komandanti turk, Hafiz Pasha, e siguroi sulltanin Mahmud II se ai ishte n\u00eb gjendje t\u00eb mundte ushtrin\u00eb \u201cegjiptiane\u201d t\u00eb shqiptar\u00ebve. Pasi mori p\u00eblqimin, urdh\u00ebroi forcat e tij p\u00ebr t\u00eb p\u00ebrparuar n\u00eb kufirin sirian, sulmoi trupat e Ibrahimit dhe u shkat\u00ebrrua n\u00eb betej\u00ebn e Netsibi, af\u00ebr Urfa, m\u00eb 24 qershor 1839.<\/p>\n<p>Nga momenti n\u00eb moment, Stambolli mund t\u00eb binte n\u00eb duart e Mehmet Aliut, por kjo gj\u00eb nuk u lejua. Mahmud II vdiq pothuajse menj\u00ebher\u00eb pas betej\u00ebs dhe u pasua nga Abdylmexhidi 16-vje\u00e7ar. Fuqit\u00eb europiane dhe Qeveria britanike nd\u00ebrhyn\u00eb energjikisht, duke r\u00ebn\u00eb dakord me Austrin\u00eb, Prusin\u00eb dhe Rusin\u00eb t\u00eb n\u00ebnshkruajn\u00eb Konvent\u00ebn e Londr\u00ebs. Konventa i afronte Mehmet Aliut sundimin e trash\u00ebguar t\u00eb Egjiptit, si pjes\u00eb e Perandoris\u00eb Osmane, si detyrim p\u00ebr t\u2019u t\u00ebrhequr nga Siria, Jerusalemi, rajonet bregdetare e malin e Libanit. Mehmet Aliu fillimisht ngurroi, duke besuar se kishte mb\u00ebshtetjen e Franc\u00ebs, gj\u00eb q\u00eb i kushtoi shum\u00eb se mb\u00ebshtetja franceze nuk arriti kurr\u00eb nd\u00ebrsa forcat detare britanike l\u00ebviz\u00ebn kund\u00ebr Siris\u00eb, Jerusalemit dhe Aleksandris\u00eb; anijet austriake bllokuan delt\u00ebn e Nilit dhe bombarduan Bejrutin. Mehmet Aliu ra dakord me kushtet e Konvent\u00ebs. M\u00eb 27 n\u00ebntor 1840 shqiptar\u00ebt ishin larguar nga Jerusalemi e Palestina, toka q\u00eb britanik\u00ebt i mbajt\u00ebn pas k\u00ebsaj n\u00ebn diktatin e tyre deri n\u00eb fund t\u00eb Luft\u00ebs s\u00eb Dyt\u00eb Bot\u00ebrore. Ushtria e mundur u reduktua me vet\u00ebm 18.000 trupa dhe Mehmet Aliut<strong>\u00a0<\/strong>e pasardh\u00ebsve t\u00eb tij ju njoh e drejta t\u00eb g\u00ebzojn\u00eb sundimin trash\u00ebgimor mbi Egjiptin dhe Sudanin, si m\u00ebk\u00ebmb\u00ebs otoman\u00eb.<\/p>\n<p>Gjurm\u00ebt e k\u00ebtyre ngjarjeve dhe ndikimi dhjet\u00ebvje\u00e7ar shqiptar n\u00eb qytetin e Jerusalemit e territoret Siri-Palestin\u00eb, pothuajse nuk ekzistojn\u00eb n\u00eb tekstet e tyre t\u00eb historis\u00eb. Edhe kur p\u00ebrmenden, ato u atribuohen egjiptian\u00ebve, t\u00eb cil\u00ebt nga ana e tyre, jan\u00eb kujdesur t\u00eb shkulin e shuajn\u00eb \u00e7do gjurm\u00eb t\u00eb 150 vjet\u00ebve zot\u00ebrim, me p\u00ebrjashtim t\u00eb emrit t\u00eb ishullit dhe lagjes m\u00eb t\u00eb shquar t\u00eb Kajros, Zamalek. Ajo vazhdon t\u00eb mbaj\u00eb me pak ndryshim n\u00eb shqiptim, emrin e fshatit shqiptar t\u00eb origjin\u00ebs t\u00eb t\u00eb madhit Mehmet Ali, Z\u00ebmblak, t\u00eb cilin nuk ia kan\u00eb mundur ta nd\u00ebrrojn\u00eb edhe pse nuk ia din\u00eb origjin\u00ebn. Andej nga mesi i shek. XX, fytyra hyjnore e nj\u00eb princeshe shqiptare, Fevzia Fuat Ali, bij\u00eb e mbretit Fuad, mot\u00ebr e mbretit Faruk, grua e shahut t\u00eb Iranit, Muhamed Reza Pahlavi, e shpallur nga Hollivudi si \u201cGruaja m\u00eb e bukur n\u00eb bot\u00eb e t\u00eb gjitha koh\u00ebrave\u201d, ishte i fundmi rast kur p\u00ebrmendej e flitej si princesh\u00eb shqiptare e jo egjiptiane. Ishte e fundit e famshme e asaj familjeje q\u00eb la gjurm\u00eb t\u00eb thella n\u00eb europianizimin e Egjiptit dhe Jerusalemit, koh\u00eb q\u00eb tani n\u00eb islamin e saj kujtohet si \u00ebnd\u00ebrr, \u201c\u2026na ishte nj\u00ebher\u00eb!\u201d. Me k\u00ebt\u00eb princesh\u00eb mbyllet loja \u00ebnd\u00ebrrimtare e jet\u00ebs njer\u00ebzore shqiptare tej vatr\u00ebs s\u00eb saj. Kjo histori shqiptare e Jerusalemit dhe Egjiptit mbetet edhe sot n\u00eb caqe t\u00eb past\u00ebrtis\u00eb s\u00eb nj\u00eb miti. Ata ishin t\u00eb vetmit q\u00eb nuk than\u00eb asnj\u00ebher\u00eb se jan\u00eb otoman\u00eb dhe kurr\u00eb nuk harruan t\u00eb parathon\u00eb se jan\u00eb shqiptar\u00eb. \/shqip\/<\/p>\n","protected":false},"excerpt":{"rendered":"<p>Jerusalemi dhe shqiptar\u00ebt, \u00e7\u2019lidhje mund t\u00eb ken\u00eb mes tyre? Asnj\u00eb! Jan\u00eb jo pak, por 1736 kilometra larg nj\u00ebri-tjetrit. Por\u2026mos u nxitoni! Prisni aq sa t\u00eb keni koh\u00eb t\u00eb shfletoni historin\u00eb mij\u00ebravje\u00e7are t\u00eb qytetit t\u00eb Davidit dhe Solomonit, t\u00eb Jezu Krishtit dhe profetit Muhamed dhe do t\u00eb shihni se Qyteti i Shenjt\u00eb ka qen\u00eb zot\u00ebrim i [&hellip;]<\/p>\n","protected":false},"author":1,"featured_media":0,"comment_status":"closed","ping_status":"closed","sticky":false,"template":"","format":"standard","meta":{"spay_email":"","jetpack_publicize_message":"","jetpack_is_tweetstorm":false,"jetpack_publicize_feature_enabled":true},"categories":[7],"tags":[],"jetpack_publicize_connections":[],"yoast_head":"<!-- This site is optimized with the Yoast SEO plugin v19.1 - https:\/\/yoast.com\/wordpress\/plugins\/seo\/ -->\n<title>Shqiptar\u00ebt, p\u00ebr dhjet\u00eb vjet ishin zot\u00ebr t\u00eb Jerusalemit - Lajme nga Ulqini<\/title>\n<meta name=\"description\" content=\"Jerusalemi dhe shqiptar\u00ebt, \u00e7\u2019lidhje mund t\u00eb ken\u00eb mes tyre? Asnj\u00eb! Jan\u00eb jo pak, por 1736 kilometra larg nj\u00ebri-tjetrit. Por\u2026mos u nxitoni! Prisni aq sa t\u00eb\" \/>\n<meta name=\"robots\" content=\"index, follow, max-snippet:-1, max-image-preview:large, max-video-preview:-1\" \/>\n<link rel=\"canonical\" href=\"https:\/\/www.visit-ulcinj.com\/blog\/2014\/03\/04\/shqiptaret-per-dhjete-vjet-ishin-zoter-te-jerusalemit\/\" \/>\n<meta property=\"og:locale\" content=\"en_US\" \/>\n<meta property=\"og:type\" content=\"article\" \/>\n<meta property=\"og:title\" content=\"Shqiptar\u00ebt, p\u00ebr dhjet\u00eb vjet ishin zot\u00ebr t\u00eb Jerusalemit - Lajme nga Ulqini\" \/>\n<meta property=\"og:description\" content=\"Jerusalemi dhe shqiptar\u00ebt, \u00e7\u2019lidhje mund t\u00eb ken\u00eb mes tyre? Asnj\u00eb! Jan\u00eb jo pak, por 1736 kilometra larg nj\u00ebri-tjetrit. Por\u2026mos u nxitoni! Prisni aq sa t\u00eb\" \/>\n<meta property=\"og:url\" content=\"https:\/\/www.visit-ulcinj.com\/blog\/2014\/03\/04\/shqiptaret-per-dhjete-vjet-ishin-zoter-te-jerusalemit\/\" \/>\n<meta property=\"og:site_name\" content=\"Lajme nga Ulqini\" \/>\n<meta property=\"article:published_time\" content=\"2014-03-04T05:45:09+00:00\" \/>\n<meta property=\"article:modified_time\" content=\"2014-03-04T05:46:31+00:00\" \/>\n<meta name=\"twitter:label1\" content=\"Written by\" \/>\n\t<meta name=\"twitter:data1\" content=\"ulqini\" \/>\n\t<meta name=\"twitter:label2\" content=\"Est. reading time\" \/>\n\t<meta name=\"twitter:data2\" content=\"11 minutes\" \/>\n<script type=\"application\/ld+json\" class=\"yoast-schema-graph\">{\"@context\":\"https:\/\/schema.org\",\"@graph\":[{\"@type\":\"WebSite\",\"@id\":\"https:\/\/www.visit-ulcinj.com\/blog\/#website\",\"url\":\"https:\/\/www.visit-ulcinj.com\/blog\/\",\"name\":\"Lajme nga Ulqini\",\"description\":\"Lajme,Vijesti,Ulqini,Ulqin,Crna Gora,Mali i Zi\",\"potentialAction\":[{\"@type\":\"SearchAction\",\"target\":{\"@type\":\"EntryPoint\",\"urlTemplate\":\"https:\/\/www.visit-ulcinj.com\/blog\/?s={search_term_string}\"},\"query-input\":\"required name=search_term_string\"}],\"inLanguage\":\"en-US\"},{\"@type\":\"WebPage\",\"@id\":\"https:\/\/www.visit-ulcinj.com\/blog\/2014\/03\/04\/shqiptaret-per-dhjete-vjet-ishin-zoter-te-jerusalemit\/#webpage\",\"url\":\"https:\/\/www.visit-ulcinj.com\/blog\/2014\/03\/04\/shqiptaret-per-dhjete-vjet-ishin-zoter-te-jerusalemit\/\",\"name\":\"Shqiptar\u00ebt, p\u00ebr dhjet\u00eb vjet ishin zot\u00ebr t\u00eb Jerusalemit - Lajme nga Ulqini\",\"isPartOf\":{\"@id\":\"https:\/\/www.visit-ulcinj.com\/blog\/#website\"},\"datePublished\":\"2014-03-04T05:45:09+00:00\",\"dateModified\":\"2014-03-04T05:46:31+00:00\",\"author\":{\"@id\":\"https:\/\/www.visit-ulcinj.com\/blog\/#\/schema\/person\/dcab619c614d3038751c63bc2aadc06d\"},\"description\":\"Jerusalemi dhe shqiptar\u00ebt, \u00e7\u2019lidhje mund t\u00eb ken\u00eb mes tyre? Asnj\u00eb! Jan\u00eb jo pak, por 1736 kilometra larg nj\u00ebri-tjetrit. Por\u2026mos u nxitoni! Prisni aq sa t\u00eb\",\"breadcrumb\":{\"@id\":\"https:\/\/www.visit-ulcinj.com\/blog\/2014\/03\/04\/shqiptaret-per-dhjete-vjet-ishin-zoter-te-jerusalemit\/#breadcrumb\"},\"inLanguage\":\"en-US\",\"potentialAction\":[{\"@type\":\"ReadAction\",\"target\":[\"https:\/\/www.visit-ulcinj.com\/blog\/2014\/03\/04\/shqiptaret-per-dhjete-vjet-ishin-zoter-te-jerusalemit\/\"]}]},{\"@type\":\"BreadcrumbList\",\"@id\":\"https:\/\/www.visit-ulcinj.com\/blog\/2014\/03\/04\/shqiptaret-per-dhjete-vjet-ishin-zoter-te-jerusalemit\/#breadcrumb\",\"itemListElement\":[{\"@type\":\"ListItem\",\"position\":1,\"name\":\"Shqiptar\u00ebt, p\u00ebr dhjet\u00eb vjet ishin zot\u00ebr t\u00eb Jerusalemit\"}]},{\"@type\":\"Person\",\"@id\":\"https:\/\/www.visit-ulcinj.com\/blog\/#\/schema\/person\/dcab619c614d3038751c63bc2aadc06d\",\"name\":\"ulqini\",\"sameAs\":[\"http:\/\/www.visit-ulcinj.com\"],\"url\":\"https:\/\/www.visit-ulcinj.com\/blog\/author\/admin\/\"}]}<\/script>\n<!-- \/ Yoast SEO plugin. -->","yoast_head_json":{"title":"Shqiptar\u00ebt, p\u00ebr dhjet\u00eb vjet ishin zot\u00ebr t\u00eb Jerusalemit - Lajme nga Ulqini","description":"Jerusalemi dhe shqiptar\u00ebt, \u00e7\u2019lidhje mund t\u00eb ken\u00eb mes tyre? Asnj\u00eb! Jan\u00eb jo pak, por 1736 kilometra larg nj\u00ebri-tjetrit. Por\u2026mos u nxitoni! Prisni aq sa t\u00eb","robots":{"index":"index","follow":"follow","max-snippet":"max-snippet:-1","max-image-preview":"max-image-preview:large","max-video-preview":"max-video-preview:-1"},"canonical":"https:\/\/www.visit-ulcinj.com\/blog\/2014\/03\/04\/shqiptaret-per-dhjete-vjet-ishin-zoter-te-jerusalemit\/","og_locale":"en_US","og_type":"article","og_title":"Shqiptar\u00ebt, p\u00ebr dhjet\u00eb vjet ishin zot\u00ebr t\u00eb Jerusalemit - Lajme nga Ulqini","og_description":"Jerusalemi dhe shqiptar\u00ebt, \u00e7\u2019lidhje mund t\u00eb ken\u00eb mes tyre? Asnj\u00eb! Jan\u00eb jo pak, por 1736 kilometra larg nj\u00ebri-tjetrit. Por\u2026mos u nxitoni! Prisni aq sa t\u00eb","og_url":"https:\/\/www.visit-ulcinj.com\/blog\/2014\/03\/04\/shqiptaret-per-dhjete-vjet-ishin-zoter-te-jerusalemit\/","og_site_name":"Lajme nga Ulqini","article_published_time":"2014-03-04T05:45:09+00:00","article_modified_time":"2014-03-04T05:46:31+00:00","twitter_misc":{"Written by":"ulqini","Est. reading time":"11 minutes"},"schema":{"@context":"https:\/\/schema.org","@graph":[{"@type":"WebSite","@id":"https:\/\/www.visit-ulcinj.com\/blog\/#website","url":"https:\/\/www.visit-ulcinj.com\/blog\/","name":"Lajme nga Ulqini","description":"Lajme,Vijesti,Ulqini,Ulqin,Crna Gora,Mali i Zi","potentialAction":[{"@type":"SearchAction","target":{"@type":"EntryPoint","urlTemplate":"https:\/\/www.visit-ulcinj.com\/blog\/?s={search_term_string}"},"query-input":"required name=search_term_string"}],"inLanguage":"en-US"},{"@type":"WebPage","@id":"https:\/\/www.visit-ulcinj.com\/blog\/2014\/03\/04\/shqiptaret-per-dhjete-vjet-ishin-zoter-te-jerusalemit\/#webpage","url":"https:\/\/www.visit-ulcinj.com\/blog\/2014\/03\/04\/shqiptaret-per-dhjete-vjet-ishin-zoter-te-jerusalemit\/","name":"Shqiptar\u00ebt, p\u00ebr dhjet\u00eb vjet ishin zot\u00ebr t\u00eb Jerusalemit - Lajme nga Ulqini","isPartOf":{"@id":"https:\/\/www.visit-ulcinj.com\/blog\/#website"},"datePublished":"2014-03-04T05:45:09+00:00","dateModified":"2014-03-04T05:46:31+00:00","author":{"@id":"https:\/\/www.visit-ulcinj.com\/blog\/#\/schema\/person\/dcab619c614d3038751c63bc2aadc06d"},"description":"Jerusalemi dhe shqiptar\u00ebt, \u00e7\u2019lidhje mund t\u00eb ken\u00eb mes tyre? Asnj\u00eb! Jan\u00eb jo pak, por 1736 kilometra larg nj\u00ebri-tjetrit. Por\u2026mos u nxitoni! Prisni aq sa t\u00eb","breadcrumb":{"@id":"https:\/\/www.visit-ulcinj.com\/blog\/2014\/03\/04\/shqiptaret-per-dhjete-vjet-ishin-zoter-te-jerusalemit\/#breadcrumb"},"inLanguage":"en-US","potentialAction":[{"@type":"ReadAction","target":["https:\/\/www.visit-ulcinj.com\/blog\/2014\/03\/04\/shqiptaret-per-dhjete-vjet-ishin-zoter-te-jerusalemit\/"]}]},{"@type":"BreadcrumbList","@id":"https:\/\/www.visit-ulcinj.com\/blog\/2014\/03\/04\/shqiptaret-per-dhjete-vjet-ishin-zoter-te-jerusalemit\/#breadcrumb","itemListElement":[{"@type":"ListItem","position":1,"name":"Shqiptar\u00ebt, p\u00ebr dhjet\u00eb vjet ishin zot\u00ebr t\u00eb Jerusalemit"}]},{"@type":"Person","@id":"https:\/\/www.visit-ulcinj.com\/blog\/#\/schema\/person\/dcab619c614d3038751c63bc2aadc06d","name":"ulqini","sameAs":["http:\/\/www.visit-ulcinj.com"],"url":"https:\/\/www.visit-ulcinj.com\/blog\/author\/admin\/"}]}},"jetpack_featured_media_url":"","jetpack_sharing_enabled":true,"jetpack_shortlink":"https:\/\/wp.me\/pe6lTn-kSV","_links":{"self":[{"href":"https:\/\/www.visit-ulcinj.com\/blog\/wp-json\/wp\/v2\/posts\/80285"}],"collection":[{"href":"https:\/\/www.visit-ulcinj.com\/blog\/wp-json\/wp\/v2\/posts"}],"about":[{"href":"https:\/\/www.visit-ulcinj.com\/blog\/wp-json\/wp\/v2\/types\/post"}],"author":[{"embeddable":true,"href":"https:\/\/www.visit-ulcinj.com\/blog\/wp-json\/wp\/v2\/users\/1"}],"replies":[{"embeddable":true,"href":"https:\/\/www.visit-ulcinj.com\/blog\/wp-json\/wp\/v2\/comments?post=80285"}],"version-history":[{"count":3,"href":"https:\/\/www.visit-ulcinj.com\/blog\/wp-json\/wp\/v2\/posts\/80285\/revisions"}],"predecessor-version":[{"id":80290,"href":"https:\/\/www.visit-ulcinj.com\/blog\/wp-json\/wp\/v2\/posts\/80285\/revisions\/80290"}],"wp:attachment":[{"href":"https:\/\/www.visit-ulcinj.com\/blog\/wp-json\/wp\/v2\/media?parent=80285"}],"wp:term":[{"taxonomy":"category","embeddable":true,"href":"https:\/\/www.visit-ulcinj.com\/blog\/wp-json\/wp\/v2\/categories?post=80285"},{"taxonomy":"post_tag","embeddable":true,"href":"https:\/\/www.visit-ulcinj.com\/blog\/wp-json\/wp\/v2\/tags?post=80285"}],"curies":[{"name":"wp","href":"https:\/\/api.w.org\/{rel}","templated":true}]}}