{"id":80297,"date":"2014-03-04T07:26:41","date_gmt":"2014-03-04T06:26:41","guid":{"rendered":"http:\/\/www.visit-ulcinj.com\/blog\/?p=80297"},"modified":"2014-03-04T07:26:41","modified_gmt":"2014-03-04T06:26:41","slug":"suzana-tahiri-pa-te-brendshme","status":"publish","type":"post","link":"https:\/\/www.visit-ulcinj.com\/blog\/2014\/03\/04\/suzana-tahiri-pa-te-brendshme\/","title":{"rendered":"Suzana Tahiri pa t\u00eb brendshme"},"content":{"rendered":"<div id=\"ContentPane0ArticlesDetails_descriptionDiv\">Ish-pjes\u00ebmarr\u00ebsja e Shpija e Kosov\u00ebs, Suzana Tahiri ka realizuar nj\u00eb set t\u00eb fotografive t\u00eb nxehta dhe I ka publikuar ato n\u00eb faqen e saj t\u00eb Facebook. Suzana, n\u00eb nj\u00eb foto, \u00ebsht\u00eb fare pa t\u00eb brendshme.<\/div>\n<div><a href=\"http:\/\/www.visit-ulcinj.com\/blog\/wp-content\/uploads\/2014\/03\/Suzana-Tahiri-sexy.jpg\"><img loading=\"lazy\" class=\"alignleft  wp-image-80298\" alt=\"Suzana-Tahiri-sexy\" src=\"http:\/\/www.visit-ulcinj.com\/blog\/wp-content\/uploads\/2014\/03\/Suzana-Tahiri-sexy.jpg\" width=\"508\" height=\"600\" \/><\/a><\/div>\n<div id=\"ContentPane0ArticlesDetails_contentDiv\">\n<p>Ndryshe, Suzana Tahiri kishte punuar pak koh\u00eb si praktikante n\u00eb Zyr\u00ebn e Kryeministrit t\u00eb Kosov\u00ebs, por duket se karriera e saj n\u00eb administrat\u00ebn shtet\u00ebrore pushoi posa n\u00eb publik dol\u00ebn fotografi \u201ct\u00eb turpshme\u201d t\u00eb saj.\/standardi.info<\/p>\n<\/div>\n","protected":false},"excerpt":{"rendered":"<p>Ish-pjes\u00ebmarr\u00ebsja e Shpija e Kosov\u00ebs, Suzana Tahiri ka realizuar nj\u00eb set t\u00eb fotografive t\u00eb nxehta dhe I ka publikuar ato n\u00eb faqen e saj t\u00eb Facebook. Suzana, n\u00eb nj\u00eb foto, \u00ebsht\u00eb fare pa t\u00eb brendshme. Ndryshe, Suzana Tahiri kishte punuar pak koh\u00eb si praktikante n\u00eb Zyr\u00ebn e Kryeministrit t\u00eb Kosov\u00ebs, por duket se karriera e [&hellip;]<\/p>\n","protected":false},"author":1,"featured_media":0,"comment_status":"closed","ping_status":"closed","sticky":false,"template":"","format":"standard","meta":{"spay_email":"","jetpack_publicize_message":"","jetpack_is_tweetstorm":false,"jetpack_publicize_feature_enabled":true},"categories":[1],"tags":[],"jetpack_publicize_connections":[],"yoast_head":"<!-- This site is optimized with the Yoast SEO plugin v19.1 - https:\/\/yoast.com\/wordpress\/plugins\/seo\/ -->\n<title>Suzana Tahiri pa t\u00eb brendshme - Lajme nga Ulqini<\/title>\n<meta name=\"description\" content=\"Ish-pjes\u00ebmarr\u00ebsja e Shpija e Kosov\u00ebs, Suzana Tahiri ka realizuar nj\u00eb set t\u00eb fotografive t\u00eb nxehta dhe I ka publikuar ato n\u00eb faqen e saj t\u00eb Facebook.\" \/>\n<meta name=\"robots\" content=\"index, follow, max-snippet:-1, max-image-preview:large, max-video-preview:-1\" \/>\n<link rel=\"canonical\" href=\"https:\/\/www.visit-ulcinj.com\/blog\/2014\/03\/04\/suzana-tahiri-pa-te-brendshme\/\" \/>\n<meta property=\"og:locale\" content=\"en_US\" \/>\n<meta property=\"og:type\" content=\"article\" \/>\n<meta property=\"og:title\" content=\"Suzana Tahiri pa t\u00eb brendshme - Lajme nga Ulqini\" \/>\n<meta property=\"og:description\" content=\"Ish-pjes\u00ebmarr\u00ebsja e Shpija e Kosov\u00ebs, Suzana Tahiri ka realizuar nj\u00eb set t\u00eb fotografive t\u00eb nxehta dhe I ka publikuar ato n\u00eb faqen e saj t\u00eb Facebook.\" \/>\n<meta property=\"og:url\" content=\"https:\/\/www.visit-ulcinj.com\/blog\/2014\/03\/04\/suzana-tahiri-pa-te-brendshme\/\" \/>\n<meta property=\"og:site_name\" content=\"Lajme nga Ulqini\" \/>\n<meta property=\"article:published_time\" content=\"2014-03-04T06:26:41+00:00\" \/>\n<meta property=\"og:image\" content=\"http:\/\/www.visit-ulcinj.com\/blog\/wp-content\/uploads\/2014\/03\/Suzana-Tahiri-sexy.jpg\" \/>\n<meta name=\"twitter:label1\" content=\"Written by\" \/>\n\t<meta name=\"twitter:data1\" content=\"ulqini\" \/>\n<script type=\"application\/ld+json\" class=\"yoast-schema-graph\">{\"@context\":\"https:\/\/schema.org\",\"@graph\":[{\"@type\":\"WebSite\",\"@id\":\"https:\/\/www.visit-ulcinj.com\/blog\/#website\",\"url\":\"https:\/\/www.visit-ulcinj.com\/blog\/\",\"name\":\"Lajme nga Ulqini\",\"description\":\"Lajme,Vijesti,Ulqini,Ulqin,Crna Gora,Mali i Zi\",\"potentialAction\":[{\"@type\":\"SearchAction\",\"target\":{\"@type\":\"EntryPoint\",\"urlTemplate\":\"https:\/\/www.visit-ulcinj.com\/blog\/?s={search_term_string}\"},\"query-input\":\"required name=search_term_string\"}],\"inLanguage\":\"en-US\"},{\"@type\":\"ImageObject\",\"inLanguage\":\"en-US\",\"@id\":\"https:\/\/www.visit-ulcinj.com\/blog\/2014\/03\/04\/suzana-tahiri-pa-te-brendshme\/#primaryimage\",\"url\":\"http:\/\/www.visit-ulcinj.com\/blog\/wp-content\/uploads\/2014\/03\/Suzana-Tahiri-sexy.jpg\",\"contentUrl\":\"http:\/\/www.visit-ulcinj.com\/blog\/wp-content\/uploads\/2014\/03\/Suzana-Tahiri-sexy.jpg\"},{\"@type\":\"WebPage\",\"@id\":\"https:\/\/www.visit-ulcinj.com\/blog\/2014\/03\/04\/suzana-tahiri-pa-te-brendshme\/#webpage\",\"url\":\"https:\/\/www.visit-ulcinj.com\/blog\/2014\/03\/04\/suzana-tahiri-pa-te-brendshme\/\",\"name\":\"Suzana Tahiri pa t\u00eb brendshme - Lajme nga Ulqini\",\"isPartOf\":{\"@id\":\"https:\/\/www.visit-ulcinj.com\/blog\/#website\"},\"primaryImageOfPage\":{\"@id\":\"https:\/\/www.visit-ulcinj.com\/blog\/2014\/03\/04\/suzana-tahiri-pa-te-brendshme\/#primaryimage\"},\"datePublished\":\"2014-03-04T06:26:41+00:00\",\"dateModified\":\"2014-03-04T06:26:41+00:00\",\"author\":{\"@id\":\"https:\/\/www.visit-ulcinj.com\/blog\/#\/schema\/person\/dcab619c614d3038751c63bc2aadc06d\"},\"description\":\"Ish-pjes\u00ebmarr\u00ebsja e Shpija e Kosov\u00ebs, Suzana Tahiri ka realizuar nj\u00eb set t\u00eb fotografive t\u00eb nxehta dhe I ka publikuar ato n\u00eb faqen e saj t\u00eb Facebook.\",\"breadcrumb\":{\"@id\":\"https:\/\/www.visit-ulcinj.com\/blog\/2014\/03\/04\/suzana-tahiri-pa-te-brendshme\/#breadcrumb\"},\"inLanguage\":\"en-US\",\"potentialAction\":[{\"@type\":\"ReadAction\",\"target\":[\"https:\/\/www.visit-ulcinj.com\/blog\/2014\/03\/04\/suzana-tahiri-pa-te-brendshme\/\"]}]},{\"@type\":\"BreadcrumbList\",\"@id\":\"https:\/\/www.visit-ulcinj.com\/blog\/2014\/03\/04\/suzana-tahiri-pa-te-brendshme\/#breadcrumb\",\"itemListElement\":[{\"@type\":\"ListItem\",\"position\":1,\"name\":\"Suzana Tahiri pa t\u00eb brendshme\"}]},{\"@type\":\"Person\",\"@id\":\"https:\/\/www.visit-ulcinj.com\/blog\/#\/schema\/person\/dcab619c614d3038751c63bc2aadc06d\",\"name\":\"ulqini\",\"sameAs\":[\"http:\/\/www.visit-ulcinj.com\"],\"url\":\"https:\/\/www.visit-ulcinj.com\/blog\/author\/admin\/\"}]}<\/script>\n<!-- \/ Yoast SEO plugin. -->","yoast_head_json":{"title":"Suzana Tahiri pa t\u00eb brendshme - Lajme nga Ulqini","description":"Ish-pjes\u00ebmarr\u00ebsja e Shpija e Kosov\u00ebs, Suzana Tahiri ka realizuar nj\u00eb set t\u00eb fotografive t\u00eb nxehta dhe I ka publikuar ato n\u00eb faqen e saj t\u00eb Facebook.","robots":{"index":"index","follow":"follow","max-snippet":"max-snippet:-1","max-image-preview":"max-image-preview:large","max-video-preview":"max-video-preview:-1"},"canonical":"https:\/\/www.visit-ulcinj.com\/blog\/2014\/03\/04\/suzana-tahiri-pa-te-brendshme\/","og_locale":"en_US","og_type":"article","og_title":"Suzana Tahiri pa t\u00eb brendshme - Lajme nga Ulqini","og_description":"Ish-pjes\u00ebmarr\u00ebsja e Shpija e Kosov\u00ebs, Suzana Tahiri ka realizuar nj\u00eb set t\u00eb fotografive t\u00eb nxehta dhe I ka publikuar ato n\u00eb faqen e saj t\u00eb Facebook.","og_url":"https:\/\/www.visit-ulcinj.com\/blog\/2014\/03\/04\/suzana-tahiri-pa-te-brendshme\/","og_site_name":"Lajme nga Ulqini","article_published_time":"2014-03-04T06:26:41+00:00","og_image":[{"url":"http:\/\/www.visit-ulcinj.com\/blog\/wp-content\/uploads\/2014\/03\/Suzana-Tahiri-sexy.jpg"}],"twitter_misc":{"Written by":"ulqini"},"schema":{"@context":"https:\/\/schema.org","@graph":[{"@type":"WebSite","@id":"https:\/\/www.visit-ulcinj.com\/blog\/#website","url":"https:\/\/www.visit-ulcinj.com\/blog\/","name":"Lajme nga Ulqini","description":"Lajme,Vijesti,Ulqini,Ulqin,Crna Gora,Mali i Zi","potentialAction":[{"@type":"SearchAction","target":{"@type":"EntryPoint","urlTemplate":"https:\/\/www.visit-ulcinj.com\/blog\/?s={search_term_string}"},"query-input":"required name=search_term_string"}],"inLanguage":"en-US"},{"@type":"ImageObject","inLanguage":"en-US","@id":"https:\/\/www.visit-ulcinj.com\/blog\/2014\/03\/04\/suzana-tahiri-pa-te-brendshme\/#primaryimage","url":"http:\/\/www.visit-ulcinj.com\/blog\/wp-content\/uploads\/2014\/03\/Suzana-Tahiri-sexy.jpg","contentUrl":"http:\/\/www.visit-ulcinj.com\/blog\/wp-content\/uploads\/2014\/03\/Suzana-Tahiri-sexy.jpg"},{"@type":"WebPage","@id":"https:\/\/www.visit-ulcinj.com\/blog\/2014\/03\/04\/suzana-tahiri-pa-te-brendshme\/#webpage","url":"https:\/\/www.visit-ulcinj.com\/blog\/2014\/03\/04\/suzana-tahiri-pa-te-brendshme\/","name":"Suzana Tahiri pa t\u00eb brendshme - Lajme nga Ulqini","isPartOf":{"@id":"https:\/\/www.visit-ulcinj.com\/blog\/#website"},"primaryImageOfPage":{"@id":"https:\/\/www.visit-ulcinj.com\/blog\/2014\/03\/04\/suzana-tahiri-pa-te-brendshme\/#primaryimage"},"datePublished":"2014-03-04T06:26:41+00:00","dateModified":"2014-03-04T06:26:41+00:00","author":{"@id":"https:\/\/www.visit-ulcinj.com\/blog\/#\/schema\/person\/dcab619c614d3038751c63bc2aadc06d"},"description":"Ish-pjes\u00ebmarr\u00ebsja e Shpija e Kosov\u00ebs, Suzana Tahiri ka realizuar nj\u00eb set t\u00eb fotografive t\u00eb nxehta dhe I ka publikuar ato n\u00eb faqen e saj t\u00eb Facebook.","breadcrumb":{"@id":"https:\/\/www.visit-ulcinj.com\/blog\/2014\/03\/04\/suzana-tahiri-pa-te-brendshme\/#breadcrumb"},"inLanguage":"en-US","potentialAction":[{"@type":"ReadAction","target":["https:\/\/www.visit-ulcinj.com\/blog\/2014\/03\/04\/suzana-tahiri-pa-te-brendshme\/"]}]},{"@type":"BreadcrumbList","@id":"https:\/\/www.visit-ulcinj.com\/blog\/2014\/03\/04\/suzana-tahiri-pa-te-brendshme\/#breadcrumb","itemListElement":[{"@type":"ListItem","position":1,"name":"Suzana Tahiri pa t\u00eb brendshme"}]},{"@type":"Person","@id":"https:\/\/www.visit-ulcinj.com\/blog\/#\/schema\/person\/dcab619c614d3038751c63bc2aadc06d","name":"ulqini","sameAs":["http:\/\/www.visit-ulcinj.com"],"url":"https:\/\/www.visit-ulcinj.com\/blog\/author\/admin\/"}]}},"jetpack_featured_media_url":"","jetpack_sharing_enabled":true,"jetpack_shortlink":"https:\/\/wp.me\/pe6lTn-kT7","_links":{"self":[{"href":"https:\/\/www.visit-ulcinj.com\/blog\/wp-json\/wp\/v2\/posts\/80297"}],"collection":[{"href":"https:\/\/www.visit-ulcinj.com\/blog\/wp-json\/wp\/v2\/posts"}],"about":[{"href":"https:\/\/www.visit-ulcinj.com\/blog\/wp-json\/wp\/v2\/types\/post"}],"author":[{"embeddable":true,"href":"https:\/\/www.visit-ulcinj.com\/blog\/wp-json\/wp\/v2\/users\/1"}],"replies":[{"embeddable":true,"href":"https:\/\/www.visit-ulcinj.com\/blog\/wp-json\/wp\/v2\/comments?post=80297"}],"version-history":[{"count":1,"href":"https:\/\/www.visit-ulcinj.com\/blog\/wp-json\/wp\/v2\/posts\/80297\/revisions"}],"predecessor-version":[{"id":80299,"href":"https:\/\/www.visit-ulcinj.com\/blog\/wp-json\/wp\/v2\/posts\/80297\/revisions\/80299"}],"wp:attachment":[{"href":"https:\/\/www.visit-ulcinj.com\/blog\/wp-json\/wp\/v2\/media?parent=80297"}],"wp:term":[{"taxonomy":"category","embeddable":true,"href":"https:\/\/www.visit-ulcinj.com\/blog\/wp-json\/wp\/v2\/categories?post=80297"},{"taxonomy":"post_tag","embeddable":true,"href":"https:\/\/www.visit-ulcinj.com\/blog\/wp-json\/wp\/v2\/tags?post=80297"}],"curies":[{"name":"wp","href":"https:\/\/api.w.org\/{rel}","templated":true}]}}