{"id":80309,"date":"2014-03-04T17:06:42","date_gmt":"2014-03-04T16:06:42","guid":{"rendered":"http:\/\/www.visit-ulcinj.com\/blog\/?p=80309"},"modified":"2014-03-06T05:11:20","modified_gmt":"2014-03-06T04:11:20","slug":"prioritetet-e-kryetarit-gjeka-stabilizimi-financave-dhe-pergatitja-e-sezonit","status":"publish","type":"post","link":"https:\/\/www.visit-ulcinj.com\/blog\/2014\/03\/04\/prioritetet-e-kryetarit-gjeka-stabilizimi-financave-dhe-pergatitja-e-sezonit\/","title":{"rendered":"Prioritetet e kryetarit Gjeka: Stabilizimi i financave dhe p\u00ebrgatitja e sezonit &#8211; Video"},"content":{"rendered":"<p><a href=\"http:\/\/www.visit-ulcinj.com\/blog\/wp-content\/uploads\/2014\/03\/Fatmir_Gjeka-kryetari-Ulqinit.jpg\"><img loading=\"lazy\" class=\"alignleft size-full wp-image-80310\" alt=\"Fatmir_Gjeka-kryetari-Ulqinit\" src=\"http:\/\/www.visit-ulcinj.com\/blog\/wp-content\/uploads\/2014\/03\/Fatmir_Gjeka-kryetari-Ulqinit.jpg\" width=\"300\" height=\"353\" srcset=\"https:\/\/www.visit-ulcinj.com\/blog\/wp-content\/uploads\/2014\/03\/Fatmir_Gjeka-kryetari-Ulqinit.jpg 300w, https:\/\/www.visit-ulcinj.com\/blog\/wp-content\/uploads\/2014\/03\/Fatmir_Gjeka-kryetari-Ulqinit-254x300.jpg 254w\" sizes=\"(max-width: 300px) 100vw, 300px\" \/><\/a>\u201cStabilizimi i politik\u00ebs fiskale dhe p\u00ebrgatitja cil\u00ebsore e sezonit t\u00eb ardhsh\u00ebm turistik jan\u00eb prioritetet e qeverisjes s\u00eb re n\u00eb Ulqin\u201d, ka deklaruar kryetari i komun\u00ebs Fatmir Gjeka. Ai n\u00eb intervist\u00eb p\u00ebr gazet\u00ebn \u201cVijesti\u201d ka th\u00ebn\u00eb se administrata e tij do t\u00eb punoj\u00eb n\u00eb konkretizimin e investimeve n\u00eb fush\u00ebn e turizmit dhe bujq\u00ebsis\u00eb, si dhe n\u00eb p\u00ebrmir\u00ebsimin e infrastruktur\u00ebs s\u00eb qytetit. \u201cNa presin bisedime serioze me investitor\u00ebt n\u00eb m\u00ebnyr\u00eb q\u00eb t\u00eb krijojm\u00eb kushte dhe mund\u00ebsi q\u00eb n\u00eb afat sa m\u00eb t\u00eb shkurt t\u00eb filloj\u00eb nd\u00ebrtimi i hoteleve.<\/p>\n<p>N\u00ebse jo, duhet t\u00eb gjejm\u00eb partner\u00eb t\u00eb rinj strategjik\u201d, tha Gjeka. Sipas fjal\u00ebve t\u00eb tij, q\u00eb t\u00eb arrihet deri tek projektet e m\u00ebdha, s\u00eb pari duhet t\u00eb zgjidhim probleme t\u00eb vogla. Nd\u00ebrkoh\u00eb kryetari i Kuvendit komunal t\u00eb Ulqinit Fuad Haxhibeti ka caktuar p\u00ebr sot mbledhjen e par\u00eb t\u00eb Kolegiumit. Pritet q\u00eb n\u00eb k\u00ebt\u00eb takim, shefat e klubeve t\u00eb k\u00ebshilltar\u00ebve t\u00eb dakordohen p\u00ebr rendin e dit\u00ebs t\u00eb mbledhjes s\u00eb ardhshme t\u00eb parlamentit lokal, e cila duhet t\u00eb mbahet deri n\u00eb fund t\u00eb k\u00ebtij muaji. N\u00eb k\u00ebt\u00eb mbledhje do t\u00eb miratohet llogaria p\u00ebrfundimtare e buxhetit p\u00ebr vitin e kaluar dhe buxheti p\u00ebr vitin 2014. Pritet q\u00eb t\u00eb formohen dhe k\u00ebshillat e Kuvendit, si dhe t\u00eb b\u00ebhet em\u00ebrimi i tre n\u00ebnkryetar\u00ebve t\u00eb Komun\u00ebs s\u00eb Ulqinit dhe kryeadministratorit komunal.<\/p>\n<p>TVCG<\/p>\n<!--YouTube Error: bad URL entered-->\n<p>&nbsp;<\/p>\n","protected":false},"excerpt":{"rendered":"<p>\u201cStabilizimi i politik\u00ebs fiskale dhe p\u00ebrgatitja cil\u00ebsore e sezonit t\u00eb ardhsh\u00ebm turistik jan\u00eb prioritetet e qeverisjes s\u00eb re n\u00eb Ulqin\u201d, ka deklaruar kryetari i komun\u00ebs Fatmir Gjeka. Ai n\u00eb intervist\u00eb p\u00ebr gazet\u00ebn \u201cVijesti\u201d ka th\u00ebn\u00eb se administrata e tij do t\u00eb punoj\u00eb n\u00eb konkretizimin e investimeve n\u00eb fush\u00ebn e turizmit dhe bujq\u00ebsis\u00eb, si dhe n\u00eb [&hellip;]<\/p>\n","protected":false},"author":1,"featured_media":0,"comment_status":"closed","ping_status":"closed","sticky":false,"template":"","format":"standard","meta":{"spay_email":"","jetpack_publicize_message":"","jetpack_is_tweetstorm":false,"jetpack_publicize_feature_enabled":true},"categories":[5,6],"tags":[],"jetpack_publicize_connections":[],"yoast_head":"<!-- This site is optimized with the Yoast SEO plugin v19.1 - https:\/\/yoast.com\/wordpress\/plugins\/seo\/ -->\n<title>Prioritetet e kryetarit Gjeka: Stabilizimi i financave dhe p\u00ebrgatitja e sezonit - Video - Lajme nga Ulqini<\/title>\n<meta name=\"description\" content=\"\u201cStabilizimi i politik\u00ebs fiskale dhe p\u00ebrgatitja cil\u00ebsore e sezonit t\u00eb ardhsh\u00ebm turistik jan\u00eb prioritetet e qeverisjes s\u00eb re n\u00eb Ulqin\u201d, ka deklaruar\" \/>\n<meta name=\"robots\" content=\"index, follow, max-snippet:-1, max-image-preview:large, max-video-preview:-1\" \/>\n<link rel=\"canonical\" href=\"https:\/\/www.visit-ulcinj.com\/blog\/2014\/03\/04\/prioritetet-e-kryetarit-gjeka-stabilizimi-financave-dhe-pergatitja-e-sezonit\/\" \/>\n<meta property=\"og:locale\" content=\"en_US\" \/>\n<meta property=\"og:type\" content=\"article\" \/>\n<meta property=\"og:title\" content=\"Prioritetet e kryetarit Gjeka: Stabilizimi i financave dhe p\u00ebrgatitja e sezonit - Video - Lajme nga Ulqini\" \/>\n<meta property=\"og:description\" content=\"\u201cStabilizimi i politik\u00ebs fiskale dhe p\u00ebrgatitja cil\u00ebsore e sezonit t\u00eb ardhsh\u00ebm turistik jan\u00eb prioritetet e qeverisjes s\u00eb re n\u00eb Ulqin\u201d, ka deklaruar\" \/>\n<meta property=\"og:url\" content=\"https:\/\/www.visit-ulcinj.com\/blog\/2014\/03\/04\/prioritetet-e-kryetarit-gjeka-stabilizimi-financave-dhe-pergatitja-e-sezonit\/\" \/>\n<meta property=\"og:site_name\" content=\"Lajme nga Ulqini\" \/>\n<meta property=\"article:published_time\" content=\"2014-03-04T16:06:42+00:00\" \/>\n<meta property=\"article:modified_time\" content=\"2014-03-06T04:11:20+00:00\" \/>\n<meta property=\"og:image\" content=\"http:\/\/www.visit-ulcinj.com\/blog\/wp-content\/uploads\/2014\/03\/Fatmir_Gjeka-kryetari-Ulqinit.jpg\" \/>\n<meta name=\"twitter:label1\" content=\"Written by\" \/>\n\t<meta name=\"twitter:data1\" content=\"ulqini\" \/>\n\t<meta name=\"twitter:label2\" content=\"Est. reading time\" \/>\n\t<meta name=\"twitter:data2\" content=\"1 minute\" \/>\n<script type=\"application\/ld+json\" class=\"yoast-schema-graph\">{\"@context\":\"https:\/\/schema.org\",\"@graph\":[{\"@type\":\"WebSite\",\"@id\":\"https:\/\/www.visit-ulcinj.com\/blog\/#website\",\"url\":\"https:\/\/www.visit-ulcinj.com\/blog\/\",\"name\":\"Lajme nga Ulqini\",\"description\":\"Lajme,Vijesti,Ulqini,Ulqin,Crna Gora,Mali i Zi\",\"potentialAction\":[{\"@type\":\"SearchAction\",\"target\":{\"@type\":\"EntryPoint\",\"urlTemplate\":\"https:\/\/www.visit-ulcinj.com\/blog\/?s={search_term_string}\"},\"query-input\":\"required name=search_term_string\"}],\"inLanguage\":\"en-US\"},{\"@type\":\"ImageObject\",\"inLanguage\":\"en-US\",\"@id\":\"https:\/\/www.visit-ulcinj.com\/blog\/2014\/03\/04\/prioritetet-e-kryetarit-gjeka-stabilizimi-financave-dhe-pergatitja-e-sezonit\/#primaryimage\",\"url\":\"https:\/\/www.visit-ulcinj.com\/blog\/wp-content\/uploads\/2014\/03\/Fatmir_Gjeka-kryetari-Ulqinit.jpg\",\"contentUrl\":\"https:\/\/www.visit-ulcinj.com\/blog\/wp-content\/uploads\/2014\/03\/Fatmir_Gjeka-kryetari-Ulqinit.jpg\",\"width\":300,\"height\":353},{\"@type\":\"WebPage\",\"@id\":\"https:\/\/www.visit-ulcinj.com\/blog\/2014\/03\/04\/prioritetet-e-kryetarit-gjeka-stabilizimi-financave-dhe-pergatitja-e-sezonit\/#webpage\",\"url\":\"https:\/\/www.visit-ulcinj.com\/blog\/2014\/03\/04\/prioritetet-e-kryetarit-gjeka-stabilizimi-financave-dhe-pergatitja-e-sezonit\/\",\"name\":\"Prioritetet e kryetarit Gjeka: Stabilizimi i financave dhe p\u00ebrgatitja e sezonit - Video - Lajme nga Ulqini\",\"isPartOf\":{\"@id\":\"https:\/\/www.visit-ulcinj.com\/blog\/#website\"},\"primaryImageOfPage\":{\"@id\":\"https:\/\/www.visit-ulcinj.com\/blog\/2014\/03\/04\/prioritetet-e-kryetarit-gjeka-stabilizimi-financave-dhe-pergatitja-e-sezonit\/#primaryimage\"},\"datePublished\":\"2014-03-04T16:06:42+00:00\",\"dateModified\":\"2014-03-06T04:11:20+00:00\",\"author\":{\"@id\":\"https:\/\/www.visit-ulcinj.com\/blog\/#\/schema\/person\/dcab619c614d3038751c63bc2aadc06d\"},\"description\":\"\u201cStabilizimi i politik\u00ebs fiskale dhe p\u00ebrgatitja cil\u00ebsore e sezonit t\u00eb ardhsh\u00ebm turistik jan\u00eb prioritetet e qeverisjes s\u00eb re n\u00eb Ulqin\u201d, ka deklaruar\",\"breadcrumb\":{\"@id\":\"https:\/\/www.visit-ulcinj.com\/blog\/2014\/03\/04\/prioritetet-e-kryetarit-gjeka-stabilizimi-financave-dhe-pergatitja-e-sezonit\/#breadcrumb\"},\"inLanguage\":\"en-US\",\"potentialAction\":[{\"@type\":\"ReadAction\",\"target\":[\"https:\/\/www.visit-ulcinj.com\/blog\/2014\/03\/04\/prioritetet-e-kryetarit-gjeka-stabilizimi-financave-dhe-pergatitja-e-sezonit\/\"]}]},{\"@type\":\"BreadcrumbList\",\"@id\":\"https:\/\/www.visit-ulcinj.com\/blog\/2014\/03\/04\/prioritetet-e-kryetarit-gjeka-stabilizimi-financave-dhe-pergatitja-e-sezonit\/#breadcrumb\",\"itemListElement\":[{\"@type\":\"ListItem\",\"position\":1,\"name\":\"Prioritetet e kryetarit Gjeka: Stabilizimi i financave dhe p\u00ebrgatitja e sezonit &#8211; Video\"}]},{\"@type\":\"Person\",\"@id\":\"https:\/\/www.visit-ulcinj.com\/blog\/#\/schema\/person\/dcab619c614d3038751c63bc2aadc06d\",\"name\":\"ulqini\",\"sameAs\":[\"http:\/\/www.visit-ulcinj.com\"],\"url\":\"https:\/\/www.visit-ulcinj.com\/blog\/author\/admin\/\"}]}<\/script>\n<!-- \/ Yoast SEO plugin. -->","yoast_head_json":{"title":"Prioritetet e kryetarit Gjeka: Stabilizimi i financave dhe p\u00ebrgatitja e sezonit - Video - Lajme nga Ulqini","description":"\u201cStabilizimi i politik\u00ebs fiskale dhe p\u00ebrgatitja cil\u00ebsore e sezonit t\u00eb ardhsh\u00ebm turistik jan\u00eb prioritetet e qeverisjes s\u00eb re n\u00eb Ulqin\u201d, ka deklaruar","robots":{"index":"index","follow":"follow","max-snippet":"max-snippet:-1","max-image-preview":"max-image-preview:large","max-video-preview":"max-video-preview:-1"},"canonical":"https:\/\/www.visit-ulcinj.com\/blog\/2014\/03\/04\/prioritetet-e-kryetarit-gjeka-stabilizimi-financave-dhe-pergatitja-e-sezonit\/","og_locale":"en_US","og_type":"article","og_title":"Prioritetet e kryetarit Gjeka: Stabilizimi i financave dhe p\u00ebrgatitja e sezonit - Video - Lajme nga Ulqini","og_description":"\u201cStabilizimi i politik\u00ebs fiskale dhe p\u00ebrgatitja cil\u00ebsore e sezonit t\u00eb ardhsh\u00ebm turistik jan\u00eb prioritetet e qeverisjes s\u00eb re n\u00eb Ulqin\u201d, ka deklaruar","og_url":"https:\/\/www.visit-ulcinj.com\/blog\/2014\/03\/04\/prioritetet-e-kryetarit-gjeka-stabilizimi-financave-dhe-pergatitja-e-sezonit\/","og_site_name":"Lajme nga Ulqini","article_published_time":"2014-03-04T16:06:42+00:00","article_modified_time":"2014-03-06T04:11:20+00:00","og_image":[{"url":"http:\/\/www.visit-ulcinj.com\/blog\/wp-content\/uploads\/2014\/03\/Fatmir_Gjeka-kryetari-Ulqinit.jpg"}],"twitter_misc":{"Written by":"ulqini","Est. reading time":"1 minute"},"schema":{"@context":"https:\/\/schema.org","@graph":[{"@type":"WebSite","@id":"https:\/\/www.visit-ulcinj.com\/blog\/#website","url":"https:\/\/www.visit-ulcinj.com\/blog\/","name":"Lajme nga Ulqini","description":"Lajme,Vijesti,Ulqini,Ulqin,Crna Gora,Mali i Zi","potentialAction":[{"@type":"SearchAction","target":{"@type":"EntryPoint","urlTemplate":"https:\/\/www.visit-ulcinj.com\/blog\/?s={search_term_string}"},"query-input":"required name=search_term_string"}],"inLanguage":"en-US"},{"@type":"ImageObject","inLanguage":"en-US","@id":"https:\/\/www.visit-ulcinj.com\/blog\/2014\/03\/04\/prioritetet-e-kryetarit-gjeka-stabilizimi-financave-dhe-pergatitja-e-sezonit\/#primaryimage","url":"https:\/\/www.visit-ulcinj.com\/blog\/wp-content\/uploads\/2014\/03\/Fatmir_Gjeka-kryetari-Ulqinit.jpg","contentUrl":"https:\/\/www.visit-ulcinj.com\/blog\/wp-content\/uploads\/2014\/03\/Fatmir_Gjeka-kryetari-Ulqinit.jpg","width":300,"height":353},{"@type":"WebPage","@id":"https:\/\/www.visit-ulcinj.com\/blog\/2014\/03\/04\/prioritetet-e-kryetarit-gjeka-stabilizimi-financave-dhe-pergatitja-e-sezonit\/#webpage","url":"https:\/\/www.visit-ulcinj.com\/blog\/2014\/03\/04\/prioritetet-e-kryetarit-gjeka-stabilizimi-financave-dhe-pergatitja-e-sezonit\/","name":"Prioritetet e kryetarit Gjeka: Stabilizimi i financave dhe p\u00ebrgatitja e sezonit - Video - Lajme nga Ulqini","isPartOf":{"@id":"https:\/\/www.visit-ulcinj.com\/blog\/#website"},"primaryImageOfPage":{"@id":"https:\/\/www.visit-ulcinj.com\/blog\/2014\/03\/04\/prioritetet-e-kryetarit-gjeka-stabilizimi-financave-dhe-pergatitja-e-sezonit\/#primaryimage"},"datePublished":"2014-03-04T16:06:42+00:00","dateModified":"2014-03-06T04:11:20+00:00","author":{"@id":"https:\/\/www.visit-ulcinj.com\/blog\/#\/schema\/person\/dcab619c614d3038751c63bc2aadc06d"},"description":"\u201cStabilizimi i politik\u00ebs fiskale dhe p\u00ebrgatitja cil\u00ebsore e sezonit t\u00eb ardhsh\u00ebm turistik jan\u00eb prioritetet e qeverisjes s\u00eb re n\u00eb Ulqin\u201d, ka deklaruar","breadcrumb":{"@id":"https:\/\/www.visit-ulcinj.com\/blog\/2014\/03\/04\/prioritetet-e-kryetarit-gjeka-stabilizimi-financave-dhe-pergatitja-e-sezonit\/#breadcrumb"},"inLanguage":"en-US","potentialAction":[{"@type":"ReadAction","target":["https:\/\/www.visit-ulcinj.com\/blog\/2014\/03\/04\/prioritetet-e-kryetarit-gjeka-stabilizimi-financave-dhe-pergatitja-e-sezonit\/"]}]},{"@type":"BreadcrumbList","@id":"https:\/\/www.visit-ulcinj.com\/blog\/2014\/03\/04\/prioritetet-e-kryetarit-gjeka-stabilizimi-financave-dhe-pergatitja-e-sezonit\/#breadcrumb","itemListElement":[{"@type":"ListItem","position":1,"name":"Prioritetet e kryetarit Gjeka: Stabilizimi i financave dhe p\u00ebrgatitja e sezonit &#8211; Video"}]},{"@type":"Person","@id":"https:\/\/www.visit-ulcinj.com\/blog\/#\/schema\/person\/dcab619c614d3038751c63bc2aadc06d","name":"ulqini","sameAs":["http:\/\/www.visit-ulcinj.com"],"url":"https:\/\/www.visit-ulcinj.com\/blog\/author\/admin\/"}]}},"jetpack_featured_media_url":"","jetpack_sharing_enabled":true,"jetpack_shortlink":"https:\/\/wp.me\/pe6lTn-kTj","_links":{"self":[{"href":"https:\/\/www.visit-ulcinj.com\/blog\/wp-json\/wp\/v2\/posts\/80309"}],"collection":[{"href":"https:\/\/www.visit-ulcinj.com\/blog\/wp-json\/wp\/v2\/posts"}],"about":[{"href":"https:\/\/www.visit-ulcinj.com\/blog\/wp-json\/wp\/v2\/types\/post"}],"author":[{"embeddable":true,"href":"https:\/\/www.visit-ulcinj.com\/blog\/wp-json\/wp\/v2\/users\/1"}],"replies":[{"embeddable":true,"href":"https:\/\/www.visit-ulcinj.com\/blog\/wp-json\/wp\/v2\/comments?post=80309"}],"version-history":[{"count":3,"href":"https:\/\/www.visit-ulcinj.com\/blog\/wp-json\/wp\/v2\/posts\/80309\/revisions"}],"predecessor-version":[{"id":80313,"href":"https:\/\/www.visit-ulcinj.com\/blog\/wp-json\/wp\/v2\/posts\/80309\/revisions\/80313"}],"wp:attachment":[{"href":"https:\/\/www.visit-ulcinj.com\/blog\/wp-json\/wp\/v2\/media?parent=80309"}],"wp:term":[{"taxonomy":"category","embeddable":true,"href":"https:\/\/www.visit-ulcinj.com\/blog\/wp-json\/wp\/v2\/categories?post=80309"},{"taxonomy":"post_tag","embeddable":true,"href":"https:\/\/www.visit-ulcinj.com\/blog\/wp-json\/wp\/v2\/tags?post=80309"}],"curies":[{"name":"wp","href":"https:\/\/api.w.org\/{rel}","templated":true}]}}