{"id":80334,"date":"2014-03-04T18:41:24","date_gmt":"2014-03-04T17:41:24","guid":{"rendered":"http:\/\/www.visit-ulcinj.com\/blog\/?p=80334"},"modified":"2014-03-04T18:41:24","modified_gmt":"2014-03-04T17:41:24","slug":"shqiptaret-e-ukraines-500-vjet-larg-atdheut-video","status":"publish","type":"post","link":"https:\/\/www.visit-ulcinj.com\/blog\/2014\/03\/04\/shqiptaret-e-ukraines-500-vjet-larg-atdheut-video\/","title":{"rendered":"Shqiptar\u00ebt e Ukrain\u00ebs, 500 vjet larg atdheut &#8211; Video"},"content":{"rendered":"<p><a href=\"http:\/\/www.visit-ulcinj.com\/blog\/wp-content\/uploads\/2014\/03\/Shqiptar\u00ebt-e-Ukrain\u00ebs.jpg\"><img loading=\"lazy\" class=\"alignleft  wp-image-80335\" alt=\"Shqiptar\u00ebt e Ukrain\u00ebs\" src=\"http:\/\/www.visit-ulcinj.com\/blog\/wp-content\/uploads\/2014\/03\/Shqiptar\u00ebt-e-Ukrain\u00ebs.jpg\" width=\"508\" height=\"360\" \/><\/a>Kane 500 vjet larg nga m\u00ebm\u00ebdheu. U larguan nga zona e Kor\u00e7\u00ebs fill pas pushtimit turk dhe p\u00ebr 200 vjet jetuan ne Bullgari. Me pas u zhvendosen ne Ukraine dhe kane 300 vjet qe jetojn\u00eb ne mes te ukrainasve. Por nuk kane harruar asgj\u00eb nga te paret e tyre dhe p\u00ebrpiqen ti ruajn\u00eb zakonet dhe traditat \u00a0shqiptare me fanatiz\u00ebm. Festa me e madhe e tyre \u00ebsht\u00eb festa e Sh\u00ebn Gjergjit, ne kujtim te heroit komb\u00ebtar Gjergj Kastriotit.Jane takuar me Fan Nolin ne 1911 kur ky i fundit beri nj\u00eb udh\u00ebtim ne Odessa. Po k\u00ebshtu ne vitin 1979 At Artur Liolini, Kancelari i Kish\u00ebs Ortodokse Autoqefale Shqiptare nga Bostoni, meshoi ne kish\u00ebn ku kishte meshuar Fan Noli dekada me pare. Ata nuk k\u00ebrkojn\u00eb gjera te parealizueshme nga shteti shqiptar. Thjesht k\u00ebrkojn\u00eb nga shteti ame shqiptar libra dhe m\u00ebsues te shqipes qe te mos harrojn\u00eb gjuhen e te pareve.<\/p>\n<p>K\u00ebrkesat e tyre jane te p\u00ebrballueshme p\u00ebr shtetin shqiptar dhe d\u00ebrgimi i disa m\u00ebsuesve , i librave dhe abetareve ne shqip nuk \u00ebsht\u00eb ndonj\u00eb barre e madhe, por \u00ebsht\u00eb nj\u00eb detyrim qe shteti ame duhet te ket\u00eb p\u00ebr k\u00ebta shqiptare te harruar. Mendoj se shteti shqiptar duhet tu jape pasaportat shqiptare k\u00ebtyre njer\u00ebzve sepse k\u00ebta e meritojn\u00eb te jene shqiptare si gjith\u00eb ne te tjer\u00ebt. Jan\u00eb pra 5 mije shqiptare qe per 500 vjet jetojn\u00eb larg atdheut te tyre Shqip\u00ebris\u00eb dhe p\u00ebr 300 vjet jetojn\u00eb ne mes te 48 milion ukrainasve. \u00c7do komunitet tjet\u00ebr do te ishte shuar me kohe. Ata jan\u00eb d\u00ebshmi e gjalle e th\u00ebnies: &#8220;gjaku i arbrit nuk shuhet kurr\u00eb&#8221; dhe ne duhet te jemi krenare p\u00ebr ta.<\/p>\n<p>Gazeta Lajm<\/p>\n<!--YouTube Error: bad URL entered-->\n","protected":false},"excerpt":{"rendered":"<p>Kane 500 vjet larg nga m\u00ebm\u00ebdheu. U larguan nga zona e Kor\u00e7\u00ebs fill pas pushtimit turk dhe p\u00ebr 200 vjet jetuan ne Bullgari. Me pas u zhvendosen ne Ukraine dhe kane 300 vjet qe jetojn\u00eb ne mes te ukrainasve. Por nuk kane harruar asgj\u00eb nga te paret e tyre dhe p\u00ebrpiqen ti ruajn\u00eb zakonet dhe [&hellip;]<\/p>\n","protected":false},"author":1,"featured_media":0,"comment_status":"closed","ping_status":"closed","sticky":false,"template":"","format":"standard","meta":{"spay_email":"","jetpack_publicize_message":"","jetpack_is_tweetstorm":false,"jetpack_publicize_feature_enabled":true},"categories":[4],"tags":[],"jetpack_publicize_connections":[],"yoast_head":"<!-- This site is optimized with the Yoast SEO plugin v19.1 - https:\/\/yoast.com\/wordpress\/plugins\/seo\/ -->\n<title>Shqiptar\u00ebt e Ukrain\u00ebs, 500 vjet larg atdheut - Video - Lajme nga Ulqini<\/title>\n<meta name=\"description\" content=\"Kane 500 vjet larg nga m\u00ebm\u00ebdheu. U larguan nga zona e Kor\u00e7\u00ebs fill pas pushtimit turk dhe p\u00ebr 200 vjet jetuan ne Bullgari. Me pas u zhvendosen ne Ukraine\" \/>\n<meta name=\"robots\" content=\"index, follow, max-snippet:-1, max-image-preview:large, max-video-preview:-1\" \/>\n<link rel=\"canonical\" href=\"https:\/\/www.visit-ulcinj.com\/blog\/2014\/03\/04\/shqiptaret-e-ukraines-500-vjet-larg-atdheut-video\/\" \/>\n<meta property=\"og:locale\" content=\"en_US\" \/>\n<meta property=\"og:type\" content=\"article\" \/>\n<meta property=\"og:title\" content=\"Shqiptar\u00ebt e Ukrain\u00ebs, 500 vjet larg atdheut - Video - Lajme nga Ulqini\" \/>\n<meta property=\"og:description\" content=\"Kane 500 vjet larg nga m\u00ebm\u00ebdheu. U larguan nga zona e Kor\u00e7\u00ebs fill pas pushtimit turk dhe p\u00ebr 200 vjet jetuan ne Bullgari. Me pas u zhvendosen ne Ukraine\" \/>\n<meta property=\"og:url\" content=\"https:\/\/www.visit-ulcinj.com\/blog\/2014\/03\/04\/shqiptaret-e-ukraines-500-vjet-larg-atdheut-video\/\" \/>\n<meta property=\"og:site_name\" content=\"Lajme nga Ulqini\" \/>\n<meta property=\"article:published_time\" content=\"2014-03-04T17:41:24+00:00\" \/>\n<meta name=\"twitter:label1\" content=\"Written by\" \/>\n\t<meta name=\"twitter:data1\" content=\"ulqini\" \/>\n\t<meta name=\"twitter:label2\" content=\"Est. reading time\" \/>\n\t<meta name=\"twitter:data2\" content=\"2 minutes\" \/>\n<script type=\"application\/ld+json\" class=\"yoast-schema-graph\">{\"@context\":\"https:\/\/schema.org\",\"@graph\":[{\"@type\":\"WebSite\",\"@id\":\"https:\/\/www.visit-ulcinj.com\/blog\/#website\",\"url\":\"https:\/\/www.visit-ulcinj.com\/blog\/\",\"name\":\"Lajme nga Ulqini\",\"description\":\"Lajme,Vijesti,Ulqini,Ulqin,Crna Gora,Mali i Zi\",\"potentialAction\":[{\"@type\":\"SearchAction\",\"target\":{\"@type\":\"EntryPoint\",\"urlTemplate\":\"https:\/\/www.visit-ulcinj.com\/blog\/?s={search_term_string}\"},\"query-input\":\"required name=search_term_string\"}],\"inLanguage\":\"en-US\"},{\"@type\":\"WebPage\",\"@id\":\"https:\/\/www.visit-ulcinj.com\/blog\/2014\/03\/04\/shqiptaret-e-ukraines-500-vjet-larg-atdheut-video\/#webpage\",\"url\":\"https:\/\/www.visit-ulcinj.com\/blog\/2014\/03\/04\/shqiptaret-e-ukraines-500-vjet-larg-atdheut-video\/\",\"name\":\"Shqiptar\u00ebt e Ukrain\u00ebs, 500 vjet larg atdheut - Video - Lajme nga Ulqini\",\"isPartOf\":{\"@id\":\"https:\/\/www.visit-ulcinj.com\/blog\/#website\"},\"datePublished\":\"2014-03-04T17:41:24+00:00\",\"dateModified\":\"2014-03-04T17:41:24+00:00\",\"author\":{\"@id\":\"https:\/\/www.visit-ulcinj.com\/blog\/#\/schema\/person\/dcab619c614d3038751c63bc2aadc06d\"},\"description\":\"Kane 500 vjet larg nga m\u00ebm\u00ebdheu. U larguan nga zona e Kor\u00e7\u00ebs fill pas pushtimit turk dhe p\u00ebr 200 vjet jetuan ne Bullgari. Me pas u zhvendosen ne Ukraine\",\"breadcrumb\":{\"@id\":\"https:\/\/www.visit-ulcinj.com\/blog\/2014\/03\/04\/shqiptaret-e-ukraines-500-vjet-larg-atdheut-video\/#breadcrumb\"},\"inLanguage\":\"en-US\",\"potentialAction\":[{\"@type\":\"ReadAction\",\"target\":[\"https:\/\/www.visit-ulcinj.com\/blog\/2014\/03\/04\/shqiptaret-e-ukraines-500-vjet-larg-atdheut-video\/\"]}]},{\"@type\":\"BreadcrumbList\",\"@id\":\"https:\/\/www.visit-ulcinj.com\/blog\/2014\/03\/04\/shqiptaret-e-ukraines-500-vjet-larg-atdheut-video\/#breadcrumb\",\"itemListElement\":[{\"@type\":\"ListItem\",\"position\":1,\"name\":\"Shqiptar\u00ebt e Ukrain\u00ebs, 500 vjet larg atdheut &#8211; Video\"}]},{\"@type\":\"Person\",\"@id\":\"https:\/\/www.visit-ulcinj.com\/blog\/#\/schema\/person\/dcab619c614d3038751c63bc2aadc06d\",\"name\":\"ulqini\",\"sameAs\":[\"http:\/\/www.visit-ulcinj.com\"],\"url\":\"https:\/\/www.visit-ulcinj.com\/blog\/author\/admin\/\"}]}<\/script>\n<!-- \/ Yoast SEO plugin. -->","yoast_head_json":{"title":"Shqiptar\u00ebt e Ukrain\u00ebs, 500 vjet larg atdheut - Video - Lajme nga Ulqini","description":"Kane 500 vjet larg nga m\u00ebm\u00ebdheu. U larguan nga zona e Kor\u00e7\u00ebs fill pas pushtimit turk dhe p\u00ebr 200 vjet jetuan ne Bullgari. Me pas u zhvendosen ne Ukraine","robots":{"index":"index","follow":"follow","max-snippet":"max-snippet:-1","max-image-preview":"max-image-preview:large","max-video-preview":"max-video-preview:-1"},"canonical":"https:\/\/www.visit-ulcinj.com\/blog\/2014\/03\/04\/shqiptaret-e-ukraines-500-vjet-larg-atdheut-video\/","og_locale":"en_US","og_type":"article","og_title":"Shqiptar\u00ebt e Ukrain\u00ebs, 500 vjet larg atdheut - Video - Lajme nga Ulqini","og_description":"Kane 500 vjet larg nga m\u00ebm\u00ebdheu. U larguan nga zona e Kor\u00e7\u00ebs fill pas pushtimit turk dhe p\u00ebr 200 vjet jetuan ne Bullgari. Me pas u zhvendosen ne Ukraine","og_url":"https:\/\/www.visit-ulcinj.com\/blog\/2014\/03\/04\/shqiptaret-e-ukraines-500-vjet-larg-atdheut-video\/","og_site_name":"Lajme nga Ulqini","article_published_time":"2014-03-04T17:41:24+00:00","twitter_misc":{"Written by":"ulqini","Est. reading time":"2 minutes"},"schema":{"@context":"https:\/\/schema.org","@graph":[{"@type":"WebSite","@id":"https:\/\/www.visit-ulcinj.com\/blog\/#website","url":"https:\/\/www.visit-ulcinj.com\/blog\/","name":"Lajme nga Ulqini","description":"Lajme,Vijesti,Ulqini,Ulqin,Crna Gora,Mali i Zi","potentialAction":[{"@type":"SearchAction","target":{"@type":"EntryPoint","urlTemplate":"https:\/\/www.visit-ulcinj.com\/blog\/?s={search_term_string}"},"query-input":"required name=search_term_string"}],"inLanguage":"en-US"},{"@type":"WebPage","@id":"https:\/\/www.visit-ulcinj.com\/blog\/2014\/03\/04\/shqiptaret-e-ukraines-500-vjet-larg-atdheut-video\/#webpage","url":"https:\/\/www.visit-ulcinj.com\/blog\/2014\/03\/04\/shqiptaret-e-ukraines-500-vjet-larg-atdheut-video\/","name":"Shqiptar\u00ebt e Ukrain\u00ebs, 500 vjet larg atdheut - Video - Lajme nga Ulqini","isPartOf":{"@id":"https:\/\/www.visit-ulcinj.com\/blog\/#website"},"datePublished":"2014-03-04T17:41:24+00:00","dateModified":"2014-03-04T17:41:24+00:00","author":{"@id":"https:\/\/www.visit-ulcinj.com\/blog\/#\/schema\/person\/dcab619c614d3038751c63bc2aadc06d"},"description":"Kane 500 vjet larg nga m\u00ebm\u00ebdheu. U larguan nga zona e Kor\u00e7\u00ebs fill pas pushtimit turk dhe p\u00ebr 200 vjet jetuan ne Bullgari. Me pas u zhvendosen ne Ukraine","breadcrumb":{"@id":"https:\/\/www.visit-ulcinj.com\/blog\/2014\/03\/04\/shqiptaret-e-ukraines-500-vjet-larg-atdheut-video\/#breadcrumb"},"inLanguage":"en-US","potentialAction":[{"@type":"ReadAction","target":["https:\/\/www.visit-ulcinj.com\/blog\/2014\/03\/04\/shqiptaret-e-ukraines-500-vjet-larg-atdheut-video\/"]}]},{"@type":"BreadcrumbList","@id":"https:\/\/www.visit-ulcinj.com\/blog\/2014\/03\/04\/shqiptaret-e-ukraines-500-vjet-larg-atdheut-video\/#breadcrumb","itemListElement":[{"@type":"ListItem","position":1,"name":"Shqiptar\u00ebt e Ukrain\u00ebs, 500 vjet larg atdheut &#8211; Video"}]},{"@type":"Person","@id":"https:\/\/www.visit-ulcinj.com\/blog\/#\/schema\/person\/dcab619c614d3038751c63bc2aadc06d","name":"ulqini","sameAs":["http:\/\/www.visit-ulcinj.com"],"url":"https:\/\/www.visit-ulcinj.com\/blog\/author\/admin\/"}]}},"jetpack_featured_media_url":"","jetpack_sharing_enabled":true,"jetpack_shortlink":"https:\/\/wp.me\/pe6lTn-kTI","_links":{"self":[{"href":"https:\/\/www.visit-ulcinj.com\/blog\/wp-json\/wp\/v2\/posts\/80334"}],"collection":[{"href":"https:\/\/www.visit-ulcinj.com\/blog\/wp-json\/wp\/v2\/posts"}],"about":[{"href":"https:\/\/www.visit-ulcinj.com\/blog\/wp-json\/wp\/v2\/types\/post"}],"author":[{"embeddable":true,"href":"https:\/\/www.visit-ulcinj.com\/blog\/wp-json\/wp\/v2\/users\/1"}],"replies":[{"embeddable":true,"href":"https:\/\/www.visit-ulcinj.com\/blog\/wp-json\/wp\/v2\/comments?post=80334"}],"version-history":[{"count":1,"href":"https:\/\/www.visit-ulcinj.com\/blog\/wp-json\/wp\/v2\/posts\/80334\/revisions"}],"predecessor-version":[{"id":80336,"href":"https:\/\/www.visit-ulcinj.com\/blog\/wp-json\/wp\/v2\/posts\/80334\/revisions\/80336"}],"wp:attachment":[{"href":"https:\/\/www.visit-ulcinj.com\/blog\/wp-json\/wp\/v2\/media?parent=80334"}],"wp:term":[{"taxonomy":"category","embeddable":true,"href":"https:\/\/www.visit-ulcinj.com\/blog\/wp-json\/wp\/v2\/categories?post=80334"},{"taxonomy":"post_tag","embeddable":true,"href":"https:\/\/www.visit-ulcinj.com\/blog\/wp-json\/wp\/v2\/tags?post=80334"}],"curies":[{"name":"wp","href":"https:\/\/api.w.org\/{rel}","templated":true}]}}