{"id":80356,"date":"2014-03-05T18:19:47","date_gmt":"2014-03-05T17:19:47","guid":{"rendered":"http:\/\/www.visit-ulcinj.com\/blog\/?p=80356"},"modified":"2014-03-07T19:14:01","modified_gmt":"2014-03-07T18:14:01","slug":"shpallje-tenderi-ri-per-shitjen-e-kripores-se-ulqinit-video","status":"publish","type":"post","link":"https:\/\/www.visit-ulcinj.com\/blog\/2014\/03\/05\/shpallje-tenderi-ri-per-shitjen-e-kripores-se-ulqinit-video\/","title":{"rendered":"Shpallje tenderi i ri p\u00ebr shitjen e kripores s\u00eb Ulqinit &#8211; Video"},"content":{"rendered":"<p><strong> <a href=\"http:\/\/www.visit-ulcinj.com\/blog\/wp-content\/uploads\/2014\/03\/ulcinjska-solana-kriporja-ulqinit.jpg\"><img loading=\"lazy\" class=\"alignleft  wp-image-80357\" alt=\"ulcinjska-solana-kriporja-ulqinit\" src=\"http:\/\/www.visit-ulcinj.com\/blog\/wp-content\/uploads\/2014\/03\/ulcinjska-solana-kriporja-ulqinit.jpg\" width=\"508\" height=\"360\" \/><\/a>Drejtoria n\u00eb falimentim e kripores Bajo Sekuliq n\u00eb Ulqin ka shpall tenderin e ri<\/strong><\/p>\n<p>Drejtoria n\u00eb falimentim e kripores Bajo Sekuliq n\u00eb Ulqin ka shpall tenderin e ri p\u00ebr shitjen e kompanis\u00eb me \u00e7mimin fillestar prej 195 milion euro ose 4 milion euro m\u00eb pak se n\u00eb tenderin e kaluar i cili kishte d\u00ebshtuar.<\/p>\n<p>T\u00eb interesuarit p\u00ebr blerjen e kripores ofertat mund ti dor\u00ebzojn\u00eb deri me 25 mars. T\u00eb drejt\u00eb pjes\u00ebmarrjeje n\u00eb ankandin publik\u00eb kan\u00eb kompanit\u00eb vendore dhe t\u00eb huaja si dhe individ\u00ebt t\u00eb cil\u00ebt do t\u00eb paguajn\u00eb depozit\u00eb 1 p\u00ebr qind nga \u00e7mimi fillestar i shitjes.<\/p>\n<p>TVCG<br \/>\n<!--YouTube Error: bad URL entered--><\/p>\n","protected":false},"excerpt":{"rendered":"<p>Drejtoria n\u00eb falimentim e kripores Bajo Sekuliq n\u00eb Ulqin ka shpall tenderin e ri Drejtoria n\u00eb falimentim e kripores Bajo Sekuliq n\u00eb Ulqin ka shpall tenderin e ri p\u00ebr shitjen e kompanis\u00eb me \u00e7mimin fillestar prej 195 milion euro ose 4 milion euro m\u00eb pak se n\u00eb tenderin e kaluar i cili kishte d\u00ebshtuar. T\u00eb [&hellip;]<\/p>\n","protected":false},"author":1,"featured_media":0,"comment_status":"closed","ping_status":"closed","sticky":false,"template":"","format":"standard","meta":{"spay_email":"","jetpack_publicize_message":"","jetpack_is_tweetstorm":false,"jetpack_publicize_feature_enabled":true},"categories":[13],"tags":[],"jetpack_publicize_connections":[],"yoast_head":"<!-- This site is optimized with the Yoast SEO plugin v19.1 - https:\/\/yoast.com\/wordpress\/plugins\/seo\/ -->\n<title>Shpallje tenderi i ri p\u00ebr shitjen e kripores s\u00eb Ulqinit - Video - Lajme nga Ulqini<\/title>\n<meta name=\"description\" content=\"Drejtoria n\u00eb falimentim e kripores Bajo Sekuliq n\u00eb Ulqin ka shpall tenderin e ri Drejtoria n\u00eb falimentim e kripores Bajo Sekuliq n\u00eb Ulqin ka shpall\" \/>\n<meta name=\"robots\" content=\"index, follow, max-snippet:-1, max-image-preview:large, max-video-preview:-1\" \/>\n<link rel=\"canonical\" href=\"https:\/\/www.visit-ulcinj.com\/blog\/2014\/03\/05\/shpallje-tenderi-ri-per-shitjen-e-kripores-se-ulqinit-video\/\" \/>\n<meta property=\"og:locale\" content=\"en_US\" \/>\n<meta property=\"og:type\" content=\"article\" \/>\n<meta property=\"og:title\" content=\"Shpallje tenderi i ri p\u00ebr shitjen e kripores s\u00eb Ulqinit - Video - Lajme nga Ulqini\" \/>\n<meta property=\"og:description\" content=\"Drejtoria n\u00eb falimentim e kripores Bajo Sekuliq n\u00eb Ulqin ka shpall tenderin e ri Drejtoria n\u00eb falimentim e kripores Bajo Sekuliq n\u00eb Ulqin ka shpall\" \/>\n<meta property=\"og:url\" content=\"https:\/\/www.visit-ulcinj.com\/blog\/2014\/03\/05\/shpallje-tenderi-ri-per-shitjen-e-kripores-se-ulqinit-video\/\" \/>\n<meta property=\"og:site_name\" content=\"Lajme nga Ulqini\" \/>\n<meta property=\"article:published_time\" content=\"2014-03-05T17:19:47+00:00\" \/>\n<meta property=\"article:modified_time\" content=\"2014-03-07T18:14:01+00:00\" \/>\n<meta property=\"og:image\" content=\"http:\/\/www.visit-ulcinj.com\/blog\/wp-content\/uploads\/2014\/03\/ulcinjska-solana-kriporja-ulqinit.jpg\" \/>\n<meta name=\"twitter:label1\" content=\"Written by\" \/>\n\t<meta name=\"twitter:data1\" content=\"ulqini\" \/>\n\t<meta name=\"twitter:label2\" content=\"Est. reading time\" \/>\n\t<meta name=\"twitter:data2\" content=\"1 minute\" \/>\n<script type=\"application\/ld+json\" class=\"yoast-schema-graph\">{\"@context\":\"https:\/\/schema.org\",\"@graph\":[{\"@type\":\"WebSite\",\"@id\":\"https:\/\/www.visit-ulcinj.com\/blog\/#website\",\"url\":\"https:\/\/www.visit-ulcinj.com\/blog\/\",\"name\":\"Lajme nga Ulqini\",\"description\":\"Lajme,Vijesti,Ulqini,Ulqin,Crna Gora,Mali i Zi\",\"potentialAction\":[{\"@type\":\"SearchAction\",\"target\":{\"@type\":\"EntryPoint\",\"urlTemplate\":\"https:\/\/www.visit-ulcinj.com\/blog\/?s={search_term_string}\"},\"query-input\":\"required name=search_term_string\"}],\"inLanguage\":\"en-US\"},{\"@type\":\"ImageObject\",\"inLanguage\":\"en-US\",\"@id\":\"https:\/\/www.visit-ulcinj.com\/blog\/2014\/03\/05\/shpallje-tenderi-ri-per-shitjen-e-kripores-se-ulqinit-video\/#primaryimage\",\"url\":\"https:\/\/www.visit-ulcinj.com\/blog\/wp-content\/uploads\/2014\/03\/ulcinjska-solana-kriporja-ulqinit.jpg\",\"contentUrl\":\"https:\/\/www.visit-ulcinj.com\/blog\/wp-content\/uploads\/2014\/03\/ulcinjska-solana-kriporja-ulqinit.jpg\",\"width\":720,\"height\":479},{\"@type\":\"WebPage\",\"@id\":\"https:\/\/www.visit-ulcinj.com\/blog\/2014\/03\/05\/shpallje-tenderi-ri-per-shitjen-e-kripores-se-ulqinit-video\/#webpage\",\"url\":\"https:\/\/www.visit-ulcinj.com\/blog\/2014\/03\/05\/shpallje-tenderi-ri-per-shitjen-e-kripores-se-ulqinit-video\/\",\"name\":\"Shpallje tenderi i ri p\u00ebr shitjen e kripores s\u00eb Ulqinit - Video - Lajme nga Ulqini\",\"isPartOf\":{\"@id\":\"https:\/\/www.visit-ulcinj.com\/blog\/#website\"},\"primaryImageOfPage\":{\"@id\":\"https:\/\/www.visit-ulcinj.com\/blog\/2014\/03\/05\/shpallje-tenderi-ri-per-shitjen-e-kripores-se-ulqinit-video\/#primaryimage\"},\"datePublished\":\"2014-03-05T17:19:47+00:00\",\"dateModified\":\"2014-03-07T18:14:01+00:00\",\"author\":{\"@id\":\"https:\/\/www.visit-ulcinj.com\/blog\/#\/schema\/person\/dcab619c614d3038751c63bc2aadc06d\"},\"description\":\"Drejtoria n\u00eb falimentim e kripores Bajo Sekuliq n\u00eb Ulqin ka shpall tenderin e ri Drejtoria n\u00eb falimentim e kripores Bajo Sekuliq n\u00eb Ulqin ka shpall\",\"breadcrumb\":{\"@id\":\"https:\/\/www.visit-ulcinj.com\/blog\/2014\/03\/05\/shpallje-tenderi-ri-per-shitjen-e-kripores-se-ulqinit-video\/#breadcrumb\"},\"inLanguage\":\"en-US\",\"potentialAction\":[{\"@type\":\"ReadAction\",\"target\":[\"https:\/\/www.visit-ulcinj.com\/blog\/2014\/03\/05\/shpallje-tenderi-ri-per-shitjen-e-kripores-se-ulqinit-video\/\"]}]},{\"@type\":\"BreadcrumbList\",\"@id\":\"https:\/\/www.visit-ulcinj.com\/blog\/2014\/03\/05\/shpallje-tenderi-ri-per-shitjen-e-kripores-se-ulqinit-video\/#breadcrumb\",\"itemListElement\":[{\"@type\":\"ListItem\",\"position\":1,\"name\":\"Shpallje tenderi i ri p\u00ebr shitjen e kripores s\u00eb Ulqinit &#8211; Video\"}]},{\"@type\":\"Person\",\"@id\":\"https:\/\/www.visit-ulcinj.com\/blog\/#\/schema\/person\/dcab619c614d3038751c63bc2aadc06d\",\"name\":\"ulqini\",\"sameAs\":[\"http:\/\/www.visit-ulcinj.com\"],\"url\":\"https:\/\/www.visit-ulcinj.com\/blog\/author\/admin\/\"}]}<\/script>\n<!-- \/ Yoast SEO plugin. -->","yoast_head_json":{"title":"Shpallje tenderi i ri p\u00ebr shitjen e kripores s\u00eb Ulqinit - Video - Lajme nga Ulqini","description":"Drejtoria n\u00eb falimentim e kripores Bajo Sekuliq n\u00eb Ulqin ka shpall tenderin e ri Drejtoria n\u00eb falimentim e kripores Bajo Sekuliq n\u00eb Ulqin ka shpall","robots":{"index":"index","follow":"follow","max-snippet":"max-snippet:-1","max-image-preview":"max-image-preview:large","max-video-preview":"max-video-preview:-1"},"canonical":"https:\/\/www.visit-ulcinj.com\/blog\/2014\/03\/05\/shpallje-tenderi-ri-per-shitjen-e-kripores-se-ulqinit-video\/","og_locale":"en_US","og_type":"article","og_title":"Shpallje tenderi i ri p\u00ebr shitjen e kripores s\u00eb Ulqinit - Video - Lajme nga Ulqini","og_description":"Drejtoria n\u00eb falimentim e kripores Bajo Sekuliq n\u00eb Ulqin ka shpall tenderin e ri Drejtoria n\u00eb falimentim e kripores Bajo Sekuliq n\u00eb Ulqin ka shpall","og_url":"https:\/\/www.visit-ulcinj.com\/blog\/2014\/03\/05\/shpallje-tenderi-ri-per-shitjen-e-kripores-se-ulqinit-video\/","og_site_name":"Lajme nga Ulqini","article_published_time":"2014-03-05T17:19:47+00:00","article_modified_time":"2014-03-07T18:14:01+00:00","og_image":[{"url":"http:\/\/www.visit-ulcinj.com\/blog\/wp-content\/uploads\/2014\/03\/ulcinjska-solana-kriporja-ulqinit.jpg"}],"twitter_misc":{"Written by":"ulqini","Est. reading time":"1 minute"},"schema":{"@context":"https:\/\/schema.org","@graph":[{"@type":"WebSite","@id":"https:\/\/www.visit-ulcinj.com\/blog\/#website","url":"https:\/\/www.visit-ulcinj.com\/blog\/","name":"Lajme nga Ulqini","description":"Lajme,Vijesti,Ulqini,Ulqin,Crna Gora,Mali i Zi","potentialAction":[{"@type":"SearchAction","target":{"@type":"EntryPoint","urlTemplate":"https:\/\/www.visit-ulcinj.com\/blog\/?s={search_term_string}"},"query-input":"required name=search_term_string"}],"inLanguage":"en-US"},{"@type":"ImageObject","inLanguage":"en-US","@id":"https:\/\/www.visit-ulcinj.com\/blog\/2014\/03\/05\/shpallje-tenderi-ri-per-shitjen-e-kripores-se-ulqinit-video\/#primaryimage","url":"https:\/\/www.visit-ulcinj.com\/blog\/wp-content\/uploads\/2014\/03\/ulcinjska-solana-kriporja-ulqinit.jpg","contentUrl":"https:\/\/www.visit-ulcinj.com\/blog\/wp-content\/uploads\/2014\/03\/ulcinjska-solana-kriporja-ulqinit.jpg","width":720,"height":479},{"@type":"WebPage","@id":"https:\/\/www.visit-ulcinj.com\/blog\/2014\/03\/05\/shpallje-tenderi-ri-per-shitjen-e-kripores-se-ulqinit-video\/#webpage","url":"https:\/\/www.visit-ulcinj.com\/blog\/2014\/03\/05\/shpallje-tenderi-ri-per-shitjen-e-kripores-se-ulqinit-video\/","name":"Shpallje tenderi i ri p\u00ebr shitjen e kripores s\u00eb Ulqinit - Video - Lajme nga Ulqini","isPartOf":{"@id":"https:\/\/www.visit-ulcinj.com\/blog\/#website"},"primaryImageOfPage":{"@id":"https:\/\/www.visit-ulcinj.com\/blog\/2014\/03\/05\/shpallje-tenderi-ri-per-shitjen-e-kripores-se-ulqinit-video\/#primaryimage"},"datePublished":"2014-03-05T17:19:47+00:00","dateModified":"2014-03-07T18:14:01+00:00","author":{"@id":"https:\/\/www.visit-ulcinj.com\/blog\/#\/schema\/person\/dcab619c614d3038751c63bc2aadc06d"},"description":"Drejtoria n\u00eb falimentim e kripores Bajo Sekuliq n\u00eb Ulqin ka shpall tenderin e ri Drejtoria n\u00eb falimentim e kripores Bajo Sekuliq n\u00eb Ulqin ka shpall","breadcrumb":{"@id":"https:\/\/www.visit-ulcinj.com\/blog\/2014\/03\/05\/shpallje-tenderi-ri-per-shitjen-e-kripores-se-ulqinit-video\/#breadcrumb"},"inLanguage":"en-US","potentialAction":[{"@type":"ReadAction","target":["https:\/\/www.visit-ulcinj.com\/blog\/2014\/03\/05\/shpallje-tenderi-ri-per-shitjen-e-kripores-se-ulqinit-video\/"]}]},{"@type":"BreadcrumbList","@id":"https:\/\/www.visit-ulcinj.com\/blog\/2014\/03\/05\/shpallje-tenderi-ri-per-shitjen-e-kripores-se-ulqinit-video\/#breadcrumb","itemListElement":[{"@type":"ListItem","position":1,"name":"Shpallje tenderi i ri p\u00ebr shitjen e kripores s\u00eb Ulqinit &#8211; Video"}]},{"@type":"Person","@id":"https:\/\/www.visit-ulcinj.com\/blog\/#\/schema\/person\/dcab619c614d3038751c63bc2aadc06d","name":"ulqini","sameAs":["http:\/\/www.visit-ulcinj.com"],"url":"https:\/\/www.visit-ulcinj.com\/blog\/author\/admin\/"}]}},"jetpack_featured_media_url":"","jetpack_sharing_enabled":true,"jetpack_shortlink":"https:\/\/wp.me\/pe6lTn-kU4","_links":{"self":[{"href":"https:\/\/www.visit-ulcinj.com\/blog\/wp-json\/wp\/v2\/posts\/80356"}],"collection":[{"href":"https:\/\/www.visit-ulcinj.com\/blog\/wp-json\/wp\/v2\/posts"}],"about":[{"href":"https:\/\/www.visit-ulcinj.com\/blog\/wp-json\/wp\/v2\/types\/post"}],"author":[{"embeddable":true,"href":"https:\/\/www.visit-ulcinj.com\/blog\/wp-json\/wp\/v2\/users\/1"}],"replies":[{"embeddable":true,"href":"https:\/\/www.visit-ulcinj.com\/blog\/wp-json\/wp\/v2\/comments?post=80356"}],"version-history":[{"count":2,"href":"https:\/\/www.visit-ulcinj.com\/blog\/wp-json\/wp\/v2\/posts\/80356\/revisions"}],"predecessor-version":[{"id":80359,"href":"https:\/\/www.visit-ulcinj.com\/blog\/wp-json\/wp\/v2\/posts\/80356\/revisions\/80359"}],"wp:attachment":[{"href":"https:\/\/www.visit-ulcinj.com\/blog\/wp-json\/wp\/v2\/media?parent=80356"}],"wp:term":[{"taxonomy":"category","embeddable":true,"href":"https:\/\/www.visit-ulcinj.com\/blog\/wp-json\/wp\/v2\/categories?post=80356"},{"taxonomy":"post_tag","embeddable":true,"href":"https:\/\/www.visit-ulcinj.com\/blog\/wp-json\/wp\/v2\/tags?post=80356"}],"curies":[{"name":"wp","href":"https:\/\/api.w.org\/{rel}","templated":true}]}}